{"id":9936,"date":"2022-10-07T09:09:46","date_gmt":"2022-10-07T07:09:46","guid":{"rendered":"https:\/\/alcompasrevista.com\/?p=9936"},"modified":"2022-10-07T09:09:47","modified_gmt":"2022-10-07T07:09:47","slug":"mes-de-120-educands-participen-en-una-trobada-musical-a-penaguila","status":"publish","type":"post","link":"https:\/\/alcompasrevista.com\/va\/archivos\/9936","title":{"rendered":"M\u00e9s de 120 educands participen en una trobada musical a Pen\u00e0guila"},"content":{"rendered":"\n<p>Els alumnes de les escoles de m\u00fasica de les 17 bandes de l\u2019Alcoi\u00e0 i El Comtat assistiran aquest dissabte a tallers de t\u00e8cnica musical i a visites guiades.<\/p>\n\n\n\n<p>La jornada inclou dos audicions p\u00fabliques a c\u00e0rrec dels estudiants d\u2019iniciaci\u00f3 i de graus elemental i professional.<\/p>\n\n\n\n<p>M\u00e9s de 120 educands participaran aquest dissabte a la X Trobada d\u2019Escoles de M\u00fasica de l\u2019Alcoi\u00e0 i El Comtat. Els alumnes de les d\u00e8sset bandes de la comarca assistiran a tallers de t\u00e8cnica musical aix\u00ed com a activitats i visites guiades.<\/p>\n\n\n\n<p>La jornada s\u2019iniciar\u00e0 a les 9:30 hores amb la benvinguda als 129 alumnes a la &nbsp;X trobada \u201c l\u2019ALTRE SO DE LA FONT: \u201cLA MUSICA\u201d que servir\u00e0 per a seguir aprenent d\u2019este art i per conviure amb altres companys. A les 09:30h comen\u00e7aran les classes d\u2019instrumental i, al llarg del mat\u00ed, faran recessos per participar a jocs, activitats i visites guiades en aquest poble de l\u2019Alcoi\u00e0, a m\u00e9s a la creaci\u00f3 d\u2019un MURAL al pati de les antigues escoles, on recrearan el cartell de la trobada dissenyat per l\u2019artista del poble Paqui Colomina Dom\u00e9nech, mestra, professora i un referent en l\u2019ensenyament dels m\u00e9s menuts. Este any, la desfilada comen\u00e7ar\u00e0 a les 18 hores des de la Pla\u00e7a l\u2019esgl\u00e9sia fins la pla\u00e7a l\u2019arbre continuant per el carrer Verge del Patrocini&nbsp; i fins arribar al pati de les antigues escoles, on els estudiants d\u2019iniciaci\u00f3 seran protagonistes de la primera de les dos audicions p\u00fabliques programades. Aix\u00ed, a les 18:15h, els educands del nivell inicial interpretaran un obra a l\u2019escenari. La resta dels participants, que s\u00f3n estudiants dels graus elemental i professional, actuaran en un acte conjunt on s\u2019interpretaran tres obres triades per a l\u2019ocasi\u00f3 i finalment &nbsp;ser\u00e0 l\u2019acte de clausura on s\u2019escriur\u00e0 el punt i final a la jornada, despr\u00e9s que la pand\u00e8mia obligar\u00e0 al seu ajornament, el mes de juny de 2020.<\/p>\n\n\n\n<p>L\u2019organitzaci\u00f3, integrada per la Federaci\u00f3 de Societats Musicals de la Comunitat Valenciana (FSMCV l\u2019Alcoi\u00e0-Comtat), Societat Musical Cultural de Pen\u00e0guila, l\u2019Ajuntament de Penaguila i la Mancomunitat de Seveis de l\u2019Alcoia-Comtat, convida als ve\u00efns de la comarca a assistir a la desfilada i al concert de la vesprada.<\/p>\n\n\n\n<p><\/p>\n","protected":false},"excerpt":{"rendered":"<p>Els alumnes de les escoles de m\u00fasica de les 17 bandes de l\u2019Alcoi\u00e0 i El Comtat assistiran aquest dissabte a tallers de t\u00e8cnica musical i a visites guiades.<\/p>\n","protected":false},"author":860004,"featured_media":9774,"comment_status":"closed","ping_status":"closed","sticky":false,"template":"","format":"standard","meta":{"footnotes":""},"categories":[29],"tags":[],"portada":[],"class_list":["post-9936","post","type-post","status-publish","format-standard","has-post-thumbnail","hentry","category-noticies-va"],"yoast_head":"<!-- This site is optimized with the Yoast SEO plugin v27.4 - https:\/\/yoast.com\/product\/yoast-seo-wordpress\/ -->\n<title>M\u00e9s de 120 educands participen en una trobada musical a Pen\u00e0guila - Revista Al Comp\u00e0s<\/title>\n<meta name=\"robots\" content=\"index, follow, max-snippet:-1, max-image-preview:large, max-video-preview:-1\" \/>\n<link rel=\"canonical\" href=\"https:\/\/alcompasrevista.com\/archivos\/9939\" \/>\n<meta property=\"og:locale\" content=\"en_US\" \/>\n<meta property=\"og:type\" content=\"article\" \/>\n<meta property=\"og:title\" content=\"M\u00e9s de 120 educands participen en una trobada musical a Pen\u00e0guila - Revista Al Comp\u00e0s\" \/>\n<meta property=\"og:description\" content=\"Els alumnes de les escoles de m\u00fasica de les 17 bandes de l\u2019Alcoi\u00e0 i El Comtat assistiran aquest dissabte a tallers de t\u00e8cnica musical i a visites guiades.\" \/>\n<meta property=\"og:url\" content=\"https:\/\/alcompasrevista.com\/archivos\/9939\" \/>\n<meta property=\"og:site_name\" content=\"Revista Al Comp\u00e0s\" \/>\n<meta property=\"article:published_time\" content=\"2022-10-07T07:09:46+00:00\" \/>\n<meta property=\"article:modified_time\" content=\"2022-10-07T07:09:47+00:00\" \/>\n<meta property=\"og:image\" content=\"https:\/\/alcompasrevista.com\/wp-content\/uploads\/2022\/09\/Copia-de-Diseno-sin-titulo-5-1.jpg\" \/>\n\t<meta property=\"og:image:width\" content=\"760\" \/>\n\t<meta property=\"og:image:height\" content=\"430\" \/>\n\t<meta property=\"og:image:type\" content=\"image\/jpeg\" \/>\n<meta name=\"author\" content=\"Redacci\u00f3n\" \/>\n<meta name=\"twitter:card\" content=\"summary_large_image\" \/>\n<meta name=\"twitter:label1\" content=\"Written by\" \/>\n\t<meta name=\"twitter:data1\" content=\"Redacci\u00f3\" \/>\n\t<meta name=\"twitter:label2\" content=\"Est. reading time\" \/>\n\t<meta name=\"twitter:data2\" content=\"2 minutes\" \/>\n<script type=\"application\/ld+json\" class=\"yoast-schema-graph\">{\"@context\":\"https:\\\/\\\/schema.org\",\"@graph\":[{\"@type\":\"Article\",\"@id\":\"https:\\\/\\\/alcompasrevista.com\\\/archivos\\\/9939#article\",\"isPartOf\":{\"@id\":\"https:\\\/\\\/alcompasrevista.com\\\/archivos\\\/9939\"},\"author\":{\"name\":\"Redacci\u00f3n\",\"@id\":\"https:\\\/\\\/alcompasrevista.com\\\/#\\\/schema\\\/person\\\/0f092e7196386afa42171db0d19a38ff\"},\"headline\":\"M\u00e9s de 120 educands participen en una trobada musical a Pen\u00e0guila\",\"datePublished\":\"2022-10-07T07:09:46+00:00\",\"dateModified\":\"2022-10-07T07:09:47+00:00\",\"mainEntityOfPage\":{\"@id\":\"https:\\\/\\\/alcompasrevista.com\\\/archivos\\\/9939\"},\"wordCount\":408,\"publisher\":{\"@id\":\"https:\\\/\\\/alcompasrevista.com\\\/#organization\"},\"image\":{\"@id\":\"https:\\\/\\\/alcompasrevista.com\\\/archivos\\\/9939#primaryimage\"},\"thumbnailUrl\":\"https:\\\/\\\/alcompasrevista.com\\\/wp-content\\\/uploads\\\/2022\\\/09\\\/Copia-de-Diseno-sin-titulo-5-1.jpg\",\"articleSection\":[\"#Not\u00edcies\"],\"inLanguage\":\"va\"},{\"@type\":\"WebPage\",\"@id\":\"https:\\\/\\\/alcompasrevista.com\\\/archivos\\\/9939\",\"url\":\"https:\\\/\\\/alcompasrevista.com\\\/archivos\\\/9939\",\"name\":\"M\u00e9s de 120 educands participen en una trobada musical a Pen\u00e0guila - Revista Al Comp\u00e0s\",\"isPartOf\":{\"@id\":\"https:\\\/\\\/alcompasrevista.com\\\/#website\"},\"primaryImageOfPage\":{\"@id\":\"https:\\\/\\\/alcompasrevista.com\\\/archivos\\\/9939#primaryimage\"},\"image\":{\"@id\":\"https:\\\/\\\/alcompasrevista.com\\\/archivos\\\/9939#primaryimage\"},\"thumbnailUrl\":\"https:\\\/\\\/alcompasrevista.com\\\/wp-content\\\/uploads\\\/2022\\\/09\\\/Copia-de-Diseno-sin-titulo-5-1.jpg\",\"datePublished\":\"2022-10-07T07:09:46+00:00\",\"dateModified\":\"2022-10-07T07:09:47+00:00\",\"breadcrumb\":{\"@id\":\"https:\\\/\\\/alcompasrevista.com\\\/archivos\\\/9939#breadcrumb\"},\"inLanguage\":\"va\",\"potentialAction\":[{\"@type\":\"ReadAction\",\"target\":[\"https:\\\/\\\/alcompasrevista.com\\\/archivos\\\/9939\"]}]},{\"@type\":\"ImageObject\",\"inLanguage\":\"va\",\"@id\":\"https:\\\/\\\/alcompasrevista.com\\\/archivos\\\/9939#primaryimage\",\"url\":\"https:\\\/\\\/alcompasrevista.com\\\/wp-content\\\/uploads\\\/2022\\\/09\\\/Copia-de-Diseno-sin-titulo-5-1.jpg\",\"contentUrl\":\"https:\\\/\\\/alcompasrevista.com\\\/wp-content\\\/uploads\\\/2022\\\/09\\\/Copia-de-Diseno-sin-titulo-5-1.jpg\",\"width\":760,\"height\":430},{\"@type\":\"BreadcrumbList\",\"@id\":\"https:\\\/\\\/alcompasrevista.com\\\/archivos\\\/9939#breadcrumb\",\"itemListElement\":[{\"@type\":\"ListItem\",\"position\":1,\"name\":\"Portada\",\"item\":\"https:\\\/\\\/alcompasrevista.com\\\/va\"},{\"@type\":\"ListItem\",\"position\":2,\"name\":\"M\u00e9s de 120 educands participen en una trobada musical a Pen\u00e0guila\"}]},{\"@type\":\"WebSite\",\"@id\":\"https:\\\/\\\/alcompasrevista.com\\\/#website\",\"url\":\"https:\\\/\\\/alcompasrevista.com\\\/\",\"name\":\"Revista Al Comp\u00e0s\",\"description\":\"Un proyecto de la Federaci\u00f3n de Sociedades Musicales de la Comunidad Valenciana\",\"publisher\":{\"@id\":\"https:\\\/\\\/alcompasrevista.com\\\/#organization\"},\"potentialAction\":[{\"@type\":\"SearchAction\",\"target\":{\"@type\":\"EntryPoint\",\"urlTemplate\":\"https:\\\/\\\/alcompasrevista.com\\\/?s={search_term_string}\"},\"query-input\":{\"@type\":\"PropertyValueSpecification\",\"valueRequired\":true,\"valueName\":\"search_term_string\"}}],\"inLanguage\":\"va\"},{\"@type\":\"Organization\",\"@id\":\"https:\\\/\\\/alcompasrevista.com\\\/#organization\",\"name\":\"Revista Al Comp\u00e0s\",\"url\":\"https:\\\/\\\/alcompasrevista.com\\\/\",\"logo\":{\"@type\":\"ImageObject\",\"inLanguage\":\"va\",\"@id\":\"https:\\\/\\\/alcompasrevista.com\\\/#\\\/schema\\\/logo\\\/image\\\/\",\"url\":\"https:\\\/\\\/alcompasrevista.com\\\/wp-content\\\/uploads\\\/2022\\\/04\\\/cropped-loog_blanco.png\",\"contentUrl\":\"https:\\\/\\\/alcompasrevista.com\\\/wp-content\\\/uploads\\\/2022\\\/04\\\/cropped-loog_blanco.png\",\"width\":1612,\"height\":724,\"caption\":\"Revista Al Comp\u00e0s\"},\"image\":{\"@id\":\"https:\\\/\\\/alcompasrevista.com\\\/#\\\/schema\\\/logo\\\/image\\\/\"}},{\"@type\":\"Person\",\"@id\":\"https:\\\/\\\/alcompasrevista.com\\\/#\\\/schema\\\/person\\\/0f092e7196386afa42171db0d19a38ff\",\"name\":\"Redacci\u00f3n\",\"image\":{\"@type\":\"ImageObject\",\"inLanguage\":\"va\",\"@id\":\"https:\\\/\\\/secure.gravatar.com\\\/avatar\\\/e2831619d4dae93995d3da450c50013d912e0b8bdf34d9ea00126d97c2b7702e?s=96&d=mm&r=g\",\"url\":\"https:\\\/\\\/secure.gravatar.com\\\/avatar\\\/e2831619d4dae93995d3da450c50013d912e0b8bdf34d9ea00126d97c2b7702e?s=96&d=mm&r=g\",\"contentUrl\":\"https:\\\/\\\/secure.gravatar.com\\\/avatar\\\/e2831619d4dae93995d3da450c50013d912e0b8bdf34d9ea00126d97c2b7702e?s=96&d=mm&r=g\",\"caption\":\"Redacci\u00f3n\"},\"url\":\"https:\\\/\\\/alcompasrevista.com\\\/va\\\/archivos\\\/author\\\/257_webmaster\"}]}<\/script>\n<!-- \/ Yoast SEO plugin. -->","yoast_head_json":{"title":"M\u00e9s de 120 educands participen en una trobada musical a Pen\u00e0guila - Revista Al Comp\u00e0s","robots":{"index":"index","follow":"follow","max-snippet":"max-snippet:-1","max-image-preview":"max-image-preview:large","max-video-preview":"max-video-preview:-1"},"canonical":"https:\/\/alcompasrevista.com\/archivos\/9939","og_locale":"en_US","og_type":"article","og_title":"M\u00e9s de 120 educands participen en una trobada musical a Pen\u00e0guila - Revista Al Comp\u00e0s","og_description":"Els alumnes de les escoles de m\u00fasica de les 17 bandes de l\u2019Alcoi\u00e0 i El Comtat assistiran aquest dissabte a tallers de t\u00e8cnica musical i a visites guiades.","og_url":"https:\/\/alcompasrevista.com\/archivos\/9939","og_site_name":"Revista Al Comp\u00e0s","article_published_time":"2022-10-07T07:09:46+00:00","article_modified_time":"2022-10-07T07:09:47+00:00","og_image":[{"width":760,"height":430,"url":"https:\/\/alcompasrevista.com\/wp-content\/uploads\/2022\/09\/Copia-de-Diseno-sin-titulo-5-1.jpg","type":"image\/jpeg"}],"author":"Redacci\u00f3n","twitter_card":"summary_large_image","twitter_misc":{"Written by":"Redacci\u00f3","Est. reading time":"2 minutes"},"schema":{"@context":"https:\/\/schema.org","@graph":[{"@type":"Article","@id":"https:\/\/alcompasrevista.com\/archivos\/9939#article","isPartOf":{"@id":"https:\/\/alcompasrevista.com\/archivos\/9939"},"author":{"name":"Redacci\u00f3n","@id":"https:\/\/alcompasrevista.com\/#\/schema\/person\/0f092e7196386afa42171db0d19a38ff"},"headline":"M\u00e9s de 120 educands participen en una trobada musical a Pen\u00e0guila","datePublished":"2022-10-07T07:09:46+00:00","dateModified":"2022-10-07T07:09:47+00:00","mainEntityOfPage":{"@id":"https:\/\/alcompasrevista.com\/archivos\/9939"},"wordCount":408,"publisher":{"@id":"https:\/\/alcompasrevista.com\/#organization"},"image":{"@id":"https:\/\/alcompasrevista.com\/archivos\/9939#primaryimage"},"thumbnailUrl":"https:\/\/alcompasrevista.com\/wp-content\/uploads\/2022\/09\/Copia-de-Diseno-sin-titulo-5-1.jpg","articleSection":["#Not\u00edcies"],"inLanguage":"va"},{"@type":"WebPage","@id":"https:\/\/alcompasrevista.com\/archivos\/9939","url":"https:\/\/alcompasrevista.com\/archivos\/9939","name":"M\u00e9s de 120 educands participen en una trobada musical a Pen\u00e0guila - Revista Al Comp\u00e0s","isPartOf":{"@id":"https:\/\/alcompasrevista.com\/#website"},"primaryImageOfPage":{"@id":"https:\/\/alcompasrevista.com\/archivos\/9939#primaryimage"},"image":{"@id":"https:\/\/alcompasrevista.com\/archivos\/9939#primaryimage"},"thumbnailUrl":"https:\/\/alcompasrevista.com\/wp-content\/uploads\/2022\/09\/Copia-de-Diseno-sin-titulo-5-1.jpg","datePublished":"2022-10-07T07:09:46+00:00","dateModified":"2022-10-07T07:09:47+00:00","breadcrumb":{"@id":"https:\/\/alcompasrevista.com\/archivos\/9939#breadcrumb"},"inLanguage":"va","potentialAction":[{"@type":"ReadAction","target":["https:\/\/alcompasrevista.com\/archivos\/9939"]}]},{"@type":"ImageObject","inLanguage":"va","@id":"https:\/\/alcompasrevista.com\/archivos\/9939#primaryimage","url":"https:\/\/alcompasrevista.com\/wp-content\/uploads\/2022\/09\/Copia-de-Diseno-sin-titulo-5-1.jpg","contentUrl":"https:\/\/alcompasrevista.com\/wp-content\/uploads\/2022\/09\/Copia-de-Diseno-sin-titulo-5-1.jpg","width":760,"height":430},{"@type":"BreadcrumbList","@id":"https:\/\/alcompasrevista.com\/archivos\/9939#breadcrumb","itemListElement":[{"@type":"ListItem","position":1,"name":"Portada","item":"https:\/\/alcompasrevista.com\/va"},{"@type":"ListItem","position":2,"name":"M\u00e9s de 120 educands participen en una trobada musical a Pen\u00e0guila"}]},{"@type":"WebSite","@id":"https:\/\/alcompasrevista.com\/#website","url":"https:\/\/alcompasrevista.com\/","name":"Revista Al Comp\u00e0s","description":"Un proyecto de la Federaci\u00f3n de Sociedades Musicales de la Comunidad Valenciana","publisher":{"@id":"https:\/\/alcompasrevista.com\/#organization"},"potentialAction":[{"@type":"SearchAction","target":{"@type":"EntryPoint","urlTemplate":"https:\/\/alcompasrevista.com\/?s={search_term_string}"},"query-input":{"@type":"PropertyValueSpecification","valueRequired":true,"valueName":"search_term_string"}}],"inLanguage":"va"},{"@type":"Organization","@id":"https:\/\/alcompasrevista.com\/#organization","name":"Revista Al Comp\u00e0s","url":"https:\/\/alcompasrevista.com\/","logo":{"@type":"ImageObject","inLanguage":"va","@id":"https:\/\/alcompasrevista.com\/#\/schema\/logo\/image\/","url":"https:\/\/alcompasrevista.com\/wp-content\/uploads\/2022\/04\/cropped-loog_blanco.png","contentUrl":"https:\/\/alcompasrevista.com\/wp-content\/uploads\/2022\/04\/cropped-loog_blanco.png","width":1612,"height":724,"caption":"Revista Al Comp\u00e0s"},"image":{"@id":"https:\/\/alcompasrevista.com\/#\/schema\/logo\/image\/"}},{"@type":"Person","@id":"https:\/\/alcompasrevista.com\/#\/schema\/person\/0f092e7196386afa42171db0d19a38ff","name":"Redacci\u00f3n","image":{"@type":"ImageObject","inLanguage":"va","@id":"https:\/\/secure.gravatar.com\/avatar\/e2831619d4dae93995d3da450c50013d912e0b8bdf34d9ea00126d97c2b7702e?s=96&d=mm&r=g","url":"https:\/\/secure.gravatar.com\/avatar\/e2831619d4dae93995d3da450c50013d912e0b8bdf34d9ea00126d97c2b7702e?s=96&d=mm&r=g","contentUrl":"https:\/\/secure.gravatar.com\/avatar\/e2831619d4dae93995d3da450c50013d912e0b8bdf34d9ea00126d97c2b7702e?s=96&d=mm&r=g","caption":"Redacci\u00f3n"},"url":"https:\/\/alcompasrevista.com\/va\/archivos\/author\/257_webmaster"}]}},"_links":{"self":[{"href":"https:\/\/alcompasrevista.com\/va\/wp-json\/wp\/v2\/posts\/9936","targetHints":{"allow":["GET"]}}],"collection":[{"href":"https:\/\/alcompasrevista.com\/va\/wp-json\/wp\/v2\/posts"}],"about":[{"href":"https:\/\/alcompasrevista.com\/va\/wp-json\/wp\/v2\/types\/post"}],"author":[{"embeddable":true,"href":"https:\/\/alcompasrevista.com\/va\/wp-json\/wp\/v2\/users\/860004"}],"replies":[{"embeddable":true,"href":"https:\/\/alcompasrevista.com\/va\/wp-json\/wp\/v2\/comments?post=9936"}],"version-history":[{"count":0,"href":"https:\/\/alcompasrevista.com\/va\/wp-json\/wp\/v2\/posts\/9936\/revisions"}],"wp:featuredmedia":[{"embeddable":true,"href":"https:\/\/alcompasrevista.com\/va\/wp-json\/wp\/v2\/media\/9774"}],"wp:attachment":[{"href":"https:\/\/alcompasrevista.com\/va\/wp-json\/wp\/v2\/media?parent=9936"}],"wp:term":[{"taxonomy":"category","embeddable":true,"href":"https:\/\/alcompasrevista.com\/va\/wp-json\/wp\/v2\/categories?post=9936"},{"taxonomy":"post_tag","embeddable":true,"href":"https:\/\/alcompasrevista.com\/va\/wp-json\/wp\/v2\/tags?post=9936"},{"taxonomy":"portada","embeddable":true,"href":"https:\/\/alcompasrevista.com\/va\/wp-json\/wp\/v2\/portada?post=9936"}],"curies":[{"name":"wp","href":"https:\/\/api.w.org\/{rel}","templated":true}]}}