{"id":9737,"date":"2022-09-27T10:55:32","date_gmt":"2022-09-27T08:55:32","guid":{"rendered":"https:\/\/alcompasrevista.com\/un-concert-diferent-i-inoblidable-per-celebrar-els-25-anys-de-la-banda-de-musica-campanar\/"},"modified":"2022-09-27T11:03:45","modified_gmt":"2022-09-27T09:03:45","slug":"un-concert-diferent-i-inoblidable-per-celebrar-els-25-anys-de-la-banda-de-musica-campanar","status":"publish","type":"post","link":"https:\/\/alcompasrevista.com\/va\/archivos\/9737","title":{"rendered":"Un concert diferent i inoblidable per celebrar els 25 anys de la Banda de M\u00fasica Campanar"},"content":{"rendered":"\n<p>En la vesprada de diumenge el sal\u00f3 d&#8217;actes de les Escoles San Jos\u00e9 a Val\u00e8ncia es va omplir de p\u00fablic per a gaudir d&#8217;un concert espectacle organitzat per la Banda de M\u00fasica Campanar amb motiu del seu XXV aniversari.<br>Dos actors van anar guiant al p\u00fablic per la hist\u00f2ria de l&#8217;agrupaci\u00f3 i, sobretot, exaltant els valors i el paper de la banda en la societat. Entre tant, diferents agrupacions de l&#8217;associaci\u00f3 entraven i eixien de l&#8217;escenari per interpretar les obres m\u00e9s recordades del seu repertori.<\/p>\n\n\n\n<figure class=\"wp-block-image size-full\"><img decoding=\"async\" src=\"https:\/\/alcompasrevista.com\/wp-content\/uploads\/2022\/09\/Diseno-sin-titulo-2022-09-27T105121.676.jpg\" alt=\"\" class=\"wp-image-9725\"\/><\/figure>\n\n\n\n<p>Al concert van participar totes les agrupacions de l&#8217;associaci\u00f3 (banda titular, cor infantil, banda juvenil, banda dorada i orquestra) i compt\u00e0 amb la col\u00b7laboraci\u00f3 del Cor de Campanar. El colof\u00f3 final ho va ficar una \u00faltima obra interpretada per tots els\/les participants que va aconseguir ajuntar a l&#8217;escenari a m\u00e9s de 120 int\u00e8rprets.<\/p>\n\n\n\n<figure class=\"wp-block-image size-full\"><img decoding=\"async\" src=\"https:\/\/alcompasrevista.com\/wp-content\/uploads\/2022\/09\/Diseno-sin-titulo-2022-09-27T105057.307.jpg\" alt=\"\" class=\"wp-image-9727\"\/><\/figure>\n\n\n\n<p><br>Cal destacar que al concert van participar m\u00fasics, m\u00fasiques i coristes dels vint-i-cinc anys d&#8217;hist\u00f2ria gr\u00e0cies a la campanya &#8220;Torna a viure la banda&#8221; que pretenia el retorn d&#8217;antics membres per participar en el concert i, perqu\u00e8 no, tornar per sempre. .<\/p>\n\n\n\n<figure class=\"wp-block-image size-full\"><img decoding=\"async\" src=\"https:\/\/alcompasrevista.com\/wp-content\/uploads\/2022\/09\/Diseno-sin-titulo-2022-09-27T104600.652.jpg\" alt=\"\" class=\"wp-image-9733\"\/><\/figure>\n\n\n\n<p><br>Els i les representants de les diferents entitats musicals la Comunitat Valenciana, com la FSMCV o la COSOMUVAL, no van voler perdre&#8217;s aquest important acte que van qualificar de &#8220;m\u00e0gic i espectacular&#8221;.<\/p>\n\n\n\n<figure class=\"wp-block-image size-full\"><img decoding=\"async\" src=\"https:\/\/alcompasrevista.com\/wp-content\/uploads\/2022\/09\/Diseno-sin-titulo-2022-09-27T104625.732.jpg\" alt=\"\" class=\"wp-image-9731\"\/><\/figure>\n","protected":false},"excerpt":{"rendered":"<p>En la vesprada de diumenge el sal\u00f3 d&#8217;actes de les Escoles San Jos\u00e9 a Val\u00e8ncia<br \/>\nes va omplir de p\u00fablic per a gaudir d&#8217;un concert espectacle organitzat per la Banda<br \/>\nde M\u00fasica Campanar amb motiu del seu XXV aniversari.<\/p>\n","protected":false},"author":860004,"featured_media":9728,"comment_status":"closed","ping_status":"closed","sticky":false,"template":"","format":"standard","meta":{"footnotes":""},"categories":[29],"tags":[348],"portada":[347],"class_list":["post-9737","post","type-post","status-publish","format-standard","has-post-thumbnail","hentry","category-noticies-va","tag-banda-de-musica-campanar-va","portada-banda-de-musica-campanar"],"yoast_head":"<!-- This site is optimized with the Yoast SEO plugin v27.4 - https:\/\/yoast.com\/product\/yoast-seo-wordpress\/ -->\n<title>Un concert diferent i inoblidable per celebrar els 25 anys de la Banda de M\u00fasica Campanar - Revista Al Comp\u00e0s<\/title>\n<meta name=\"robots\" content=\"index, follow, max-snippet:-1, max-image-preview:large, max-video-preview:-1\" \/>\n<link rel=\"canonical\" href=\"https:\/\/alcompasrevista.com\/archivos\/9724\" \/>\n<meta property=\"og:locale\" content=\"en_US\" \/>\n<meta property=\"og:type\" content=\"article\" \/>\n<meta property=\"og:title\" content=\"Un concert diferent i inoblidable per celebrar els 25 anys de la Banda de M\u00fasica Campanar - Revista Al Comp\u00e0s\" \/>\n<meta property=\"og:description\" content=\"En la vesprada de diumenge el sal\u00f3 d&#039;actes de les Escoles San Jos\u00e9 a Val\u00e8ncia es va omplir de p\u00fablic per a gaudir d&#039;un concert espectacle organitzat per la Banda de M\u00fasica Campanar amb motiu del seu XXV aniversari.\" \/>\n<meta property=\"og:url\" content=\"https:\/\/alcompasrevista.com\/archivos\/9724\" \/>\n<meta property=\"og:site_name\" content=\"Revista Al Comp\u00e0s\" \/>\n<meta property=\"article:published_time\" content=\"2022-09-27T08:55:32+00:00\" \/>\n<meta property=\"article:modified_time\" content=\"2022-09-27T09:03:45+00:00\" \/>\n<meta property=\"og:image\" content=\"https:\/\/alcompasrevista.com\/wp-content\/uploads\/2022\/09\/Diseno-sin-titulo-2022-09-27T105057.307.jpg\" \/>\n\t<meta property=\"og:image:width\" content=\"760\" \/>\n\t<meta property=\"og:image:height\" content=\"430\" \/>\n\t<meta property=\"og:image:type\" content=\"image\/jpeg\" \/>\n<meta name=\"author\" content=\"Redacci\u00f3n\" \/>\n<meta name=\"twitter:card\" content=\"summary_large_image\" \/>\n<meta name=\"twitter:label1\" content=\"Written by\" \/>\n\t<meta name=\"twitter:data1\" content=\"Redacci\u00f3\" \/>\n\t<meta name=\"twitter:label2\" content=\"Est. reading time\" \/>\n\t<meta name=\"twitter:data2\" content=\"2 minutes\" \/>\n<script type=\"application\/ld+json\" class=\"yoast-schema-graph\">{\"@context\":\"https:\\\/\\\/schema.org\",\"@graph\":[{\"@type\":\"Article\",\"@id\":\"https:\\\/\\\/alcompasrevista.com\\\/archivos\\\/9724#article\",\"isPartOf\":{\"@id\":\"https:\\\/\\\/alcompasrevista.com\\\/archivos\\\/9724\"},\"author\":{\"name\":\"Redacci\u00f3n\",\"@id\":\"https:\\\/\\\/alcompasrevista.com\\\/#\\\/schema\\\/person\\\/0f092e7196386afa42171db0d19a38ff\"},\"headline\":\"Un concert diferent i inoblidable per celebrar els 25 anys de la Banda de M\u00fasica Campanar\",\"datePublished\":\"2022-09-27T08:55:32+00:00\",\"dateModified\":\"2022-09-27T09:03:45+00:00\",\"mainEntityOfPage\":{\"@id\":\"https:\\\/\\\/alcompasrevista.com\\\/archivos\\\/9724\"},\"wordCount\":251,\"publisher\":{\"@id\":\"https:\\\/\\\/alcompasrevista.com\\\/#organization\"},\"image\":{\"@id\":\"https:\\\/\\\/alcompasrevista.com\\\/archivos\\\/9724#primaryimage\"},\"thumbnailUrl\":\"https:\\\/\\\/alcompasrevista.com\\\/wp-content\\\/uploads\\\/2022\\\/09\\\/Diseno-sin-titulo-2022-09-27T105057.307.jpg\",\"keywords\":[\"Banda de M\u00fasica Campanar\"],\"articleSection\":[\"#Not\u00edcies\"],\"inLanguage\":\"va\"},{\"@type\":\"WebPage\",\"@id\":\"https:\\\/\\\/alcompasrevista.com\\\/archivos\\\/9724\",\"url\":\"https:\\\/\\\/alcompasrevista.com\\\/archivos\\\/9724\",\"name\":\"Un concert diferent i inoblidable per celebrar els 25 anys de la Banda de M\u00fasica Campanar - Revista Al Comp\u00e0s\",\"isPartOf\":{\"@id\":\"https:\\\/\\\/alcompasrevista.com\\\/#website\"},\"primaryImageOfPage\":{\"@id\":\"https:\\\/\\\/alcompasrevista.com\\\/archivos\\\/9724#primaryimage\"},\"image\":{\"@id\":\"https:\\\/\\\/alcompasrevista.com\\\/archivos\\\/9724#primaryimage\"},\"thumbnailUrl\":\"https:\\\/\\\/alcompasrevista.com\\\/wp-content\\\/uploads\\\/2022\\\/09\\\/Diseno-sin-titulo-2022-09-27T105057.307.jpg\",\"datePublished\":\"2022-09-27T08:55:32+00:00\",\"dateModified\":\"2022-09-27T09:03:45+00:00\",\"breadcrumb\":{\"@id\":\"https:\\\/\\\/alcompasrevista.com\\\/archivos\\\/9724#breadcrumb\"},\"inLanguage\":\"va\",\"potentialAction\":[{\"@type\":\"ReadAction\",\"target\":[\"https:\\\/\\\/alcompasrevista.com\\\/archivos\\\/9724\"]}]},{\"@type\":\"ImageObject\",\"inLanguage\":\"va\",\"@id\":\"https:\\\/\\\/alcompasrevista.com\\\/archivos\\\/9724#primaryimage\",\"url\":\"https:\\\/\\\/alcompasrevista.com\\\/wp-content\\\/uploads\\\/2022\\\/09\\\/Diseno-sin-titulo-2022-09-27T105057.307.jpg\",\"contentUrl\":\"https:\\\/\\\/alcompasrevista.com\\\/wp-content\\\/uploads\\\/2022\\\/09\\\/Diseno-sin-titulo-2022-09-27T105057.307.jpg\",\"width\":760,\"height\":430},{\"@type\":\"BreadcrumbList\",\"@id\":\"https:\\\/\\\/alcompasrevista.com\\\/archivos\\\/9724#breadcrumb\",\"itemListElement\":[{\"@type\":\"ListItem\",\"position\":1,\"name\":\"Portada\",\"item\":\"https:\\\/\\\/alcompasrevista.com\\\/va\"},{\"@type\":\"ListItem\",\"position\":2,\"name\":\"Un concert diferent i inoblidable per celebrar els 25 anys de la Banda de M\u00fasica Campanar\"}]},{\"@type\":\"WebSite\",\"@id\":\"https:\\\/\\\/alcompasrevista.com\\\/#website\",\"url\":\"https:\\\/\\\/alcompasrevista.com\\\/\",\"name\":\"Revista Al Comp\u00e0s\",\"description\":\"Un proyecto de la Federaci\u00f3n de Sociedades Musicales de la Comunidad Valenciana\",\"publisher\":{\"@id\":\"https:\\\/\\\/alcompasrevista.com\\\/#organization\"},\"potentialAction\":[{\"@type\":\"SearchAction\",\"target\":{\"@type\":\"EntryPoint\",\"urlTemplate\":\"https:\\\/\\\/alcompasrevista.com\\\/?s={search_term_string}\"},\"query-input\":{\"@type\":\"PropertyValueSpecification\",\"valueRequired\":true,\"valueName\":\"search_term_string\"}}],\"inLanguage\":\"va\"},{\"@type\":\"Organization\",\"@id\":\"https:\\\/\\\/alcompasrevista.com\\\/#organization\",\"name\":\"Revista Al Comp\u00e0s\",\"url\":\"https:\\\/\\\/alcompasrevista.com\\\/\",\"logo\":{\"@type\":\"ImageObject\",\"inLanguage\":\"va\",\"@id\":\"https:\\\/\\\/alcompasrevista.com\\\/#\\\/schema\\\/logo\\\/image\\\/\",\"url\":\"https:\\\/\\\/alcompasrevista.com\\\/wp-content\\\/uploads\\\/2022\\\/04\\\/cropped-loog_blanco.png\",\"contentUrl\":\"https:\\\/\\\/alcompasrevista.com\\\/wp-content\\\/uploads\\\/2022\\\/04\\\/cropped-loog_blanco.png\",\"width\":1612,\"height\":724,\"caption\":\"Revista Al Comp\u00e0s\"},\"image\":{\"@id\":\"https:\\\/\\\/alcompasrevista.com\\\/#\\\/schema\\\/logo\\\/image\\\/\"}},{\"@type\":\"Person\",\"@id\":\"https:\\\/\\\/alcompasrevista.com\\\/#\\\/schema\\\/person\\\/0f092e7196386afa42171db0d19a38ff\",\"name\":\"Redacci\u00f3n\",\"image\":{\"@type\":\"ImageObject\",\"inLanguage\":\"va\",\"@id\":\"https:\\\/\\\/secure.gravatar.com\\\/avatar\\\/e2831619d4dae93995d3da450c50013d912e0b8bdf34d9ea00126d97c2b7702e?s=96&d=mm&r=g\",\"url\":\"https:\\\/\\\/secure.gravatar.com\\\/avatar\\\/e2831619d4dae93995d3da450c50013d912e0b8bdf34d9ea00126d97c2b7702e?s=96&d=mm&r=g\",\"contentUrl\":\"https:\\\/\\\/secure.gravatar.com\\\/avatar\\\/e2831619d4dae93995d3da450c50013d912e0b8bdf34d9ea00126d97c2b7702e?s=96&d=mm&r=g\",\"caption\":\"Redacci\u00f3n\"},\"url\":\"https:\\\/\\\/alcompasrevista.com\\\/va\\\/archivos\\\/author\\\/257_webmaster\"}]}<\/script>\n<!-- \/ Yoast SEO plugin. -->","yoast_head_json":{"title":"Un concert diferent i inoblidable per celebrar els 25 anys de la Banda de M\u00fasica Campanar - Revista Al Comp\u00e0s","robots":{"index":"index","follow":"follow","max-snippet":"max-snippet:-1","max-image-preview":"max-image-preview:large","max-video-preview":"max-video-preview:-1"},"canonical":"https:\/\/alcompasrevista.com\/archivos\/9724","og_locale":"en_US","og_type":"article","og_title":"Un concert diferent i inoblidable per celebrar els 25 anys de la Banda de M\u00fasica Campanar - Revista Al Comp\u00e0s","og_description":"En la vesprada de diumenge el sal\u00f3 d'actes de les Escoles San Jos\u00e9 a Val\u00e8ncia es va omplir de p\u00fablic per a gaudir d'un concert espectacle organitzat per la Banda de M\u00fasica Campanar amb motiu del seu XXV aniversari.","og_url":"https:\/\/alcompasrevista.com\/archivos\/9724","og_site_name":"Revista Al Comp\u00e0s","article_published_time":"2022-09-27T08:55:32+00:00","article_modified_time":"2022-09-27T09:03:45+00:00","og_image":[{"width":760,"height":430,"url":"https:\/\/alcompasrevista.com\/wp-content\/uploads\/2022\/09\/Diseno-sin-titulo-2022-09-27T105057.307.jpg","type":"image\/jpeg"}],"author":"Redacci\u00f3n","twitter_card":"summary_large_image","twitter_misc":{"Written by":"Redacci\u00f3","Est. reading time":"2 minutes"},"schema":{"@context":"https:\/\/schema.org","@graph":[{"@type":"Article","@id":"https:\/\/alcompasrevista.com\/archivos\/9724#article","isPartOf":{"@id":"https:\/\/alcompasrevista.com\/archivos\/9724"},"author":{"name":"Redacci\u00f3n","@id":"https:\/\/alcompasrevista.com\/#\/schema\/person\/0f092e7196386afa42171db0d19a38ff"},"headline":"Un concert diferent i inoblidable per celebrar els 25 anys de la Banda de M\u00fasica Campanar","datePublished":"2022-09-27T08:55:32+00:00","dateModified":"2022-09-27T09:03:45+00:00","mainEntityOfPage":{"@id":"https:\/\/alcompasrevista.com\/archivos\/9724"},"wordCount":251,"publisher":{"@id":"https:\/\/alcompasrevista.com\/#organization"},"image":{"@id":"https:\/\/alcompasrevista.com\/archivos\/9724#primaryimage"},"thumbnailUrl":"https:\/\/alcompasrevista.com\/wp-content\/uploads\/2022\/09\/Diseno-sin-titulo-2022-09-27T105057.307.jpg","keywords":["Banda de M\u00fasica Campanar"],"articleSection":["#Not\u00edcies"],"inLanguage":"va"},{"@type":"WebPage","@id":"https:\/\/alcompasrevista.com\/archivos\/9724","url":"https:\/\/alcompasrevista.com\/archivos\/9724","name":"Un concert diferent i inoblidable per celebrar els 25 anys de la Banda de M\u00fasica Campanar - Revista Al Comp\u00e0s","isPartOf":{"@id":"https:\/\/alcompasrevista.com\/#website"},"primaryImageOfPage":{"@id":"https:\/\/alcompasrevista.com\/archivos\/9724#primaryimage"},"image":{"@id":"https:\/\/alcompasrevista.com\/archivos\/9724#primaryimage"},"thumbnailUrl":"https:\/\/alcompasrevista.com\/wp-content\/uploads\/2022\/09\/Diseno-sin-titulo-2022-09-27T105057.307.jpg","datePublished":"2022-09-27T08:55:32+00:00","dateModified":"2022-09-27T09:03:45+00:00","breadcrumb":{"@id":"https:\/\/alcompasrevista.com\/archivos\/9724#breadcrumb"},"inLanguage":"va","potentialAction":[{"@type":"ReadAction","target":["https:\/\/alcompasrevista.com\/archivos\/9724"]}]},{"@type":"ImageObject","inLanguage":"va","@id":"https:\/\/alcompasrevista.com\/archivos\/9724#primaryimage","url":"https:\/\/alcompasrevista.com\/wp-content\/uploads\/2022\/09\/Diseno-sin-titulo-2022-09-27T105057.307.jpg","contentUrl":"https:\/\/alcompasrevista.com\/wp-content\/uploads\/2022\/09\/Diseno-sin-titulo-2022-09-27T105057.307.jpg","width":760,"height":430},{"@type":"BreadcrumbList","@id":"https:\/\/alcompasrevista.com\/archivos\/9724#breadcrumb","itemListElement":[{"@type":"ListItem","position":1,"name":"Portada","item":"https:\/\/alcompasrevista.com\/va"},{"@type":"ListItem","position":2,"name":"Un concert diferent i inoblidable per celebrar els 25 anys de la Banda de M\u00fasica Campanar"}]},{"@type":"WebSite","@id":"https:\/\/alcompasrevista.com\/#website","url":"https:\/\/alcompasrevista.com\/","name":"Revista Al Comp\u00e0s","description":"Un proyecto de la Federaci\u00f3n de Sociedades Musicales de la Comunidad Valenciana","publisher":{"@id":"https:\/\/alcompasrevista.com\/#organization"},"potentialAction":[{"@type":"SearchAction","target":{"@type":"EntryPoint","urlTemplate":"https:\/\/alcompasrevista.com\/?s={search_term_string}"},"query-input":{"@type":"PropertyValueSpecification","valueRequired":true,"valueName":"search_term_string"}}],"inLanguage":"va"},{"@type":"Organization","@id":"https:\/\/alcompasrevista.com\/#organization","name":"Revista Al Comp\u00e0s","url":"https:\/\/alcompasrevista.com\/","logo":{"@type":"ImageObject","inLanguage":"va","@id":"https:\/\/alcompasrevista.com\/#\/schema\/logo\/image\/","url":"https:\/\/alcompasrevista.com\/wp-content\/uploads\/2022\/04\/cropped-loog_blanco.png","contentUrl":"https:\/\/alcompasrevista.com\/wp-content\/uploads\/2022\/04\/cropped-loog_blanco.png","width":1612,"height":724,"caption":"Revista Al Comp\u00e0s"},"image":{"@id":"https:\/\/alcompasrevista.com\/#\/schema\/logo\/image\/"}},{"@type":"Person","@id":"https:\/\/alcompasrevista.com\/#\/schema\/person\/0f092e7196386afa42171db0d19a38ff","name":"Redacci\u00f3n","image":{"@type":"ImageObject","inLanguage":"va","@id":"https:\/\/secure.gravatar.com\/avatar\/e2831619d4dae93995d3da450c50013d912e0b8bdf34d9ea00126d97c2b7702e?s=96&d=mm&r=g","url":"https:\/\/secure.gravatar.com\/avatar\/e2831619d4dae93995d3da450c50013d912e0b8bdf34d9ea00126d97c2b7702e?s=96&d=mm&r=g","contentUrl":"https:\/\/secure.gravatar.com\/avatar\/e2831619d4dae93995d3da450c50013d912e0b8bdf34d9ea00126d97c2b7702e?s=96&d=mm&r=g","caption":"Redacci\u00f3n"},"url":"https:\/\/alcompasrevista.com\/va\/archivos\/author\/257_webmaster"}]}},"_links":{"self":[{"href":"https:\/\/alcompasrevista.com\/va\/wp-json\/wp\/v2\/posts\/9737","targetHints":{"allow":["GET"]}}],"collection":[{"href":"https:\/\/alcompasrevista.com\/va\/wp-json\/wp\/v2\/posts"}],"about":[{"href":"https:\/\/alcompasrevista.com\/va\/wp-json\/wp\/v2\/types\/post"}],"author":[{"embeddable":true,"href":"https:\/\/alcompasrevista.com\/va\/wp-json\/wp\/v2\/users\/860004"}],"replies":[{"embeddable":true,"href":"https:\/\/alcompasrevista.com\/va\/wp-json\/wp\/v2\/comments?post=9737"}],"version-history":[{"count":0,"href":"https:\/\/alcompasrevista.com\/va\/wp-json\/wp\/v2\/posts\/9737\/revisions"}],"wp:featuredmedia":[{"embeddable":true,"href":"https:\/\/alcompasrevista.com\/va\/wp-json\/wp\/v2\/media\/9728"}],"wp:attachment":[{"href":"https:\/\/alcompasrevista.com\/va\/wp-json\/wp\/v2\/media?parent=9737"}],"wp:term":[{"taxonomy":"category","embeddable":true,"href":"https:\/\/alcompasrevista.com\/va\/wp-json\/wp\/v2\/categories?post=9737"},{"taxonomy":"post_tag","embeddable":true,"href":"https:\/\/alcompasrevista.com\/va\/wp-json\/wp\/v2\/tags?post=9737"},{"taxonomy":"portada","embeddable":true,"href":"https:\/\/alcompasrevista.com\/va\/wp-json\/wp\/v2\/portada?post=9737"}],"curies":[{"name":"wp","href":"https:\/\/api.w.org\/{rel}","templated":true}]}}