{"id":9686,"date":"2022-09-23T14:34:58","date_gmt":"2022-09-23T12:34:58","guid":{"rendered":"https:\/\/alcompasrevista.com\/la-fsmcv-i-la-mancomunitat-foia-de-bunol-chiva-impulsen-el-primer-festival-de-bandes-juvenils-de-la-comarca\/"},"modified":"2022-09-27T11:53:26","modified_gmt":"2022-09-27T09:53:26","slug":"la-fsmcv-i-la-mancomunitat-foia-de-bunol-chiva-impulsen-el-primer-festival-de-bandes-juvenils-de-la-comarca","status":"publish","type":"post","link":"https:\/\/alcompasrevista.com\/va\/archivos\/9686","title":{"rendered":"La FSMCV i la Mancomunitat Hoya de Bu\u00f1ol-Chiva impulsen el primer Festival de Bandes Juvenils de la comarca"},"content":{"rendered":"\n<p>El Festival de M\u00fasica de Bandes Juvenils de la Mancomunitat recorre els deu municipis de la comarca amb l&#8217;objectiu de posar en valor als int\u00e8rprets en formaci\u00f3 d&#8217;un territori vertebrat per 12 societats musicals<\/p>\n\n\n\n<p>La Casa de la M\u00fasica de Chiva ser\u00e0 el pr\u00f2xim auditori a acollir el talent de les bandes juvenils que vertebren la comarca de la Foia de Bu\u00f1ol-Chiva. Diumenge que ve, 25 de setembre, a les 12.00 del mat\u00ed, la Societat Musical l&#8217;Art\u00edstica de Chiva i l&#8217;Associaci\u00f3 Musical la Lira de Cheste s&#8217;uniran en un nou concert del primer Festival de M\u00fasica de Bandes Juvenils de la Mancomunitat Foia de Bu\u00f1ol-Chiva, organitzat al costat de la Federaci\u00f3 de Societats Musicals de la Comunitat Valenciana.<\/p>\n\n\n\n<p>Aquest festival \u00e9s una iniciativa pionera a la comarca, fruit del conveni signat recentment entre la Mancomunitat i la FSMCV, impulsat amb la finalitat de difondre el talent dels joves int\u00e8rprets de la comarca i enfortir els vincles entre societats, motiu pel qual en cada concert comparteixen protagonisme dos formacions de diferents municipis. D&#8217;aquesta manera, a Chiva tindr\u00e0 lloc aquest diumenge una nova cita d&#8217;aquest cicle que va arrancar el passat 10 de setembre amb l&#8217;actuaci\u00f3 conjunta de la Uni\u00f3n Musical Millarense i l&#8217;Associaci\u00f3 Musical Verge del Rosari de Dos Aguas.<\/p>\n\n\n\n<p>Fins al pr\u00f2xim 2 d&#8217;octubre, 12 bandes juvenils procedents de les societats musicals federades hauran omplit de m\u00fasica places, carrers i auditoris de Dos Aguas, Millares, Chiva, Cheste, Tur\u00eds, Y\u00e1tova, Siete Aguas, Bu\u00f1ol, Godelleta i Alborache, els deu municipis integrats en el Pla de Dinamitzaci\u00f3 i Governan\u00e7a de la Mancomunitat La Foia de Bu\u00f1ol-Chiva.<\/p>\n\n\n\n<p>Segons Daniela Gonz\u00e1lez, presidenta de la FSMCV, \u201cafrontem aquest festival amb molta il\u00b7lusi\u00f3, a l&#8217;\u00e9sser la primera iniciativa centrada exclusivament en les bandes juvenils de la comarca, la qual cosa suposa omplir de m\u00fasica i alegria tots els municipis de la Foia de Bu\u00f1ol-Chiva i fomentar amb aix\u00f2 una experi\u00e8ncia art\u00edstica i sobretot, personal, molt grata per a tots els joves m\u00fasics que participen\u201d.<\/p>\n\n\n\n<figure class=\"wp-block-image aligncenter size-full\"><img decoding=\"async\" src=\"https:\/\/alcompasrevista.com\/wp-content\/uploads\/2022\/09\/Copia-de-Diseno-sin-titulo-11.jpg\" alt=\"\" class=\"wp-image-9683\"\/><figcaption>Miguel T\u00f3rtola i Daniela Gonz\u00e1lez<\/figcaption><\/figure>\n\n\n\n<p>Segons el president de la Mancomunitat de la Foia de Bu\u00f1ol-Chiva, Miguel T\u00f3rtola, \u201cdespr\u00e9s d&#8217;aquests temps convulsos i inactivitat de concerts, les bandes de m\u00fasica estan desitjoses de mostrar el millor d&#8217;elles en cada esdeveniment. Amb aquest primer festival de bandes, del qual estem molt orgullosos, volem demostrar el gran potencial que tenim i el gran nivell de les nostres societats musicals.&#8221;<\/p>\n\n\n\n<p>T\u00f3rtora ha explicat que la fi d&#8217;aquest festival, organitzat per la Mancomunitat Foia de Bu\u00f1ol-Chiva dins del seu pla de Governan\u00e7a Tur\u00edstic, \u00e9s \u201ctornar a donar-li import\u00e0ncia a les nostres societats musicals i tamb\u00e9 a la cultura i ric patrimoni de la nostra comarca. Agra\u00efsc la col\u00b7laboraci\u00f3 i implicaci\u00f3 dels ajuntaments de la mancomunitat i espere que siga un primer pas per a consolidar en el temps est\u00e0 iniciativa tan important per a les nostres societats musicals i conjunt de la societat\u201d.<\/p>\n","protected":false},"excerpt":{"rendered":"<p>El Festival de M\u00fasica de Bandes Juvenils de la Mancomunitat recorre els deu municipis de la comarca amb l&#8217;objectiu de posar en valor als int\u00e8rprets en formaci\u00f3 d&#8217;un territori vertebrat per 12 societats musicals<\/p>\n","protected":false},"author":860004,"featured_media":9682,"comment_status":"closed","ping_status":"closed","sticky":false,"template":"","format":"standard","meta":{"footnotes":""},"categories":[29],"tags":[333,334],"portada":[],"class_list":["post-9686","post","type-post","status-publish","format-standard","has-post-thumbnail","hentry","category-noticies-va","tag-festival-de-bandes-juvenils","tag-mancomunitat-hoya-de-bunol-chiva"],"yoast_head":"<!-- This site is optimized with the Yoast SEO plugin v27.4 - https:\/\/yoast.com\/product\/yoast-seo-wordpress\/ -->\n<title>La FSMCV i la Mancomunitat Hoya de Bu\u00f1ol-Chiva impulsen el primer Festival de Bandes Juvenils de la comarca - Revista Al Comp\u00e0s<\/title>\n<meta name=\"robots\" content=\"index, follow, max-snippet:-1, max-image-preview:large, max-video-preview:-1\" \/>\n<link rel=\"canonical\" href=\"https:\/\/alcompasrevista.com\/archivos\/9680\" \/>\n<meta property=\"og:locale\" content=\"en_US\" \/>\n<meta property=\"og:type\" content=\"article\" \/>\n<meta property=\"og:title\" content=\"La FSMCV i la Mancomunitat Hoya de Bu\u00f1ol-Chiva impulsen el primer Festival de Bandes Juvenils de la comarca - Revista Al Comp\u00e0s\" \/>\n<meta property=\"og:description\" content=\"El Festival de M\u00fasica de Bandes Juvenils de la Mancomunitat recorre els deu municipis de la comarca amb l&#039;objectiu de posar en valor als int\u00e8rprets en formaci\u00f3 d&#039;un territori vertebrat per 12 societats musicals\" \/>\n<meta property=\"og:url\" content=\"https:\/\/alcompasrevista.com\/archivos\/9680\" \/>\n<meta property=\"og:site_name\" content=\"Revista Al Comp\u00e0s\" \/>\n<meta property=\"article:published_time\" content=\"2022-09-23T12:34:58+00:00\" \/>\n<meta property=\"article:modified_time\" content=\"2022-09-27T09:53:26+00:00\" \/>\n<meta property=\"og:image\" content=\"https:\/\/alcompasrevista.com\/wp-content\/uploads\/2022\/09\/Copia-de-Diseno-sin-titulo-10.jpg\" \/>\n\t<meta property=\"og:image:width\" content=\"760\" \/>\n\t<meta property=\"og:image:height\" content=\"430\" \/>\n\t<meta property=\"og:image:type\" content=\"image\/jpeg\" \/>\n<meta name=\"author\" content=\"Redacci\u00f3n\" \/>\n<meta name=\"twitter:card\" content=\"summary_large_image\" \/>\n<meta name=\"twitter:label1\" content=\"Written by\" \/>\n\t<meta name=\"twitter:data1\" content=\"Redacci\u00f3\" \/>\n\t<meta name=\"twitter:label2\" content=\"Est. reading time\" \/>\n\t<meta name=\"twitter:data2\" content=\"3 minutes\" \/>\n<script type=\"application\/ld+json\" class=\"yoast-schema-graph\">{\"@context\":\"https:\\\/\\\/schema.org\",\"@graph\":[{\"@type\":\"Article\",\"@id\":\"https:\\\/\\\/alcompasrevista.com\\\/archivos\\\/9680#article\",\"isPartOf\":{\"@id\":\"https:\\\/\\\/alcompasrevista.com\\\/archivos\\\/9680\"},\"author\":{\"name\":\"Redacci\u00f3n\",\"@id\":\"https:\\\/\\\/alcompasrevista.com\\\/#\\\/schema\\\/person\\\/0f092e7196386afa42171db0d19a38ff\"},\"headline\":\"La FSMCV i la Mancomunitat Hoya de Bu\u00f1ol-Chiva impulsen el primer Festival de Bandes Juvenils de la comarca\",\"datePublished\":\"2022-09-23T12:34:58+00:00\",\"dateModified\":\"2022-09-27T09:53:26+00:00\",\"mainEntityOfPage\":{\"@id\":\"https:\\\/\\\/alcompasrevista.com\\\/archivos\\\/9680\"},\"wordCount\":540,\"publisher\":{\"@id\":\"https:\\\/\\\/alcompasrevista.com\\\/#organization\"},\"image\":{\"@id\":\"https:\\\/\\\/alcompasrevista.com\\\/archivos\\\/9680#primaryimage\"},\"thumbnailUrl\":\"https:\\\/\\\/alcompasrevista.com\\\/wp-content\\\/uploads\\\/2022\\\/09\\\/Copia-de-Diseno-sin-titulo-10.jpg\",\"keywords\":[\"Festival de Bandes Juvenils\",\"Mancomunitat Hoya de Bu\u00f1ol-Chiva\"],\"articleSection\":[\"#Not\u00edcies\"],\"inLanguage\":\"va\"},{\"@type\":\"WebPage\",\"@id\":\"https:\\\/\\\/alcompasrevista.com\\\/archivos\\\/9680\",\"url\":\"https:\\\/\\\/alcompasrevista.com\\\/archivos\\\/9680\",\"name\":\"La FSMCV i la Mancomunitat Hoya de Bu\u00f1ol-Chiva impulsen el primer Festival de Bandes Juvenils de la comarca - Revista Al Comp\u00e0s\",\"isPartOf\":{\"@id\":\"https:\\\/\\\/alcompasrevista.com\\\/#website\"},\"primaryImageOfPage\":{\"@id\":\"https:\\\/\\\/alcompasrevista.com\\\/archivos\\\/9680#primaryimage\"},\"image\":{\"@id\":\"https:\\\/\\\/alcompasrevista.com\\\/archivos\\\/9680#primaryimage\"},\"thumbnailUrl\":\"https:\\\/\\\/alcompasrevista.com\\\/wp-content\\\/uploads\\\/2022\\\/09\\\/Copia-de-Diseno-sin-titulo-10.jpg\",\"datePublished\":\"2022-09-23T12:34:58+00:00\",\"dateModified\":\"2022-09-27T09:53:26+00:00\",\"breadcrumb\":{\"@id\":\"https:\\\/\\\/alcompasrevista.com\\\/archivos\\\/9680#breadcrumb\"},\"inLanguage\":\"va\",\"potentialAction\":[{\"@type\":\"ReadAction\",\"target\":[\"https:\\\/\\\/alcompasrevista.com\\\/archivos\\\/9680\"]}]},{\"@type\":\"ImageObject\",\"inLanguage\":\"va\",\"@id\":\"https:\\\/\\\/alcompasrevista.com\\\/archivos\\\/9680#primaryimage\",\"url\":\"https:\\\/\\\/alcompasrevista.com\\\/wp-content\\\/uploads\\\/2022\\\/09\\\/Copia-de-Diseno-sin-titulo-10.jpg\",\"contentUrl\":\"https:\\\/\\\/alcompasrevista.com\\\/wp-content\\\/uploads\\\/2022\\\/09\\\/Copia-de-Diseno-sin-titulo-10.jpg\",\"width\":760,\"height\":430},{\"@type\":\"BreadcrumbList\",\"@id\":\"https:\\\/\\\/alcompasrevista.com\\\/archivos\\\/9680#breadcrumb\",\"itemListElement\":[{\"@type\":\"ListItem\",\"position\":1,\"name\":\"Portada\",\"item\":\"https:\\\/\\\/alcompasrevista.com\\\/va\"},{\"@type\":\"ListItem\",\"position\":2,\"name\":\"La FSMCV i la Mancomunitat Hoya de Bu\u00f1ol-Chiva impulsen el primer Festival de Bandes Juvenils de la comarca\"}]},{\"@type\":\"WebSite\",\"@id\":\"https:\\\/\\\/alcompasrevista.com\\\/#website\",\"url\":\"https:\\\/\\\/alcompasrevista.com\\\/\",\"name\":\"Revista Al Comp\u00e0s\",\"description\":\"Un proyecto de la Federaci\u00f3n de Sociedades Musicales de la Comunidad Valenciana\",\"publisher\":{\"@id\":\"https:\\\/\\\/alcompasrevista.com\\\/#organization\"},\"potentialAction\":[{\"@type\":\"SearchAction\",\"target\":{\"@type\":\"EntryPoint\",\"urlTemplate\":\"https:\\\/\\\/alcompasrevista.com\\\/?s={search_term_string}\"},\"query-input\":{\"@type\":\"PropertyValueSpecification\",\"valueRequired\":true,\"valueName\":\"search_term_string\"}}],\"inLanguage\":\"va\"},{\"@type\":\"Organization\",\"@id\":\"https:\\\/\\\/alcompasrevista.com\\\/#organization\",\"name\":\"Revista Al Comp\u00e0s\",\"url\":\"https:\\\/\\\/alcompasrevista.com\\\/\",\"logo\":{\"@type\":\"ImageObject\",\"inLanguage\":\"va\",\"@id\":\"https:\\\/\\\/alcompasrevista.com\\\/#\\\/schema\\\/logo\\\/image\\\/\",\"url\":\"https:\\\/\\\/alcompasrevista.com\\\/wp-content\\\/uploads\\\/2022\\\/04\\\/cropped-loog_blanco.png\",\"contentUrl\":\"https:\\\/\\\/alcompasrevista.com\\\/wp-content\\\/uploads\\\/2022\\\/04\\\/cropped-loog_blanco.png\",\"width\":1612,\"height\":724,\"caption\":\"Revista Al Comp\u00e0s\"},\"image\":{\"@id\":\"https:\\\/\\\/alcompasrevista.com\\\/#\\\/schema\\\/logo\\\/image\\\/\"}},{\"@type\":\"Person\",\"@id\":\"https:\\\/\\\/alcompasrevista.com\\\/#\\\/schema\\\/person\\\/0f092e7196386afa42171db0d19a38ff\",\"name\":\"Redacci\u00f3n\",\"image\":{\"@type\":\"ImageObject\",\"inLanguage\":\"va\",\"@id\":\"https:\\\/\\\/secure.gravatar.com\\\/avatar\\\/e2831619d4dae93995d3da450c50013d912e0b8bdf34d9ea00126d97c2b7702e?s=96&d=mm&r=g\",\"url\":\"https:\\\/\\\/secure.gravatar.com\\\/avatar\\\/e2831619d4dae93995d3da450c50013d912e0b8bdf34d9ea00126d97c2b7702e?s=96&d=mm&r=g\",\"contentUrl\":\"https:\\\/\\\/secure.gravatar.com\\\/avatar\\\/e2831619d4dae93995d3da450c50013d912e0b8bdf34d9ea00126d97c2b7702e?s=96&d=mm&r=g\",\"caption\":\"Redacci\u00f3n\"},\"url\":\"https:\\\/\\\/alcompasrevista.com\\\/va\\\/archivos\\\/author\\\/257_webmaster\"}]}<\/script>\n<!-- \/ Yoast SEO plugin. -->","yoast_head_json":{"title":"La FSMCV i la Mancomunitat Hoya de Bu\u00f1ol-Chiva impulsen el primer Festival de Bandes Juvenils de la comarca - Revista Al Comp\u00e0s","robots":{"index":"index","follow":"follow","max-snippet":"max-snippet:-1","max-image-preview":"max-image-preview:large","max-video-preview":"max-video-preview:-1"},"canonical":"https:\/\/alcompasrevista.com\/archivos\/9680","og_locale":"en_US","og_type":"article","og_title":"La FSMCV i la Mancomunitat Hoya de Bu\u00f1ol-Chiva impulsen el primer Festival de Bandes Juvenils de la comarca - Revista Al Comp\u00e0s","og_description":"El Festival de M\u00fasica de Bandes Juvenils de la Mancomunitat recorre els deu municipis de la comarca amb l'objectiu de posar en valor als int\u00e8rprets en formaci\u00f3 d'un territori vertebrat per 12 societats musicals","og_url":"https:\/\/alcompasrevista.com\/archivos\/9680","og_site_name":"Revista Al Comp\u00e0s","article_published_time":"2022-09-23T12:34:58+00:00","article_modified_time":"2022-09-27T09:53:26+00:00","og_image":[{"width":760,"height":430,"url":"https:\/\/alcompasrevista.com\/wp-content\/uploads\/2022\/09\/Copia-de-Diseno-sin-titulo-10.jpg","type":"image\/jpeg"}],"author":"Redacci\u00f3n","twitter_card":"summary_large_image","twitter_misc":{"Written by":"Redacci\u00f3","Est. reading time":"3 minutes"},"schema":{"@context":"https:\/\/schema.org","@graph":[{"@type":"Article","@id":"https:\/\/alcompasrevista.com\/archivos\/9680#article","isPartOf":{"@id":"https:\/\/alcompasrevista.com\/archivos\/9680"},"author":{"name":"Redacci\u00f3n","@id":"https:\/\/alcompasrevista.com\/#\/schema\/person\/0f092e7196386afa42171db0d19a38ff"},"headline":"La FSMCV i la Mancomunitat Hoya de Bu\u00f1ol-Chiva impulsen el primer Festival de Bandes Juvenils de la comarca","datePublished":"2022-09-23T12:34:58+00:00","dateModified":"2022-09-27T09:53:26+00:00","mainEntityOfPage":{"@id":"https:\/\/alcompasrevista.com\/archivos\/9680"},"wordCount":540,"publisher":{"@id":"https:\/\/alcompasrevista.com\/#organization"},"image":{"@id":"https:\/\/alcompasrevista.com\/archivos\/9680#primaryimage"},"thumbnailUrl":"https:\/\/alcompasrevista.com\/wp-content\/uploads\/2022\/09\/Copia-de-Diseno-sin-titulo-10.jpg","keywords":["Festival de Bandes Juvenils","Mancomunitat Hoya de Bu\u00f1ol-Chiva"],"articleSection":["#Not\u00edcies"],"inLanguage":"va"},{"@type":"WebPage","@id":"https:\/\/alcompasrevista.com\/archivos\/9680","url":"https:\/\/alcompasrevista.com\/archivos\/9680","name":"La FSMCV i la Mancomunitat Hoya de Bu\u00f1ol-Chiva impulsen el primer Festival de Bandes Juvenils de la comarca - Revista Al Comp\u00e0s","isPartOf":{"@id":"https:\/\/alcompasrevista.com\/#website"},"primaryImageOfPage":{"@id":"https:\/\/alcompasrevista.com\/archivos\/9680#primaryimage"},"image":{"@id":"https:\/\/alcompasrevista.com\/archivos\/9680#primaryimage"},"thumbnailUrl":"https:\/\/alcompasrevista.com\/wp-content\/uploads\/2022\/09\/Copia-de-Diseno-sin-titulo-10.jpg","datePublished":"2022-09-23T12:34:58+00:00","dateModified":"2022-09-27T09:53:26+00:00","breadcrumb":{"@id":"https:\/\/alcompasrevista.com\/archivos\/9680#breadcrumb"},"inLanguage":"va","potentialAction":[{"@type":"ReadAction","target":["https:\/\/alcompasrevista.com\/archivos\/9680"]}]},{"@type":"ImageObject","inLanguage":"va","@id":"https:\/\/alcompasrevista.com\/archivos\/9680#primaryimage","url":"https:\/\/alcompasrevista.com\/wp-content\/uploads\/2022\/09\/Copia-de-Diseno-sin-titulo-10.jpg","contentUrl":"https:\/\/alcompasrevista.com\/wp-content\/uploads\/2022\/09\/Copia-de-Diseno-sin-titulo-10.jpg","width":760,"height":430},{"@type":"BreadcrumbList","@id":"https:\/\/alcompasrevista.com\/archivos\/9680#breadcrumb","itemListElement":[{"@type":"ListItem","position":1,"name":"Portada","item":"https:\/\/alcompasrevista.com\/va"},{"@type":"ListItem","position":2,"name":"La FSMCV i la Mancomunitat Hoya de Bu\u00f1ol-Chiva impulsen el primer Festival de Bandes Juvenils de la comarca"}]},{"@type":"WebSite","@id":"https:\/\/alcompasrevista.com\/#website","url":"https:\/\/alcompasrevista.com\/","name":"Revista Al Comp\u00e0s","description":"Un proyecto de la Federaci\u00f3n de Sociedades Musicales de la Comunidad Valenciana","publisher":{"@id":"https:\/\/alcompasrevista.com\/#organization"},"potentialAction":[{"@type":"SearchAction","target":{"@type":"EntryPoint","urlTemplate":"https:\/\/alcompasrevista.com\/?s={search_term_string}"},"query-input":{"@type":"PropertyValueSpecification","valueRequired":true,"valueName":"search_term_string"}}],"inLanguage":"va"},{"@type":"Organization","@id":"https:\/\/alcompasrevista.com\/#organization","name":"Revista Al Comp\u00e0s","url":"https:\/\/alcompasrevista.com\/","logo":{"@type":"ImageObject","inLanguage":"va","@id":"https:\/\/alcompasrevista.com\/#\/schema\/logo\/image\/","url":"https:\/\/alcompasrevista.com\/wp-content\/uploads\/2022\/04\/cropped-loog_blanco.png","contentUrl":"https:\/\/alcompasrevista.com\/wp-content\/uploads\/2022\/04\/cropped-loog_blanco.png","width":1612,"height":724,"caption":"Revista Al Comp\u00e0s"},"image":{"@id":"https:\/\/alcompasrevista.com\/#\/schema\/logo\/image\/"}},{"@type":"Person","@id":"https:\/\/alcompasrevista.com\/#\/schema\/person\/0f092e7196386afa42171db0d19a38ff","name":"Redacci\u00f3n","image":{"@type":"ImageObject","inLanguage":"va","@id":"https:\/\/secure.gravatar.com\/avatar\/e2831619d4dae93995d3da450c50013d912e0b8bdf34d9ea00126d97c2b7702e?s=96&d=mm&r=g","url":"https:\/\/secure.gravatar.com\/avatar\/e2831619d4dae93995d3da450c50013d912e0b8bdf34d9ea00126d97c2b7702e?s=96&d=mm&r=g","contentUrl":"https:\/\/secure.gravatar.com\/avatar\/e2831619d4dae93995d3da450c50013d912e0b8bdf34d9ea00126d97c2b7702e?s=96&d=mm&r=g","caption":"Redacci\u00f3n"},"url":"https:\/\/alcompasrevista.com\/va\/archivos\/author\/257_webmaster"}]}},"_links":{"self":[{"href":"https:\/\/alcompasrevista.com\/va\/wp-json\/wp\/v2\/posts\/9686","targetHints":{"allow":["GET"]}}],"collection":[{"href":"https:\/\/alcompasrevista.com\/va\/wp-json\/wp\/v2\/posts"}],"about":[{"href":"https:\/\/alcompasrevista.com\/va\/wp-json\/wp\/v2\/types\/post"}],"author":[{"embeddable":true,"href":"https:\/\/alcompasrevista.com\/va\/wp-json\/wp\/v2\/users\/860004"}],"replies":[{"embeddable":true,"href":"https:\/\/alcompasrevista.com\/va\/wp-json\/wp\/v2\/comments?post=9686"}],"version-history":[{"count":0,"href":"https:\/\/alcompasrevista.com\/va\/wp-json\/wp\/v2\/posts\/9686\/revisions"}],"wp:featuredmedia":[{"embeddable":true,"href":"https:\/\/alcompasrevista.com\/va\/wp-json\/wp\/v2\/media\/9682"}],"wp:attachment":[{"href":"https:\/\/alcompasrevista.com\/va\/wp-json\/wp\/v2\/media?parent=9686"}],"wp:term":[{"taxonomy":"category","embeddable":true,"href":"https:\/\/alcompasrevista.com\/va\/wp-json\/wp\/v2\/categories?post=9686"},{"taxonomy":"post_tag","embeddable":true,"href":"https:\/\/alcompasrevista.com\/va\/wp-json\/wp\/v2\/tags?post=9686"},{"taxonomy":"portada","embeddable":true,"href":"https:\/\/alcompasrevista.com\/va\/wp-json\/wp\/v2\/portada?post=9686"}],"curies":[{"name":"wp","href":"https:\/\/api.w.org\/{rel}","templated":true}]}}