{"id":9276,"date":"2022-08-29T13:45:26","date_gmt":"2022-08-29T11:45:26","guid":{"rendered":"https:\/\/alcompasrevista.com\/convocats-els-xxiii-premis-euterpe\/"},"modified":"2022-08-29T14:03:04","modified_gmt":"2022-08-29T12:03:04","slug":"convocats-els-xxiii-premis-euterpe","status":"publish","type":"post","link":"https:\/\/alcompasrevista.com\/va\/archivos\/9276","title":{"rendered":"Convocats els XXIII Premis Euterpe"},"content":{"rendered":"\n<p>La Federaci\u00f3 de Societats Musicals de la Comunitat Valenciana (FSMCV) ha llan\u00e7at la convocat\u00f2ria per a la presentaci\u00f3 de candidatures als Premis Euterpe per a l&#8217;edici\u00f3 de 2022.<\/p>\n\n\n\n<p>Aquests premis, que enguany aconsegueixen la seua XXIII edici\u00f3, s\u00f3n convocats anualment per la FSMCV amb la finalitat d&#8217;homenatjar la m\u00fasica valenciana en diversos vessants. Els guardons reconeixen el m\u00e8rit de totes aquelles persones, societats musicals, col\u00b7lectius, entitats, institucions, empreses o projectes que aposten decididament per mantindre, impulsar i desenvolupar la cultura musical valenciana.<\/p>\n\n\n\n<p>Com en edicions anteriors, els premis buscaran recon\u00e9ixer el m\u00e8rit a contribucions que enaltisquen i fomenten valors propis del moviment de les societats musicals com la igualtat de g\u00e8nere, la col\u00b7laboraci\u00f3, el voluntariat o la inclusi\u00f3 social, aquesta \u00faltima, nova modalitat implantada des de 2021. D&#8217;aquesta manera, es pret\u00e9n posar en valor a persones i societats musicals, aix\u00ed com projectes i iniciatives que mereixen ser difosos com a refer\u00e8ncia dins del col\u00b7lectiu.<\/p>\n\n\n\n<p>\u201cEls premis Euterpe reflecteixen el gran valor que les societats musicals aporten a la societat, no sols des de l&#8217;\u00e0mbit art\u00edstic i educatiu, sin\u00f3 tamb\u00e9 des del social. Per aix\u00f2, \u00e9s una satisfacci\u00f3 poder atorgar-los cada any a persones, societats musicals, col\u00b7lectius, empreses o institucions que viuen amb tanta passi\u00f3 la nostra m\u00fasica i contribueixen en gran manera a continuar avan\u00e7ant al nostre moviment\u201d, ha comentat Daniela Gonz\u00e1lez, presidenta de la FSMCV.<\/p>\n\n\n\n<p>Les categories establides per a la XXIII edici\u00f3 dels Premis Euterpe s\u00f3n les seg\u00fcents:<\/p>\n\n\n\n<ul class=\"wp-block-list\"><li>Premi Euterpe a la participaci\u00f3 federal.<\/li><li>Premi Euterpe a la dedicaci\u00f3 a la seua societat musical.<\/li><li>Premi Euterpe a la instituci\u00f3 o empresa, p\u00fablica o privada.<\/li><li>Premi Euterpe per la contribuci\u00f3 a la igualtat de g\u00e8nere en l&#8217;\u00e0mbit de la m\u00fasica valenciana.<\/li><li>Premi Euterpe a la societat musical impulsora de projectes d&#8217;inclusi\u00f3 social.<\/li><\/ul>\n\n\n\n<p>El termini de presentaci\u00f3 de candidatures als Premis Euterpe finalitzar\u00e0 el 30 de setembre de 2021. Els premis es faran p\u00fablics, com \u00e9s habitual, durant l&#8217;assemblea general de l&#8217;entitat, que celebrar\u00e0 el mes vinent d&#8217;octubre, sent l&#8217;acte de lliurament el mes de novembre, coincidint amb la festivitat de Santa Cecilia, patrona dels m\u00fasics. Tota la informaci\u00f3 relativa a aquests guardons es pot consultar en la p\u00e0gina web de FSMCV: <a href=\"http:\/\/www.fsmcv.org\" target=\"_blank\" rel=\"noreferrer noopener\">www.fsmcv.org<\/a><\/p>\n\n\n\n<figure class=\"wp-block-image size-full\"><img decoding=\"async\" src=\"https:\/\/alcompasrevista.com\/wp-content\/uploads\/2022\/08\/Diseno-sin-titulo-2022-08-29T134247.760.jpg\" alt=\"\" class=\"wp-image-9266\"\/><\/figure>\n","protected":false},"excerpt":{"rendered":"<p>La Federaci\u00f3 de Societats Musicals de la Comunitat Valenciana (FSMCV) ha llan\u00e7at la convocat\u00f2ria per a la presentaci\u00f3 de candidatures als Premis Euterpe per a l&#8217;edici\u00f3 de 2022. Aquests premis, [&hellip;]<\/p>\n","protected":false},"author":860004,"featured_media":9278,"comment_status":"closed","ping_status":"closed","sticky":false,"template":"","format":"standard","meta":{"footnotes":""},"categories":[29],"tags":[298,299],"portada":[297,241],"class_list":["post-9276","post","type-post","status-publish","format-standard","has-post-thumbnail","hentry","category-noticies-va","tag-euterpe-va","tag-premis-euterpe","portada-euterpe","portada-fsmcv"],"yoast_head":"<!-- This site is optimized with the Yoast SEO plugin v27.4 - https:\/\/yoast.com\/product\/yoast-seo-wordpress\/ -->\n<title>Convocats els XXIII Premis Euterpe - Revista Al Comp\u00e0s<\/title>\n<meta name=\"robots\" content=\"index, follow, max-snippet:-1, max-image-preview:large, max-video-preview:-1\" \/>\n<link rel=\"canonical\" href=\"https:\/\/alcompasrevista.com\/archivos\/9265\" \/>\n<meta property=\"og:locale\" content=\"en_US\" \/>\n<meta property=\"og:type\" content=\"article\" \/>\n<meta property=\"og:title\" content=\"Convocats els XXIII Premis Euterpe - Revista Al Comp\u00e0s\" \/>\n<meta property=\"og:description\" content=\"La Federaci\u00f3 de Societats Musicals de la Comunitat Valenciana (FSMCV) ha llan\u00e7at la convocat\u00f2ria per a la presentaci\u00f3 de candidatures als Premis Euterpe per a l&#8217;edici\u00f3 de 2022. Aquests premis, [&hellip;]\" \/>\n<meta property=\"og:url\" content=\"https:\/\/alcompasrevista.com\/archivos\/9265\" \/>\n<meta property=\"og:site_name\" content=\"Revista Al Comp\u00e0s\" \/>\n<meta property=\"article:published_time\" content=\"2022-08-29T11:45:26+00:00\" \/>\n<meta property=\"article:modified_time\" content=\"2022-08-29T12:03:04+00:00\" \/>\n<meta property=\"og:image\" content=\"https:\/\/alcompasrevista.com\/wp-content\/uploads\/2022\/08\/Diseno-sin-titulo-2022-08-29T140057.112.jpg\" \/>\n\t<meta property=\"og:image:width\" content=\"760\" \/>\n\t<meta property=\"og:image:height\" content=\"430\" \/>\n\t<meta property=\"og:image:type\" content=\"image\/jpeg\" \/>\n<meta name=\"author\" content=\"Redacci\u00f3n\" \/>\n<meta name=\"twitter:card\" content=\"summary_large_image\" \/>\n<meta name=\"twitter:label1\" content=\"Written by\" \/>\n\t<meta name=\"twitter:data1\" content=\"Redacci\u00f3\" \/>\n\t<meta name=\"twitter:label2\" content=\"Est. reading time\" \/>\n\t<meta name=\"twitter:data2\" content=\"2 minutes\" \/>\n<script type=\"application\/ld+json\" class=\"yoast-schema-graph\">{\"@context\":\"https:\\\/\\\/schema.org\",\"@graph\":[{\"@type\":\"Article\",\"@id\":\"https:\\\/\\\/alcompasrevista.com\\\/archivos\\\/9265#article\",\"isPartOf\":{\"@id\":\"https:\\\/\\\/alcompasrevista.com\\\/archivos\\\/9265\"},\"author\":{\"name\":\"Redacci\u00f3n\",\"@id\":\"https:\\\/\\\/alcompasrevista.com\\\/#\\\/schema\\\/person\\\/0f092e7196386afa42171db0d19a38ff\"},\"headline\":\"Convocats els XXIII Premis Euterpe\",\"datePublished\":\"2022-08-29T11:45:26+00:00\",\"dateModified\":\"2022-08-29T12:03:04+00:00\",\"mainEntityOfPage\":{\"@id\":\"https:\\\/\\\/alcompasrevista.com\\\/archivos\\\/9265\"},\"wordCount\":402,\"publisher\":{\"@id\":\"https:\\\/\\\/alcompasrevista.com\\\/#organization\"},\"image\":{\"@id\":\"https:\\\/\\\/alcompasrevista.com\\\/archivos\\\/9265#primaryimage\"},\"thumbnailUrl\":\"https:\\\/\\\/alcompasrevista.com\\\/wp-content\\\/uploads\\\/2022\\\/08\\\/Diseno-sin-titulo-2022-08-29T140057.112.jpg\",\"keywords\":[\"Euterpe\",\"premis Euterpe\"],\"articleSection\":[\"#Not\u00edcies\"],\"inLanguage\":\"va\"},{\"@type\":\"WebPage\",\"@id\":\"https:\\\/\\\/alcompasrevista.com\\\/archivos\\\/9265\",\"url\":\"https:\\\/\\\/alcompasrevista.com\\\/archivos\\\/9265\",\"name\":\"Convocats els XXIII Premis Euterpe - Revista Al Comp\u00e0s\",\"isPartOf\":{\"@id\":\"https:\\\/\\\/alcompasrevista.com\\\/#website\"},\"primaryImageOfPage\":{\"@id\":\"https:\\\/\\\/alcompasrevista.com\\\/archivos\\\/9265#primaryimage\"},\"image\":{\"@id\":\"https:\\\/\\\/alcompasrevista.com\\\/archivos\\\/9265#primaryimage\"},\"thumbnailUrl\":\"https:\\\/\\\/alcompasrevista.com\\\/wp-content\\\/uploads\\\/2022\\\/08\\\/Diseno-sin-titulo-2022-08-29T140057.112.jpg\",\"datePublished\":\"2022-08-29T11:45:26+00:00\",\"dateModified\":\"2022-08-29T12:03:04+00:00\",\"breadcrumb\":{\"@id\":\"https:\\\/\\\/alcompasrevista.com\\\/archivos\\\/9265#breadcrumb\"},\"inLanguage\":\"va\",\"potentialAction\":[{\"@type\":\"ReadAction\",\"target\":[\"https:\\\/\\\/alcompasrevista.com\\\/archivos\\\/9265\"]}]},{\"@type\":\"ImageObject\",\"inLanguage\":\"va\",\"@id\":\"https:\\\/\\\/alcompasrevista.com\\\/archivos\\\/9265#primaryimage\",\"url\":\"https:\\\/\\\/alcompasrevista.com\\\/wp-content\\\/uploads\\\/2022\\\/08\\\/Diseno-sin-titulo-2022-08-29T140057.112.jpg\",\"contentUrl\":\"https:\\\/\\\/alcompasrevista.com\\\/wp-content\\\/uploads\\\/2022\\\/08\\\/Diseno-sin-titulo-2022-08-29T140057.112.jpg\",\"width\":760,\"height\":430},{\"@type\":\"BreadcrumbList\",\"@id\":\"https:\\\/\\\/alcompasrevista.com\\\/archivos\\\/9265#breadcrumb\",\"itemListElement\":[{\"@type\":\"ListItem\",\"position\":1,\"name\":\"Portada\",\"item\":\"https:\\\/\\\/alcompasrevista.com\\\/va\"},{\"@type\":\"ListItem\",\"position\":2,\"name\":\"Convocats els XXIII Premis Euterpe\"}]},{\"@type\":\"WebSite\",\"@id\":\"https:\\\/\\\/alcompasrevista.com\\\/#website\",\"url\":\"https:\\\/\\\/alcompasrevista.com\\\/\",\"name\":\"Revista Al Comp\u00e0s\",\"description\":\"Un proyecto de la Federaci\u00f3n de Sociedades Musicales de la Comunidad Valenciana\",\"publisher\":{\"@id\":\"https:\\\/\\\/alcompasrevista.com\\\/#organization\"},\"potentialAction\":[{\"@type\":\"SearchAction\",\"target\":{\"@type\":\"EntryPoint\",\"urlTemplate\":\"https:\\\/\\\/alcompasrevista.com\\\/?s={search_term_string}\"},\"query-input\":{\"@type\":\"PropertyValueSpecification\",\"valueRequired\":true,\"valueName\":\"search_term_string\"}}],\"inLanguage\":\"va\"},{\"@type\":\"Organization\",\"@id\":\"https:\\\/\\\/alcompasrevista.com\\\/#organization\",\"name\":\"Revista Al Comp\u00e0s\",\"url\":\"https:\\\/\\\/alcompasrevista.com\\\/\",\"logo\":{\"@type\":\"ImageObject\",\"inLanguage\":\"va\",\"@id\":\"https:\\\/\\\/alcompasrevista.com\\\/#\\\/schema\\\/logo\\\/image\\\/\",\"url\":\"https:\\\/\\\/alcompasrevista.com\\\/wp-content\\\/uploads\\\/2022\\\/04\\\/cropped-loog_blanco.png\",\"contentUrl\":\"https:\\\/\\\/alcompasrevista.com\\\/wp-content\\\/uploads\\\/2022\\\/04\\\/cropped-loog_blanco.png\",\"width\":1612,\"height\":724,\"caption\":\"Revista Al Comp\u00e0s\"},\"image\":{\"@id\":\"https:\\\/\\\/alcompasrevista.com\\\/#\\\/schema\\\/logo\\\/image\\\/\"}},{\"@type\":\"Person\",\"@id\":\"https:\\\/\\\/alcompasrevista.com\\\/#\\\/schema\\\/person\\\/0f092e7196386afa42171db0d19a38ff\",\"name\":\"Redacci\u00f3n\",\"image\":{\"@type\":\"ImageObject\",\"inLanguage\":\"va\",\"@id\":\"https:\\\/\\\/secure.gravatar.com\\\/avatar\\\/e2831619d4dae93995d3da450c50013d912e0b8bdf34d9ea00126d97c2b7702e?s=96&d=mm&r=g\",\"url\":\"https:\\\/\\\/secure.gravatar.com\\\/avatar\\\/e2831619d4dae93995d3da450c50013d912e0b8bdf34d9ea00126d97c2b7702e?s=96&d=mm&r=g\",\"contentUrl\":\"https:\\\/\\\/secure.gravatar.com\\\/avatar\\\/e2831619d4dae93995d3da450c50013d912e0b8bdf34d9ea00126d97c2b7702e?s=96&d=mm&r=g\",\"caption\":\"Redacci\u00f3n\"},\"url\":\"https:\\\/\\\/alcompasrevista.com\\\/va\\\/archivos\\\/author\\\/257_webmaster\"}]}<\/script>\n<!-- \/ Yoast SEO plugin. -->","yoast_head_json":{"title":"Convocats els XXIII Premis Euterpe - Revista Al Comp\u00e0s","robots":{"index":"index","follow":"follow","max-snippet":"max-snippet:-1","max-image-preview":"max-image-preview:large","max-video-preview":"max-video-preview:-1"},"canonical":"https:\/\/alcompasrevista.com\/archivos\/9265","og_locale":"en_US","og_type":"article","og_title":"Convocats els XXIII Premis Euterpe - Revista Al Comp\u00e0s","og_description":"La Federaci\u00f3 de Societats Musicals de la Comunitat Valenciana (FSMCV) ha llan\u00e7at la convocat\u00f2ria per a la presentaci\u00f3 de candidatures als Premis Euterpe per a l&#8217;edici\u00f3 de 2022. Aquests premis, [&hellip;]","og_url":"https:\/\/alcompasrevista.com\/archivos\/9265","og_site_name":"Revista Al Comp\u00e0s","article_published_time":"2022-08-29T11:45:26+00:00","article_modified_time":"2022-08-29T12:03:04+00:00","og_image":[{"width":760,"height":430,"url":"https:\/\/alcompasrevista.com\/wp-content\/uploads\/2022\/08\/Diseno-sin-titulo-2022-08-29T140057.112.jpg","type":"image\/jpeg"}],"author":"Redacci\u00f3n","twitter_card":"summary_large_image","twitter_misc":{"Written by":"Redacci\u00f3","Est. reading time":"2 minutes"},"schema":{"@context":"https:\/\/schema.org","@graph":[{"@type":"Article","@id":"https:\/\/alcompasrevista.com\/archivos\/9265#article","isPartOf":{"@id":"https:\/\/alcompasrevista.com\/archivos\/9265"},"author":{"name":"Redacci\u00f3n","@id":"https:\/\/alcompasrevista.com\/#\/schema\/person\/0f092e7196386afa42171db0d19a38ff"},"headline":"Convocats els XXIII Premis Euterpe","datePublished":"2022-08-29T11:45:26+00:00","dateModified":"2022-08-29T12:03:04+00:00","mainEntityOfPage":{"@id":"https:\/\/alcompasrevista.com\/archivos\/9265"},"wordCount":402,"publisher":{"@id":"https:\/\/alcompasrevista.com\/#organization"},"image":{"@id":"https:\/\/alcompasrevista.com\/archivos\/9265#primaryimage"},"thumbnailUrl":"https:\/\/alcompasrevista.com\/wp-content\/uploads\/2022\/08\/Diseno-sin-titulo-2022-08-29T140057.112.jpg","keywords":["Euterpe","premis Euterpe"],"articleSection":["#Not\u00edcies"],"inLanguage":"va"},{"@type":"WebPage","@id":"https:\/\/alcompasrevista.com\/archivos\/9265","url":"https:\/\/alcompasrevista.com\/archivos\/9265","name":"Convocats els XXIII Premis Euterpe - Revista Al Comp\u00e0s","isPartOf":{"@id":"https:\/\/alcompasrevista.com\/#website"},"primaryImageOfPage":{"@id":"https:\/\/alcompasrevista.com\/archivos\/9265#primaryimage"},"image":{"@id":"https:\/\/alcompasrevista.com\/archivos\/9265#primaryimage"},"thumbnailUrl":"https:\/\/alcompasrevista.com\/wp-content\/uploads\/2022\/08\/Diseno-sin-titulo-2022-08-29T140057.112.jpg","datePublished":"2022-08-29T11:45:26+00:00","dateModified":"2022-08-29T12:03:04+00:00","breadcrumb":{"@id":"https:\/\/alcompasrevista.com\/archivos\/9265#breadcrumb"},"inLanguage":"va","potentialAction":[{"@type":"ReadAction","target":["https:\/\/alcompasrevista.com\/archivos\/9265"]}]},{"@type":"ImageObject","inLanguage":"va","@id":"https:\/\/alcompasrevista.com\/archivos\/9265#primaryimage","url":"https:\/\/alcompasrevista.com\/wp-content\/uploads\/2022\/08\/Diseno-sin-titulo-2022-08-29T140057.112.jpg","contentUrl":"https:\/\/alcompasrevista.com\/wp-content\/uploads\/2022\/08\/Diseno-sin-titulo-2022-08-29T140057.112.jpg","width":760,"height":430},{"@type":"BreadcrumbList","@id":"https:\/\/alcompasrevista.com\/archivos\/9265#breadcrumb","itemListElement":[{"@type":"ListItem","position":1,"name":"Portada","item":"https:\/\/alcompasrevista.com\/va"},{"@type":"ListItem","position":2,"name":"Convocats els XXIII Premis Euterpe"}]},{"@type":"WebSite","@id":"https:\/\/alcompasrevista.com\/#website","url":"https:\/\/alcompasrevista.com\/","name":"Revista Al Comp\u00e0s","description":"Un proyecto de la Federaci\u00f3n de Sociedades Musicales de la Comunidad Valenciana","publisher":{"@id":"https:\/\/alcompasrevista.com\/#organization"},"potentialAction":[{"@type":"SearchAction","target":{"@type":"EntryPoint","urlTemplate":"https:\/\/alcompasrevista.com\/?s={search_term_string}"},"query-input":{"@type":"PropertyValueSpecification","valueRequired":true,"valueName":"search_term_string"}}],"inLanguage":"va"},{"@type":"Organization","@id":"https:\/\/alcompasrevista.com\/#organization","name":"Revista Al Comp\u00e0s","url":"https:\/\/alcompasrevista.com\/","logo":{"@type":"ImageObject","inLanguage":"va","@id":"https:\/\/alcompasrevista.com\/#\/schema\/logo\/image\/","url":"https:\/\/alcompasrevista.com\/wp-content\/uploads\/2022\/04\/cropped-loog_blanco.png","contentUrl":"https:\/\/alcompasrevista.com\/wp-content\/uploads\/2022\/04\/cropped-loog_blanco.png","width":1612,"height":724,"caption":"Revista Al Comp\u00e0s"},"image":{"@id":"https:\/\/alcompasrevista.com\/#\/schema\/logo\/image\/"}},{"@type":"Person","@id":"https:\/\/alcompasrevista.com\/#\/schema\/person\/0f092e7196386afa42171db0d19a38ff","name":"Redacci\u00f3n","image":{"@type":"ImageObject","inLanguage":"va","@id":"https:\/\/secure.gravatar.com\/avatar\/e2831619d4dae93995d3da450c50013d912e0b8bdf34d9ea00126d97c2b7702e?s=96&d=mm&r=g","url":"https:\/\/secure.gravatar.com\/avatar\/e2831619d4dae93995d3da450c50013d912e0b8bdf34d9ea00126d97c2b7702e?s=96&d=mm&r=g","contentUrl":"https:\/\/secure.gravatar.com\/avatar\/e2831619d4dae93995d3da450c50013d912e0b8bdf34d9ea00126d97c2b7702e?s=96&d=mm&r=g","caption":"Redacci\u00f3n"},"url":"https:\/\/alcompasrevista.com\/va\/archivos\/author\/257_webmaster"}]}},"_links":{"self":[{"href":"https:\/\/alcompasrevista.com\/va\/wp-json\/wp\/v2\/posts\/9276","targetHints":{"allow":["GET"]}}],"collection":[{"href":"https:\/\/alcompasrevista.com\/va\/wp-json\/wp\/v2\/posts"}],"about":[{"href":"https:\/\/alcompasrevista.com\/va\/wp-json\/wp\/v2\/types\/post"}],"author":[{"embeddable":true,"href":"https:\/\/alcompasrevista.com\/va\/wp-json\/wp\/v2\/users\/860004"}],"replies":[{"embeddable":true,"href":"https:\/\/alcompasrevista.com\/va\/wp-json\/wp\/v2\/comments?post=9276"}],"version-history":[{"count":0,"href":"https:\/\/alcompasrevista.com\/va\/wp-json\/wp\/v2\/posts\/9276\/revisions"}],"wp:featuredmedia":[{"embeddable":true,"href":"https:\/\/alcompasrevista.com\/va\/wp-json\/wp\/v2\/media\/9278"}],"wp:attachment":[{"href":"https:\/\/alcompasrevista.com\/va\/wp-json\/wp\/v2\/media?parent=9276"}],"wp:term":[{"taxonomy":"category","embeddable":true,"href":"https:\/\/alcompasrevista.com\/va\/wp-json\/wp\/v2\/categories?post=9276"},{"taxonomy":"post_tag","embeddable":true,"href":"https:\/\/alcompasrevista.com\/va\/wp-json\/wp\/v2\/tags?post=9276"},{"taxonomy":"portada","embeddable":true,"href":"https:\/\/alcompasrevista.com\/va\/wp-json\/wp\/v2\/portada?post=9276"}],"curies":[{"name":"wp","href":"https:\/\/api.w.org\/{rel}","templated":true}]}}