{"id":9072,"date":"2022-08-17T09:06:24","date_gmt":"2022-08-17T07:06:24","guid":{"rendered":"https:\/\/alcompasrevista.com\/tocando-mientras-llueven-cenizas\/"},"modified":"2022-08-17T09:20:58","modified_gmt":"2022-08-17T07:20:58","slug":"tocnat-mentre-plou-cendra","status":"publish","type":"post","link":"https:\/\/alcompasrevista.com\/va\/archivos\/9072","title":{"rendered":"Tocant mentre plou cendra"},"content":{"rendered":"\n<p>M\u2019he estat pensant molt com titolar este article i, a la fi, he anat al m\u00e9s senzill, al m\u00e9s clar, perqu\u00e8 pense que la situaci\u00f3 ho requereix. Perqu\u00e8 pense que, de vegades, ens sobra poesia per parlar d\u2019all\u00f2 m\u00e9s cru, m\u00e9s real, m\u00e9s tangible.<\/p>\n\n\n\n<p>El passat dilluns dia 15 d\u2019agost vaig estar tocant a l\u2019entr\u00e0 de moros i cristians d\u2019El Verger (Alacant). No hi anava des d\u2019abans de la pand\u00e8mia -que es diu prompte- i, a priori tot semblava normal, com un acte m\u00e9s dels centenars que s\u2019estan celebrant este estiu als nostres pobles i comarques. Els cotxes plens de m\u00fasics i m\u00fasiques buscaven lloc per a aparcar, les cadires per vore l\u2019entr\u00e0 ja estaven col\u00b7locades i els seus venedors i venedores repartien tickets i els ve\u00efns del poble es \u201cmudaven\u201d per a l\u2019ocasi\u00f3. Tot normal, insistisc.<\/p>\n\n\n\n<p>Per\u00f2, passava una cosa. Una cosa grossa. Una cosa d\u2019eixes que mai haur\u00eden de passar. Si miraves al cel veies una \u201cgrisor lletja\u201d. Un gris mesclat amb marr\u00f3, ataronjat, blanquin\u00f3s i negre. Tot a una. I de sobte, pluja. No \u00e9s la primera vegada que toque sota la pluja. De fet, m\u2019he banyat molt. Massa. Un altre dia podr\u00edem parlar d\u2019aix\u00f2, de fins on haur\u00eden d\u2019arribar les condicions climatol\u00f2giques per suspendre un acte sense arribar a l\u2019extrem de fotre instruments o m\u00fasics. Especialment a Falles. Per\u00f2 ara no ens desviem\u2026<\/p>\n\n\n\n<figure class=\"wp-block-image size-large\"><img decoding=\"async\" src=\"https:\/\/alcompasrevista.com\/wp-content\/uploads\/2022\/08\/Jordi-Company-2-624x1024.jpg\" alt=\"\" class=\"wp-image-9069\"\/><\/figure>\n\n\n\n<p>Plovia, deia. Per\u00f2 era una pluja estranya. Gotetes xicotetes, c\u00e0lides i brutes. Gotetes creades per un piroc\u00famul provinent de l\u2019incendi que est\u00e0 arrassant les Valls de l\u2019interior d\u2019Alacant. Despr\u00e9s de les gotes, vindria la cendra. I, mentrestant, l\u2019olor a cremat. \u201cEst\u00e0 plovent cendra, mam\u00e0\u201d, vaig sentir dir a una xiqueta mentre sonava de fons el pasdoble Orgullo Santiaguista. En l\u2019espera entre l\u2019entr\u00e0 de bandes i l\u2019entr\u00e0 de moros i cristians escoltaves als m\u00fasics parlar de l\u2019incendi. D\u2019altres, miraven els tel\u00e8fons, no s\u00e9 si contactant amb alg\u00fan conegut de la zona afectada o simplement buscant informaci\u00f3 a les xarxes socials. Altres portaven els cascs del m\u00f2bil mentre veien l\u2019informatiu. Altres, es feien una fresqueta al bar i li demanaven al cambrer que posara la tele. En resum, ning\u00fa podia deixar de banda el que passava a tan sols 30 minuts en cotxe de l\u2019inici de l\u2019acte. All\u00f2 del Show Must Go On que cantava Mercury de vegades est\u00e0 sobrevalorat i en un dia com el dilluns a El Verger es va fer palesa.<\/p>\n\n\n\n<p>Qui escriu estes l\u00ednies t\u00e9 la seua opini\u00f3 personal sobre la gesti\u00f3 forestal del nostre territori, per\u00f2 no entrarem en ella. Nom\u00e9s venia a contar-vos com de fotut \u00e9s haver de fer festa mentre es crema una part de la teua vida. Perqu\u00e8, per a la majoria de m\u00fasics i m\u00fasiques que lligen estes l\u00ednies, estic segur que les Valls de l\u2019interior d\u2019Alacant han sigut vida en alg\u00fan moment. For\u00e7a i \u00e0nim per als ve\u00efns i ve\u00efnes, bandes afectades i, especialment, per als professionals d\u2019extinci\u00f3 -de segur hi haur\u00e0 m\u00fasics, tamb\u00e9- que treballen incansablement per apagar el foc a eixe i altres incendis que cremen la Comunitat Valenciana.<\/p>\n","protected":false},"excerpt":{"rendered":"<p>M\u2019he estat pensant molt com titolar este article i, a la fi, he anat al m\u00e9s senzill, al m\u00e9s clar, perqu\u00e8 pense que la situaci\u00f3 ho requereix. Perqu\u00e8 pense que, [&hellip;]<\/p>\n","protected":false},"author":860007,"featured_media":9068,"comment_status":"closed","ping_status":"closed","sticky":false,"template":"","format":"standard","meta":{"footnotes":""},"categories":[29],"tags":[],"portada":[],"class_list":["post-9072","post","type-post","status-publish","format-standard","has-post-thumbnail","hentry","category-noticies-va"],"yoast_head":"<!-- This site is optimized with the Yoast SEO plugin v27.4 - https:\/\/yoast.com\/product\/yoast-seo-wordpress\/ -->\n<title>Tocant mentre plou cendra<\/title>\n<meta name=\"description\" content=\"Jordi Company. Nom\u00e9s venia a contar-vos com de fotut \u00e9s haver de fer festa mentre es crema una part de la teua vida.\" \/>\n<meta name=\"robots\" content=\"index, follow, max-snippet:-1, max-image-preview:large, max-video-preview:-1\" \/>\n<link rel=\"canonical\" href=\"https:\/\/alcompasrevista.com\/archivos\/9066\" \/>\n<meta property=\"og:locale\" content=\"en_US\" \/>\n<meta property=\"og:type\" content=\"article\" \/>\n<meta property=\"og:title\" content=\"Tocant mentre plou cendra\" \/>\n<meta property=\"og:description\" content=\"Jordi Company. Nom\u00e9s venia a contar-vos com de fotut \u00e9s haver de fer festa mentre es crema una part de la teua vida.\" \/>\n<meta property=\"og:url\" content=\"https:\/\/alcompasrevista.com\/archivos\/9066\" \/>\n<meta property=\"og:site_name\" content=\"Revista Al Comp\u00e0s\" \/>\n<meta property=\"article:published_time\" content=\"2022-08-17T07:06:24+00:00\" \/>\n<meta property=\"article:modified_time\" content=\"2022-08-17T07:20:58+00:00\" \/>\n<meta property=\"og:image\" content=\"https:\/\/alcompasrevista.com\/wp-content\/uploads\/2022\/08\/Jordi-Company-1.jpg\" \/>\n\t<meta property=\"og:image:width\" content=\"2048\" \/>\n\t<meta property=\"og:image:height\" content=\"1492\" \/>\n\t<meta property=\"og:image:type\" content=\"image\/jpeg\" \/>\n<meta name=\"author\" content=\"Jordi Company\" \/>\n<meta name=\"twitter:card\" content=\"summary_large_image\" \/>\n<meta name=\"twitter:label1\" content=\"Written by\" \/>\n\t<meta name=\"twitter:data1\" content=\"Jordi Company\" \/>\n\t<meta name=\"twitter:label2\" content=\"Est. reading time\" \/>\n\t<meta name=\"twitter:data2\" content=\"3 minutes\" \/>\n<script type=\"application\/ld+json\" class=\"yoast-schema-graph\">{\"@context\":\"https:\\\/\\\/schema.org\",\"@graph\":[{\"@type\":\"Article\",\"@id\":\"https:\\\/\\\/alcompasrevista.com\\\/archivos\\\/9066#article\",\"isPartOf\":{\"@id\":\"https:\\\/\\\/alcompasrevista.com\\\/archivos\\\/9066\"},\"author\":{\"name\":\"Jordi Company\",\"@id\":\"https:\\\/\\\/alcompasrevista.com\\\/#\\\/schema\\\/person\\\/c473ab517d90dbe675b2a2e9b747da88\"},\"headline\":\"Tocant mentre plou cendra\",\"datePublished\":\"2022-08-17T07:06:24+00:00\",\"dateModified\":\"2022-08-17T07:20:58+00:00\",\"mainEntityOfPage\":{\"@id\":\"https:\\\/\\\/alcompasrevista.com\\\/archivos\\\/9066\"},\"wordCount\":573,\"publisher\":{\"@id\":\"https:\\\/\\\/alcompasrevista.com\\\/#organization\"},\"image\":{\"@id\":\"https:\\\/\\\/alcompasrevista.com\\\/archivos\\\/9066#primaryimage\"},\"thumbnailUrl\":\"https:\\\/\\\/alcompasrevista.com\\\/wp-content\\\/uploads\\\/2022\\\/08\\\/Jordi-Company-1.jpg\",\"articleSection\":[\"#Not\u00edcies\"],\"inLanguage\":\"va\"},{\"@type\":\"WebPage\",\"@id\":\"https:\\\/\\\/alcompasrevista.com\\\/archivos\\\/9066\",\"url\":\"https:\\\/\\\/alcompasrevista.com\\\/archivos\\\/9066\",\"name\":\"Tocant mentre plou cendra\",\"isPartOf\":{\"@id\":\"https:\\\/\\\/alcompasrevista.com\\\/#website\"},\"primaryImageOfPage\":{\"@id\":\"https:\\\/\\\/alcompasrevista.com\\\/archivos\\\/9066#primaryimage\"},\"image\":{\"@id\":\"https:\\\/\\\/alcompasrevista.com\\\/archivos\\\/9066#primaryimage\"},\"thumbnailUrl\":\"https:\\\/\\\/alcompasrevista.com\\\/wp-content\\\/uploads\\\/2022\\\/08\\\/Jordi-Company-1.jpg\",\"datePublished\":\"2022-08-17T07:06:24+00:00\",\"dateModified\":\"2022-08-17T07:20:58+00:00\",\"description\":\"Jordi Company. Nom\u00e9s venia a contar-vos com de fotut \u00e9s haver de fer festa mentre es crema una part de la teua vida.\",\"breadcrumb\":{\"@id\":\"https:\\\/\\\/alcompasrevista.com\\\/archivos\\\/9066#breadcrumb\"},\"inLanguage\":\"va\",\"potentialAction\":[{\"@type\":\"ReadAction\",\"target\":[\"https:\\\/\\\/alcompasrevista.com\\\/archivos\\\/9066\"]}]},{\"@type\":\"ImageObject\",\"inLanguage\":\"va\",\"@id\":\"https:\\\/\\\/alcompasrevista.com\\\/archivos\\\/9066#primaryimage\",\"url\":\"https:\\\/\\\/alcompasrevista.com\\\/wp-content\\\/uploads\\\/2022\\\/08\\\/Jordi-Company-1.jpg\",\"contentUrl\":\"https:\\\/\\\/alcompasrevista.com\\\/wp-content\\\/uploads\\\/2022\\\/08\\\/Jordi-Company-1.jpg\",\"width\":2048,\"height\":1492},{\"@type\":\"BreadcrumbList\",\"@id\":\"https:\\\/\\\/alcompasrevista.com\\\/archivos\\\/9066#breadcrumb\",\"itemListElement\":[{\"@type\":\"ListItem\",\"position\":1,\"name\":\"Portada\",\"item\":\"https:\\\/\\\/alcompasrevista.com\\\/va\"},{\"@type\":\"ListItem\",\"position\":2,\"name\":\"Tocant mentre plou cendra\"}]},{\"@type\":\"WebSite\",\"@id\":\"https:\\\/\\\/alcompasrevista.com\\\/#website\",\"url\":\"https:\\\/\\\/alcompasrevista.com\\\/\",\"name\":\"Revista Al Comp\u00e0s\",\"description\":\"Un proyecto de la Federaci\u00f3n de Sociedades Musicales de la Comunidad Valenciana\",\"publisher\":{\"@id\":\"https:\\\/\\\/alcompasrevista.com\\\/#organization\"},\"potentialAction\":[{\"@type\":\"SearchAction\",\"target\":{\"@type\":\"EntryPoint\",\"urlTemplate\":\"https:\\\/\\\/alcompasrevista.com\\\/?s={search_term_string}\"},\"query-input\":{\"@type\":\"PropertyValueSpecification\",\"valueRequired\":true,\"valueName\":\"search_term_string\"}}],\"inLanguage\":\"va\"},{\"@type\":\"Organization\",\"@id\":\"https:\\\/\\\/alcompasrevista.com\\\/#organization\",\"name\":\"Revista Al Comp\u00e0s\",\"url\":\"https:\\\/\\\/alcompasrevista.com\\\/\",\"logo\":{\"@type\":\"ImageObject\",\"inLanguage\":\"va\",\"@id\":\"https:\\\/\\\/alcompasrevista.com\\\/#\\\/schema\\\/logo\\\/image\\\/\",\"url\":\"https:\\\/\\\/alcompasrevista.com\\\/wp-content\\\/uploads\\\/2022\\\/04\\\/cropped-loog_blanco.png\",\"contentUrl\":\"https:\\\/\\\/alcompasrevista.com\\\/wp-content\\\/uploads\\\/2022\\\/04\\\/cropped-loog_blanco.png\",\"width\":1612,\"height\":724,\"caption\":\"Revista Al Comp\u00e0s\"},\"image\":{\"@id\":\"https:\\\/\\\/alcompasrevista.com\\\/#\\\/schema\\\/logo\\\/image\\\/\"}},{\"@type\":\"Person\",\"@id\":\"https:\\\/\\\/alcompasrevista.com\\\/#\\\/schema\\\/person\\\/c473ab517d90dbe675b2a2e9b747da88\",\"name\":\"Jordi Company\",\"image\":{\"@type\":\"ImageObject\",\"inLanguage\":\"va\",\"@id\":\"https:\\\/\\\/secure.gravatar.com\\\/avatar\\\/7cd0b883c29cc378aa260d4cac230035d52d229e39e075da1056fc0b6e712bae?s=96&d=mm&r=g\",\"url\":\"https:\\\/\\\/secure.gravatar.com\\\/avatar\\\/7cd0b883c29cc378aa260d4cac230035d52d229e39e075da1056fc0b6e712bae?s=96&d=mm&r=g\",\"contentUrl\":\"https:\\\/\\\/secure.gravatar.com\\\/avatar\\\/7cd0b883c29cc378aa260d4cac230035d52d229e39e075da1056fc0b6e712bae?s=96&d=mm&r=g\",\"caption\":\"Jordi Company\"},\"url\":\"https:\\\/\\\/alcompasrevista.com\\\/va\\\/archivos\\\/author\\\/jordi-company\"}]}<\/script>\n<!-- \/ Yoast SEO plugin. -->","yoast_head_json":{"title":"Tocant mentre plou cendra","description":"Jordi Company. Nom\u00e9s venia a contar-vos com de fotut \u00e9s haver de fer festa mentre es crema una part de la teua vida.","robots":{"index":"index","follow":"follow","max-snippet":"max-snippet:-1","max-image-preview":"max-image-preview:large","max-video-preview":"max-video-preview:-1"},"canonical":"https:\/\/alcompasrevista.com\/archivos\/9066","og_locale":"en_US","og_type":"article","og_title":"Tocant mentre plou cendra","og_description":"Jordi Company. Nom\u00e9s venia a contar-vos com de fotut \u00e9s haver de fer festa mentre es crema una part de la teua vida.","og_url":"https:\/\/alcompasrevista.com\/archivos\/9066","og_site_name":"Revista Al Comp\u00e0s","article_published_time":"2022-08-17T07:06:24+00:00","article_modified_time":"2022-08-17T07:20:58+00:00","og_image":[{"width":2048,"height":1492,"url":"https:\/\/alcompasrevista.com\/wp-content\/uploads\/2022\/08\/Jordi-Company-1.jpg","type":"image\/jpeg"}],"author":"Jordi Company","twitter_card":"summary_large_image","twitter_misc":{"Written by":"Jordi Company","Est. reading time":"3 minutes"},"schema":{"@context":"https:\/\/schema.org","@graph":[{"@type":"Article","@id":"https:\/\/alcompasrevista.com\/archivos\/9066#article","isPartOf":{"@id":"https:\/\/alcompasrevista.com\/archivos\/9066"},"author":{"name":"Jordi Company","@id":"https:\/\/alcompasrevista.com\/#\/schema\/person\/c473ab517d90dbe675b2a2e9b747da88"},"headline":"Tocant mentre plou cendra","datePublished":"2022-08-17T07:06:24+00:00","dateModified":"2022-08-17T07:20:58+00:00","mainEntityOfPage":{"@id":"https:\/\/alcompasrevista.com\/archivos\/9066"},"wordCount":573,"publisher":{"@id":"https:\/\/alcompasrevista.com\/#organization"},"image":{"@id":"https:\/\/alcompasrevista.com\/archivos\/9066#primaryimage"},"thumbnailUrl":"https:\/\/alcompasrevista.com\/wp-content\/uploads\/2022\/08\/Jordi-Company-1.jpg","articleSection":["#Not\u00edcies"],"inLanguage":"va"},{"@type":"WebPage","@id":"https:\/\/alcompasrevista.com\/archivos\/9066","url":"https:\/\/alcompasrevista.com\/archivos\/9066","name":"Tocant mentre plou cendra","isPartOf":{"@id":"https:\/\/alcompasrevista.com\/#website"},"primaryImageOfPage":{"@id":"https:\/\/alcompasrevista.com\/archivos\/9066#primaryimage"},"image":{"@id":"https:\/\/alcompasrevista.com\/archivos\/9066#primaryimage"},"thumbnailUrl":"https:\/\/alcompasrevista.com\/wp-content\/uploads\/2022\/08\/Jordi-Company-1.jpg","datePublished":"2022-08-17T07:06:24+00:00","dateModified":"2022-08-17T07:20:58+00:00","description":"Jordi Company. Nom\u00e9s venia a contar-vos com de fotut \u00e9s haver de fer festa mentre es crema una part de la teua vida.","breadcrumb":{"@id":"https:\/\/alcompasrevista.com\/archivos\/9066#breadcrumb"},"inLanguage":"va","potentialAction":[{"@type":"ReadAction","target":["https:\/\/alcompasrevista.com\/archivos\/9066"]}]},{"@type":"ImageObject","inLanguage":"va","@id":"https:\/\/alcompasrevista.com\/archivos\/9066#primaryimage","url":"https:\/\/alcompasrevista.com\/wp-content\/uploads\/2022\/08\/Jordi-Company-1.jpg","contentUrl":"https:\/\/alcompasrevista.com\/wp-content\/uploads\/2022\/08\/Jordi-Company-1.jpg","width":2048,"height":1492},{"@type":"BreadcrumbList","@id":"https:\/\/alcompasrevista.com\/archivos\/9066#breadcrumb","itemListElement":[{"@type":"ListItem","position":1,"name":"Portada","item":"https:\/\/alcompasrevista.com\/va"},{"@type":"ListItem","position":2,"name":"Tocant mentre plou cendra"}]},{"@type":"WebSite","@id":"https:\/\/alcompasrevista.com\/#website","url":"https:\/\/alcompasrevista.com\/","name":"Revista Al Comp\u00e0s","description":"Un proyecto de la Federaci\u00f3n de Sociedades Musicales de la Comunidad Valenciana","publisher":{"@id":"https:\/\/alcompasrevista.com\/#organization"},"potentialAction":[{"@type":"SearchAction","target":{"@type":"EntryPoint","urlTemplate":"https:\/\/alcompasrevista.com\/?s={search_term_string}"},"query-input":{"@type":"PropertyValueSpecification","valueRequired":true,"valueName":"search_term_string"}}],"inLanguage":"va"},{"@type":"Organization","@id":"https:\/\/alcompasrevista.com\/#organization","name":"Revista Al Comp\u00e0s","url":"https:\/\/alcompasrevista.com\/","logo":{"@type":"ImageObject","inLanguage":"va","@id":"https:\/\/alcompasrevista.com\/#\/schema\/logo\/image\/","url":"https:\/\/alcompasrevista.com\/wp-content\/uploads\/2022\/04\/cropped-loog_blanco.png","contentUrl":"https:\/\/alcompasrevista.com\/wp-content\/uploads\/2022\/04\/cropped-loog_blanco.png","width":1612,"height":724,"caption":"Revista Al Comp\u00e0s"},"image":{"@id":"https:\/\/alcompasrevista.com\/#\/schema\/logo\/image\/"}},{"@type":"Person","@id":"https:\/\/alcompasrevista.com\/#\/schema\/person\/c473ab517d90dbe675b2a2e9b747da88","name":"Jordi Company","image":{"@type":"ImageObject","inLanguage":"va","@id":"https:\/\/secure.gravatar.com\/avatar\/7cd0b883c29cc378aa260d4cac230035d52d229e39e075da1056fc0b6e712bae?s=96&d=mm&r=g","url":"https:\/\/secure.gravatar.com\/avatar\/7cd0b883c29cc378aa260d4cac230035d52d229e39e075da1056fc0b6e712bae?s=96&d=mm&r=g","contentUrl":"https:\/\/secure.gravatar.com\/avatar\/7cd0b883c29cc378aa260d4cac230035d52d229e39e075da1056fc0b6e712bae?s=96&d=mm&r=g","caption":"Jordi Company"},"url":"https:\/\/alcompasrevista.com\/va\/archivos\/author\/jordi-company"}]}},"_links":{"self":[{"href":"https:\/\/alcompasrevista.com\/va\/wp-json\/wp\/v2\/posts\/9072","targetHints":{"allow":["GET"]}}],"collection":[{"href":"https:\/\/alcompasrevista.com\/va\/wp-json\/wp\/v2\/posts"}],"about":[{"href":"https:\/\/alcompasrevista.com\/va\/wp-json\/wp\/v2\/types\/post"}],"author":[{"embeddable":true,"href":"https:\/\/alcompasrevista.com\/va\/wp-json\/wp\/v2\/users\/860007"}],"replies":[{"embeddable":true,"href":"https:\/\/alcompasrevista.com\/va\/wp-json\/wp\/v2\/comments?post=9072"}],"version-history":[{"count":0,"href":"https:\/\/alcompasrevista.com\/va\/wp-json\/wp\/v2\/posts\/9072\/revisions"}],"wp:featuredmedia":[{"embeddable":true,"href":"https:\/\/alcompasrevista.com\/va\/wp-json\/wp\/v2\/media\/9068"}],"wp:attachment":[{"href":"https:\/\/alcompasrevista.com\/va\/wp-json\/wp\/v2\/media?parent=9072"}],"wp:term":[{"taxonomy":"category","embeddable":true,"href":"https:\/\/alcompasrevista.com\/va\/wp-json\/wp\/v2\/categories?post=9072"},{"taxonomy":"post_tag","embeddable":true,"href":"https:\/\/alcompasrevista.com\/va\/wp-json\/wp\/v2\/tags?post=9072"},{"taxonomy":"portada","embeddable":true,"href":"https:\/\/alcompasrevista.com\/va\/wp-json\/wp\/v2\/portada?post=9072"}],"curies":[{"name":"wp","href":"https:\/\/api.w.org\/{rel}","templated":true}]}}