{"id":8995,"date":"2022-08-03T12:11:51","date_gmt":"2022-08-03T10:11:51","guid":{"rendered":"https:\/\/alcompasrevista.com\/bunol-ret-homenatge-als-grups-de-rock-de-la-seua-historia-musical-des-dels-anys-setanta-2\/"},"modified":"2022-08-04T09:23:45","modified_gmt":"2022-08-04T07:23:45","slug":"bunol-ret-homenatge-als-grups-de-rock-de-la-seua-historia-musical-des-dels-anys-setanta-2","status":"publish","type":"post","link":"https:\/\/alcompasrevista.com\/va\/archivos\/8995","title":{"rendered":"Bu\u00f1ol ret homenatge als grups de rock de la seua hist\u00f2ria musical des dels anys setanta"},"content":{"rendered":"\n<p>L\u2019Ajuntament de Bu\u00f1ol i el Club de Rock Bu\u00f1ol han organitzat per a aquest divendres, 5 d\u2019agost, un concert en homenatge a tots els grups de rock que han conformat la hist\u00f2ria musical de la localitat.<br\/>La vetlada es desenvolupar\u00e0 a l\u2019auditori a l\u2019aire lliure del Passeig de Sant Llu\u00eds amb la participaci\u00f3 de prop d\u2019una vintena de bandes de rock o d\u2019estils germans que interpretaran un tema cadascuna d\u2019elles.<br\/>La proposta musical forma part de la postbiennal, l\u2019ep\u00edleg de la XVI Biennal de M\u00fasica de Bu\u00f1ol que des del passat 18 de juny es desenvolupa en la localitat i que es donar\u00e0 per finalitzada el 12 d\u2019agost amb el recital del cantautor Ismael Serrano.<br\/>L\u2019auditori a l\u2019aire lliure del passeig de Sant Llu\u00eds de Bu\u00f1ol \u00e9s l\u2019espai triat per a acollir el concert en homenatge a tots els grups de rock que han format part dels \u00faltims cinquanta anys de la hist\u00f2ria musical del municipi, que aquest divendres, 5 d\u2019agost, es desenvolupar\u00e0 a partir de les 22,30 hores i en el qual est\u00e0 previst que participen 19 formacions locals reunides per a l\u2019ocasi\u00f3 que interpretaran un dels seus temes cadascuna d\u2019elles.<br\/>El recorregut per la hist\u00f2ria musical del rock a Bu\u00f1ol est\u00e0 organitzat pel Club de Rock Bu\u00f1ol al costat de l\u2019Ajuntament de la localitat, i s\u2019iniciar\u00e0 de manera cronol\u00f2gica en la d\u00e8cada dels setanta amb l\u2019actuaci\u00f3 de Mandr\u00e1gora per a finalitzar amb algunes de les \u00faltimes bandes actuals que han aconseguit m\u00e9s repercussi\u00f3 en el panorama rocker espanyol com Malsujeto o Punk Sailor.<br\/>Durant la vetlada no sols sonar\u00e0 la m\u00fasica rock, sin\u00f3 que tamb\u00e9 es podr\u00e0 escoltar estils germans com el punk, rockabilly, garatge, new wave, postpunk, punk rock, metall o el glam de formacions amb composicions pr\u00f2pies com ara M\u00faltiple drama, \u00c0tila, Ovejas Negras, TV Soviet, Ultramarina, 24 gatos, Noli me tangere, Last Zebras, El Pulper, Rei Lagarto, El hombre Tuporaki, Gl\u00f3bulos rojos, Jalaka, La Recua, La 13\/Katorze, i Soca Brown.<br\/>Al voltant de quaranta seran els int\u00e8rprets que es pujaran a l\u2019escenari per a rememorar la m\u00fasica d\u2019aquests 19 grups de rock que han aportat la banda sonora a diverses generacions de joves bu\u00f1olenses en una gala que ser\u00e0 presentada pel periodista bu\u00f1olense Chimo Masmano i durant la qual tamb\u00e9 es projectaran v\u00eddeos i fotografies dels protagonistes de la vetlada.<br\/>La regidora de Cultura de l\u2019Ajuntament de Bu\u00f1ol, Mireia Parla, ha subratllat \u201cla diversitat d\u2019estils que s\u2019han incl\u00f2s en aquesta edici\u00f3 de la Biennal de M\u00fasica, que es confirma i completa amb aquesta vetlada en homenatge al rock a Bu\u00f1ol on sonaran pr\u00e0cticament tots els grups que ens han acompanyat amb la seua m\u00fasica a les generacions de joves bu\u00f1olenses dels \u00faltims cinquanta anys\u201d.<br\/>Les entrades per a aquest concert en homenatge al Rock a Bu\u00f1ol ja es poden adquirir anticipades al preu de 5 euros i de 10 en taquilla, \u201cencara que cal recordar que aquesta actuaci\u00f3 est\u00e0 inclosa en el Bonobienal, per la qual cosa per als qui ja l\u2019hagen adquirit podran utilitzar-lo per a assistir a una nit que sens dubte es convertir\u00e0 en hist\u00f2rica per als seguidors de tots els grups de rock locals\u201d, com ha ressaltat Mireia Parla.<\/p>\n","protected":false},"excerpt":{"rendered":"<p>L\u2019Ajuntament de Bu\u00f1ol i el Club de Rock Bu\u00f1ol han organitzat per a aquest divendres, 5 d\u2019agost, un concert en homenatge a tots els grups de rock que han conformat [&hellip;]<\/p>\n","protected":false},"author":860004,"featured_media":8965,"comment_status":"closed","ping_status":"closed","sticky":false,"template":"","format":"standard","meta":{"footnotes":""},"categories":[29],"tags":[],"portada":[],"class_list":["post-8995","post","type-post","status-publish","format-standard","has-post-thumbnail","hentry","category-noticies-va"],"yoast_head":"<!-- This site is optimized with the Yoast SEO plugin v27.4 - https:\/\/yoast.com\/product\/yoast-seo-wordpress\/ -->\n<title>Bu\u00f1ol ret homenatge als grups de rock de la seua hist\u00f2ria musical des dels anys setanta - Revista Al Comp\u00e0s<\/title>\n<meta name=\"robots\" content=\"index, follow, max-snippet:-1, max-image-preview:large, max-video-preview:-1\" \/>\n<link rel=\"canonical\" href=\"https:\/\/alcompasrevista.com\/archivos\/8961\" \/>\n<meta property=\"og:locale\" content=\"en_US\" \/>\n<meta property=\"og:type\" content=\"article\" \/>\n<meta property=\"og:title\" content=\"Bu\u00f1ol ret homenatge als grups de rock de la seua hist\u00f2ria musical des dels anys setanta - Revista Al Comp\u00e0s\" \/>\n<meta property=\"og:description\" content=\"L\u2019Ajuntament de Bu\u00f1ol i el Club de Rock Bu\u00f1ol han organitzat per a aquest divendres, 5 d\u2019agost, un concert en homenatge a tots els grups de rock que han conformat [&hellip;]\" \/>\n<meta property=\"og:url\" content=\"https:\/\/alcompasrevista.com\/archivos\/8961\" \/>\n<meta property=\"og:site_name\" content=\"Revista Al Comp\u00e0s\" \/>\n<meta property=\"article:published_time\" content=\"2022-08-03T10:11:51+00:00\" \/>\n<meta property=\"article:modified_time\" content=\"2022-08-04T07:23:45+00:00\" \/>\n<meta property=\"og:image\" content=\"https:\/\/alcompasrevista.com\/wp-content\/uploads\/2022\/08\/Diseno-sin-titulo-2022-08-03T120535.897.jpg\" \/>\n\t<meta property=\"og:image:width\" content=\"760\" \/>\n\t<meta property=\"og:image:height\" content=\"430\" \/>\n\t<meta property=\"og:image:type\" content=\"image\/jpeg\" \/>\n<meta name=\"author\" content=\"Redacci\u00f3n\" \/>\n<meta name=\"twitter:card\" content=\"summary_large_image\" \/>\n<meta name=\"twitter:label1\" content=\"Written by\" \/>\n\t<meta name=\"twitter:data1\" content=\"Redacci\u00f3\" \/>\n\t<meta name=\"twitter:label2\" content=\"Est. reading time\" \/>\n\t<meta name=\"twitter:data2\" content=\"3 minutes\" \/>\n<script type=\"application\/ld+json\" class=\"yoast-schema-graph\">{\"@context\":\"https:\\\/\\\/schema.org\",\"@graph\":[{\"@type\":\"Article\",\"@id\":\"https:\\\/\\\/alcompasrevista.com\\\/archivos\\\/8961#article\",\"isPartOf\":{\"@id\":\"https:\\\/\\\/alcompasrevista.com\\\/archivos\\\/8961\"},\"author\":{\"name\":\"Redacci\u00f3n\",\"@id\":\"https:\\\/\\\/alcompasrevista.com\\\/#\\\/schema\\\/person\\\/0f092e7196386afa42171db0d19a38ff\"},\"headline\":\"Bu\u00f1ol ret homenatge als grups de rock de la seua hist\u00f2ria musical des dels anys setanta\",\"datePublished\":\"2022-08-03T10:11:51+00:00\",\"dateModified\":\"2022-08-04T07:23:45+00:00\",\"mainEntityOfPage\":{\"@id\":\"https:\\\/\\\/alcompasrevista.com\\\/archivos\\\/8961\"},\"wordCount\":595,\"publisher\":{\"@id\":\"https:\\\/\\\/alcompasrevista.com\\\/#organization\"},\"image\":{\"@id\":\"https:\\\/\\\/alcompasrevista.com\\\/archivos\\\/8961#primaryimage\"},\"thumbnailUrl\":\"https:\\\/\\\/alcompasrevista.com\\\/wp-content\\\/uploads\\\/2022\\\/08\\\/Diseno-sin-titulo-2022-08-03T120535.897.jpg\",\"articleSection\":[\"#Not\u00edcies\"],\"inLanguage\":\"va\"},{\"@type\":\"WebPage\",\"@id\":\"https:\\\/\\\/alcompasrevista.com\\\/archivos\\\/8961\",\"url\":\"https:\\\/\\\/alcompasrevista.com\\\/archivos\\\/8961\",\"name\":\"Bu\u00f1ol ret homenatge als grups de rock de la seua hist\u00f2ria musical des dels anys setanta - Revista Al Comp\u00e0s\",\"isPartOf\":{\"@id\":\"https:\\\/\\\/alcompasrevista.com\\\/#website\"},\"primaryImageOfPage\":{\"@id\":\"https:\\\/\\\/alcompasrevista.com\\\/archivos\\\/8961#primaryimage\"},\"image\":{\"@id\":\"https:\\\/\\\/alcompasrevista.com\\\/archivos\\\/8961#primaryimage\"},\"thumbnailUrl\":\"https:\\\/\\\/alcompasrevista.com\\\/wp-content\\\/uploads\\\/2022\\\/08\\\/Diseno-sin-titulo-2022-08-03T120535.897.jpg\",\"datePublished\":\"2022-08-03T10:11:51+00:00\",\"dateModified\":\"2022-08-04T07:23:45+00:00\",\"breadcrumb\":{\"@id\":\"https:\\\/\\\/alcompasrevista.com\\\/archivos\\\/8961#breadcrumb\"},\"inLanguage\":\"va\",\"potentialAction\":[{\"@type\":\"ReadAction\",\"target\":[\"https:\\\/\\\/alcompasrevista.com\\\/archivos\\\/8961\"]}]},{\"@type\":\"ImageObject\",\"inLanguage\":\"va\",\"@id\":\"https:\\\/\\\/alcompasrevista.com\\\/archivos\\\/8961#primaryimage\",\"url\":\"https:\\\/\\\/alcompasrevista.com\\\/wp-content\\\/uploads\\\/2022\\\/08\\\/Diseno-sin-titulo-2022-08-03T120535.897.jpg\",\"contentUrl\":\"https:\\\/\\\/alcompasrevista.com\\\/wp-content\\\/uploads\\\/2022\\\/08\\\/Diseno-sin-titulo-2022-08-03T120535.897.jpg\",\"width\":760,\"height\":430},{\"@type\":\"BreadcrumbList\",\"@id\":\"https:\\\/\\\/alcompasrevista.com\\\/archivos\\\/8961#breadcrumb\",\"itemListElement\":[{\"@type\":\"ListItem\",\"position\":1,\"name\":\"Portada\",\"item\":\"https:\\\/\\\/alcompasrevista.com\\\/va\"},{\"@type\":\"ListItem\",\"position\":2,\"name\":\"Bu\u00f1ol ret homenatge als grups de rock de la seua hist\u00f2ria musical des dels anys setanta\"}]},{\"@type\":\"WebSite\",\"@id\":\"https:\\\/\\\/alcompasrevista.com\\\/#website\",\"url\":\"https:\\\/\\\/alcompasrevista.com\\\/\",\"name\":\"Revista Al Comp\u00e0s\",\"description\":\"Un proyecto de la Federaci\u00f3n de Sociedades Musicales de la Comunidad Valenciana\",\"publisher\":{\"@id\":\"https:\\\/\\\/alcompasrevista.com\\\/#organization\"},\"potentialAction\":[{\"@type\":\"SearchAction\",\"target\":{\"@type\":\"EntryPoint\",\"urlTemplate\":\"https:\\\/\\\/alcompasrevista.com\\\/?s={search_term_string}\"},\"query-input\":{\"@type\":\"PropertyValueSpecification\",\"valueRequired\":true,\"valueName\":\"search_term_string\"}}],\"inLanguage\":\"va\"},{\"@type\":\"Organization\",\"@id\":\"https:\\\/\\\/alcompasrevista.com\\\/#organization\",\"name\":\"Revista Al Comp\u00e0s\",\"url\":\"https:\\\/\\\/alcompasrevista.com\\\/\",\"logo\":{\"@type\":\"ImageObject\",\"inLanguage\":\"va\",\"@id\":\"https:\\\/\\\/alcompasrevista.com\\\/#\\\/schema\\\/logo\\\/image\\\/\",\"url\":\"https:\\\/\\\/alcompasrevista.com\\\/wp-content\\\/uploads\\\/2022\\\/04\\\/cropped-loog_blanco.png\",\"contentUrl\":\"https:\\\/\\\/alcompasrevista.com\\\/wp-content\\\/uploads\\\/2022\\\/04\\\/cropped-loog_blanco.png\",\"width\":1612,\"height\":724,\"caption\":\"Revista Al Comp\u00e0s\"},\"image\":{\"@id\":\"https:\\\/\\\/alcompasrevista.com\\\/#\\\/schema\\\/logo\\\/image\\\/\"}},{\"@type\":\"Person\",\"@id\":\"https:\\\/\\\/alcompasrevista.com\\\/#\\\/schema\\\/person\\\/0f092e7196386afa42171db0d19a38ff\",\"name\":\"Redacci\u00f3n\",\"image\":{\"@type\":\"ImageObject\",\"inLanguage\":\"va\",\"@id\":\"https:\\\/\\\/secure.gravatar.com\\\/avatar\\\/e2831619d4dae93995d3da450c50013d912e0b8bdf34d9ea00126d97c2b7702e?s=96&d=mm&r=g\",\"url\":\"https:\\\/\\\/secure.gravatar.com\\\/avatar\\\/e2831619d4dae93995d3da450c50013d912e0b8bdf34d9ea00126d97c2b7702e?s=96&d=mm&r=g\",\"contentUrl\":\"https:\\\/\\\/secure.gravatar.com\\\/avatar\\\/e2831619d4dae93995d3da450c50013d912e0b8bdf34d9ea00126d97c2b7702e?s=96&d=mm&r=g\",\"caption\":\"Redacci\u00f3n\"},\"url\":\"https:\\\/\\\/alcompasrevista.com\\\/va\\\/archivos\\\/author\\\/257_webmaster\"}]}<\/script>\n<!-- \/ Yoast SEO plugin. -->","yoast_head_json":{"title":"Bu\u00f1ol ret homenatge als grups de rock de la seua hist\u00f2ria musical des dels anys setanta - Revista Al Comp\u00e0s","robots":{"index":"index","follow":"follow","max-snippet":"max-snippet:-1","max-image-preview":"max-image-preview:large","max-video-preview":"max-video-preview:-1"},"canonical":"https:\/\/alcompasrevista.com\/archivos\/8961","og_locale":"en_US","og_type":"article","og_title":"Bu\u00f1ol ret homenatge als grups de rock de la seua hist\u00f2ria musical des dels anys setanta - Revista Al Comp\u00e0s","og_description":"L\u2019Ajuntament de Bu\u00f1ol i el Club de Rock Bu\u00f1ol han organitzat per a aquest divendres, 5 d\u2019agost, un concert en homenatge a tots els grups de rock que han conformat [&hellip;]","og_url":"https:\/\/alcompasrevista.com\/archivos\/8961","og_site_name":"Revista Al Comp\u00e0s","article_published_time":"2022-08-03T10:11:51+00:00","article_modified_time":"2022-08-04T07:23:45+00:00","og_image":[{"width":760,"height":430,"url":"https:\/\/alcompasrevista.com\/wp-content\/uploads\/2022\/08\/Diseno-sin-titulo-2022-08-03T120535.897.jpg","type":"image\/jpeg"}],"author":"Redacci\u00f3n","twitter_card":"summary_large_image","twitter_misc":{"Written by":"Redacci\u00f3","Est. reading time":"3 minutes"},"schema":{"@context":"https:\/\/schema.org","@graph":[{"@type":"Article","@id":"https:\/\/alcompasrevista.com\/archivos\/8961#article","isPartOf":{"@id":"https:\/\/alcompasrevista.com\/archivos\/8961"},"author":{"name":"Redacci\u00f3n","@id":"https:\/\/alcompasrevista.com\/#\/schema\/person\/0f092e7196386afa42171db0d19a38ff"},"headline":"Bu\u00f1ol ret homenatge als grups de rock de la seua hist\u00f2ria musical des dels anys setanta","datePublished":"2022-08-03T10:11:51+00:00","dateModified":"2022-08-04T07:23:45+00:00","mainEntityOfPage":{"@id":"https:\/\/alcompasrevista.com\/archivos\/8961"},"wordCount":595,"publisher":{"@id":"https:\/\/alcompasrevista.com\/#organization"},"image":{"@id":"https:\/\/alcompasrevista.com\/archivos\/8961#primaryimage"},"thumbnailUrl":"https:\/\/alcompasrevista.com\/wp-content\/uploads\/2022\/08\/Diseno-sin-titulo-2022-08-03T120535.897.jpg","articleSection":["#Not\u00edcies"],"inLanguage":"va"},{"@type":"WebPage","@id":"https:\/\/alcompasrevista.com\/archivos\/8961","url":"https:\/\/alcompasrevista.com\/archivos\/8961","name":"Bu\u00f1ol ret homenatge als grups de rock de la seua hist\u00f2ria musical des dels anys setanta - Revista Al Comp\u00e0s","isPartOf":{"@id":"https:\/\/alcompasrevista.com\/#website"},"primaryImageOfPage":{"@id":"https:\/\/alcompasrevista.com\/archivos\/8961#primaryimage"},"image":{"@id":"https:\/\/alcompasrevista.com\/archivos\/8961#primaryimage"},"thumbnailUrl":"https:\/\/alcompasrevista.com\/wp-content\/uploads\/2022\/08\/Diseno-sin-titulo-2022-08-03T120535.897.jpg","datePublished":"2022-08-03T10:11:51+00:00","dateModified":"2022-08-04T07:23:45+00:00","breadcrumb":{"@id":"https:\/\/alcompasrevista.com\/archivos\/8961#breadcrumb"},"inLanguage":"va","potentialAction":[{"@type":"ReadAction","target":["https:\/\/alcompasrevista.com\/archivos\/8961"]}]},{"@type":"ImageObject","inLanguage":"va","@id":"https:\/\/alcompasrevista.com\/archivos\/8961#primaryimage","url":"https:\/\/alcompasrevista.com\/wp-content\/uploads\/2022\/08\/Diseno-sin-titulo-2022-08-03T120535.897.jpg","contentUrl":"https:\/\/alcompasrevista.com\/wp-content\/uploads\/2022\/08\/Diseno-sin-titulo-2022-08-03T120535.897.jpg","width":760,"height":430},{"@type":"BreadcrumbList","@id":"https:\/\/alcompasrevista.com\/archivos\/8961#breadcrumb","itemListElement":[{"@type":"ListItem","position":1,"name":"Portada","item":"https:\/\/alcompasrevista.com\/va"},{"@type":"ListItem","position":2,"name":"Bu\u00f1ol ret homenatge als grups de rock de la seua hist\u00f2ria musical des dels anys setanta"}]},{"@type":"WebSite","@id":"https:\/\/alcompasrevista.com\/#website","url":"https:\/\/alcompasrevista.com\/","name":"Revista Al Comp\u00e0s","description":"Un proyecto de la Federaci\u00f3n de Sociedades Musicales de la Comunidad Valenciana","publisher":{"@id":"https:\/\/alcompasrevista.com\/#organization"},"potentialAction":[{"@type":"SearchAction","target":{"@type":"EntryPoint","urlTemplate":"https:\/\/alcompasrevista.com\/?s={search_term_string}"},"query-input":{"@type":"PropertyValueSpecification","valueRequired":true,"valueName":"search_term_string"}}],"inLanguage":"va"},{"@type":"Organization","@id":"https:\/\/alcompasrevista.com\/#organization","name":"Revista Al Comp\u00e0s","url":"https:\/\/alcompasrevista.com\/","logo":{"@type":"ImageObject","inLanguage":"va","@id":"https:\/\/alcompasrevista.com\/#\/schema\/logo\/image\/","url":"https:\/\/alcompasrevista.com\/wp-content\/uploads\/2022\/04\/cropped-loog_blanco.png","contentUrl":"https:\/\/alcompasrevista.com\/wp-content\/uploads\/2022\/04\/cropped-loog_blanco.png","width":1612,"height":724,"caption":"Revista Al Comp\u00e0s"},"image":{"@id":"https:\/\/alcompasrevista.com\/#\/schema\/logo\/image\/"}},{"@type":"Person","@id":"https:\/\/alcompasrevista.com\/#\/schema\/person\/0f092e7196386afa42171db0d19a38ff","name":"Redacci\u00f3n","image":{"@type":"ImageObject","inLanguage":"va","@id":"https:\/\/secure.gravatar.com\/avatar\/e2831619d4dae93995d3da450c50013d912e0b8bdf34d9ea00126d97c2b7702e?s=96&d=mm&r=g","url":"https:\/\/secure.gravatar.com\/avatar\/e2831619d4dae93995d3da450c50013d912e0b8bdf34d9ea00126d97c2b7702e?s=96&d=mm&r=g","contentUrl":"https:\/\/secure.gravatar.com\/avatar\/e2831619d4dae93995d3da450c50013d912e0b8bdf34d9ea00126d97c2b7702e?s=96&d=mm&r=g","caption":"Redacci\u00f3n"},"url":"https:\/\/alcompasrevista.com\/va\/archivos\/author\/257_webmaster"}]}},"_links":{"self":[{"href":"https:\/\/alcompasrevista.com\/va\/wp-json\/wp\/v2\/posts\/8995","targetHints":{"allow":["GET"]}}],"collection":[{"href":"https:\/\/alcompasrevista.com\/va\/wp-json\/wp\/v2\/posts"}],"about":[{"href":"https:\/\/alcompasrevista.com\/va\/wp-json\/wp\/v2\/types\/post"}],"author":[{"embeddable":true,"href":"https:\/\/alcompasrevista.com\/va\/wp-json\/wp\/v2\/users\/860004"}],"replies":[{"embeddable":true,"href":"https:\/\/alcompasrevista.com\/va\/wp-json\/wp\/v2\/comments?post=8995"}],"version-history":[{"count":0,"href":"https:\/\/alcompasrevista.com\/va\/wp-json\/wp\/v2\/posts\/8995\/revisions"}],"wp:featuredmedia":[{"embeddable":true,"href":"https:\/\/alcompasrevista.com\/va\/wp-json\/wp\/v2\/media\/8965"}],"wp:attachment":[{"href":"https:\/\/alcompasrevista.com\/va\/wp-json\/wp\/v2\/media?parent=8995"}],"wp:term":[{"taxonomy":"category","embeddable":true,"href":"https:\/\/alcompasrevista.com\/va\/wp-json\/wp\/v2\/categories?post=8995"},{"taxonomy":"post_tag","embeddable":true,"href":"https:\/\/alcompasrevista.com\/va\/wp-json\/wp\/v2\/tags?post=8995"},{"taxonomy":"portada","embeddable":true,"href":"https:\/\/alcompasrevista.com\/va\/wp-json\/wp\/v2\/portada?post=8995"}],"curies":[{"name":"wp","href":"https:\/\/api.w.org\/{rel}","templated":true}]}}