{"id":8924,"date":"2022-08-03T11:18:30","date_gmt":"2022-08-03T09:18:30","guid":{"rendered":"https:\/\/alcompasrevista.com\/?p=8924"},"modified":"2022-08-03T11:18:32","modified_gmt":"2022-08-03T09:18:32","slug":"la-lira-castellonera-un-segle-dinclusio-i-igualtat-real-de-la-dona-en-la-musica","status":"publish","type":"post","link":"https:\/\/alcompasrevista.com\/va\/archivos\/8924","title":{"rendered":"La Lira Castellonera: un segle d&#8217;inclusi\u00f3 i igualtat real de la dona en la m\u00fasica"},"content":{"rendered":"\n<p>20 de juliol de 1939. Pla\u00e7a de Bous de Val\u00e8ncia. El Certamen de Bandes Ciutat de Val\u00e8ncia vivia un moment hist\u00f2ric: les seus protagonistes van ser Pilar Hig\u00f3n Blat, Elisa Penalva Garrigues i Elvira Ortiz Candel, les tres primeres dones que tocaven amb una banda de m\u00fasica en un certamen nascut el 1886, i ho feien com a membres de la Lira Castellonera.<\/p>\n\n\n\n<p>82 anys despr\u00e9s, en 2021, la societat va rebre el premi EUTERPE de la Federaci\u00f3 de Societats Musicals de la Comunitat Valenciana pel seu projecte \u2018La Lira en clau de dona\u2019, reconeixent aix\u00ed un recorregut en clau femenina que ve de temps arrere en aquesta societat musical del municipi de Castell\u00f3, a la comarca de la Ribera Alta de Val\u00e8ncia.<\/p>\n\n\n\n<p>Per\u00f2 La Lira ja era pionera abans de 1939, ja que segons ens relata a \u2018Al Comp\u00e0s\u2019 el president de la societat, Eliseo Pla Cald\u00e9s, \u201cja en l&#8217;\u00e8poca entre la Rep\u00fablica i la Guerra Civil, la Lira era de les poques associacions musicals que inclo\u00efa a dones en les seues files\u201d. Era un temps en el qual les dones no solien participar igual que els homes en la vida musical ni en la social.<\/p>\n\n\n\n<p>\u201cEl premi EUTERPE, per a la Lira, significa el reconeixement d&#8217;una hist\u00f2ria en la qual vam ser pioners en la integraci\u00f3 de la dona en el m\u00f3n de la m\u00fasica, un m\u00f3n que estava reservat per als homes i ja vam trencar barreres\u201d comenta Eliseo Pla.<\/p>\n\n\n\n<p>I \u00e9s que la FSMCV va basar la concessi\u00f3 del guard\u00f3 en quatre pilars: el primer \u00e9s el fet hist\u00f2ric de ser la primera agrupaci\u00f3 en la banda de la qual tocaven dones; el segon \u00e9s per comptar des de fa set anys amb una dona a la batuta de la banda simf\u00f2nica, Beatriz Fern\u00e1ndez Aucejo; el tercer \u00e9s l&#8217;evoluci\u00f3 de l&#8217;escola de m\u00fasica, tant en la inclusi\u00f3 de dones en les seues files com en la de donar-les elecci\u00f3 d&#8217;instrument; i el quart, \u00e9s la paritat de g\u00e8nere que mantenen en la seua junta directiva com una dels seues senyals d&#8217;identitat.<\/p>\n\n\n\n<p><strong>Un director amb valentia<\/strong><\/p>\n\n\n\n<p>Per\u00f2 tornem a 1939. El que era director de la Lira, Jaime Fayos, es va adonar que entre les files de la seua agrupaci\u00f3 hi havia tres dones saxofonistes, mentre que la resta de bandes no tenia ni una dona. Aix\u00ed que les va col\u00b7locar en primera fila al costat del membre m\u00e9s jove. Aquesta decisi\u00f3 va causar tal impacte que la premsa del moment es va fer ress\u00f2. <a href=\"https:\/\/www.levante-emv.com\/opinion\/2019\/07\/19\/dones-banda-per-historia-14014186.html\" target=\"_blank\" rel=\"noreferrer noopener\">Enlla\u00e7 ac\u00ed.<\/a><\/p>\n\n\n\n<p>\u201cSom una Societat en la qual prompte les dones van poder estudiar m\u00fasica i van participar en festivals importants. Aquesta informaci\u00f3 ha sigut possible saber-la per les investigacions dutes a terme per Laura Capsir, a la qual agra\u00efm la seua contribuci\u00f3 a la consecuci\u00f3 d&#8217;aquest guard\u00f3\u201d continua Eliseo.<\/p>\n\n\n\n<figure class=\"wp-block-gallery has-nested-images columns-default is-cropped wp-block-gallery-1 is-layout-flex wp-block-gallery-is-layout-flex\">\n<figure class=\"wp-block-image size-large\"><img loading=\"lazy\" decoding=\"async\" width=\"1340\" height=\"921\" data-id=\"8927\" src=\"https:\/\/alcompasrevista.com\/wp-content\/uploads\/2022\/08\/Educands-ok.jpg.jpeg\" alt=\"\" class=\"wp-image-8927\" srcset=\"https:\/\/alcompasrevista.com\/wp-content\/uploads\/2022\/08\/Educands-ok.jpg.jpeg 1340w, https:\/\/alcompasrevista.com\/wp-content\/uploads\/2022\/08\/Educands-ok.jpg-300x206.jpeg 300w, https:\/\/alcompasrevista.com\/wp-content\/uploads\/2022\/08\/Educands-ok.jpg-1024x704.jpeg 1024w, https:\/\/alcompasrevista.com\/wp-content\/uploads\/2022\/08\/Educands-ok.jpg-768x528.jpeg 768w\" sizes=\"auto, (max-width: 1340px) 100vw, 1340px\" \/><figcaption>Educands al voltant dels anys 70<\/figcaption><\/figure>\n\n\n\n<figure class=\"wp-block-image size-large\"><img loading=\"lazy\" decoding=\"async\" width=\"1481\" height=\"1029\" data-id=\"8925\" src=\"https:\/\/alcompasrevista.com\/wp-content\/uploads\/2022\/08\/1970.jpg\" alt=\"\" class=\"wp-image-8925\" srcset=\"https:\/\/alcompasrevista.com\/wp-content\/uploads\/2022\/08\/1970.jpg 1481w, https:\/\/alcompasrevista.com\/wp-content\/uploads\/2022\/08\/1970-300x208.jpg 300w, https:\/\/alcompasrevista.com\/wp-content\/uploads\/2022\/08\/1970-1024x711.jpg 1024w, https:\/\/alcompasrevista.com\/wp-content\/uploads\/2022\/08\/1970-768x534.jpg 768w\" sizes=\"auto, (max-width: 1481px) 100vw, 1481px\" \/><figcaption>1970<\/figcaption><\/figure>\n<\/figure>\n\n\n\n<p>Aquest estudi exhaustiu de la investigadora Laura Capsir Maiques, de desembre de 2019, data objectivament tots els moments crucials de la participaci\u00f3 de les dones en la Lira.<\/p>\n\n\n\n<p>La investigaci\u00f3 presenta una an\u00e0lisi de la pres\u00e8ncia de les dones en la Lira Castellonera al llarg de la seua hist\u00f2ria en els diferents llocs protagonistes: la interpretaci\u00f3, la direcci\u00f3, la composici\u00f3, la gesti\u00f3 i el mecenatge.<\/p>\n\n\n\n<p>La Lira sempre ha sigut una societat avan\u00e7ada al seu temps i ha marcat tend\u00e8ncia als pobles ve\u00efns de la Ribera.<\/p>\n\n\n\n<p>Laura Capsir va comen\u00e7ar aquest estudi arran d&#8217;una hist\u00f2ria familiar que sempre havia escoltat: la seua iaia empre li explicava com l&#8217;animaven a triar un instrument de casa, com el piano o el viol\u00ed, per\u00f2 no li permetien un de banda, perqu\u00e8 amb la maternitat deixaria de tocar. Aquesta an\u00e8cdota li va fer endinsar-se en les hist\u00f2ries de la societat, tres generacions despr\u00e9s, per a il\u00b7luminar una hist\u00f2ria fant\u00e0stica \u201cen clau de dona\u201d.<\/p>\n\n\n\n<p>Entre altres coses va descobrir que, encara que la majoria de les societats musicals acceptaven entre els seus educands a xiques a partir de 1935, animats per unes subvencions estatals, la Lira Castellonera, ja tenia a xiquetes matriculades des de 1928, com \u00e9s el cas de Did\u00edn Puig i Milagros Martorell.<\/p>\n\n\n\n<p><strong>L&#8217;actualitat de la Lira<\/strong><\/p>\n\n\n\n<p>Actualment la Lira Castellonera continua amb la seua labor de foment del paper de la dona en el m\u00f3n musical. D&#8217;aquesta manera va albergar el mes de juny passat, amb la col\u00b7laboraci\u00f3 de la FSMCV, l&#8217;exposici\u00f3 \u201cLes Nostres Compositores\u201d que es podia gaudir en el Mercat de Castell\u00f3, en la qual es recopilava i posava de manifest l&#8217;excel\u00b7lent treball de les dones valencianes en la hist\u00f2ria de la m\u00fasica.<\/p>\n\n\n\n<p>La Lira Castellonera \u00e9s l&#8217;entitat cultural m\u00e9s important del municipi i t\u00e9, a m\u00e9s de la Banda Simf\u00f2nica, la Banda Jove i l&#8217;Orquestra Filibert Estrella. Ha format musicalment i humanament a milers de xiquetes i xiquets a trav\u00e9s de la seua Escola de M\u00fasica i ha sigut la millor ambaixadora del seu poble per on ha passat.<\/p>\n\n\n\n<p>Una hist\u00f2ria de feminisme i inclusi\u00f3 que va n\u00e0ixer fa quasi un segle, i que hui continua sent un referent, que els premis EUTERPE han reconegut.<\/p>\n\n\n\n<figure class=\"wp-block-image size-full\"><img loading=\"lazy\" decoding=\"async\" width=\"1024\" height=\"683\" src=\"https:\/\/alcompasrevista.com\/wp-content\/uploads\/2022\/08\/Premis-EUTERPE-2021-1.jpg\" alt=\"\" class=\"wp-image-8933\" srcset=\"https:\/\/alcompasrevista.com\/wp-content\/uploads\/2022\/08\/Premis-EUTERPE-2021-1.jpg 1024w, https:\/\/alcompasrevista.com\/wp-content\/uploads\/2022\/08\/Premis-EUTERPE-2021-1-300x200.jpg 300w, https:\/\/alcompasrevista.com\/wp-content\/uploads\/2022\/08\/Premis-EUTERPE-2021-1-768x512.jpg 768w\" sizes=\"auto, (max-width: 1024px) 100vw, 1024px\" \/><figcaption>Premis EUTERPE 2021<\/figcaption><\/figure>\n","protected":false},"excerpt":{"rendered":"<p>Som una Societat en la qual prompte les dones van poder estudiar m\u00fasica i van participar en festivals importants.<\/p>\n","protected":false},"author":860004,"featured_media":8929,"comment_status":"closed","ping_status":"closed","sticky":false,"template":"","format":"standard","meta":{"footnotes":""},"categories":[31],"tags":[260],"portada":[],"class_list":["post-8924","post","type-post","status-publish","format-standard","has-post-thumbnail","hentry","category-reportatges","tag-la-lira-castellonera"],"yoast_head":"<!-- This site is optimized with the Yoast SEO plugin v27.4 - https:\/\/yoast.com\/product\/yoast-seo-wordpress\/ -->\n<title>La Lira Castellonera: un segle d&#039;inclusi\u00f3 i igualtat real de la dona en la m\u00fasica - Revista Al Comp\u00e0s<\/title>\n<meta name=\"robots\" content=\"index, follow, max-snippet:-1, max-image-preview:large, max-video-preview:-1\" \/>\n<link rel=\"canonical\" href=\"https:\/\/alcompasrevista.com\/archivos\/8940\" \/>\n<meta property=\"og:locale\" content=\"en_US\" \/>\n<meta property=\"og:type\" content=\"article\" \/>\n<meta property=\"og:title\" content=\"La Lira Castellonera: un segle d&#039;inclusi\u00f3 i igualtat real de la dona en la m\u00fasica - Revista Al Comp\u00e0s\" \/>\n<meta property=\"og:description\" content=\"Som una Societat en la qual prompte les dones van poder estudiar m\u00fasica i van participar en festivals importants.\" \/>\n<meta property=\"og:url\" content=\"https:\/\/alcompasrevista.com\/archivos\/8940\" \/>\n<meta property=\"og:site_name\" content=\"Revista Al Comp\u00e0s\" \/>\n<meta property=\"article:published_time\" content=\"2022-08-03T09:18:30+00:00\" \/>\n<meta property=\"article:modified_time\" content=\"2022-08-03T09:18:32+00:00\" \/>\n<meta property=\"og:image\" content=\"https:\/\/alcompasrevista.com\/wp-content\/uploads\/2022\/08\/Escuela-de-Musica-de-La-Lira-1935.jpg\" \/>\n\t<meta property=\"og:image:width\" content=\"1933\" \/>\n\t<meta property=\"og:image:height\" content=\"1050\" \/>\n\t<meta property=\"og:image:type\" content=\"image\/jpeg\" \/>\n<meta name=\"author\" content=\"Redacci\u00f3n\" \/>\n<meta name=\"twitter:card\" content=\"summary_large_image\" \/>\n<meta name=\"twitter:label1\" content=\"Written by\" \/>\n\t<meta name=\"twitter:data1\" content=\"Redacci\u00f3\" \/>\n<script type=\"application\/ld+json\" class=\"yoast-schema-graph\">{\"@context\":\"https:\\\/\\\/schema.org\",\"@graph\":[{\"@type\":\"Article\",\"@id\":\"https:\\\/\\\/alcompasrevista.com\\\/archivos\\\/8940#article\",\"isPartOf\":{\"@id\":\"https:\\\/\\\/alcompasrevista.com\\\/archivos\\\/8940\"},\"author\":{\"name\":\"Redacci\u00f3n\",\"@id\":\"https:\\\/\\\/alcompasrevista.com\\\/#\\\/schema\\\/person\\\/0f092e7196386afa42171db0d19a38ff\"},\"headline\":\"La Lira Castellonera: un segle d&#8217;inclusi\u00f3 i igualtat real de la dona en la m\u00fasica\",\"datePublished\":\"2022-08-03T09:18:30+00:00\",\"dateModified\":\"2022-08-03T09:18:32+00:00\",\"mainEntityOfPage\":{\"@id\":\"https:\\\/\\\/alcompasrevista.com\\\/archivos\\\/8940\"},\"wordCount\":915,\"publisher\":{\"@id\":\"https:\\\/\\\/alcompasrevista.com\\\/#organization\"},\"image\":{\"@id\":\"https:\\\/\\\/alcompasrevista.com\\\/archivos\\\/8940#primaryimage\"},\"thumbnailUrl\":\"https:\\\/\\\/alcompasrevista.com\\\/wp-content\\\/uploads\\\/2022\\\/08\\\/Escuela-de-Musica-de-La-Lira-1935.jpg\",\"keywords\":[\"La lira Castellonera\"],\"articleSection\":[\"#Reportatges\"],\"inLanguage\":\"va\"},{\"@type\":\"WebPage\",\"@id\":\"https:\\\/\\\/alcompasrevista.com\\\/archivos\\\/8940\",\"url\":\"https:\\\/\\\/alcompasrevista.com\\\/archivos\\\/8940\",\"name\":\"La Lira Castellonera: un segle d'inclusi\u00f3 i igualtat real de la dona en la m\u00fasica - Revista Al Comp\u00e0s\",\"isPartOf\":{\"@id\":\"https:\\\/\\\/alcompasrevista.com\\\/#website\"},\"primaryImageOfPage\":{\"@id\":\"https:\\\/\\\/alcompasrevista.com\\\/archivos\\\/8940#primaryimage\"},\"image\":{\"@id\":\"https:\\\/\\\/alcompasrevista.com\\\/archivos\\\/8940#primaryimage\"},\"thumbnailUrl\":\"https:\\\/\\\/alcompasrevista.com\\\/wp-content\\\/uploads\\\/2022\\\/08\\\/Escuela-de-Musica-de-La-Lira-1935.jpg\",\"datePublished\":\"2022-08-03T09:18:30+00:00\",\"dateModified\":\"2022-08-03T09:18:32+00:00\",\"breadcrumb\":{\"@id\":\"https:\\\/\\\/alcompasrevista.com\\\/archivos\\\/8940#breadcrumb\"},\"inLanguage\":\"va\",\"potentialAction\":[{\"@type\":\"ReadAction\",\"target\":[\"https:\\\/\\\/alcompasrevista.com\\\/archivos\\\/8940\"]}]},{\"@type\":\"ImageObject\",\"inLanguage\":\"va\",\"@id\":\"https:\\\/\\\/alcompasrevista.com\\\/archivos\\\/8940#primaryimage\",\"url\":\"https:\\\/\\\/alcompasrevista.com\\\/wp-content\\\/uploads\\\/2022\\\/08\\\/Escuela-de-Musica-de-La-Lira-1935.jpg\",\"contentUrl\":\"https:\\\/\\\/alcompasrevista.com\\\/wp-content\\\/uploads\\\/2022\\\/08\\\/Escuela-de-Musica-de-La-Lira-1935.jpg\",\"width\":1933,\"height\":1050},{\"@type\":\"BreadcrumbList\",\"@id\":\"https:\\\/\\\/alcompasrevista.com\\\/archivos\\\/8940#breadcrumb\",\"itemListElement\":[{\"@type\":\"ListItem\",\"position\":1,\"name\":\"Portada\",\"item\":\"https:\\\/\\\/alcompasrevista.com\\\/va\"},{\"@type\":\"ListItem\",\"position\":2,\"name\":\"La Lira Castellonera: un segle d&#8217;inclusi\u00f3 i igualtat real de la dona en la m\u00fasica\"}]},{\"@type\":\"WebSite\",\"@id\":\"https:\\\/\\\/alcompasrevista.com\\\/#website\",\"url\":\"https:\\\/\\\/alcompasrevista.com\\\/\",\"name\":\"Revista Al Comp\u00e0s\",\"description\":\"Un proyecto de la Federaci\u00f3n de Sociedades Musicales de la Comunidad Valenciana\",\"publisher\":{\"@id\":\"https:\\\/\\\/alcompasrevista.com\\\/#organization\"},\"potentialAction\":[{\"@type\":\"SearchAction\",\"target\":{\"@type\":\"EntryPoint\",\"urlTemplate\":\"https:\\\/\\\/alcompasrevista.com\\\/?s={search_term_string}\"},\"query-input\":{\"@type\":\"PropertyValueSpecification\",\"valueRequired\":true,\"valueName\":\"search_term_string\"}}],\"inLanguage\":\"va\"},{\"@type\":\"Organization\",\"@id\":\"https:\\\/\\\/alcompasrevista.com\\\/#organization\",\"name\":\"Revista Al Comp\u00e0s\",\"url\":\"https:\\\/\\\/alcompasrevista.com\\\/\",\"logo\":{\"@type\":\"ImageObject\",\"inLanguage\":\"va\",\"@id\":\"https:\\\/\\\/alcompasrevista.com\\\/#\\\/schema\\\/logo\\\/image\\\/\",\"url\":\"https:\\\/\\\/alcompasrevista.com\\\/wp-content\\\/uploads\\\/2022\\\/04\\\/cropped-loog_blanco.png\",\"contentUrl\":\"https:\\\/\\\/alcompasrevista.com\\\/wp-content\\\/uploads\\\/2022\\\/04\\\/cropped-loog_blanco.png\",\"width\":1612,\"height\":724,\"caption\":\"Revista Al Comp\u00e0s\"},\"image\":{\"@id\":\"https:\\\/\\\/alcompasrevista.com\\\/#\\\/schema\\\/logo\\\/image\\\/\"}},{\"@type\":\"Person\",\"@id\":\"https:\\\/\\\/alcompasrevista.com\\\/#\\\/schema\\\/person\\\/0f092e7196386afa42171db0d19a38ff\",\"name\":\"Redacci\u00f3n\",\"image\":{\"@type\":\"ImageObject\",\"inLanguage\":\"va\",\"@id\":\"https:\\\/\\\/secure.gravatar.com\\\/avatar\\\/e2831619d4dae93995d3da450c50013d912e0b8bdf34d9ea00126d97c2b7702e?s=96&d=mm&r=g\",\"url\":\"https:\\\/\\\/secure.gravatar.com\\\/avatar\\\/e2831619d4dae93995d3da450c50013d912e0b8bdf34d9ea00126d97c2b7702e?s=96&d=mm&r=g\",\"contentUrl\":\"https:\\\/\\\/secure.gravatar.com\\\/avatar\\\/e2831619d4dae93995d3da450c50013d912e0b8bdf34d9ea00126d97c2b7702e?s=96&d=mm&r=g\",\"caption\":\"Redacci\u00f3n\"},\"url\":\"https:\\\/\\\/alcompasrevista.com\\\/va\\\/archivos\\\/author\\\/257_webmaster\"}]}<\/script>\n<!-- \/ Yoast SEO plugin. -->","yoast_head_json":{"title":"La Lira Castellonera: un segle d'inclusi\u00f3 i igualtat real de la dona en la m\u00fasica - Revista Al Comp\u00e0s","robots":{"index":"index","follow":"follow","max-snippet":"max-snippet:-1","max-image-preview":"max-image-preview:large","max-video-preview":"max-video-preview:-1"},"canonical":"https:\/\/alcompasrevista.com\/archivos\/8940","og_locale":"en_US","og_type":"article","og_title":"La Lira Castellonera: un segle d'inclusi\u00f3 i igualtat real de la dona en la m\u00fasica - Revista Al Comp\u00e0s","og_description":"Som una Societat en la qual prompte les dones van poder estudiar m\u00fasica i van participar en festivals importants.","og_url":"https:\/\/alcompasrevista.com\/archivos\/8940","og_site_name":"Revista Al Comp\u00e0s","article_published_time":"2022-08-03T09:18:30+00:00","article_modified_time":"2022-08-03T09:18:32+00:00","og_image":[{"width":1933,"height":1050,"url":"https:\/\/alcompasrevista.com\/wp-content\/uploads\/2022\/08\/Escuela-de-Musica-de-La-Lira-1935.jpg","type":"image\/jpeg"}],"author":"Redacci\u00f3n","twitter_card":"summary_large_image","twitter_misc":{"Written by":"Redacci\u00f3"},"schema":{"@context":"https:\/\/schema.org","@graph":[{"@type":"Article","@id":"https:\/\/alcompasrevista.com\/archivos\/8940#article","isPartOf":{"@id":"https:\/\/alcompasrevista.com\/archivos\/8940"},"author":{"name":"Redacci\u00f3n","@id":"https:\/\/alcompasrevista.com\/#\/schema\/person\/0f092e7196386afa42171db0d19a38ff"},"headline":"La Lira Castellonera: un segle d&#8217;inclusi\u00f3 i igualtat real de la dona en la m\u00fasica","datePublished":"2022-08-03T09:18:30+00:00","dateModified":"2022-08-03T09:18:32+00:00","mainEntityOfPage":{"@id":"https:\/\/alcompasrevista.com\/archivos\/8940"},"wordCount":915,"publisher":{"@id":"https:\/\/alcompasrevista.com\/#organization"},"image":{"@id":"https:\/\/alcompasrevista.com\/archivos\/8940#primaryimage"},"thumbnailUrl":"https:\/\/alcompasrevista.com\/wp-content\/uploads\/2022\/08\/Escuela-de-Musica-de-La-Lira-1935.jpg","keywords":["La lira Castellonera"],"articleSection":["#Reportatges"],"inLanguage":"va"},{"@type":"WebPage","@id":"https:\/\/alcompasrevista.com\/archivos\/8940","url":"https:\/\/alcompasrevista.com\/archivos\/8940","name":"La Lira Castellonera: un segle d'inclusi\u00f3 i igualtat real de la dona en la m\u00fasica - Revista Al Comp\u00e0s","isPartOf":{"@id":"https:\/\/alcompasrevista.com\/#website"},"primaryImageOfPage":{"@id":"https:\/\/alcompasrevista.com\/archivos\/8940#primaryimage"},"image":{"@id":"https:\/\/alcompasrevista.com\/archivos\/8940#primaryimage"},"thumbnailUrl":"https:\/\/alcompasrevista.com\/wp-content\/uploads\/2022\/08\/Escuela-de-Musica-de-La-Lira-1935.jpg","datePublished":"2022-08-03T09:18:30+00:00","dateModified":"2022-08-03T09:18:32+00:00","breadcrumb":{"@id":"https:\/\/alcompasrevista.com\/archivos\/8940#breadcrumb"},"inLanguage":"va","potentialAction":[{"@type":"ReadAction","target":["https:\/\/alcompasrevista.com\/archivos\/8940"]}]},{"@type":"ImageObject","inLanguage":"va","@id":"https:\/\/alcompasrevista.com\/archivos\/8940#primaryimage","url":"https:\/\/alcompasrevista.com\/wp-content\/uploads\/2022\/08\/Escuela-de-Musica-de-La-Lira-1935.jpg","contentUrl":"https:\/\/alcompasrevista.com\/wp-content\/uploads\/2022\/08\/Escuela-de-Musica-de-La-Lira-1935.jpg","width":1933,"height":1050},{"@type":"BreadcrumbList","@id":"https:\/\/alcompasrevista.com\/archivos\/8940#breadcrumb","itemListElement":[{"@type":"ListItem","position":1,"name":"Portada","item":"https:\/\/alcompasrevista.com\/va"},{"@type":"ListItem","position":2,"name":"La Lira Castellonera: un segle d&#8217;inclusi\u00f3 i igualtat real de la dona en la m\u00fasica"}]},{"@type":"WebSite","@id":"https:\/\/alcompasrevista.com\/#website","url":"https:\/\/alcompasrevista.com\/","name":"Revista Al Comp\u00e0s","description":"Un proyecto de la Federaci\u00f3n de Sociedades Musicales de la Comunidad Valenciana","publisher":{"@id":"https:\/\/alcompasrevista.com\/#organization"},"potentialAction":[{"@type":"SearchAction","target":{"@type":"EntryPoint","urlTemplate":"https:\/\/alcompasrevista.com\/?s={search_term_string}"},"query-input":{"@type":"PropertyValueSpecification","valueRequired":true,"valueName":"search_term_string"}}],"inLanguage":"va"},{"@type":"Organization","@id":"https:\/\/alcompasrevista.com\/#organization","name":"Revista Al Comp\u00e0s","url":"https:\/\/alcompasrevista.com\/","logo":{"@type":"ImageObject","inLanguage":"va","@id":"https:\/\/alcompasrevista.com\/#\/schema\/logo\/image\/","url":"https:\/\/alcompasrevista.com\/wp-content\/uploads\/2022\/04\/cropped-loog_blanco.png","contentUrl":"https:\/\/alcompasrevista.com\/wp-content\/uploads\/2022\/04\/cropped-loog_blanco.png","width":1612,"height":724,"caption":"Revista Al Comp\u00e0s"},"image":{"@id":"https:\/\/alcompasrevista.com\/#\/schema\/logo\/image\/"}},{"@type":"Person","@id":"https:\/\/alcompasrevista.com\/#\/schema\/person\/0f092e7196386afa42171db0d19a38ff","name":"Redacci\u00f3n","image":{"@type":"ImageObject","inLanguage":"va","@id":"https:\/\/secure.gravatar.com\/avatar\/e2831619d4dae93995d3da450c50013d912e0b8bdf34d9ea00126d97c2b7702e?s=96&d=mm&r=g","url":"https:\/\/secure.gravatar.com\/avatar\/e2831619d4dae93995d3da450c50013d912e0b8bdf34d9ea00126d97c2b7702e?s=96&d=mm&r=g","contentUrl":"https:\/\/secure.gravatar.com\/avatar\/e2831619d4dae93995d3da450c50013d912e0b8bdf34d9ea00126d97c2b7702e?s=96&d=mm&r=g","caption":"Redacci\u00f3n"},"url":"https:\/\/alcompasrevista.com\/va\/archivos\/author\/257_webmaster"}]}},"_links":{"self":[{"href":"https:\/\/alcompasrevista.com\/va\/wp-json\/wp\/v2\/posts\/8924","targetHints":{"allow":["GET"]}}],"collection":[{"href":"https:\/\/alcompasrevista.com\/va\/wp-json\/wp\/v2\/posts"}],"about":[{"href":"https:\/\/alcompasrevista.com\/va\/wp-json\/wp\/v2\/types\/post"}],"author":[{"embeddable":true,"href":"https:\/\/alcompasrevista.com\/va\/wp-json\/wp\/v2\/users\/860004"}],"replies":[{"embeddable":true,"href":"https:\/\/alcompasrevista.com\/va\/wp-json\/wp\/v2\/comments?post=8924"}],"version-history":[{"count":0,"href":"https:\/\/alcompasrevista.com\/va\/wp-json\/wp\/v2\/posts\/8924\/revisions"}],"wp:featuredmedia":[{"embeddable":true,"href":"https:\/\/alcompasrevista.com\/va\/wp-json\/wp\/v2\/media\/8929"}],"wp:attachment":[{"href":"https:\/\/alcompasrevista.com\/va\/wp-json\/wp\/v2\/media?parent=8924"}],"wp:term":[{"taxonomy":"category","embeddable":true,"href":"https:\/\/alcompasrevista.com\/va\/wp-json\/wp\/v2\/categories?post=8924"},{"taxonomy":"post_tag","embeddable":true,"href":"https:\/\/alcompasrevista.com\/va\/wp-json\/wp\/v2\/tags?post=8924"},{"taxonomy":"portada","embeddable":true,"href":"https:\/\/alcompasrevista.com\/va\/wp-json\/wp\/v2\/portada?post=8924"}],"curies":[{"name":"wp","href":"https:\/\/api.w.org\/{rel}","templated":true}]}}