{"id":8802,"date":"2022-09-01T08:59:00","date_gmt":"2022-09-01T06:59:00","guid":{"rendered":"https:\/\/alcompasrevista.com\/?p=8802"},"modified":"2022-09-01T09:36:38","modified_gmt":"2022-09-01T07:36:38","slug":"tornar","status":"publish","type":"post","link":"https:\/\/alcompasrevista.com\/va\/archivos\/8802","title":{"rendered":"Tornar"},"content":{"rendered":"\n<p>Aix\u00ed, sense adonar-nos-en, ja ha passat l\u2019estiu. No m\u2019acabe d\u2019acostumar a empalmar les festes d\u2019Ontinyent amb la tornada a la oficina. Agra\u00efsc l\u2019aire condicionat, i m\u00e9s enguany, per\u00f2 trobe en falta l\u2019olor a k\u00e0bila durant uns dies. Despr\u00e9s se\u2019m passa, clar. Per\u00f2, ja sabeu, soc un sentimental.<\/p>\n\n\n\n<p>Hui vull parlar de tornar. De \u201cla vuelta al cole\u201d que ens deien -que ens feien avorrir, millor dit- quan \u00e9rem uns xiquet? NO. <\/p>\n\n\n\n<p>Vull parlar de tornar a casa, al Musical, a les classes, a les audicions, als assaigs&#8230; I ho vull fer amb la certesa de que jo tornar\u00e9, per\u00f2 amb la ll\u00e0stima de saber que d\u2019altres no ho faran. No perqu\u00e8 ja no estiguen entre nosaltres, que m\u2019ha quedat a\u00e7\u00f2 un poc dram\u00e0tic, si no perqu\u00e8 no poden tornar. <\/p>\n\n\n\n<p>Este estiu he tingut temps per fer-me unes <em>fresquetes <\/em>amb gent que feia temps que no veia. Una d\u2019elles era una antiga amiga de la banda, que s\u2019ho va deixar. Diguem-ne que no estava massa d\u2019acord amb les decisions que va prendre el director en un tema d\u2019assaigs i responsabilitats i aix\u00f2. Ja sabeu, coses que passen a les bandes. Vaig ser directe, despr\u00e9s d\u2019haver estat recordant com eren els nostres estius musicals quan ten\u00edem catorze o quinze anys amb un somriure a la cara li ho vaig preguntar: <strong>tornaries?<\/strong><\/p>\n\n\n\n<p>La seua resposta em va sorprendre. Va ser un s\u00ed rotund, sense cap mena de dubte. Tamb\u00e9 amb un somriure. Un s\u00ed que va durar exactament dos segons. Els segons que va tardar en recordar que ara vivia a Val\u00e8ncia, que anar i tornar era impossible, que qu\u00e8 anava a fer ella a la banda ara despr\u00e9s de tant de temps, qu\u00e8 all\u00f2 no era per a ella, qu\u00e8 ja \u2018quan tinga xiquets ja els apuntar\u00e9 a m\u00fasica, per\u00f2 ara\u2019&#8230; Xe, me\u2019n vaig anar fotut, no vos vaig a mentir. Me\u2019n vaig anar fotut perqu\u00e8 a mi em va passar el mateix fa uns anys.<\/p>\n\n\n\n<p>Passejant pel poble eixa mateixa nit vaig pensar de parlar amb el cap de banda, amb el director, amb el president. \u2018Mira, \u00e9s que passa a\u00e7\u00f2\u2019. I qu\u00e8 li anem a fer? Dir\u00eden. <em>Aix\u00f2 \u00e9s aixina, <\/em>que \u00e9s una frase molt de nosaltres els valencians. \u00c9s cert que el cicle, per sort, no para mai. Sempre hi ha m\u00fasics i m\u00fasiques jovenets, d\u2019altres que viuen al poble i mantenen l\u2019assist\u00e8ncia, d\u2019altres que tenen c\u00e0rrec i no poden fallar\u2026 I clar, \u00e9s un mal pand\u00e8mic. Passa a totes les bandes de la Comunitat Valenciana. Aleshores\u2026 per qu\u00e8 no fem res?<\/p>\n\n\n\n<p>No s\u00e9, m\u00fasics, m\u00fasiques, amigues i amics de la FSMCV: i si fem una Banda De M\u00fasics Exil\u00b7liats Que No Poden Tocar A La Seua Banda i Que Tenen Ganes i Que No Poden i Que Voldr\u00eden Recuperar La Rutina Band\u00edstica i Que No Poden i Que S\u00ed Que Recorden Tocar Per\u00f2 No Poden? \u201cLa BDMEQNPTALSBQTNGQNPQVRLRBQNPQSQRTPNP\u201d. El nom queda llarg, per\u00f2 ja en buscarem un de millor. Una esp\u00e8cie de banda \u201cde la resist\u00e8ncia for\u00e7osa obligada a treballar i viure fora del poble, per\u00f2 que vol seguir sent m\u00fasic\u201d. Com a idea, no est\u00e0 malament, no? B\u00e9, ja em direu si vos apanya i anem endavant.<\/p>\n\n\n\n<p>Jordi Company &#8211; @Company_Vidal<\/p>\n","protected":false},"excerpt":{"rendered":"<p>Aix\u00ed, sense adonar-nos-en, ja ha passat l\u2019estiu. No m\u2019acabe d\u2019acostumar a empalmar les festes d\u2019Ontinyent amb la tornada a la oficina. Agra\u00efsc l\u2019aire condicionat, i m\u00e9s enguany, per\u00f2 trobe en [&hellip;]<\/p>\n","protected":false},"author":860007,"featured_media":6688,"comment_status":"closed","ping_status":"closed","sticky":false,"template":"","format":"standard","meta":{"footnotes":""},"categories":[29],"tags":[250],"portada":[251],"class_list":["post-8802","post","type-post","status-publish","format-standard","has-post-thumbnail","hentry","category-noticies-va","tag-tornar","portada-tornar"],"yoast_head":"<!-- This site is optimized with the Yoast SEO plugin v27.4 - https:\/\/yoast.com\/product\/yoast-seo-wordpress\/ -->\n<title>Tornar - Revista Al Comp\u00e0s<\/title>\n<meta name=\"robots\" content=\"index, follow, max-snippet:-1, max-image-preview:large, max-video-preview:-1\" \/>\n<link rel=\"canonical\" href=\"https:\/\/alcompasrevista.com\/archivos\/8806\" \/>\n<meta property=\"og:locale\" content=\"en_US\" \/>\n<meta property=\"og:type\" content=\"article\" \/>\n<meta property=\"og:title\" content=\"Tornar - Revista Al Comp\u00e0s\" \/>\n<meta property=\"og:description\" content=\"Aix\u00ed, sense adonar-nos-en, ja ha passat l\u2019estiu. No m\u2019acabe d\u2019acostumar a empalmar les festes d\u2019Ontinyent amb la tornada a la oficina. Agra\u00efsc l\u2019aire condicionat, i m\u00e9s enguany, per\u00f2 trobe en [&hellip;]\" \/>\n<meta property=\"og:url\" content=\"https:\/\/alcompasrevista.com\/archivos\/8806\" \/>\n<meta property=\"og:site_name\" content=\"Revista Al Comp\u00e0s\" \/>\n<meta property=\"article:published_time\" content=\"2022-09-01T06:59:00+00:00\" \/>\n<meta property=\"article:modified_time\" content=\"2022-09-01T07:36:38+00:00\" \/>\n<meta property=\"og:image\" content=\"https:\/\/alcompasrevista.com\/wp-content\/uploads\/2022\/05\/Diseno-sin-titulo-22.jpg\" \/>\n\t<meta property=\"og:image:width\" content=\"760\" \/>\n\t<meta property=\"og:image:height\" content=\"430\" \/>\n\t<meta property=\"og:image:type\" content=\"image\/jpeg\" \/>\n<meta name=\"author\" content=\"Jordi Company\" \/>\n<meta name=\"twitter:card\" content=\"summary_large_image\" \/>\n<meta name=\"twitter:label1\" content=\"Written by\" \/>\n\t<meta name=\"twitter:data1\" content=\"Jordi Company\" \/>\n\t<meta name=\"twitter:label2\" content=\"Est. reading time\" \/>\n\t<meta name=\"twitter:data2\" content=\"3 minutes\" \/>\n<script type=\"application\/ld+json\" class=\"yoast-schema-graph\">{\"@context\":\"https:\\\/\\\/schema.org\",\"@graph\":[{\"@type\":\"Article\",\"@id\":\"https:\\\/\\\/alcompasrevista.com\\\/archivos\\\/8806#article\",\"isPartOf\":{\"@id\":\"https:\\\/\\\/alcompasrevista.com\\\/archivos\\\/8806\"},\"author\":{\"name\":\"Jordi Company\",\"@id\":\"https:\\\/\\\/alcompasrevista.com\\\/#\\\/schema\\\/person\\\/c473ab517d90dbe675b2a2e9b747da88\"},\"headline\":\"Tornar\",\"datePublished\":\"2022-09-01T06:59:00+00:00\",\"dateModified\":\"2022-09-01T07:36:38+00:00\",\"mainEntityOfPage\":{\"@id\":\"https:\\\/\\\/alcompasrevista.com\\\/archivos\\\/8806\"},\"wordCount\":581,\"publisher\":{\"@id\":\"https:\\\/\\\/alcompasrevista.com\\\/#organization\"},\"image\":{\"@id\":\"https:\\\/\\\/alcompasrevista.com\\\/archivos\\\/8806#primaryimage\"},\"thumbnailUrl\":\"https:\\\/\\\/alcompasrevista.com\\\/wp-content\\\/uploads\\\/2022\\\/05\\\/Diseno-sin-titulo-22.jpg\",\"keywords\":[\"tornar\"],\"articleSection\":[\"#Not\u00edcies\"],\"inLanguage\":\"va\"},{\"@type\":\"WebPage\",\"@id\":\"https:\\\/\\\/alcompasrevista.com\\\/archivos\\\/8806\",\"url\":\"https:\\\/\\\/alcompasrevista.com\\\/archivos\\\/8806\",\"name\":\"Tornar - Revista Al Comp\u00e0s\",\"isPartOf\":{\"@id\":\"https:\\\/\\\/alcompasrevista.com\\\/#website\"},\"primaryImageOfPage\":{\"@id\":\"https:\\\/\\\/alcompasrevista.com\\\/archivos\\\/8806#primaryimage\"},\"image\":{\"@id\":\"https:\\\/\\\/alcompasrevista.com\\\/archivos\\\/8806#primaryimage\"},\"thumbnailUrl\":\"https:\\\/\\\/alcompasrevista.com\\\/wp-content\\\/uploads\\\/2022\\\/05\\\/Diseno-sin-titulo-22.jpg\",\"datePublished\":\"2022-09-01T06:59:00+00:00\",\"dateModified\":\"2022-09-01T07:36:38+00:00\",\"breadcrumb\":{\"@id\":\"https:\\\/\\\/alcompasrevista.com\\\/archivos\\\/8806#breadcrumb\"},\"inLanguage\":\"va\",\"potentialAction\":[{\"@type\":\"ReadAction\",\"target\":[\"https:\\\/\\\/alcompasrevista.com\\\/archivos\\\/8806\"]}]},{\"@type\":\"ImageObject\",\"inLanguage\":\"va\",\"@id\":\"https:\\\/\\\/alcompasrevista.com\\\/archivos\\\/8806#primaryimage\",\"url\":\"https:\\\/\\\/alcompasrevista.com\\\/wp-content\\\/uploads\\\/2022\\\/05\\\/Diseno-sin-titulo-22.jpg\",\"contentUrl\":\"https:\\\/\\\/alcompasrevista.com\\\/wp-content\\\/uploads\\\/2022\\\/05\\\/Diseno-sin-titulo-22.jpg\",\"width\":760,\"height\":430,\"caption\":\"Asamblea General FSMCV 2022\"},{\"@type\":\"BreadcrumbList\",\"@id\":\"https:\\\/\\\/alcompasrevista.com\\\/archivos\\\/8806#breadcrumb\",\"itemListElement\":[{\"@type\":\"ListItem\",\"position\":1,\"name\":\"Portada\",\"item\":\"https:\\\/\\\/alcompasrevista.com\\\/va\"},{\"@type\":\"ListItem\",\"position\":2,\"name\":\"Tornar\"}]},{\"@type\":\"WebSite\",\"@id\":\"https:\\\/\\\/alcompasrevista.com\\\/#website\",\"url\":\"https:\\\/\\\/alcompasrevista.com\\\/\",\"name\":\"Revista Al Comp\u00e0s\",\"description\":\"Un proyecto de la Federaci\u00f3n de Sociedades Musicales de la Comunidad Valenciana\",\"publisher\":{\"@id\":\"https:\\\/\\\/alcompasrevista.com\\\/#organization\"},\"potentialAction\":[{\"@type\":\"SearchAction\",\"target\":{\"@type\":\"EntryPoint\",\"urlTemplate\":\"https:\\\/\\\/alcompasrevista.com\\\/?s={search_term_string}\"},\"query-input\":{\"@type\":\"PropertyValueSpecification\",\"valueRequired\":true,\"valueName\":\"search_term_string\"}}],\"inLanguage\":\"va\"},{\"@type\":\"Organization\",\"@id\":\"https:\\\/\\\/alcompasrevista.com\\\/#organization\",\"name\":\"Revista Al Comp\u00e0s\",\"url\":\"https:\\\/\\\/alcompasrevista.com\\\/\",\"logo\":{\"@type\":\"ImageObject\",\"inLanguage\":\"va\",\"@id\":\"https:\\\/\\\/alcompasrevista.com\\\/#\\\/schema\\\/logo\\\/image\\\/\",\"url\":\"https:\\\/\\\/alcompasrevista.com\\\/wp-content\\\/uploads\\\/2022\\\/04\\\/cropped-loog_blanco.png\",\"contentUrl\":\"https:\\\/\\\/alcompasrevista.com\\\/wp-content\\\/uploads\\\/2022\\\/04\\\/cropped-loog_blanco.png\",\"width\":1612,\"height\":724,\"caption\":\"Revista Al Comp\u00e0s\"},\"image\":{\"@id\":\"https:\\\/\\\/alcompasrevista.com\\\/#\\\/schema\\\/logo\\\/image\\\/\"}},{\"@type\":\"Person\",\"@id\":\"https:\\\/\\\/alcompasrevista.com\\\/#\\\/schema\\\/person\\\/c473ab517d90dbe675b2a2e9b747da88\",\"name\":\"Jordi Company\",\"image\":{\"@type\":\"ImageObject\",\"inLanguage\":\"va\",\"@id\":\"https:\\\/\\\/secure.gravatar.com\\\/avatar\\\/7cd0b883c29cc378aa260d4cac230035d52d229e39e075da1056fc0b6e712bae?s=96&d=mm&r=g\",\"url\":\"https:\\\/\\\/secure.gravatar.com\\\/avatar\\\/7cd0b883c29cc378aa260d4cac230035d52d229e39e075da1056fc0b6e712bae?s=96&d=mm&r=g\",\"contentUrl\":\"https:\\\/\\\/secure.gravatar.com\\\/avatar\\\/7cd0b883c29cc378aa260d4cac230035d52d229e39e075da1056fc0b6e712bae?s=96&d=mm&r=g\",\"caption\":\"Jordi Company\"},\"url\":\"https:\\\/\\\/alcompasrevista.com\\\/va\\\/archivos\\\/author\\\/jordi-company\"}]}<\/script>\n<!-- \/ Yoast SEO plugin. -->","yoast_head_json":{"title":"Tornar - Revista Al Comp\u00e0s","robots":{"index":"index","follow":"follow","max-snippet":"max-snippet:-1","max-image-preview":"max-image-preview:large","max-video-preview":"max-video-preview:-1"},"canonical":"https:\/\/alcompasrevista.com\/archivos\/8806","og_locale":"en_US","og_type":"article","og_title":"Tornar - Revista Al Comp\u00e0s","og_description":"Aix\u00ed, sense adonar-nos-en, ja ha passat l\u2019estiu. No m\u2019acabe d\u2019acostumar a empalmar les festes d\u2019Ontinyent amb la tornada a la oficina. Agra\u00efsc l\u2019aire condicionat, i m\u00e9s enguany, per\u00f2 trobe en [&hellip;]","og_url":"https:\/\/alcompasrevista.com\/archivos\/8806","og_site_name":"Revista Al Comp\u00e0s","article_published_time":"2022-09-01T06:59:00+00:00","article_modified_time":"2022-09-01T07:36:38+00:00","og_image":[{"width":760,"height":430,"url":"https:\/\/alcompasrevista.com\/wp-content\/uploads\/2022\/05\/Diseno-sin-titulo-22.jpg","type":"image\/jpeg"}],"author":"Jordi Company","twitter_card":"summary_large_image","twitter_misc":{"Written by":"Jordi Company","Est. reading time":"3 minutes"},"schema":{"@context":"https:\/\/schema.org","@graph":[{"@type":"Article","@id":"https:\/\/alcompasrevista.com\/archivos\/8806#article","isPartOf":{"@id":"https:\/\/alcompasrevista.com\/archivos\/8806"},"author":{"name":"Jordi Company","@id":"https:\/\/alcompasrevista.com\/#\/schema\/person\/c473ab517d90dbe675b2a2e9b747da88"},"headline":"Tornar","datePublished":"2022-09-01T06:59:00+00:00","dateModified":"2022-09-01T07:36:38+00:00","mainEntityOfPage":{"@id":"https:\/\/alcompasrevista.com\/archivos\/8806"},"wordCount":581,"publisher":{"@id":"https:\/\/alcompasrevista.com\/#organization"},"image":{"@id":"https:\/\/alcompasrevista.com\/archivos\/8806#primaryimage"},"thumbnailUrl":"https:\/\/alcompasrevista.com\/wp-content\/uploads\/2022\/05\/Diseno-sin-titulo-22.jpg","keywords":["tornar"],"articleSection":["#Not\u00edcies"],"inLanguage":"va"},{"@type":"WebPage","@id":"https:\/\/alcompasrevista.com\/archivos\/8806","url":"https:\/\/alcompasrevista.com\/archivos\/8806","name":"Tornar - Revista Al Comp\u00e0s","isPartOf":{"@id":"https:\/\/alcompasrevista.com\/#website"},"primaryImageOfPage":{"@id":"https:\/\/alcompasrevista.com\/archivos\/8806#primaryimage"},"image":{"@id":"https:\/\/alcompasrevista.com\/archivos\/8806#primaryimage"},"thumbnailUrl":"https:\/\/alcompasrevista.com\/wp-content\/uploads\/2022\/05\/Diseno-sin-titulo-22.jpg","datePublished":"2022-09-01T06:59:00+00:00","dateModified":"2022-09-01T07:36:38+00:00","breadcrumb":{"@id":"https:\/\/alcompasrevista.com\/archivos\/8806#breadcrumb"},"inLanguage":"va","potentialAction":[{"@type":"ReadAction","target":["https:\/\/alcompasrevista.com\/archivos\/8806"]}]},{"@type":"ImageObject","inLanguage":"va","@id":"https:\/\/alcompasrevista.com\/archivos\/8806#primaryimage","url":"https:\/\/alcompasrevista.com\/wp-content\/uploads\/2022\/05\/Diseno-sin-titulo-22.jpg","contentUrl":"https:\/\/alcompasrevista.com\/wp-content\/uploads\/2022\/05\/Diseno-sin-titulo-22.jpg","width":760,"height":430,"caption":"Asamblea General FSMCV 2022"},{"@type":"BreadcrumbList","@id":"https:\/\/alcompasrevista.com\/archivos\/8806#breadcrumb","itemListElement":[{"@type":"ListItem","position":1,"name":"Portada","item":"https:\/\/alcompasrevista.com\/va"},{"@type":"ListItem","position":2,"name":"Tornar"}]},{"@type":"WebSite","@id":"https:\/\/alcompasrevista.com\/#website","url":"https:\/\/alcompasrevista.com\/","name":"Revista Al Comp\u00e0s","description":"Un proyecto de la Federaci\u00f3n de Sociedades Musicales de la Comunidad Valenciana","publisher":{"@id":"https:\/\/alcompasrevista.com\/#organization"},"potentialAction":[{"@type":"SearchAction","target":{"@type":"EntryPoint","urlTemplate":"https:\/\/alcompasrevista.com\/?s={search_term_string}"},"query-input":{"@type":"PropertyValueSpecification","valueRequired":true,"valueName":"search_term_string"}}],"inLanguage":"va"},{"@type":"Organization","@id":"https:\/\/alcompasrevista.com\/#organization","name":"Revista Al Comp\u00e0s","url":"https:\/\/alcompasrevista.com\/","logo":{"@type":"ImageObject","inLanguage":"va","@id":"https:\/\/alcompasrevista.com\/#\/schema\/logo\/image\/","url":"https:\/\/alcompasrevista.com\/wp-content\/uploads\/2022\/04\/cropped-loog_blanco.png","contentUrl":"https:\/\/alcompasrevista.com\/wp-content\/uploads\/2022\/04\/cropped-loog_blanco.png","width":1612,"height":724,"caption":"Revista Al Comp\u00e0s"},"image":{"@id":"https:\/\/alcompasrevista.com\/#\/schema\/logo\/image\/"}},{"@type":"Person","@id":"https:\/\/alcompasrevista.com\/#\/schema\/person\/c473ab517d90dbe675b2a2e9b747da88","name":"Jordi Company","image":{"@type":"ImageObject","inLanguage":"va","@id":"https:\/\/secure.gravatar.com\/avatar\/7cd0b883c29cc378aa260d4cac230035d52d229e39e075da1056fc0b6e712bae?s=96&d=mm&r=g","url":"https:\/\/secure.gravatar.com\/avatar\/7cd0b883c29cc378aa260d4cac230035d52d229e39e075da1056fc0b6e712bae?s=96&d=mm&r=g","contentUrl":"https:\/\/secure.gravatar.com\/avatar\/7cd0b883c29cc378aa260d4cac230035d52d229e39e075da1056fc0b6e712bae?s=96&d=mm&r=g","caption":"Jordi Company"},"url":"https:\/\/alcompasrevista.com\/va\/archivos\/author\/jordi-company"}]}},"_links":{"self":[{"href":"https:\/\/alcompasrevista.com\/va\/wp-json\/wp\/v2\/posts\/8802","targetHints":{"allow":["GET"]}}],"collection":[{"href":"https:\/\/alcompasrevista.com\/va\/wp-json\/wp\/v2\/posts"}],"about":[{"href":"https:\/\/alcompasrevista.com\/va\/wp-json\/wp\/v2\/types\/post"}],"author":[{"embeddable":true,"href":"https:\/\/alcompasrevista.com\/va\/wp-json\/wp\/v2\/users\/860007"}],"replies":[{"embeddable":true,"href":"https:\/\/alcompasrevista.com\/va\/wp-json\/wp\/v2\/comments?post=8802"}],"version-history":[{"count":0,"href":"https:\/\/alcompasrevista.com\/va\/wp-json\/wp\/v2\/posts\/8802\/revisions"}],"wp:featuredmedia":[{"embeddable":true,"href":"https:\/\/alcompasrevista.com\/va\/wp-json\/wp\/v2\/media\/6688"}],"wp:attachment":[{"href":"https:\/\/alcompasrevista.com\/va\/wp-json\/wp\/v2\/media?parent=8802"}],"wp:term":[{"taxonomy":"category","embeddable":true,"href":"https:\/\/alcompasrevista.com\/va\/wp-json\/wp\/v2\/categories?post=8802"},{"taxonomy":"post_tag","embeddable":true,"href":"https:\/\/alcompasrevista.com\/va\/wp-json\/wp\/v2\/tags?post=8802"},{"taxonomy":"portada","embeddable":true,"href":"https:\/\/alcompasrevista.com\/va\/wp-json\/wp\/v2\/portada?post=8802"}],"curies":[{"name":"wp","href":"https:\/\/api.w.org\/{rel}","templated":true}]}}