{"id":8751,"date":"2022-08-02T08:00:16","date_gmt":"2022-08-02T06:00:16","guid":{"rendered":"https:\/\/alcompasrevista.com\/?p=8751"},"modified":"2022-08-02T08:00:17","modified_gmt":"2022-08-02T06:00:17","slug":"musics-amb-d-o-elena-i-javier-biosca","status":"publish","type":"post","link":"https:\/\/alcompasrevista.com\/va\/archivos\/8751","title":{"rendered":"M\u00fasics amb D.O: Elena i Javier Biosca"},"content":{"rendered":"\n<p>Elena i Javier Biosca Bas els uneix el parentiu, ja que s\u00f3n germans, per\u00f2 tamb\u00e9 la m\u00fasica, i l&#8217;haver d&#8217;eixir d&#8217;Espanya per a avan\u00e7ar en les seues carreres.<\/p>\n\n\n\n<p>Tots dos van comen\u00e7ar la seua vida musical en la Societat \u2018La Primitiva\u2019 de Rafelbunyol. Actualment Elena \u00e9s clarinetista de la K\u00e4rnten Sinfonieorchester (l&#8217;Orquestra Simf\u00f2nica de Car\u00edntia) al sud d&#8217;\u00c0ustria i Javier est\u00e0 en per\u00edode de prova de fagot solista en l&#8217;Orquestra de la R\u00e0dio Nord d&#8217;Alemanya, amb seu en la Elbphilharmonie d&#8217;Hamburg.<\/p>\n\n\n\n<p><strong>A. C. Com recordeu els vostres comen\u00e7aments en la Primitiva de Rafelbunyol?<\/strong><\/p>\n\n\n\n<p><strong>Elena.<\/strong> Des dels 9 anys forme part d&#8217;aquesta societat i des de llavors he viscut molt bones experi\u00e8ncies que sempre porte amb mi. All\u00ed he passat mil instants, recorde moments de no poder parar de riure en un assaig, mil hores d&#8217;estudi en el Musical\u2026 durant un temps va ser quasi la meua segona casa.<\/p>\n\n\n\n<p><strong>Javier.<\/strong> Vaig comen\u00e7ar a estudiar a l&#8217;escola de m\u00fasica de Rafelbunyol amb el professor Jaume Iborra Esteve. Al principi recorde donar les classes de fagot a l&#8217;escola municipal del poble ja que les instal\u00b7lacions de la banda eren molt redu\u00efdes. Per\u00f2 als pocs anys ja es va inaugurar l&#8217;actual escola de la m\u00fasica, on he passat molt\u00edssimes hores, ja siga estudiant i assajant com tamb\u00e9 sopant i passant-ho b\u00e9 amb la gent de la banda i la societat.<\/p>\n\n\n\n<p><strong>A. C. Quin instrument vau triar cadascun i per qu\u00e8?<\/strong><\/p>\n\n\n\n<p><strong>Elena.<\/strong> Jo vaig triar el clarinet perqu\u00e8 \u00e9s l&#8217;instrument que mon pare toca i de xicoteta sempre l\u2019escoltava fascinada en estudiar o tocar amb la banda, aix\u00ed que no m\u2019ho vaig pensar ni un minut a l&#8217;hora de triar l&#8217;instrument.<\/p>\n\n\n\n<p><strong>Javier.<\/strong> Jo no tenia ni idea del que era un fagot fins que vaig obrir la caixa. Jo volia la percussi\u00f3, per\u00f2 crec que ja no quedaven m\u00e9s places.<\/p>\n\n\n\n<figure class=\"wp-block-image size-full\"><img loading=\"lazy\" decoding=\"async\" width=\"760\" height=\"430\" src=\"https:\/\/alcompasrevista.com\/wp-content\/uploads\/2022\/08\/Diseno-sin-titulo-2022-08-02T074655.989.jpg\" alt=\"\" class=\"wp-image-8774\" srcset=\"https:\/\/alcompasrevista.com\/wp-content\/uploads\/2022\/08\/Diseno-sin-titulo-2022-08-02T074655.989.jpg 760w, https:\/\/alcompasrevista.com\/wp-content\/uploads\/2022\/08\/Diseno-sin-titulo-2022-08-02T074655.989-300x170.jpg 300w\" sizes=\"auto, (max-width: 760px) 100vw, 760px\" \/><figcaption>Elena i Javi de xicotets en la casa de m\u00fasica de la banda<\/figcaption><\/figure>\n\n\n\n<p><strong>A. C. Com sorgeix l&#8217;oportunitat de desenvolupar-vos professionalment fora d&#8217;Espanya?<\/strong><\/p>\n\n\n\n<p><strong>Elena.<\/strong> Gr\u00e0cies al programa d&#8217;intercanvi Erasmus. Jo estudiava en el conservatori Superior de M\u00fasica de Val\u00e8ncia i sempre he tingut curiositat per con\u00e9ixer altres cultures i diferents maneres de veure la m\u00fasica, aix\u00ed que em vaig anar a la Universitat de M\u00fasica de Graz (\u00c0ustria) i a l&#8217;any seg\u00fcent vaig entrar a fer el m\u00e0ster en el Conservatori Superior de Viena, d&#8217;aix\u00f2 ja fa 8 anys. I a \u00c0ustria m&#8217;he quedat. Aix\u00ed que, he de donar les gr\u00e0cies al programa d&#8217;intercanvi Erasmus i tamb\u00e9 gr\u00e0cies als meus pares, que sempre ens han donat suport<\/p>\n\n\n\n<p><strong>Javier.<\/strong> Quan vaig acabar la carrera a l&#8217;Escola Reina Sofia de Madrid em vaig presentar a les proves per a estudiar el m\u00e0ster en la Universitat Hanns Eisler de Berl\u00edn, les proves van ser b\u00e9 aix\u00ed que me&#8217;n vaig anar a Berl\u00edn despr\u00e9s de l&#8217;estiu.<\/p>\n\n\n\n<figure class=\"wp-block-gallery has-nested-images columns-default is-cropped wp-block-gallery-1 is-layout-flex wp-block-gallery-is-layout-flex\">\n<figure class=\"wp-block-image size-large\"><img loading=\"lazy\" decoding=\"async\" width=\"760\" height=\"430\" data-id=\"8782\" src=\"https:\/\/alcompasrevista.com\/wp-content\/uploads\/2022\/08\/Diseno-sin-titulo-2022-08-02T074438.439.jpg\" alt=\"\" class=\"wp-image-8782\" srcset=\"https:\/\/alcompasrevista.com\/wp-content\/uploads\/2022\/08\/Diseno-sin-titulo-2022-08-02T074438.439.jpg 760w, https:\/\/alcompasrevista.com\/wp-content\/uploads\/2022\/08\/Diseno-sin-titulo-2022-08-02T074438.439-300x170.jpg 300w\" sizes=\"auto, (max-width: 760px) 100vw, 760px\" \/><figcaption>Amb la Philharmoniker de Viena concert de Sommernachtstraum Palau de Sch\u00f6nbrunn  2021<\/figcaption><\/figure>\n\n\n\n<figure class=\"wp-block-image size-large\"><img loading=\"lazy\" decoding=\"async\" width=\"760\" height=\"430\" data-id=\"8772\" src=\"https:\/\/alcompasrevista.com\/wp-content\/uploads\/2022\/08\/Diseno-sin-titulo-2022-08-02T074728.408.jpg\" alt=\"\" class=\"wp-image-8772\" srcset=\"https:\/\/alcompasrevista.com\/wp-content\/uploads\/2022\/08\/Diseno-sin-titulo-2022-08-02T074728.408.jpg 760w, https:\/\/alcompasrevista.com\/wp-content\/uploads\/2022\/08\/Diseno-sin-titulo-2022-08-02T074728.408-300x170.jpg 300w\" sizes=\"auto, (max-width: 760px) 100vw, 760px\" \/><figcaption>Javi amb la filarmonica de Berlin en la sala Philharmonie de Berlin 2018<\/figcaption><\/figure>\n\n\n\n<figure class=\"wp-block-image size-large\"><img loading=\"lazy\" decoding=\"async\" width=\"760\" height=\"430\" data-id=\"8770\" src=\"https:\/\/alcompasrevista.com\/wp-content\/uploads\/2022\/08\/Diseno-sin-titulo-2022-08-02T074748.836.jpg\" alt=\"\" class=\"wp-image-8770\" srcset=\"https:\/\/alcompasrevista.com\/wp-content\/uploads\/2022\/08\/Diseno-sin-titulo-2022-08-02T074748.836.jpg 760w, https:\/\/alcompasrevista.com\/wp-content\/uploads\/2022\/08\/Diseno-sin-titulo-2022-08-02T074748.836-300x170.jpg 300w\" sizes=\"auto, (max-width: 760px) 100vw, 760px\" \/><figcaption>Javi amb la orquestra de Les Arts<\/figcaption><\/figure>\n<\/figure>\n\n\n\n<p><strong>A. C. Ha sigut important \u201cLa Primitiva\u201d per a arribar fins on esteu?<\/strong><\/p>\n\n\n\n<p><strong>Elena.<\/strong> Sense cap dubte, tant l&#8217;Escola de M\u00fasica de \u2018La Primitiva\u2019 de Rafelbunyol com la banda i les altres formacions han sigut clau en la meua formaci\u00f3 musical. La societat musical ens ha donat suport en tot moment, ens ha oferit sempre un professorat de molt\u00edssima qualitat que ens ha animat sempre a seguir endavant, ens ha motivat a participar en concursos i oferit classes de m\u00fasica de cambra ja des de molt prompte, aix\u00ed com tocar en orquestra o cantar en el cor, ens ha donat l&#8217;oportunitat d&#8217;utilitzar unes les instal\u00b7lacions del Musical, on hem estudiat molt\u00edssimes hores. Gr\u00e0cies a tota la gent que est\u00e0 darrere d&#8217;aquesta societat treballant perqu\u00e8 tot funcione, nosaltres hem pogut tindre una educaci\u00f3 musical de molt\u00edssima qualitat. Quan te\u2019n vas a l&#8217;estranger t&#8217;adones del paper tan important que juga la societat musical, com d&#8217;important \u00e9s tindre una bona base per a a partir d&#8217;ac\u00ed continuar formant-te. A m\u00e9s, he de dir que els alumnes en les societats musicals aconsegueixen un nivell musical molt major que en altres pa\u00efsos.<\/p>\n\n\n\n<p><strong>Javier.<\/strong> Sense cap dubte. S\u00f3n molt\u00edssimes les facilitats i les prestacions que se&#8217;ns han brindat des de la societat musical. Hem pogut estudiar a l&#8217;escola qualsevol dia a pr\u00e0cticament qualsevol hora. Ens han oferit un professorat i una formaci\u00f3 de qualitat. Ens han motivat a desenvolupar-nos com a m\u00fasics, per exemple, animant-nos a participar en concursos d&#8217;interpretaci\u00f3.<\/p>\n\n\n\n<p>A m\u00e9s, la banda juga un paper crucial per a gaudir de fer m\u00fasica en grup, ja que passes hores i hores juntament amb els altres m\u00fasics de la banda, i es creen uns lla\u00e7os i amistats que es queden per sempre.<\/p>\n\n\n\n<figure class=\"wp-block-gallery has-nested-images columns-default is-cropped wp-block-gallery-2 is-layout-flex wp-block-gallery-is-layout-flex\">\n<figure class=\"wp-block-image size-large\"><img loading=\"lazy\" decoding=\"async\" width=\"760\" height=\"430\" data-id=\"8780\" src=\"https:\/\/alcompasrevista.com\/wp-content\/uploads\/2022\/08\/Diseno-sin-titulo-2022-08-02T074507.568.jpg\" alt=\"\" class=\"wp-image-8780\" srcset=\"https:\/\/alcompasrevista.com\/wp-content\/uploads\/2022\/08\/Diseno-sin-titulo-2022-08-02T074507.568.jpg 760w, https:\/\/alcompasrevista.com\/wp-content\/uploads\/2022\/08\/Diseno-sin-titulo-2022-08-02T074507.568-300x170.jpg 300w\" sizes=\"auto, (max-width: 760px) 100vw, 760px\" \/><figcaption>Amb la banda en el Palau de les Arts<\/figcaption><\/figure>\n\n\n\n<figure class=\"wp-block-image size-large\"><img loading=\"lazy\" decoding=\"async\" width=\"760\" height=\"430\" data-id=\"8776\" src=\"https:\/\/alcompasrevista.com\/wp-content\/uploads\/2022\/08\/Diseno-sin-titulo-2022-08-02T074628.113.jpg\" alt=\"\" class=\"wp-image-8776\" srcset=\"https:\/\/alcompasrevista.com\/wp-content\/uploads\/2022\/08\/Diseno-sin-titulo-2022-08-02T074628.113.jpg 760w, https:\/\/alcompasrevista.com\/wp-content\/uploads\/2022\/08\/Diseno-sin-titulo-2022-08-02T074628.113-300x170.jpg 300w\" sizes=\"auto, (max-width: 760px) 100vw, 760px\" \/><figcaption>Amb la banda<\/figcaption><\/figure>\n<\/figure>\n\n\n\n<p><strong>A. C. Teniu contacte amb \u2018La Primitiva\u2019 de Rafelbunyol en aquests moments?<\/strong><\/p>\n\n\n\n<p><strong>Elena.<\/strong> Clar, els meus pares formen part de la directiva des de ja fa molts anys i nosaltres, sempre que podem, anem als concerts. Per als cert\u00e0mens o concerts importants volem fins i tot extra per a poder tocar.<\/p>\n\n\n\n<p><strong>Javier.<\/strong> Per descomptat. I espere que sempre siga aix\u00ed.<\/p>\n\n\n\n<figure class=\"wp-block-image size-full\"><img loading=\"lazy\" decoding=\"async\" width=\"760\" height=\"430\" src=\"https:\/\/alcompasrevista.com\/wp-content\/uploads\/2022\/08\/Diseno-sin-titulo-2022-08-02T074558.579.jpg\" alt=\"\" class=\"wp-image-8778\" srcset=\"https:\/\/alcompasrevista.com\/wp-content\/uploads\/2022\/08\/Diseno-sin-titulo-2022-08-02T074558.579.jpg 760w, https:\/\/alcompasrevista.com\/wp-content\/uploads\/2022\/08\/Diseno-sin-titulo-2022-08-02T074558.579-300x170.jpg 300w\" sizes=\"auto, (max-width: 760px) 100vw, 760px\" \/><figcaption>Amb la orquestra de la Generalitat Valenciana JOGV 2013<\/figcaption><\/figure>\n\n\n\n<p><strong>A. C. Quins plans de futur teniu?<\/strong><\/p>\n\n\n\n<p><strong>Elena.<\/strong> Continuar gaudint de tocar en l&#8217;orquestra, ampliant tant el repertori oper\u00edstic com simf\u00f2nic i seguir sempre en contacte amb la Societat Musical de Rafelbunyol.<\/p>\n\n\n\n<p><strong>Javier.<\/strong> Ser feli\u00e7 all\u00ed on em toque estar.<\/p>\n","protected":false},"excerpt":{"rendered":"<p>Elena i Javier Biosca Bas els uneix el parentiu, ja que s\u00f3n germans, per\u00f2 tamb\u00e9 la m\u00fasica, i l&#8217;haver d&#8217;eixir d&#8217;Espanya per a avan\u00e7ar en les seues carreres.<\/p>\n","protected":false},"author":860004,"featured_media":8784,"comment_status":"closed","ping_status":"closed","sticky":false,"template":"","format":"standard","meta":{"footnotes":""},"categories":[28],"tags":[245,246],"portada":[247],"class_list":["post-8751","post","type-post","status-publish","format-standard","has-post-thumbnail","hentry","category-laterreta-va","tag-biosca","tag-germans","portada-hermanos-biosca"],"yoast_head":"<!-- This site is optimized with the Yoast SEO plugin v27.4 - https:\/\/yoast.com\/product\/yoast-seo-wordpress\/ -->\n<title>M\u00fasics amb D.O: Elena i Javier Biosca - Revista Al Comp\u00e0s<\/title>\n<meta name=\"robots\" content=\"index, follow, max-snippet:-1, max-image-preview:large, max-video-preview:-1\" \/>\n<link rel=\"canonical\" href=\"https:\/\/alcompasrevista.com\/archivos\/8790\" \/>\n<meta property=\"og:locale\" content=\"en_US\" \/>\n<meta property=\"og:type\" content=\"article\" \/>\n<meta property=\"og:title\" content=\"M\u00fasics amb D.O: Elena i Javier Biosca - Revista Al Comp\u00e0s\" \/>\n<meta property=\"og:description\" content=\"Elena i Javier Biosca Bas els uneix el parentiu, ja que s\u00f3n germans, per\u00f2 tamb\u00e9 la m\u00fasica, i l&#039;haver d&#039;eixir d&#039;Espanya per a avan\u00e7ar en les seues carreres.\" \/>\n<meta property=\"og:url\" content=\"https:\/\/alcompasrevista.com\/archivos\/8790\" \/>\n<meta property=\"og:site_name\" content=\"Revista Al Comp\u00e0s\" \/>\n<meta property=\"article:published_time\" content=\"2022-08-02T06:00:16+00:00\" \/>\n<meta property=\"article:modified_time\" content=\"2022-08-02T06:00:17+00:00\" \/>\n<meta property=\"og:image\" content=\"https:\/\/alcompasrevista.com\/wp-content\/uploads\/2022\/08\/Diseno-sin-titulo-99.jpg\" \/>\n\t<meta property=\"og:image:width\" content=\"760\" \/>\n\t<meta property=\"og:image:height\" content=\"430\" \/>\n\t<meta property=\"og:image:type\" content=\"image\/jpeg\" \/>\n<meta name=\"author\" content=\"Redacci\u00f3n\" \/>\n<meta name=\"twitter:card\" content=\"summary_large_image\" \/>\n<meta name=\"twitter:label1\" content=\"Written by\" \/>\n\t<meta name=\"twitter:data1\" content=\"Redacci\u00f3\" \/>\n\t<meta name=\"twitter:label2\" content=\"Est. reading time\" \/>\n\t<meta name=\"twitter:data2\" content=\"6 minutes\" \/>\n<script type=\"application\/ld+json\" class=\"yoast-schema-graph\">{\"@context\":\"https:\\\/\\\/schema.org\",\"@graph\":[{\"@type\":\"Article\",\"@id\":\"https:\\\/\\\/alcompasrevista.com\\\/archivos\\\/8790#article\",\"isPartOf\":{\"@id\":\"https:\\\/\\\/alcompasrevista.com\\\/archivos\\\/8790\"},\"author\":{\"name\":\"Redacci\u00f3n\",\"@id\":\"https:\\\/\\\/alcompasrevista.com\\\/#\\\/schema\\\/person\\\/0f092e7196386afa42171db0d19a38ff\"},\"headline\":\"M\u00fasics amb D.O: Elena i Javier Biosca\",\"datePublished\":\"2022-08-02T06:00:16+00:00\",\"dateModified\":\"2022-08-02T06:00:17+00:00\",\"mainEntityOfPage\":{\"@id\":\"https:\\\/\\\/alcompasrevista.com\\\/archivos\\\/8790\"},\"wordCount\":1005,\"publisher\":{\"@id\":\"https:\\\/\\\/alcompasrevista.com\\\/#organization\"},\"image\":{\"@id\":\"https:\\\/\\\/alcompasrevista.com\\\/archivos\\\/8790#primaryimage\"},\"thumbnailUrl\":\"https:\\\/\\\/alcompasrevista.com\\\/wp-content\\\/uploads\\\/2022\\\/08\\\/Diseno-sin-titulo-99.jpg\",\"keywords\":[\"Biosca\",\"germans\"],\"articleSection\":[\"#Laterreta\"],\"inLanguage\":\"va\"},{\"@type\":\"WebPage\",\"@id\":\"https:\\\/\\\/alcompasrevista.com\\\/archivos\\\/8790\",\"url\":\"https:\\\/\\\/alcompasrevista.com\\\/archivos\\\/8790\",\"name\":\"M\u00fasics amb D.O: Elena i Javier Biosca - Revista Al Comp\u00e0s\",\"isPartOf\":{\"@id\":\"https:\\\/\\\/alcompasrevista.com\\\/#website\"},\"primaryImageOfPage\":{\"@id\":\"https:\\\/\\\/alcompasrevista.com\\\/archivos\\\/8790#primaryimage\"},\"image\":{\"@id\":\"https:\\\/\\\/alcompasrevista.com\\\/archivos\\\/8790#primaryimage\"},\"thumbnailUrl\":\"https:\\\/\\\/alcompasrevista.com\\\/wp-content\\\/uploads\\\/2022\\\/08\\\/Diseno-sin-titulo-99.jpg\",\"datePublished\":\"2022-08-02T06:00:16+00:00\",\"dateModified\":\"2022-08-02T06:00:17+00:00\",\"breadcrumb\":{\"@id\":\"https:\\\/\\\/alcompasrevista.com\\\/archivos\\\/8790#breadcrumb\"},\"inLanguage\":\"va\",\"potentialAction\":[{\"@type\":\"ReadAction\",\"target\":[\"https:\\\/\\\/alcompasrevista.com\\\/archivos\\\/8790\"]}]},{\"@type\":\"ImageObject\",\"inLanguage\":\"va\",\"@id\":\"https:\\\/\\\/alcompasrevista.com\\\/archivos\\\/8790#primaryimage\",\"url\":\"https:\\\/\\\/alcompasrevista.com\\\/wp-content\\\/uploads\\\/2022\\\/08\\\/Diseno-sin-titulo-99.jpg\",\"contentUrl\":\"https:\\\/\\\/alcompasrevista.com\\\/wp-content\\\/uploads\\\/2022\\\/08\\\/Diseno-sin-titulo-99.jpg\",\"width\":760,\"height\":430},{\"@type\":\"BreadcrumbList\",\"@id\":\"https:\\\/\\\/alcompasrevista.com\\\/archivos\\\/8790#breadcrumb\",\"itemListElement\":[{\"@type\":\"ListItem\",\"position\":1,\"name\":\"Portada\",\"item\":\"https:\\\/\\\/alcompasrevista.com\\\/va\"},{\"@type\":\"ListItem\",\"position\":2,\"name\":\"M\u00fasics amb D.O: Elena i Javier Biosca\"}]},{\"@type\":\"WebSite\",\"@id\":\"https:\\\/\\\/alcompasrevista.com\\\/#website\",\"url\":\"https:\\\/\\\/alcompasrevista.com\\\/\",\"name\":\"Revista Al Comp\u00e0s\",\"description\":\"Un proyecto de la Federaci\u00f3n de Sociedades Musicales de la Comunidad Valenciana\",\"publisher\":{\"@id\":\"https:\\\/\\\/alcompasrevista.com\\\/#organization\"},\"potentialAction\":[{\"@type\":\"SearchAction\",\"target\":{\"@type\":\"EntryPoint\",\"urlTemplate\":\"https:\\\/\\\/alcompasrevista.com\\\/?s={search_term_string}\"},\"query-input\":{\"@type\":\"PropertyValueSpecification\",\"valueRequired\":true,\"valueName\":\"search_term_string\"}}],\"inLanguage\":\"va\"},{\"@type\":\"Organization\",\"@id\":\"https:\\\/\\\/alcompasrevista.com\\\/#organization\",\"name\":\"Revista Al Comp\u00e0s\",\"url\":\"https:\\\/\\\/alcompasrevista.com\\\/\",\"logo\":{\"@type\":\"ImageObject\",\"inLanguage\":\"va\",\"@id\":\"https:\\\/\\\/alcompasrevista.com\\\/#\\\/schema\\\/logo\\\/image\\\/\",\"url\":\"https:\\\/\\\/alcompasrevista.com\\\/wp-content\\\/uploads\\\/2022\\\/04\\\/cropped-loog_blanco.png\",\"contentUrl\":\"https:\\\/\\\/alcompasrevista.com\\\/wp-content\\\/uploads\\\/2022\\\/04\\\/cropped-loog_blanco.png\",\"width\":1612,\"height\":724,\"caption\":\"Revista Al Comp\u00e0s\"},\"image\":{\"@id\":\"https:\\\/\\\/alcompasrevista.com\\\/#\\\/schema\\\/logo\\\/image\\\/\"}},{\"@type\":\"Person\",\"@id\":\"https:\\\/\\\/alcompasrevista.com\\\/#\\\/schema\\\/person\\\/0f092e7196386afa42171db0d19a38ff\",\"name\":\"Redacci\u00f3n\",\"image\":{\"@type\":\"ImageObject\",\"inLanguage\":\"va\",\"@id\":\"https:\\\/\\\/secure.gravatar.com\\\/avatar\\\/e2831619d4dae93995d3da450c50013d912e0b8bdf34d9ea00126d97c2b7702e?s=96&d=mm&r=g\",\"url\":\"https:\\\/\\\/secure.gravatar.com\\\/avatar\\\/e2831619d4dae93995d3da450c50013d912e0b8bdf34d9ea00126d97c2b7702e?s=96&d=mm&r=g\",\"contentUrl\":\"https:\\\/\\\/secure.gravatar.com\\\/avatar\\\/e2831619d4dae93995d3da450c50013d912e0b8bdf34d9ea00126d97c2b7702e?s=96&d=mm&r=g\",\"caption\":\"Redacci\u00f3n\"},\"url\":\"https:\\\/\\\/alcompasrevista.com\\\/va\\\/archivos\\\/author\\\/257_webmaster\"}]}<\/script>\n<!-- \/ Yoast SEO plugin. -->","yoast_head_json":{"title":"M\u00fasics amb D.O: Elena i Javier Biosca - Revista Al Comp\u00e0s","robots":{"index":"index","follow":"follow","max-snippet":"max-snippet:-1","max-image-preview":"max-image-preview:large","max-video-preview":"max-video-preview:-1"},"canonical":"https:\/\/alcompasrevista.com\/archivos\/8790","og_locale":"en_US","og_type":"article","og_title":"M\u00fasics amb D.O: Elena i Javier Biosca - Revista Al Comp\u00e0s","og_description":"Elena i Javier Biosca Bas els uneix el parentiu, ja que s\u00f3n germans, per\u00f2 tamb\u00e9 la m\u00fasica, i l'haver d'eixir d'Espanya per a avan\u00e7ar en les seues carreres.","og_url":"https:\/\/alcompasrevista.com\/archivos\/8790","og_site_name":"Revista Al Comp\u00e0s","article_published_time":"2022-08-02T06:00:16+00:00","article_modified_time":"2022-08-02T06:00:17+00:00","og_image":[{"width":760,"height":430,"url":"https:\/\/alcompasrevista.com\/wp-content\/uploads\/2022\/08\/Diseno-sin-titulo-99.jpg","type":"image\/jpeg"}],"author":"Redacci\u00f3n","twitter_card":"summary_large_image","twitter_misc":{"Written by":"Redacci\u00f3","Est. reading time":"6 minutes"},"schema":{"@context":"https:\/\/schema.org","@graph":[{"@type":"Article","@id":"https:\/\/alcompasrevista.com\/archivos\/8790#article","isPartOf":{"@id":"https:\/\/alcompasrevista.com\/archivos\/8790"},"author":{"name":"Redacci\u00f3n","@id":"https:\/\/alcompasrevista.com\/#\/schema\/person\/0f092e7196386afa42171db0d19a38ff"},"headline":"M\u00fasics amb D.O: Elena i Javier Biosca","datePublished":"2022-08-02T06:00:16+00:00","dateModified":"2022-08-02T06:00:17+00:00","mainEntityOfPage":{"@id":"https:\/\/alcompasrevista.com\/archivos\/8790"},"wordCount":1005,"publisher":{"@id":"https:\/\/alcompasrevista.com\/#organization"},"image":{"@id":"https:\/\/alcompasrevista.com\/archivos\/8790#primaryimage"},"thumbnailUrl":"https:\/\/alcompasrevista.com\/wp-content\/uploads\/2022\/08\/Diseno-sin-titulo-99.jpg","keywords":["Biosca","germans"],"articleSection":["#Laterreta"],"inLanguage":"va"},{"@type":"WebPage","@id":"https:\/\/alcompasrevista.com\/archivos\/8790","url":"https:\/\/alcompasrevista.com\/archivos\/8790","name":"M\u00fasics amb D.O: Elena i Javier Biosca - Revista Al Comp\u00e0s","isPartOf":{"@id":"https:\/\/alcompasrevista.com\/#website"},"primaryImageOfPage":{"@id":"https:\/\/alcompasrevista.com\/archivos\/8790#primaryimage"},"image":{"@id":"https:\/\/alcompasrevista.com\/archivos\/8790#primaryimage"},"thumbnailUrl":"https:\/\/alcompasrevista.com\/wp-content\/uploads\/2022\/08\/Diseno-sin-titulo-99.jpg","datePublished":"2022-08-02T06:00:16+00:00","dateModified":"2022-08-02T06:00:17+00:00","breadcrumb":{"@id":"https:\/\/alcompasrevista.com\/archivos\/8790#breadcrumb"},"inLanguage":"va","potentialAction":[{"@type":"ReadAction","target":["https:\/\/alcompasrevista.com\/archivos\/8790"]}]},{"@type":"ImageObject","inLanguage":"va","@id":"https:\/\/alcompasrevista.com\/archivos\/8790#primaryimage","url":"https:\/\/alcompasrevista.com\/wp-content\/uploads\/2022\/08\/Diseno-sin-titulo-99.jpg","contentUrl":"https:\/\/alcompasrevista.com\/wp-content\/uploads\/2022\/08\/Diseno-sin-titulo-99.jpg","width":760,"height":430},{"@type":"BreadcrumbList","@id":"https:\/\/alcompasrevista.com\/archivos\/8790#breadcrumb","itemListElement":[{"@type":"ListItem","position":1,"name":"Portada","item":"https:\/\/alcompasrevista.com\/va"},{"@type":"ListItem","position":2,"name":"M\u00fasics amb D.O: Elena i Javier Biosca"}]},{"@type":"WebSite","@id":"https:\/\/alcompasrevista.com\/#website","url":"https:\/\/alcompasrevista.com\/","name":"Revista Al Comp\u00e0s","description":"Un proyecto de la Federaci\u00f3n de Sociedades Musicales de la Comunidad Valenciana","publisher":{"@id":"https:\/\/alcompasrevista.com\/#organization"},"potentialAction":[{"@type":"SearchAction","target":{"@type":"EntryPoint","urlTemplate":"https:\/\/alcompasrevista.com\/?s={search_term_string}"},"query-input":{"@type":"PropertyValueSpecification","valueRequired":true,"valueName":"search_term_string"}}],"inLanguage":"va"},{"@type":"Organization","@id":"https:\/\/alcompasrevista.com\/#organization","name":"Revista Al Comp\u00e0s","url":"https:\/\/alcompasrevista.com\/","logo":{"@type":"ImageObject","inLanguage":"va","@id":"https:\/\/alcompasrevista.com\/#\/schema\/logo\/image\/","url":"https:\/\/alcompasrevista.com\/wp-content\/uploads\/2022\/04\/cropped-loog_blanco.png","contentUrl":"https:\/\/alcompasrevista.com\/wp-content\/uploads\/2022\/04\/cropped-loog_blanco.png","width":1612,"height":724,"caption":"Revista Al Comp\u00e0s"},"image":{"@id":"https:\/\/alcompasrevista.com\/#\/schema\/logo\/image\/"}},{"@type":"Person","@id":"https:\/\/alcompasrevista.com\/#\/schema\/person\/0f092e7196386afa42171db0d19a38ff","name":"Redacci\u00f3n","image":{"@type":"ImageObject","inLanguage":"va","@id":"https:\/\/secure.gravatar.com\/avatar\/e2831619d4dae93995d3da450c50013d912e0b8bdf34d9ea00126d97c2b7702e?s=96&d=mm&r=g","url":"https:\/\/secure.gravatar.com\/avatar\/e2831619d4dae93995d3da450c50013d912e0b8bdf34d9ea00126d97c2b7702e?s=96&d=mm&r=g","contentUrl":"https:\/\/secure.gravatar.com\/avatar\/e2831619d4dae93995d3da450c50013d912e0b8bdf34d9ea00126d97c2b7702e?s=96&d=mm&r=g","caption":"Redacci\u00f3n"},"url":"https:\/\/alcompasrevista.com\/va\/archivos\/author\/257_webmaster"}]}},"_links":{"self":[{"href":"https:\/\/alcompasrevista.com\/va\/wp-json\/wp\/v2\/posts\/8751","targetHints":{"allow":["GET"]}}],"collection":[{"href":"https:\/\/alcompasrevista.com\/va\/wp-json\/wp\/v2\/posts"}],"about":[{"href":"https:\/\/alcompasrevista.com\/va\/wp-json\/wp\/v2\/types\/post"}],"author":[{"embeddable":true,"href":"https:\/\/alcompasrevista.com\/va\/wp-json\/wp\/v2\/users\/860004"}],"replies":[{"embeddable":true,"href":"https:\/\/alcompasrevista.com\/va\/wp-json\/wp\/v2\/comments?post=8751"}],"version-history":[{"count":0,"href":"https:\/\/alcompasrevista.com\/va\/wp-json\/wp\/v2\/posts\/8751\/revisions"}],"wp:featuredmedia":[{"embeddable":true,"href":"https:\/\/alcompasrevista.com\/va\/wp-json\/wp\/v2\/media\/8784"}],"wp:attachment":[{"href":"https:\/\/alcompasrevista.com\/va\/wp-json\/wp\/v2\/media?parent=8751"}],"wp:term":[{"taxonomy":"category","embeddable":true,"href":"https:\/\/alcompasrevista.com\/va\/wp-json\/wp\/v2\/categories?post=8751"},{"taxonomy":"post_tag","embeddable":true,"href":"https:\/\/alcompasrevista.com\/va\/wp-json\/wp\/v2\/tags?post=8751"},{"taxonomy":"portada","embeddable":true,"href":"https:\/\/alcompasrevista.com\/va\/wp-json\/wp\/v2\/portada?post=8751"}],"curies":[{"name":"wp","href":"https:\/\/api.w.org\/{rel}","templated":true}]}}