{"id":8730,"date":"2022-07-27T11:27:30","date_gmt":"2022-07-27T09:27:30","guid":{"rendered":"https:\/\/alcompasrevista.com\/la-agrupacion-musical-los-silos-de-burjassot-logra-dos-premios-en-el-wmc-kerkrade-2022\/"},"modified":"2022-07-27T11:30:00","modified_gmt":"2022-07-27T09:30:00","slug":"la-agrupacion-musical-los-silos-de-burjassot-logra-dos-premios-en-el-wmc-kerkrade-2022","status":"publish","type":"post","link":"https:\/\/alcompasrevista.com\/va\/archivos\/8730","title":{"rendered":"L&#8217;Agrupaci\u00f3 Musical Los Silos de Burjassot aconsegueix dos premis en el WMC Kerkrade 2022"},"content":{"rendered":"\n<p>L&#8217;Agrupaci\u00f3 Musical Los Silos de Burjassot va participar el passat 16 de juliol en la Primera Secci\u00f3 del World Music Contest de Kerkrade 2022, un dels cert\u00e0mens de bandes m\u00e9s prestigiosos del m\u00f3n que se celebra cada quatre anys a Holanda.<\/p>\n\n\n\n<p>La banda de Burjassot, dirigida per Javier L\u00f3pez Sal\u00f3n, va aconseguir la medalla d&#8217;or per la setena pla\u00e7a de secci\u00f3 amb 88,83 punts i el premi a la millor interpretaci\u00f3 solista per al bombard\u00ed Iv\u00e1n Albert.<\/p>\n\n\n\n<p>Un gran \u00e8xit per a una agrupaci\u00f3 que compta amb pocs m\u00fasics professionals i que va aconseguir superar a grans formacions musicals en puntuaci\u00f3.<\/p>\n\n\n\n<p>En aquesta secci\u00f3 van participar un total d&#8217;11 bandes, la majoria d&#8217;elles professionals. La banda Burjassot i la de Tavernes de la Valldigna, \u00faniques representants espanyoles, estan formades per m\u00fasics amateur i per molts estudiants.<\/p>\n\n\n\n<p>La m\u00e0xima puntuaci\u00f3 va ser per a Harmonie St. Cecilia Grevenbicht-Pepenhoven (94,00). El podi el van completar la National Youth Wind Orchestra of Switzerland (93,67) i la Sinfonisches Blasorchester del Tirol (93,50).<\/p>\n\n\n\n<figure class=\"wp-block-gallery has-nested-images columns-default is-cropped wp-block-gallery-1 is-layout-flex wp-block-gallery-is-layout-flex\">\n<figure class=\"wp-block-image size-full\"><img decoding=\"async\" data-id=\"8726\" src=\"https:\/\/alcompasrevista.com\/wp-content\/uploads\/2022\/07\/1.jpeg\" alt=\"\" class=\"wp-image-8726\"\/><\/figure>\n\n\n\n<figure class=\"wp-block-image size-full\"><img decoding=\"async\" data-id=\"8727\" src=\"https:\/\/alcompasrevista.com\/wp-content\/uploads\/2022\/07\/2-1.jpeg\" alt=\"\" class=\"wp-image-8727\"\/><\/figure>\n\n\n\n<figure class=\"wp-block-image size-large\"><img decoding=\"async\" data-id=\"8725\" src=\"https:\/\/alcompasrevista.com\/wp-content\/uploads\/2022\/07\/banda_en_kerkrade.jpeg\" alt=\"\" class=\"wp-image-8725\"\/><\/figure>\n\n\n\n<figure class=\"wp-block-image size-full\"><img decoding=\"async\" data-id=\"8724\" src=\"https:\/\/alcompasrevista.com\/wp-content\/uploads\/2022\/07\/ivan_albert-premio_mejor_solista.jpeg\" alt=\"\" class=\"wp-image-8724\"\/><\/figure>\n<\/figure>\n","protected":false},"excerpt":{"rendered":"<p>L&#8217;Agrupaci\u00f3 Musical Los Silos de Burjassot va participar el passat 16 de juliol en la Primera Secci\u00f3 del World Music Contest de Kerkrade 2022, un dels cert\u00e0mens de bandes m\u00e9s [&hellip;]<\/p>\n","protected":false},"author":860002,"featured_media":8723,"comment_status":"closed","ping_status":"closed","sticky":false,"template":"","format":"standard","meta":{"footnotes":""},"categories":[29],"tags":[],"portada":[],"class_list":["post-8730","post","type-post","status-publish","format-standard","has-post-thumbnail","hentry","category-noticies-va"],"yoast_head":"<!-- This site is optimized with the Yoast SEO plugin v27.4 - https:\/\/yoast.com\/product\/yoast-seo-wordpress\/ -->\n<title>L&#039;Agrupaci\u00f3 Musical Los Silos de Burjassot aconsegueix dos premis en el WMC Kerkrade 2022 - Revista Al Comp\u00e0s<\/title>\n<meta name=\"robots\" content=\"index, follow, max-snippet:-1, max-image-preview:large, max-video-preview:-1\" \/>\n<link rel=\"canonical\" href=\"https:\/\/alcompasrevista.com\/archivos\/8721\" \/>\n<meta property=\"og:locale\" content=\"en_US\" \/>\n<meta property=\"og:type\" content=\"article\" \/>\n<meta property=\"og:title\" content=\"L&#039;Agrupaci\u00f3 Musical Los Silos de Burjassot aconsegueix dos premis en el WMC Kerkrade 2022 - Revista Al Comp\u00e0s\" \/>\n<meta property=\"og:description\" content=\"L&#8217;Agrupaci\u00f3 Musical Los Silos de Burjassot va participar el passat 16 de juliol en la Primera Secci\u00f3 del World Music Contest de Kerkrade 2022, un dels cert\u00e0mens de bandes m\u00e9s [&hellip;]\" \/>\n<meta property=\"og:url\" content=\"https:\/\/alcompasrevista.com\/archivos\/8721\" \/>\n<meta property=\"og:site_name\" content=\"Revista Al Comp\u00e0s\" \/>\n<meta property=\"article:published_time\" content=\"2022-07-27T09:27:30+00:00\" \/>\n<meta property=\"article:modified_time\" content=\"2022-07-27T09:30:00+00:00\" \/>\n<meta property=\"og:image\" content=\"https:\/\/alcompasrevista.com\/wp-content\/uploads\/2022\/07\/2.jpeg\" \/>\n\t<meta property=\"og:image:width\" content=\"1024\" \/>\n\t<meta property=\"og:image:height\" content=\"768\" \/>\n\t<meta property=\"og:image:type\" content=\"image\/jpeg\" \/>\n<meta name=\"author\" content=\"Redacci\u00f3n\" \/>\n<meta name=\"twitter:card\" content=\"summary_large_image\" \/>\n<meta name=\"twitter:label1\" content=\"Written by\" \/>\n\t<meta name=\"twitter:data1\" content=\"Redacci\u00f3\" \/>\n\t<meta name=\"twitter:label2\" content=\"Est. reading time\" \/>\n\t<meta name=\"twitter:data2\" content=\"2 minutes\" \/>\n<script type=\"application\/ld+json\" class=\"yoast-schema-graph\">{\"@context\":\"https:\\\/\\\/schema.org\",\"@graph\":[{\"@type\":\"Article\",\"@id\":\"https:\\\/\\\/alcompasrevista.com\\\/archivos\\\/8721#article\",\"isPartOf\":{\"@id\":\"https:\\\/\\\/alcompasrevista.com\\\/archivos\\\/8721\"},\"author\":{\"name\":\"Redacci\u00f3n\",\"@id\":\"https:\\\/\\\/alcompasrevista.com\\\/#\\\/schema\\\/person\\\/c10652a34fa01d238ecd498d150347fc\"},\"headline\":\"L&#8217;Agrupaci\u00f3 Musical Los Silos de Burjassot aconsegueix dos premis en el WMC Kerkrade 2022\",\"datePublished\":\"2022-07-27T09:27:30+00:00\",\"dateModified\":\"2022-07-27T09:30:00+00:00\",\"mainEntityOfPage\":{\"@id\":\"https:\\\/\\\/alcompasrevista.com\\\/archivos\\\/8721\"},\"wordCount\":189,\"publisher\":{\"@id\":\"https:\\\/\\\/alcompasrevista.com\\\/#organization\"},\"image\":{\"@id\":\"https:\\\/\\\/alcompasrevista.com\\\/archivos\\\/8721#primaryimage\"},\"thumbnailUrl\":\"https:\\\/\\\/alcompasrevista.com\\\/wp-content\\\/uploads\\\/2022\\\/07\\\/2.jpeg\",\"articleSection\":[\"#Not\u00edcies\"],\"inLanguage\":\"va\"},{\"@type\":\"WebPage\",\"@id\":\"https:\\\/\\\/alcompasrevista.com\\\/archivos\\\/8721\",\"url\":\"https:\\\/\\\/alcompasrevista.com\\\/archivos\\\/8721\",\"name\":\"L'Agrupaci\u00f3 Musical Los Silos de Burjassot aconsegueix dos premis en el WMC Kerkrade 2022 - Revista Al Comp\u00e0s\",\"isPartOf\":{\"@id\":\"https:\\\/\\\/alcompasrevista.com\\\/#website\"},\"primaryImageOfPage\":{\"@id\":\"https:\\\/\\\/alcompasrevista.com\\\/archivos\\\/8721#primaryimage\"},\"image\":{\"@id\":\"https:\\\/\\\/alcompasrevista.com\\\/archivos\\\/8721#primaryimage\"},\"thumbnailUrl\":\"https:\\\/\\\/alcompasrevista.com\\\/wp-content\\\/uploads\\\/2022\\\/07\\\/2.jpeg\",\"datePublished\":\"2022-07-27T09:27:30+00:00\",\"dateModified\":\"2022-07-27T09:30:00+00:00\",\"breadcrumb\":{\"@id\":\"https:\\\/\\\/alcompasrevista.com\\\/archivos\\\/8721#breadcrumb\"},\"inLanguage\":\"va\",\"potentialAction\":[{\"@type\":\"ReadAction\",\"target\":[\"https:\\\/\\\/alcompasrevista.com\\\/archivos\\\/8721\"]}]},{\"@type\":\"ImageObject\",\"inLanguage\":\"va\",\"@id\":\"https:\\\/\\\/alcompasrevista.com\\\/archivos\\\/8721#primaryimage\",\"url\":\"https:\\\/\\\/alcompasrevista.com\\\/wp-content\\\/uploads\\\/2022\\\/07\\\/2.jpeg\",\"contentUrl\":\"https:\\\/\\\/alcompasrevista.com\\\/wp-content\\\/uploads\\\/2022\\\/07\\\/2.jpeg\",\"width\":1024,\"height\":768},{\"@type\":\"BreadcrumbList\",\"@id\":\"https:\\\/\\\/alcompasrevista.com\\\/archivos\\\/8721#breadcrumb\",\"itemListElement\":[{\"@type\":\"ListItem\",\"position\":1,\"name\":\"Portada\",\"item\":\"https:\\\/\\\/alcompasrevista.com\\\/va\"},{\"@type\":\"ListItem\",\"position\":2,\"name\":\"L&#8217;Agrupaci\u00f3 Musical Los Silos de Burjassot aconsegueix dos premis en el WMC Kerkrade 2022\"}]},{\"@type\":\"WebSite\",\"@id\":\"https:\\\/\\\/alcompasrevista.com\\\/#website\",\"url\":\"https:\\\/\\\/alcompasrevista.com\\\/\",\"name\":\"Revista Al Comp\u00e0s\",\"description\":\"Un proyecto de la Federaci\u00f3n de Sociedades Musicales de la Comunidad Valenciana\",\"publisher\":{\"@id\":\"https:\\\/\\\/alcompasrevista.com\\\/#organization\"},\"potentialAction\":[{\"@type\":\"SearchAction\",\"target\":{\"@type\":\"EntryPoint\",\"urlTemplate\":\"https:\\\/\\\/alcompasrevista.com\\\/?s={search_term_string}\"},\"query-input\":{\"@type\":\"PropertyValueSpecification\",\"valueRequired\":true,\"valueName\":\"search_term_string\"}}],\"inLanguage\":\"va\"},{\"@type\":\"Organization\",\"@id\":\"https:\\\/\\\/alcompasrevista.com\\\/#organization\",\"name\":\"Revista Al Comp\u00e0s\",\"url\":\"https:\\\/\\\/alcompasrevista.com\\\/\",\"logo\":{\"@type\":\"ImageObject\",\"inLanguage\":\"va\",\"@id\":\"https:\\\/\\\/alcompasrevista.com\\\/#\\\/schema\\\/logo\\\/image\\\/\",\"url\":\"https:\\\/\\\/alcompasrevista.com\\\/wp-content\\\/uploads\\\/2022\\\/04\\\/cropped-loog_blanco.png\",\"contentUrl\":\"https:\\\/\\\/alcompasrevista.com\\\/wp-content\\\/uploads\\\/2022\\\/04\\\/cropped-loog_blanco.png\",\"width\":1612,\"height\":724,\"caption\":\"Revista Al Comp\u00e0s\"},\"image\":{\"@id\":\"https:\\\/\\\/alcompasrevista.com\\\/#\\\/schema\\\/logo\\\/image\\\/\"}},{\"@type\":\"Person\",\"@id\":\"https:\\\/\\\/alcompasrevista.com\\\/#\\\/schema\\\/person\\\/c10652a34fa01d238ecd498d150347fc\",\"name\":\"Redacci\u00f3n\",\"image\":{\"@type\":\"ImageObject\",\"inLanguage\":\"va\",\"@id\":\"https:\\\/\\\/secure.gravatar.com\\\/avatar\\\/e6a6d0cd2ddec22e0ca7d21b7e49d4a0099fbdc1d476e5412893210bce942ce9?s=96&d=mm&r=g\",\"url\":\"https:\\\/\\\/secure.gravatar.com\\\/avatar\\\/e6a6d0cd2ddec22e0ca7d21b7e49d4a0099fbdc1d476e5412893210bce942ce9?s=96&d=mm&r=g\",\"contentUrl\":\"https:\\\/\\\/secure.gravatar.com\\\/avatar\\\/e6a6d0cd2ddec22e0ca7d21b7e49d4a0099fbdc1d476e5412893210bce942ce9?s=96&d=mm&r=g\",\"caption\":\"Redacci\u00f3n\"},\"url\":\"https:\\\/\\\/alcompasrevista.com\\\/va\\\/archivos\\\/author\\\/vhj_webmaster\"}]}<\/script>\n<!-- \/ Yoast SEO plugin. -->","yoast_head_json":{"title":"L'Agrupaci\u00f3 Musical Los Silos de Burjassot aconsegueix dos premis en el WMC Kerkrade 2022 - Revista Al Comp\u00e0s","robots":{"index":"index","follow":"follow","max-snippet":"max-snippet:-1","max-image-preview":"max-image-preview:large","max-video-preview":"max-video-preview:-1"},"canonical":"https:\/\/alcompasrevista.com\/archivos\/8721","og_locale":"en_US","og_type":"article","og_title":"L'Agrupaci\u00f3 Musical Los Silos de Burjassot aconsegueix dos premis en el WMC Kerkrade 2022 - Revista Al Comp\u00e0s","og_description":"L&#8217;Agrupaci\u00f3 Musical Los Silos de Burjassot va participar el passat 16 de juliol en la Primera Secci\u00f3 del World Music Contest de Kerkrade 2022, un dels cert\u00e0mens de bandes m\u00e9s [&hellip;]","og_url":"https:\/\/alcompasrevista.com\/archivos\/8721","og_site_name":"Revista Al Comp\u00e0s","article_published_time":"2022-07-27T09:27:30+00:00","article_modified_time":"2022-07-27T09:30:00+00:00","og_image":[{"width":1024,"height":768,"url":"https:\/\/alcompasrevista.com\/wp-content\/uploads\/2022\/07\/2.jpeg","type":"image\/jpeg"}],"author":"Redacci\u00f3n","twitter_card":"summary_large_image","twitter_misc":{"Written by":"Redacci\u00f3","Est. reading time":"2 minutes"},"schema":{"@context":"https:\/\/schema.org","@graph":[{"@type":"Article","@id":"https:\/\/alcompasrevista.com\/archivos\/8721#article","isPartOf":{"@id":"https:\/\/alcompasrevista.com\/archivos\/8721"},"author":{"name":"Redacci\u00f3n","@id":"https:\/\/alcompasrevista.com\/#\/schema\/person\/c10652a34fa01d238ecd498d150347fc"},"headline":"L&#8217;Agrupaci\u00f3 Musical Los Silos de Burjassot aconsegueix dos premis en el WMC Kerkrade 2022","datePublished":"2022-07-27T09:27:30+00:00","dateModified":"2022-07-27T09:30:00+00:00","mainEntityOfPage":{"@id":"https:\/\/alcompasrevista.com\/archivos\/8721"},"wordCount":189,"publisher":{"@id":"https:\/\/alcompasrevista.com\/#organization"},"image":{"@id":"https:\/\/alcompasrevista.com\/archivos\/8721#primaryimage"},"thumbnailUrl":"https:\/\/alcompasrevista.com\/wp-content\/uploads\/2022\/07\/2.jpeg","articleSection":["#Not\u00edcies"],"inLanguage":"va"},{"@type":"WebPage","@id":"https:\/\/alcompasrevista.com\/archivos\/8721","url":"https:\/\/alcompasrevista.com\/archivos\/8721","name":"L'Agrupaci\u00f3 Musical Los Silos de Burjassot aconsegueix dos premis en el WMC Kerkrade 2022 - Revista Al Comp\u00e0s","isPartOf":{"@id":"https:\/\/alcompasrevista.com\/#website"},"primaryImageOfPage":{"@id":"https:\/\/alcompasrevista.com\/archivos\/8721#primaryimage"},"image":{"@id":"https:\/\/alcompasrevista.com\/archivos\/8721#primaryimage"},"thumbnailUrl":"https:\/\/alcompasrevista.com\/wp-content\/uploads\/2022\/07\/2.jpeg","datePublished":"2022-07-27T09:27:30+00:00","dateModified":"2022-07-27T09:30:00+00:00","breadcrumb":{"@id":"https:\/\/alcompasrevista.com\/archivos\/8721#breadcrumb"},"inLanguage":"va","potentialAction":[{"@type":"ReadAction","target":["https:\/\/alcompasrevista.com\/archivos\/8721"]}]},{"@type":"ImageObject","inLanguage":"va","@id":"https:\/\/alcompasrevista.com\/archivos\/8721#primaryimage","url":"https:\/\/alcompasrevista.com\/wp-content\/uploads\/2022\/07\/2.jpeg","contentUrl":"https:\/\/alcompasrevista.com\/wp-content\/uploads\/2022\/07\/2.jpeg","width":1024,"height":768},{"@type":"BreadcrumbList","@id":"https:\/\/alcompasrevista.com\/archivos\/8721#breadcrumb","itemListElement":[{"@type":"ListItem","position":1,"name":"Portada","item":"https:\/\/alcompasrevista.com\/va"},{"@type":"ListItem","position":2,"name":"L&#8217;Agrupaci\u00f3 Musical Los Silos de Burjassot aconsegueix dos premis en el WMC Kerkrade 2022"}]},{"@type":"WebSite","@id":"https:\/\/alcompasrevista.com\/#website","url":"https:\/\/alcompasrevista.com\/","name":"Revista Al Comp\u00e0s","description":"Un proyecto de la Federaci\u00f3n de Sociedades Musicales de la Comunidad Valenciana","publisher":{"@id":"https:\/\/alcompasrevista.com\/#organization"},"potentialAction":[{"@type":"SearchAction","target":{"@type":"EntryPoint","urlTemplate":"https:\/\/alcompasrevista.com\/?s={search_term_string}"},"query-input":{"@type":"PropertyValueSpecification","valueRequired":true,"valueName":"search_term_string"}}],"inLanguage":"va"},{"@type":"Organization","@id":"https:\/\/alcompasrevista.com\/#organization","name":"Revista Al Comp\u00e0s","url":"https:\/\/alcompasrevista.com\/","logo":{"@type":"ImageObject","inLanguage":"va","@id":"https:\/\/alcompasrevista.com\/#\/schema\/logo\/image\/","url":"https:\/\/alcompasrevista.com\/wp-content\/uploads\/2022\/04\/cropped-loog_blanco.png","contentUrl":"https:\/\/alcompasrevista.com\/wp-content\/uploads\/2022\/04\/cropped-loog_blanco.png","width":1612,"height":724,"caption":"Revista Al Comp\u00e0s"},"image":{"@id":"https:\/\/alcompasrevista.com\/#\/schema\/logo\/image\/"}},{"@type":"Person","@id":"https:\/\/alcompasrevista.com\/#\/schema\/person\/c10652a34fa01d238ecd498d150347fc","name":"Redacci\u00f3n","image":{"@type":"ImageObject","inLanguage":"va","@id":"https:\/\/secure.gravatar.com\/avatar\/e6a6d0cd2ddec22e0ca7d21b7e49d4a0099fbdc1d476e5412893210bce942ce9?s=96&d=mm&r=g","url":"https:\/\/secure.gravatar.com\/avatar\/e6a6d0cd2ddec22e0ca7d21b7e49d4a0099fbdc1d476e5412893210bce942ce9?s=96&d=mm&r=g","contentUrl":"https:\/\/secure.gravatar.com\/avatar\/e6a6d0cd2ddec22e0ca7d21b7e49d4a0099fbdc1d476e5412893210bce942ce9?s=96&d=mm&r=g","caption":"Redacci\u00f3n"},"url":"https:\/\/alcompasrevista.com\/va\/archivos\/author\/vhj_webmaster"}]}},"_links":{"self":[{"href":"https:\/\/alcompasrevista.com\/va\/wp-json\/wp\/v2\/posts\/8730","targetHints":{"allow":["GET"]}}],"collection":[{"href":"https:\/\/alcompasrevista.com\/va\/wp-json\/wp\/v2\/posts"}],"about":[{"href":"https:\/\/alcompasrevista.com\/va\/wp-json\/wp\/v2\/types\/post"}],"author":[{"embeddable":true,"href":"https:\/\/alcompasrevista.com\/va\/wp-json\/wp\/v2\/users\/860002"}],"replies":[{"embeddable":true,"href":"https:\/\/alcompasrevista.com\/va\/wp-json\/wp\/v2\/comments?post=8730"}],"version-history":[{"count":0,"href":"https:\/\/alcompasrevista.com\/va\/wp-json\/wp\/v2\/posts\/8730\/revisions"}],"wp:featuredmedia":[{"embeddable":true,"href":"https:\/\/alcompasrevista.com\/va\/wp-json\/wp\/v2\/media\/8723"}],"wp:attachment":[{"href":"https:\/\/alcompasrevista.com\/va\/wp-json\/wp\/v2\/media?parent=8730"}],"wp:term":[{"taxonomy":"category","embeddable":true,"href":"https:\/\/alcompasrevista.com\/va\/wp-json\/wp\/v2\/categories?post=8730"},{"taxonomy":"post_tag","embeddable":true,"href":"https:\/\/alcompasrevista.com\/va\/wp-json\/wp\/v2\/tags?post=8730"},{"taxonomy":"portada","embeddable":true,"href":"https:\/\/alcompasrevista.com\/va\/wp-json\/wp\/v2\/portada?post=8730"}],"curies":[{"name":"wp","href":"https:\/\/api.w.org\/{rel}","templated":true}]}}