{"id":8693,"date":"2022-07-27T08:25:45","date_gmt":"2022-07-27T06:25:45","guid":{"rendered":"https:\/\/alcompasrevista.com\/?p=8693"},"modified":"2022-07-27T10:25:31","modified_gmt":"2022-07-27T08:25:31","slug":"la-jove-orquestra-simfonica-de-la-fsmcv-inicia-la-seua-marxa-fora-de-la-comunitat","status":"publish","type":"post","link":"https:\/\/alcompasrevista.com\/va\/archivos\/8693","title":{"rendered":"La Jove Orquestra Simf\u00f2nica de la FSMCV inicia la seua gira fora de la Comunitat"},"content":{"rendered":"\n<p>Sota la direcci\u00f3 de Crist\u00f3bal Soler, la gira de concerts tindr\u00e0 lloc del 2 al 17 de setembre a Cullera, Paterna, Pamplona i Madrid.<\/p>\n\n\n\n<p>La Jove Orquestra Simf\u00f2nica, integrada per m\u00fasics d&#8217;entre 15 i 24 anys, impulsa el talent jove i \u00e9s un referent de l&#8217;excel\u00b7l\u00e8ncia dels m\u00fasics valencians.<\/p>\n\n\n\n<p>La gira de concerts que emprendr\u00e0 al setembre la Jove Orquestra Simf\u00f2nica ser\u00e0 la primera vegada que recorrer\u00e0 diversos punts de la geografia espanyola per a concloure amb l&#8217;actuaci\u00f3 que oferir\u00e0 en el Teatre Monumental de Madrid, el dissabte 17 de setembre.<\/p>\n\n\n\n<p>Sota la batuta del prestigi\u00f3s director valenci\u00e0 Crist\u00f3bal Soler, suposar\u00e0 la primera vegada que aquesta unitat art\u00edstica, considerada una formaci\u00f3 orquestral d&#8217;alt rendiment, es desplegue fora de la Comunitat Valenciana, difonent el gran talent dels joves m\u00fasics valencians. <\/p>\n\n\n\n<p>Els primers concerts se celebraran a Cullera (Auditori Municipal, divendres 2 de setembre a les 20.00 hores) i Paterna (Auditori Municipal, diumenge 11 de setembre a les 11.30 hores), per a prosseguir a<br>Pamplona (Teatre Gayarre, divendres 16 de setembre a les 19.00 hores) i Madrid (Teatre Monumental, dissabte 17 de setembre a les 20.00 hores), concert que suposar\u00e0 el tancament d&#8217;aquesta temporada 2022 de l&#8217;orquestra. Com \u00e9s habitual, tots els concerts seran d&#8217;acc\u00e9s lliure fins a completar aforament.&nbsp;<\/p>\n\n\n\n<p>Formada per una selecci\u00f3 de 80 m\u00fasics amb edats compreses entre els 15 i els 24 anys, la Jove Orquestra Simf\u00f2nica \u00e9s una de les l\u00ednies estrat\u00e8giques que la FSMCV du a terme des de 2014, quan va ser creada sota la direcci\u00f3 art\u00edstica del mestre Crist\u00f3bal Soler. Concebuda com un projecte art\u00edstic i pedag\u00f2gic, la Jove Orquestra Simf\u00f2nica reuneix una selecci\u00f3 de joves m\u00fasics valencians en edat de formaci\u00f3, oferint-los l&#8217;oportunitat de complementar els seus estudis en un entorn semi-professional, amb professorat  especialitzat de reconegut prestigi, en diversos auditoris i treballant amb alguns dels millors directors orquestrals del moment.<\/p>\n\n\n\n<p><br>Per a Daniela Gonz\u00e1lez, presidenta de la FSMCV, \u201cLa Jove Orquestra Simf\u00f2nica \u00e9s un projecte art\u00edstic de refer\u00e8ncia que impulsem des de FSMCV, integrada per m\u00fasics de les nostres societats musicals, i suposa la millor carta de presentaci\u00f3 de l&#8217;excel\u00b7l\u00e8ncia art\u00edstica que caracteritza al nostre moviment. Per aix\u00f2, tenim molta il\u00b7lusi\u00f3 per emprendre aquesta gira i poder mostrar amb orgull, fora del nostre territori,<br>l&#8217;alt\u00edssim nivell dels joves m\u00fasics valencians\u201d. <\/p>\n\n\n\n<p>El repertori triat per a aquesta gira de concerts es compon de la Simfonia n\u00fam. 4 de P.I. Tchaikovsky i <em>Chants d\u2019<\/em>Auvergne, de Joseph Canteloube, un repertori que els membres de l&#8217;orquestra treballaran durant la trobada pedag\u00f2gica que donar\u00e0 principi el 29 d&#8217;agost a Cullera i es prolongar\u00e0 amb un intens planning durant tota la setmana.<\/p>\n\n\n\n<p>La temporada de la Jove Orquestra Simf\u00f2nica de la FSMCV s&#8217;emmarca en la l\u00ednia de subvenci\u00f3 concedida a la FSMCV per part del Ministeri de Cultura i Esport, a trav\u00e9s de l&#8217;Institut Nacional de les Arts Esc\u00e8niques i de la M\u00fasica (INAEM), per a l&#8217;exercici 2022. Aix\u00ed mateix, en virtut del conveni signat entre MAPFRE i la FSMCV, l&#8217;entitat asseguradora patrocina el projecte de la Jove Orquestra Simf\u00f2nica de la FSMCV en el desenvolupament de la seua activitat durant aquest any.<\/p>\n\n\n\n<figure class=\"wp-block-image aligncenter size-full\"><img loading=\"lazy\" decoding=\"async\" width=\"760\" height=\"430\" src=\"https:\/\/alcompasrevista.com\/wp-content\/uploads\/2022\/07\/Diseno-sin-titulo-84.jpg\" alt=\"\" class=\"wp-image-8696\" srcset=\"https:\/\/alcompasrevista.com\/wp-content\/uploads\/2022\/07\/Diseno-sin-titulo-84.jpg 760w, https:\/\/alcompasrevista.com\/wp-content\/uploads\/2022\/07\/Diseno-sin-titulo-84-300x170.jpg 300w\" sizes=\"auto, (max-width: 760px) 100vw, 760px\" \/><figcaption>JOS en el Palau de Les Arts 2022 <\/figcaption><\/figure>\n\n\n\n<p>La Jove Orquestra Simf\u00f2nica de la FSMCV va ser creada en 2014 com una unitat art\u00edstica d&#8217;alt rendiment amb uns clars objectius pedag\u00f2gics i art\u00edstics. Fomentar i potenciar l&#8217;estudi i la pr\u00e0ctica dels instruments de corda en el si de les societats musicals de la Comunitat Valenciana i les seues escoles de m\u00fasica, aix\u00ed com detectar, impulsar i fomentar el talent jove, oferint als m\u00fasics una primera experi\u00e8ncia dins d&#8217;un entorn orquestral semi-professional, s\u00f3n objectius fonamentals d&#8217;aquesta jove orquestra.&nbsp;<br>La formaci\u00f3 articula les seues temporades art\u00edstiques sobre la base de dues trobades pedag\u00f2giques anuals, coincidint amb per\u00edodes no lectius, d&#8217;aproximadament una setmana de duraci\u00f3 cadascun, que conclouen amb una s\u00e8rie de concerts amb el repertori programat.&nbsp;<\/p>\n\n\n\n<p><br>La Jove Orquestra Simf\u00f2nica va debutar en 2014 en el Palau de la M\u00fasica de Val\u00e8ncia amb l&#8217;estrena de l&#8217;obra \u2018Overture\u2019, de Francisco Coll. Des de llavors, ha desenvolupat la seua activitat en un gran nombre d&#8217;auditoris de la Comunitat Valenciana , com el Palau de les Arts, Palau de la M\u00fasica, Auditori de la Diputaci\u00f3 d&#8217;Alacant (ADDA), o l&#8217;Auditori i Palacio de Congressos de Castell\u00f3, al mateix temps que col\u00b7labora amb agrupacions i entitats com el Orfe\u00f3 Valenci\u00e0, el Conservatori Superior de M\u00fasica Joaqu\u00edn Rodrigo de Val\u00e8ncia i l&#8217;Acad\u00e8mia Internacional de Direcci\u00f3 d&#8217;Orquestra AIDO, entre altres.&nbsp; <\/p>\n\n\n\n<figure class=\"wp-block-image aligncenter size-full\"><img loading=\"lazy\" decoding=\"async\" width=\"760\" height=\"430\" src=\"https:\/\/alcompasrevista.com\/wp-content\/uploads\/2022\/07\/Diseno-sin-titulo-85.jpg\" alt=\"\" class=\"wp-image-8694\" srcset=\"https:\/\/alcompasrevista.com\/wp-content\/uploads\/2022\/07\/Diseno-sin-titulo-85.jpg 760w, https:\/\/alcompasrevista.com\/wp-content\/uploads\/2022\/07\/Diseno-sin-titulo-85-300x170.jpg 300w\" sizes=\"auto, (max-width: 760px) 100vw, 760px\" \/><figcaption>Crist\u00f3bal Soler<\/figcaption><\/figure>\n\n\n\n<p>Amb repertori eminentment simf\u00f2nic i l\u00edric, la Jove Orquestra Simf\u00f2nica est\u00e0 dirigida pel prestigi\u00f3s director valenci\u00e0 Crist\u00f3bal Soler, considerat un dels directors m\u00e9s reconeguts de la seua generaci\u00f3, exdirector musical del Teatre de la Zarzuela de Madrid, director associat de l&#8217;Orquestra Simf\u00f2nica de Navarra, exdirector art\u00edstic de la Setmana de M\u00fasica Religiosa de Conca, a m\u00e9s de president i fundador de l&#8217;Associaci\u00f3 Espanyola de Directors d&#8217;Orquestra (AESDO) i director de l&#8217;Acad\u00e8mia Internacional de Direcci\u00f3 d&#8217;Orquestra AIDO-Jos\u00e9 Collado.<\/p>\n","protected":false},"excerpt":{"rendered":"<p>La gira de concerts que emprendr\u00e0 al setembre la Jove Orquestra Simf\u00f2nica ser\u00e0 la primera vegada que, recorrer\u00e0 diversos punts de la geografia espanyola per a concloure amb l&#8217;actuaci\u00f3 que oferir\u00e0 en el Teatre Monumental de Madrid, el dissabte 17 de setembre.<\/p>\n","protected":false},"author":860004,"featured_media":8698,"comment_status":"closed","ping_status":"closed","sticky":false,"template":"","format":"standard","meta":{"footnotes":""},"categories":[29],"tags":[239,240],"portada":[241,242],"class_list":["post-8693","post","type-post","status-publish","format-standard","has-post-thumbnail","hentry","category-noticies-va","tag-fsmcv","tag-jove-orquestra-simfonica","portada-fsmcv","portada-jove-orquestra-simfonica"],"yoast_head":"<!-- This site is optimized with the Yoast SEO plugin v27.4 - https:\/\/yoast.com\/product\/yoast-seo-wordpress\/ -->\n<title>La Jove Orquestra Simf\u00f2nica de la FSMCV inicia la seua gira fora de la Comunitat - Revista Al Comp\u00e0s<\/title>\n<meta name=\"robots\" content=\"index, follow, max-snippet:-1, max-image-preview:large, max-video-preview:-1\" \/>\n<link rel=\"canonical\" href=\"https:\/\/alcompasrevista.com\/archivos\/8701\" \/>\n<meta property=\"og:locale\" content=\"en_US\" \/>\n<meta property=\"og:type\" content=\"article\" \/>\n<meta property=\"og:title\" content=\"La Jove Orquestra Simf\u00f2nica de la FSMCV inicia la seua gira fora de la Comunitat - Revista Al Comp\u00e0s\" \/>\n<meta property=\"og:description\" content=\"La gira de concerts que emprendr\u00e0 al setembre la Jove Orquestra Simf\u00f2nica ser\u00e0 la primera vegada que, recorrer\u00e0 diversos punts de la geografia espanyola per a concloure amb l&#039;actuaci\u00f3 que oferir\u00e0 en el Teatre Monumental de Madrid, el dissabte 17 de setembre.\" \/>\n<meta property=\"og:url\" content=\"https:\/\/alcompasrevista.com\/archivos\/8701\" \/>\n<meta property=\"og:site_name\" content=\"Revista Al Comp\u00e0s\" \/>\n<meta property=\"article:published_time\" content=\"2022-07-27T06:25:45+00:00\" \/>\n<meta property=\"article:modified_time\" content=\"2022-07-27T08:25:31+00:00\" \/>\n<meta property=\"og:image\" content=\"https:\/\/alcompasrevista.com\/wp-content\/uploads\/2022\/07\/Diseno-sin-titulo-83.jpg\" \/>\n\t<meta property=\"og:image:width\" content=\"760\" \/>\n\t<meta property=\"og:image:height\" content=\"430\" \/>\n\t<meta property=\"og:image:type\" content=\"image\/jpeg\" \/>\n<meta name=\"author\" content=\"Redacci\u00f3n\" \/>\n<meta name=\"twitter:card\" content=\"summary_large_image\" \/>\n<meta name=\"twitter:label1\" content=\"Written by\" \/>\n\t<meta name=\"twitter:data1\" content=\"Redacci\u00f3\" \/>\n\t<meta name=\"twitter:label2\" content=\"Est. reading time\" \/>\n\t<meta name=\"twitter:data2\" content=\"5 minutes\" \/>\n<script type=\"application\/ld+json\" class=\"yoast-schema-graph\">{\"@context\":\"https:\\\/\\\/schema.org\",\"@graph\":[{\"@type\":\"Article\",\"@id\":\"https:\\\/\\\/alcompasrevista.com\\\/archivos\\\/8701#article\",\"isPartOf\":{\"@id\":\"https:\\\/\\\/alcompasrevista.com\\\/archivos\\\/8701\"},\"author\":{\"name\":\"Redacci\u00f3n\",\"@id\":\"https:\\\/\\\/alcompasrevista.com\\\/#\\\/schema\\\/person\\\/0f092e7196386afa42171db0d19a38ff\"},\"headline\":\"La Jove Orquestra Simf\u00f2nica de la FSMCV inicia la seua gira fora de la Comunitat\",\"datePublished\":\"2022-07-27T06:25:45+00:00\",\"dateModified\":\"2022-07-27T08:25:31+00:00\",\"mainEntityOfPage\":{\"@id\":\"https:\\\/\\\/alcompasrevista.com\\\/archivos\\\/8701\"},\"wordCount\":919,\"publisher\":{\"@id\":\"https:\\\/\\\/alcompasrevista.com\\\/#organization\"},\"image\":{\"@id\":\"https:\\\/\\\/alcompasrevista.com\\\/archivos\\\/8701#primaryimage\"},\"thumbnailUrl\":\"https:\\\/\\\/alcompasrevista.com\\\/wp-content\\\/uploads\\\/2022\\\/07\\\/Diseno-sin-titulo-83.jpg\",\"keywords\":[\"FSMCV\",\"Jove Orquestra Simf\u00f2nica\"],\"articleSection\":[\"#Not\u00edcies\"],\"inLanguage\":\"va\"},{\"@type\":\"WebPage\",\"@id\":\"https:\\\/\\\/alcompasrevista.com\\\/archivos\\\/8701\",\"url\":\"https:\\\/\\\/alcompasrevista.com\\\/archivos\\\/8701\",\"name\":\"La Jove Orquestra Simf\u00f2nica de la FSMCV inicia la seua gira fora de la Comunitat - Revista Al Comp\u00e0s\",\"isPartOf\":{\"@id\":\"https:\\\/\\\/alcompasrevista.com\\\/#website\"},\"primaryImageOfPage\":{\"@id\":\"https:\\\/\\\/alcompasrevista.com\\\/archivos\\\/8701#primaryimage\"},\"image\":{\"@id\":\"https:\\\/\\\/alcompasrevista.com\\\/archivos\\\/8701#primaryimage\"},\"thumbnailUrl\":\"https:\\\/\\\/alcompasrevista.com\\\/wp-content\\\/uploads\\\/2022\\\/07\\\/Diseno-sin-titulo-83.jpg\",\"datePublished\":\"2022-07-27T06:25:45+00:00\",\"dateModified\":\"2022-07-27T08:25:31+00:00\",\"breadcrumb\":{\"@id\":\"https:\\\/\\\/alcompasrevista.com\\\/archivos\\\/8701#breadcrumb\"},\"inLanguage\":\"va\",\"potentialAction\":[{\"@type\":\"ReadAction\",\"target\":[\"https:\\\/\\\/alcompasrevista.com\\\/archivos\\\/8701\"]}]},{\"@type\":\"ImageObject\",\"inLanguage\":\"va\",\"@id\":\"https:\\\/\\\/alcompasrevista.com\\\/archivos\\\/8701#primaryimage\",\"url\":\"https:\\\/\\\/alcompasrevista.com\\\/wp-content\\\/uploads\\\/2022\\\/07\\\/Diseno-sin-titulo-83.jpg\",\"contentUrl\":\"https:\\\/\\\/alcompasrevista.com\\\/wp-content\\\/uploads\\\/2022\\\/07\\\/Diseno-sin-titulo-83.jpg\",\"width\":760,\"height\":430},{\"@type\":\"BreadcrumbList\",\"@id\":\"https:\\\/\\\/alcompasrevista.com\\\/archivos\\\/8701#breadcrumb\",\"itemListElement\":[{\"@type\":\"ListItem\",\"position\":1,\"name\":\"Portada\",\"item\":\"https:\\\/\\\/alcompasrevista.com\\\/va\"},{\"@type\":\"ListItem\",\"position\":2,\"name\":\"La Jove Orquestra Simf\u00f2nica de la FSMCV inicia la seua gira fora de la Comunitat\"}]},{\"@type\":\"WebSite\",\"@id\":\"https:\\\/\\\/alcompasrevista.com\\\/#website\",\"url\":\"https:\\\/\\\/alcompasrevista.com\\\/\",\"name\":\"Revista Al Comp\u00e0s\",\"description\":\"Un proyecto de la Federaci\u00f3n de Sociedades Musicales de la Comunidad Valenciana\",\"publisher\":{\"@id\":\"https:\\\/\\\/alcompasrevista.com\\\/#organization\"},\"potentialAction\":[{\"@type\":\"SearchAction\",\"target\":{\"@type\":\"EntryPoint\",\"urlTemplate\":\"https:\\\/\\\/alcompasrevista.com\\\/?s={search_term_string}\"},\"query-input\":{\"@type\":\"PropertyValueSpecification\",\"valueRequired\":true,\"valueName\":\"search_term_string\"}}],\"inLanguage\":\"va\"},{\"@type\":\"Organization\",\"@id\":\"https:\\\/\\\/alcompasrevista.com\\\/#organization\",\"name\":\"Revista Al Comp\u00e0s\",\"url\":\"https:\\\/\\\/alcompasrevista.com\\\/\",\"logo\":{\"@type\":\"ImageObject\",\"inLanguage\":\"va\",\"@id\":\"https:\\\/\\\/alcompasrevista.com\\\/#\\\/schema\\\/logo\\\/image\\\/\",\"url\":\"https:\\\/\\\/alcompasrevista.com\\\/wp-content\\\/uploads\\\/2022\\\/04\\\/cropped-loog_blanco.png\",\"contentUrl\":\"https:\\\/\\\/alcompasrevista.com\\\/wp-content\\\/uploads\\\/2022\\\/04\\\/cropped-loog_blanco.png\",\"width\":1612,\"height\":724,\"caption\":\"Revista Al Comp\u00e0s\"},\"image\":{\"@id\":\"https:\\\/\\\/alcompasrevista.com\\\/#\\\/schema\\\/logo\\\/image\\\/\"}},{\"@type\":\"Person\",\"@id\":\"https:\\\/\\\/alcompasrevista.com\\\/#\\\/schema\\\/person\\\/0f092e7196386afa42171db0d19a38ff\",\"name\":\"Redacci\u00f3n\",\"image\":{\"@type\":\"ImageObject\",\"inLanguage\":\"va\",\"@id\":\"https:\\\/\\\/secure.gravatar.com\\\/avatar\\\/e2831619d4dae93995d3da450c50013d912e0b8bdf34d9ea00126d97c2b7702e?s=96&d=mm&r=g\",\"url\":\"https:\\\/\\\/secure.gravatar.com\\\/avatar\\\/e2831619d4dae93995d3da450c50013d912e0b8bdf34d9ea00126d97c2b7702e?s=96&d=mm&r=g\",\"contentUrl\":\"https:\\\/\\\/secure.gravatar.com\\\/avatar\\\/e2831619d4dae93995d3da450c50013d912e0b8bdf34d9ea00126d97c2b7702e?s=96&d=mm&r=g\",\"caption\":\"Redacci\u00f3n\"},\"url\":\"https:\\\/\\\/alcompasrevista.com\\\/va\\\/archivos\\\/author\\\/257_webmaster\"}]}<\/script>\n<!-- \/ Yoast SEO plugin. -->","yoast_head_json":{"title":"La Jove Orquestra Simf\u00f2nica de la FSMCV inicia la seua gira fora de la Comunitat - Revista Al Comp\u00e0s","robots":{"index":"index","follow":"follow","max-snippet":"max-snippet:-1","max-image-preview":"max-image-preview:large","max-video-preview":"max-video-preview:-1"},"canonical":"https:\/\/alcompasrevista.com\/archivos\/8701","og_locale":"en_US","og_type":"article","og_title":"La Jove Orquestra Simf\u00f2nica de la FSMCV inicia la seua gira fora de la Comunitat - Revista Al Comp\u00e0s","og_description":"La gira de concerts que emprendr\u00e0 al setembre la Jove Orquestra Simf\u00f2nica ser\u00e0 la primera vegada que, recorrer\u00e0 diversos punts de la geografia espanyola per a concloure amb l'actuaci\u00f3 que oferir\u00e0 en el Teatre Monumental de Madrid, el dissabte 17 de setembre.","og_url":"https:\/\/alcompasrevista.com\/archivos\/8701","og_site_name":"Revista Al Comp\u00e0s","article_published_time":"2022-07-27T06:25:45+00:00","article_modified_time":"2022-07-27T08:25:31+00:00","og_image":[{"width":760,"height":430,"url":"https:\/\/alcompasrevista.com\/wp-content\/uploads\/2022\/07\/Diseno-sin-titulo-83.jpg","type":"image\/jpeg"}],"author":"Redacci\u00f3n","twitter_card":"summary_large_image","twitter_misc":{"Written by":"Redacci\u00f3","Est. reading time":"5 minutes"},"schema":{"@context":"https:\/\/schema.org","@graph":[{"@type":"Article","@id":"https:\/\/alcompasrevista.com\/archivos\/8701#article","isPartOf":{"@id":"https:\/\/alcompasrevista.com\/archivos\/8701"},"author":{"name":"Redacci\u00f3n","@id":"https:\/\/alcompasrevista.com\/#\/schema\/person\/0f092e7196386afa42171db0d19a38ff"},"headline":"La Jove Orquestra Simf\u00f2nica de la FSMCV inicia la seua gira fora de la Comunitat","datePublished":"2022-07-27T06:25:45+00:00","dateModified":"2022-07-27T08:25:31+00:00","mainEntityOfPage":{"@id":"https:\/\/alcompasrevista.com\/archivos\/8701"},"wordCount":919,"publisher":{"@id":"https:\/\/alcompasrevista.com\/#organization"},"image":{"@id":"https:\/\/alcompasrevista.com\/archivos\/8701#primaryimage"},"thumbnailUrl":"https:\/\/alcompasrevista.com\/wp-content\/uploads\/2022\/07\/Diseno-sin-titulo-83.jpg","keywords":["FSMCV","Jove Orquestra Simf\u00f2nica"],"articleSection":["#Not\u00edcies"],"inLanguage":"va"},{"@type":"WebPage","@id":"https:\/\/alcompasrevista.com\/archivos\/8701","url":"https:\/\/alcompasrevista.com\/archivos\/8701","name":"La Jove Orquestra Simf\u00f2nica de la FSMCV inicia la seua gira fora de la Comunitat - Revista Al Comp\u00e0s","isPartOf":{"@id":"https:\/\/alcompasrevista.com\/#website"},"primaryImageOfPage":{"@id":"https:\/\/alcompasrevista.com\/archivos\/8701#primaryimage"},"image":{"@id":"https:\/\/alcompasrevista.com\/archivos\/8701#primaryimage"},"thumbnailUrl":"https:\/\/alcompasrevista.com\/wp-content\/uploads\/2022\/07\/Diseno-sin-titulo-83.jpg","datePublished":"2022-07-27T06:25:45+00:00","dateModified":"2022-07-27T08:25:31+00:00","breadcrumb":{"@id":"https:\/\/alcompasrevista.com\/archivos\/8701#breadcrumb"},"inLanguage":"va","potentialAction":[{"@type":"ReadAction","target":["https:\/\/alcompasrevista.com\/archivos\/8701"]}]},{"@type":"ImageObject","inLanguage":"va","@id":"https:\/\/alcompasrevista.com\/archivos\/8701#primaryimage","url":"https:\/\/alcompasrevista.com\/wp-content\/uploads\/2022\/07\/Diseno-sin-titulo-83.jpg","contentUrl":"https:\/\/alcompasrevista.com\/wp-content\/uploads\/2022\/07\/Diseno-sin-titulo-83.jpg","width":760,"height":430},{"@type":"BreadcrumbList","@id":"https:\/\/alcompasrevista.com\/archivos\/8701#breadcrumb","itemListElement":[{"@type":"ListItem","position":1,"name":"Portada","item":"https:\/\/alcompasrevista.com\/va"},{"@type":"ListItem","position":2,"name":"La Jove Orquestra Simf\u00f2nica de la FSMCV inicia la seua gira fora de la Comunitat"}]},{"@type":"WebSite","@id":"https:\/\/alcompasrevista.com\/#website","url":"https:\/\/alcompasrevista.com\/","name":"Revista Al Comp\u00e0s","description":"Un proyecto de la Federaci\u00f3n de Sociedades Musicales de la Comunidad Valenciana","publisher":{"@id":"https:\/\/alcompasrevista.com\/#organization"},"potentialAction":[{"@type":"SearchAction","target":{"@type":"EntryPoint","urlTemplate":"https:\/\/alcompasrevista.com\/?s={search_term_string}"},"query-input":{"@type":"PropertyValueSpecification","valueRequired":true,"valueName":"search_term_string"}}],"inLanguage":"va"},{"@type":"Organization","@id":"https:\/\/alcompasrevista.com\/#organization","name":"Revista Al Comp\u00e0s","url":"https:\/\/alcompasrevista.com\/","logo":{"@type":"ImageObject","inLanguage":"va","@id":"https:\/\/alcompasrevista.com\/#\/schema\/logo\/image\/","url":"https:\/\/alcompasrevista.com\/wp-content\/uploads\/2022\/04\/cropped-loog_blanco.png","contentUrl":"https:\/\/alcompasrevista.com\/wp-content\/uploads\/2022\/04\/cropped-loog_blanco.png","width":1612,"height":724,"caption":"Revista Al Comp\u00e0s"},"image":{"@id":"https:\/\/alcompasrevista.com\/#\/schema\/logo\/image\/"}},{"@type":"Person","@id":"https:\/\/alcompasrevista.com\/#\/schema\/person\/0f092e7196386afa42171db0d19a38ff","name":"Redacci\u00f3n","image":{"@type":"ImageObject","inLanguage":"va","@id":"https:\/\/secure.gravatar.com\/avatar\/e2831619d4dae93995d3da450c50013d912e0b8bdf34d9ea00126d97c2b7702e?s=96&d=mm&r=g","url":"https:\/\/secure.gravatar.com\/avatar\/e2831619d4dae93995d3da450c50013d912e0b8bdf34d9ea00126d97c2b7702e?s=96&d=mm&r=g","contentUrl":"https:\/\/secure.gravatar.com\/avatar\/e2831619d4dae93995d3da450c50013d912e0b8bdf34d9ea00126d97c2b7702e?s=96&d=mm&r=g","caption":"Redacci\u00f3n"},"url":"https:\/\/alcompasrevista.com\/va\/archivos\/author\/257_webmaster"}]}},"_links":{"self":[{"href":"https:\/\/alcompasrevista.com\/va\/wp-json\/wp\/v2\/posts\/8693","targetHints":{"allow":["GET"]}}],"collection":[{"href":"https:\/\/alcompasrevista.com\/va\/wp-json\/wp\/v2\/posts"}],"about":[{"href":"https:\/\/alcompasrevista.com\/va\/wp-json\/wp\/v2\/types\/post"}],"author":[{"embeddable":true,"href":"https:\/\/alcompasrevista.com\/va\/wp-json\/wp\/v2\/users\/860004"}],"replies":[{"embeddable":true,"href":"https:\/\/alcompasrevista.com\/va\/wp-json\/wp\/v2\/comments?post=8693"}],"version-history":[{"count":0,"href":"https:\/\/alcompasrevista.com\/va\/wp-json\/wp\/v2\/posts\/8693\/revisions"}],"wp:featuredmedia":[{"embeddable":true,"href":"https:\/\/alcompasrevista.com\/va\/wp-json\/wp\/v2\/media\/8698"}],"wp:attachment":[{"href":"https:\/\/alcompasrevista.com\/va\/wp-json\/wp\/v2\/media?parent=8693"}],"wp:term":[{"taxonomy":"category","embeddable":true,"href":"https:\/\/alcompasrevista.com\/va\/wp-json\/wp\/v2\/categories?post=8693"},{"taxonomy":"post_tag","embeddable":true,"href":"https:\/\/alcompasrevista.com\/va\/wp-json\/wp\/v2\/tags?post=8693"},{"taxonomy":"portada","embeddable":true,"href":"https:\/\/alcompasrevista.com\/va\/wp-json\/wp\/v2\/portada?post=8693"}],"curies":[{"name":"wp","href":"https:\/\/api.w.org\/{rel}","templated":true}]}}