{"id":8665,"date":"2022-07-26T11:57:17","date_gmt":"2022-07-26T09:57:17","guid":{"rendered":"https:\/\/alcompasrevista.com\/?p=8665"},"modified":"2022-07-26T11:57:18","modified_gmt":"2022-07-26T09:57:18","slug":"la-banda-juvenil-de-la-primitiva-de-lliria-desfila-en-disneyland-paris","status":"publish","type":"post","link":"https:\/\/alcompasrevista.com\/va\/archivos\/8665","title":{"rendered":"La Banda Juvenil de la Primitiva de Ll\u00edria desfila en Disneyland Paris  \u00a0"},"content":{"rendered":"\n<p>La Banda Juvenil de l&#8217;Ateneu Musical i d&#8217;Ensenyament Banda Primitiva de Ll\u00edria va desfilar, el passat 20 de juliol, a la cavalcada di\u00fcrna de Disneyland Paris com a pre\u00e0mbul de la desfilada dels personatges m\u00e9s famosos de la factoria.<\/p>\n\n\n\n<p>L&#8217;agrupaci\u00f3, conformada per m\u00e9s de 50 m\u00fasics, va interpretar tota una selecci\u00f3 de pasdobles sota la batuta del seu director titular, Chano Silvestre. Els m\u00fasics del Clar\u00edn van amenitzar tots els presents amb les melodies de X\u00e0bea, Amparito Roca, Paquito el Chocolatero, Val\u00e8ncia o el Teniente Raposo.<\/p>\n\n\n\n<p>&#8220;Ha sigut una gran experi\u00e8ncia per als xiquets i xiquetes de la Banda Juvenil. A pesar de la pluja intermitent, l&#8217;oratge ens ha respectat i hem pogut realitzar la desfilada que era el motiu principal d&#8217;este viatge&#8221;, va recon\u00e8ixer la vicepresidenta Inma Ruiz. &nbsp;<\/p>\n\n\n\n<p>A m\u00e9s de la desfilada, l&#8217;expedici\u00f3 clarinera &#8211; estava formada per m\u00e9s de 150 persones entre m\u00fasics i acompanyants &#8211; va gaudir de dos dies de diversi\u00f3 a Disneyland Paris i una tercera jornada de turisme per la capital parisenca.<\/p>\n\n\n\n<figure class=\"wp-block-image size-full\"><img loading=\"lazy\" decoding=\"async\" width=\"576\" height=\"324\" src=\"https:\/\/alcompasrevista.com\/wp-content\/uploads\/2022\/07\/banda-juvenil-paris-1.jpg\" alt=\"\" class=\"wp-image-8670\" srcset=\"https:\/\/alcompasrevista.com\/wp-content\/uploads\/2022\/07\/banda-juvenil-paris-1.jpg 576w, https:\/\/alcompasrevista.com\/wp-content\/uploads\/2022\/07\/banda-juvenil-paris-1-300x169.jpg 300w\" sizes=\"auto, (max-width: 576px) 100vw, 576px\" \/><\/figure>\n","protected":false},"excerpt":{"rendered":"<p>La Banda Juvenil de l&#8217;Ateneu Musical i d&#8217;Ensenyament Banda Primitiva de Ll\u00edria va desfilar, el passat 20 de juliol, a la cavalcada di\u00fcrna de Disneyland Paris com a pre\u00e0mbul de [&hellip;]<\/p>\n","protected":false},"author":860002,"featured_media":8668,"comment_status":"closed","ping_status":"closed","sticky":false,"template":"","format":"standard","meta":{"footnotes":""},"categories":[29],"tags":[],"portada":[],"class_list":["post-8665","post","type-post","status-publish","format-standard","has-post-thumbnail","hentry","category-noticies-va"],"yoast_head":"<!-- This site is optimized with the Yoast SEO plugin v27.4 - https:\/\/yoast.com\/product\/yoast-seo-wordpress\/ -->\n<title>La Banda Juvenil de la Primitiva de Ll\u00edria desfila en Disneyland Paris \u00a0 - Revista Al Comp\u00e0s<\/title>\n<meta name=\"robots\" content=\"index, follow, max-snippet:-1, max-image-preview:large, max-video-preview:-1\" \/>\n<link rel=\"canonical\" href=\"https:\/\/alcompasrevista.com\/archivos\/8673\" \/>\n<meta property=\"og:locale\" content=\"en_US\" \/>\n<meta property=\"og:type\" content=\"article\" \/>\n<meta property=\"og:title\" content=\"La Banda Juvenil de la Primitiva de Ll\u00edria desfila en Disneyland Paris \u00a0 - Revista Al Comp\u00e0s\" \/>\n<meta property=\"og:description\" content=\"La Banda Juvenil de l&#8217;Ateneu Musical i d&#8217;Ensenyament Banda Primitiva de Ll\u00edria va desfilar, el passat 20 de juliol, a la cavalcada di\u00fcrna de Disneyland Paris com a pre\u00e0mbul de [&hellip;]\" \/>\n<meta property=\"og:url\" content=\"https:\/\/alcompasrevista.com\/archivos\/8673\" \/>\n<meta property=\"og:site_name\" content=\"Revista Al Comp\u00e0s\" \/>\n<meta property=\"article:published_time\" content=\"2022-07-26T09:57:17+00:00\" \/>\n<meta property=\"article:modified_time\" content=\"2022-07-26T09:57:18+00:00\" \/>\n<meta property=\"og:image\" content=\"https:\/\/alcompasrevista.com\/wp-content\/uploads\/2022\/07\/banda-juvenil-disney.jpg\" \/>\n\t<meta property=\"og:image:width\" content=\"972\" \/>\n\t<meta property=\"og:image:height\" content=\"729\" \/>\n\t<meta property=\"og:image:type\" content=\"image\/jpeg\" \/>\n<meta name=\"author\" content=\"Redacci\u00f3n\" \/>\n<meta name=\"twitter:card\" content=\"summary_large_image\" \/>\n<meta name=\"twitter:label1\" content=\"Written by\" \/>\n\t<meta name=\"twitter:data1\" content=\"Redacci\u00f3\" \/>\n\t<meta name=\"twitter:label2\" content=\"Est. reading time\" \/>\n\t<meta name=\"twitter:data2\" content=\"1 minute\" \/>\n<script type=\"application\/ld+json\" class=\"yoast-schema-graph\">{\"@context\":\"https:\\\/\\\/schema.org\",\"@graph\":[{\"@type\":\"Article\",\"@id\":\"https:\\\/\\\/alcompasrevista.com\\\/archivos\\\/8673#article\",\"isPartOf\":{\"@id\":\"https:\\\/\\\/alcompasrevista.com\\\/archivos\\\/8673\"},\"author\":{\"name\":\"Redacci\u00f3n\",\"@id\":\"https:\\\/\\\/alcompasrevista.com\\\/#\\\/schema\\\/person\\\/c10652a34fa01d238ecd498d150347fc\"},\"headline\":\"La Banda Juvenil de la Primitiva de Ll\u00edria desfila en Disneyland Paris \u00a0\",\"datePublished\":\"2022-07-26T09:57:17+00:00\",\"dateModified\":\"2022-07-26T09:57:18+00:00\",\"mainEntityOfPage\":{\"@id\":\"https:\\\/\\\/alcompasrevista.com\\\/archivos\\\/8673\"},\"wordCount\":201,\"publisher\":{\"@id\":\"https:\\\/\\\/alcompasrevista.com\\\/#organization\"},\"image\":{\"@id\":\"https:\\\/\\\/alcompasrevista.com\\\/archivos\\\/8673#primaryimage\"},\"thumbnailUrl\":\"https:\\\/\\\/alcompasrevista.com\\\/wp-content\\\/uploads\\\/2022\\\/07\\\/banda-juvenil-disney.jpg\",\"articleSection\":[\"#Not\u00edcies\"],\"inLanguage\":\"va\"},{\"@type\":\"WebPage\",\"@id\":\"https:\\\/\\\/alcompasrevista.com\\\/archivos\\\/8673\",\"url\":\"https:\\\/\\\/alcompasrevista.com\\\/archivos\\\/8673\",\"name\":\"La Banda Juvenil de la Primitiva de Ll\u00edria desfila en Disneyland Paris \u00a0 - Revista Al Comp\u00e0s\",\"isPartOf\":{\"@id\":\"https:\\\/\\\/alcompasrevista.com\\\/#website\"},\"primaryImageOfPage\":{\"@id\":\"https:\\\/\\\/alcompasrevista.com\\\/archivos\\\/8673#primaryimage\"},\"image\":{\"@id\":\"https:\\\/\\\/alcompasrevista.com\\\/archivos\\\/8673#primaryimage\"},\"thumbnailUrl\":\"https:\\\/\\\/alcompasrevista.com\\\/wp-content\\\/uploads\\\/2022\\\/07\\\/banda-juvenil-disney.jpg\",\"datePublished\":\"2022-07-26T09:57:17+00:00\",\"dateModified\":\"2022-07-26T09:57:18+00:00\",\"breadcrumb\":{\"@id\":\"https:\\\/\\\/alcompasrevista.com\\\/archivos\\\/8673#breadcrumb\"},\"inLanguage\":\"va\",\"potentialAction\":[{\"@type\":\"ReadAction\",\"target\":[\"https:\\\/\\\/alcompasrevista.com\\\/archivos\\\/8673\"]}]},{\"@type\":\"ImageObject\",\"inLanguage\":\"va\",\"@id\":\"https:\\\/\\\/alcompasrevista.com\\\/archivos\\\/8673#primaryimage\",\"url\":\"https:\\\/\\\/alcompasrevista.com\\\/wp-content\\\/uploads\\\/2022\\\/07\\\/banda-juvenil-disney.jpg\",\"contentUrl\":\"https:\\\/\\\/alcompasrevista.com\\\/wp-content\\\/uploads\\\/2022\\\/07\\\/banda-juvenil-disney.jpg\",\"width\":972,\"height\":729},{\"@type\":\"BreadcrumbList\",\"@id\":\"https:\\\/\\\/alcompasrevista.com\\\/archivos\\\/8673#breadcrumb\",\"itemListElement\":[{\"@type\":\"ListItem\",\"position\":1,\"name\":\"Portada\",\"item\":\"https:\\\/\\\/alcompasrevista.com\\\/va\"},{\"@type\":\"ListItem\",\"position\":2,\"name\":\"La Banda Juvenil de la Primitiva de Ll\u00edria desfila en Disneyland Paris \u00a0\"}]},{\"@type\":\"WebSite\",\"@id\":\"https:\\\/\\\/alcompasrevista.com\\\/#website\",\"url\":\"https:\\\/\\\/alcompasrevista.com\\\/\",\"name\":\"Revista Al Comp\u00e0s\",\"description\":\"Un proyecto de la Federaci\u00f3n de Sociedades Musicales de la Comunidad Valenciana\",\"publisher\":{\"@id\":\"https:\\\/\\\/alcompasrevista.com\\\/#organization\"},\"potentialAction\":[{\"@type\":\"SearchAction\",\"target\":{\"@type\":\"EntryPoint\",\"urlTemplate\":\"https:\\\/\\\/alcompasrevista.com\\\/?s={search_term_string}\"},\"query-input\":{\"@type\":\"PropertyValueSpecification\",\"valueRequired\":true,\"valueName\":\"search_term_string\"}}],\"inLanguage\":\"va\"},{\"@type\":\"Organization\",\"@id\":\"https:\\\/\\\/alcompasrevista.com\\\/#organization\",\"name\":\"Revista Al Comp\u00e0s\",\"url\":\"https:\\\/\\\/alcompasrevista.com\\\/\",\"logo\":{\"@type\":\"ImageObject\",\"inLanguage\":\"va\",\"@id\":\"https:\\\/\\\/alcompasrevista.com\\\/#\\\/schema\\\/logo\\\/image\\\/\",\"url\":\"https:\\\/\\\/alcompasrevista.com\\\/wp-content\\\/uploads\\\/2022\\\/04\\\/cropped-loog_blanco.png\",\"contentUrl\":\"https:\\\/\\\/alcompasrevista.com\\\/wp-content\\\/uploads\\\/2022\\\/04\\\/cropped-loog_blanco.png\",\"width\":1612,\"height\":724,\"caption\":\"Revista Al Comp\u00e0s\"},\"image\":{\"@id\":\"https:\\\/\\\/alcompasrevista.com\\\/#\\\/schema\\\/logo\\\/image\\\/\"}},{\"@type\":\"Person\",\"@id\":\"https:\\\/\\\/alcompasrevista.com\\\/#\\\/schema\\\/person\\\/c10652a34fa01d238ecd498d150347fc\",\"name\":\"Redacci\u00f3n\",\"image\":{\"@type\":\"ImageObject\",\"inLanguage\":\"va\",\"@id\":\"https:\\\/\\\/secure.gravatar.com\\\/avatar\\\/e6a6d0cd2ddec22e0ca7d21b7e49d4a0099fbdc1d476e5412893210bce942ce9?s=96&d=mm&r=g\",\"url\":\"https:\\\/\\\/secure.gravatar.com\\\/avatar\\\/e6a6d0cd2ddec22e0ca7d21b7e49d4a0099fbdc1d476e5412893210bce942ce9?s=96&d=mm&r=g\",\"contentUrl\":\"https:\\\/\\\/secure.gravatar.com\\\/avatar\\\/e6a6d0cd2ddec22e0ca7d21b7e49d4a0099fbdc1d476e5412893210bce942ce9?s=96&d=mm&r=g\",\"caption\":\"Redacci\u00f3n\"},\"url\":\"https:\\\/\\\/alcompasrevista.com\\\/va\\\/archivos\\\/author\\\/vhj_webmaster\"}]}<\/script>\n<!-- \/ Yoast SEO plugin. -->","yoast_head_json":{"title":"La Banda Juvenil de la Primitiva de Ll\u00edria desfila en Disneyland Paris \u00a0 - Revista Al Comp\u00e0s","robots":{"index":"index","follow":"follow","max-snippet":"max-snippet:-1","max-image-preview":"max-image-preview:large","max-video-preview":"max-video-preview:-1"},"canonical":"https:\/\/alcompasrevista.com\/archivos\/8673","og_locale":"en_US","og_type":"article","og_title":"La Banda Juvenil de la Primitiva de Ll\u00edria desfila en Disneyland Paris \u00a0 - Revista Al Comp\u00e0s","og_description":"La Banda Juvenil de l&#8217;Ateneu Musical i d&#8217;Ensenyament Banda Primitiva de Ll\u00edria va desfilar, el passat 20 de juliol, a la cavalcada di\u00fcrna de Disneyland Paris com a pre\u00e0mbul de [&hellip;]","og_url":"https:\/\/alcompasrevista.com\/archivos\/8673","og_site_name":"Revista Al Comp\u00e0s","article_published_time":"2022-07-26T09:57:17+00:00","article_modified_time":"2022-07-26T09:57:18+00:00","og_image":[{"width":972,"height":729,"url":"https:\/\/alcompasrevista.com\/wp-content\/uploads\/2022\/07\/banda-juvenil-disney.jpg","type":"image\/jpeg"}],"author":"Redacci\u00f3n","twitter_card":"summary_large_image","twitter_misc":{"Written by":"Redacci\u00f3","Est. reading time":"1 minute"},"schema":{"@context":"https:\/\/schema.org","@graph":[{"@type":"Article","@id":"https:\/\/alcompasrevista.com\/archivos\/8673#article","isPartOf":{"@id":"https:\/\/alcompasrevista.com\/archivos\/8673"},"author":{"name":"Redacci\u00f3n","@id":"https:\/\/alcompasrevista.com\/#\/schema\/person\/c10652a34fa01d238ecd498d150347fc"},"headline":"La Banda Juvenil de la Primitiva de Ll\u00edria desfila en Disneyland Paris \u00a0","datePublished":"2022-07-26T09:57:17+00:00","dateModified":"2022-07-26T09:57:18+00:00","mainEntityOfPage":{"@id":"https:\/\/alcompasrevista.com\/archivos\/8673"},"wordCount":201,"publisher":{"@id":"https:\/\/alcompasrevista.com\/#organization"},"image":{"@id":"https:\/\/alcompasrevista.com\/archivos\/8673#primaryimage"},"thumbnailUrl":"https:\/\/alcompasrevista.com\/wp-content\/uploads\/2022\/07\/banda-juvenil-disney.jpg","articleSection":["#Not\u00edcies"],"inLanguage":"va"},{"@type":"WebPage","@id":"https:\/\/alcompasrevista.com\/archivos\/8673","url":"https:\/\/alcompasrevista.com\/archivos\/8673","name":"La Banda Juvenil de la Primitiva de Ll\u00edria desfila en Disneyland Paris \u00a0 - Revista Al Comp\u00e0s","isPartOf":{"@id":"https:\/\/alcompasrevista.com\/#website"},"primaryImageOfPage":{"@id":"https:\/\/alcompasrevista.com\/archivos\/8673#primaryimage"},"image":{"@id":"https:\/\/alcompasrevista.com\/archivos\/8673#primaryimage"},"thumbnailUrl":"https:\/\/alcompasrevista.com\/wp-content\/uploads\/2022\/07\/banda-juvenil-disney.jpg","datePublished":"2022-07-26T09:57:17+00:00","dateModified":"2022-07-26T09:57:18+00:00","breadcrumb":{"@id":"https:\/\/alcompasrevista.com\/archivos\/8673#breadcrumb"},"inLanguage":"va","potentialAction":[{"@type":"ReadAction","target":["https:\/\/alcompasrevista.com\/archivos\/8673"]}]},{"@type":"ImageObject","inLanguage":"va","@id":"https:\/\/alcompasrevista.com\/archivos\/8673#primaryimage","url":"https:\/\/alcompasrevista.com\/wp-content\/uploads\/2022\/07\/banda-juvenil-disney.jpg","contentUrl":"https:\/\/alcompasrevista.com\/wp-content\/uploads\/2022\/07\/banda-juvenil-disney.jpg","width":972,"height":729},{"@type":"BreadcrumbList","@id":"https:\/\/alcompasrevista.com\/archivos\/8673#breadcrumb","itemListElement":[{"@type":"ListItem","position":1,"name":"Portada","item":"https:\/\/alcompasrevista.com\/va"},{"@type":"ListItem","position":2,"name":"La Banda Juvenil de la Primitiva de Ll\u00edria desfila en Disneyland Paris \u00a0"}]},{"@type":"WebSite","@id":"https:\/\/alcompasrevista.com\/#website","url":"https:\/\/alcompasrevista.com\/","name":"Revista Al Comp\u00e0s","description":"Un proyecto de la Federaci\u00f3n de Sociedades Musicales de la Comunidad Valenciana","publisher":{"@id":"https:\/\/alcompasrevista.com\/#organization"},"potentialAction":[{"@type":"SearchAction","target":{"@type":"EntryPoint","urlTemplate":"https:\/\/alcompasrevista.com\/?s={search_term_string}"},"query-input":{"@type":"PropertyValueSpecification","valueRequired":true,"valueName":"search_term_string"}}],"inLanguage":"va"},{"@type":"Organization","@id":"https:\/\/alcompasrevista.com\/#organization","name":"Revista Al Comp\u00e0s","url":"https:\/\/alcompasrevista.com\/","logo":{"@type":"ImageObject","inLanguage":"va","@id":"https:\/\/alcompasrevista.com\/#\/schema\/logo\/image\/","url":"https:\/\/alcompasrevista.com\/wp-content\/uploads\/2022\/04\/cropped-loog_blanco.png","contentUrl":"https:\/\/alcompasrevista.com\/wp-content\/uploads\/2022\/04\/cropped-loog_blanco.png","width":1612,"height":724,"caption":"Revista Al Comp\u00e0s"},"image":{"@id":"https:\/\/alcompasrevista.com\/#\/schema\/logo\/image\/"}},{"@type":"Person","@id":"https:\/\/alcompasrevista.com\/#\/schema\/person\/c10652a34fa01d238ecd498d150347fc","name":"Redacci\u00f3n","image":{"@type":"ImageObject","inLanguage":"va","@id":"https:\/\/secure.gravatar.com\/avatar\/e6a6d0cd2ddec22e0ca7d21b7e49d4a0099fbdc1d476e5412893210bce942ce9?s=96&d=mm&r=g","url":"https:\/\/secure.gravatar.com\/avatar\/e6a6d0cd2ddec22e0ca7d21b7e49d4a0099fbdc1d476e5412893210bce942ce9?s=96&d=mm&r=g","contentUrl":"https:\/\/secure.gravatar.com\/avatar\/e6a6d0cd2ddec22e0ca7d21b7e49d4a0099fbdc1d476e5412893210bce942ce9?s=96&d=mm&r=g","caption":"Redacci\u00f3n"},"url":"https:\/\/alcompasrevista.com\/va\/archivos\/author\/vhj_webmaster"}]}},"_links":{"self":[{"href":"https:\/\/alcompasrevista.com\/va\/wp-json\/wp\/v2\/posts\/8665","targetHints":{"allow":["GET"]}}],"collection":[{"href":"https:\/\/alcompasrevista.com\/va\/wp-json\/wp\/v2\/posts"}],"about":[{"href":"https:\/\/alcompasrevista.com\/va\/wp-json\/wp\/v2\/types\/post"}],"author":[{"embeddable":true,"href":"https:\/\/alcompasrevista.com\/va\/wp-json\/wp\/v2\/users\/860002"}],"replies":[{"embeddable":true,"href":"https:\/\/alcompasrevista.com\/va\/wp-json\/wp\/v2\/comments?post=8665"}],"version-history":[{"count":0,"href":"https:\/\/alcompasrevista.com\/va\/wp-json\/wp\/v2\/posts\/8665\/revisions"}],"wp:featuredmedia":[{"embeddable":true,"href":"https:\/\/alcompasrevista.com\/va\/wp-json\/wp\/v2\/media\/8668"}],"wp:attachment":[{"href":"https:\/\/alcompasrevista.com\/va\/wp-json\/wp\/v2\/media?parent=8665"}],"wp:term":[{"taxonomy":"category","embeddable":true,"href":"https:\/\/alcompasrevista.com\/va\/wp-json\/wp\/v2\/categories?post=8665"},{"taxonomy":"post_tag","embeddable":true,"href":"https:\/\/alcompasrevista.com\/va\/wp-json\/wp\/v2\/tags?post=8665"},{"taxonomy":"portada","embeddable":true,"href":"https:\/\/alcompasrevista.com\/va\/wp-json\/wp\/v2\/portada?post=8665"}],"curies":[{"name":"wp","href":"https:\/\/api.w.org\/{rel}","templated":true}]}}