{"id":8487,"date":"2022-07-18T13:17:29","date_gmt":"2022-07-18T11:17:29","guid":{"rendered":"https:\/\/alcompasrevista.com\/?p=8487"},"modified":"2022-07-18T13:17:31","modified_gmt":"2022-07-18T11:17:31","slug":"la-primitiva-de-lliria-guanyadora-del-134-certamen-de-bandes-de-valencia","status":"publish","type":"post","link":"https:\/\/alcompasrevista.com\/va\/archivos\/8487","title":{"rendered":"La Primitiva de Ll\u00edria guanyadora del 134 Certamen de Bandes de Val\u00e8ncia"},"content":{"rendered":"\n<p>El Ateneu Musical i d\u2019Ensenyan\u00e7a Banda Primitiva de Ll\u00edria va guanyar el primer premi de la secci\u00f3 d&#8217;honor del 134 Certamen Internacional de Bandes de M\u00fasica Ciutat de Val\u00e8ncia, celebrat durant el passat cap de setmana en el Palau de les Arts. El segon premi ha sigut per a la Uni\u00f3 Musical de Benaguasil.<\/p>\n\n\n\n<p>Des de finals del segle XIX, l&#8217;Ajuntament de Val\u00e8ncia celebra el tradicional Certamen Internacional de Bandes de M\u00fasica \u201cCiutat de Val\u00e8ncia\u201d (CIBM), esdeveniment que \u00e9s el major referent a nivell mundial en el seu \u00e0mbit.<\/p>\n\n\n\n<p>En aquesta edici\u00f3, i en la secci\u00f3 d&#8217;honor, ha sigut la Primitiva de Ll\u00edria, sota la direcci\u00f3 del mestre Javier Engu\u00eddanos la guanyadora, amb una puntuaci\u00f3 total de 391 punts concedits pel jurat mentre que la banda de Benaguasil, dirigida pel mestre Vicent Balaguer, va aconseguir els 374.<\/p>\n\n\n\n<p>La banda guanyadora va interpretar el pasdoble Val\u00e8ncia-Ll\u00edria de Miguel Pascual Ferrer i com a obra lliure Sinfonia mem\u00f2ria, de Jose Alam\u00e0 Gil. Les obres obligades que han interpretat les dos bandes d&#8217;aquesta secci\u00f3 d&#8217;honor han sigut Dionysiaques op. 62 de Florent Schmitt (arranjaments: Felix Hauswirth), i La Venda dels Gats (arranjaments: Sergi Pastor) del mestre Jos\u00e9 Serrano.<\/p>\n\n\n\n<p>El millor solista ha recaigut en Javier Balaguer, de Benaguasil; el millor solista de metall, Joan Bernat (Benaguasil); solista de percussi\u00f3, Juli\u00e1n Redondo (Mislata) i millor director, premi compartit per a Antonio P\u00e9rez (Caus (Albacete) i Javier Engu\u00eddanos (Ll\u00edria).<\/p>\n\n\n\n<p>Tamb\u00e9 van actuar la Jove Banda de la FSMCV, dirigida per Lid\u00f3n Valer, i la Simf\u00f2nica Municipal de Val\u00e8ncia, per Rafael Sanz-Espert. Aquestes dos \u00faltimes bandes van ser les encarregades de clausurar el certamen.<\/p>\n\n\n\n<p>El jurat estava format per Isabelle Ruf-Weber, M\u00f3nica Giardini, Juany Mart\u00ednez-de la Hoz Casas, Felix Hauswirth, Sergi Pastor i \u00c1ngel L\u00f3pez Carre\u00f1o.<\/p>\n\n\n\n<p>En la Secci\u00f3 Primera, els guanyadors han sigut, en primer lloc, l&#8217;Associaci\u00f3 Musical Monte\u00f1a de Mota del Cuervo (Conca) amb 351 punts, en segon lloc, l\u2019Associaci\u00f3 Cultural Banda de M\u00fasica de Bonares (Huelva) amb 340.5 punts i en tercer lloc el Centre Instructiu Musical de Mislata (Val\u00e8ncia) amb una puntuaci\u00f3 de 332.5. Aquestes bandes van actuar el dissabte 16 de juliol.<\/p>\n\n\n\n<p>En la Secci\u00f3 Segona, les bandes van actuar el divendres 15 de juliol i l&#8217;Associaci\u00f3 M\u00fasical-Cultural de Caus (Albacete) \u00e9s la banda que ha guanyat el primer lloc amb una puntuaci\u00f3 de 371.5, seguida del Cercle Instructiu Musical de Xirivella (Val\u00e8ncia) que va aconseguir els 334.5 punts i de la Societat la Lira Fontiguerense de la Font de la Figuera (Val\u00e8ncia) amb 333.5 punts.<\/p>\n\n\n\n<p>Per a finalitzar els guanyadors de la Secci\u00f3 Tercera, que van tocar el dijous 14 de juliol han sigut la Uni\u00f3 Musical del Centre Hist\u00f2ric de Val\u00e8ncia en primer lloc amb 363.5 punts, seguida de l&#8217;Associaci\u00f3 Cultural Banda de M\u00fasica de Zamora amb 329 punts i de la Societat Musical i Cultural Sant Blas de Teresa de Cofrentes (Val\u00e8ncia) amb 290 punts.<\/p>\n","protected":false},"excerpt":{"rendered":"<p>El Ateneu Musical i d\u2019Ensenyan\u00e7a Banda Primitiva de Ll\u00edria va guanyar el primer premi de la secci\u00f3 d&#8217;honor del 134 Certamen Internacional de Bandes de M\u00fasica Ciutat de Val\u00e8ncia, celebrat durant el passat cap de setmana en el Palau de les Arts. El segon premi ha sigut per a la Uni\u00f3 Musical de Benaguasil.<\/p>\n","protected":false},"author":860004,"featured_media":8488,"comment_status":"closed","ping_status":"closed","sticky":false,"template":"","format":"standard","meta":{"footnotes":""},"categories":[29],"tags":[213,214],"portada":[],"class_list":["post-8487","post","type-post","status-publish","format-standard","has-post-thumbnail","hentry","category-noticies-va","tag-certamen-de-bandes-de-valencia","tag-la-primitiva-de-lliria"],"yoast_head":"<!-- This site is optimized with the Yoast SEO plugin v27.4 - https:\/\/yoast.com\/product\/yoast-seo-wordpress\/ -->\n<title>La Primitiva de Ll\u00edria guanyadora del 134 Certamen de Bandes de Val\u00e8ncia - Revista Al Comp\u00e0s<\/title>\n<meta name=\"robots\" content=\"index, follow, max-snippet:-1, max-image-preview:large, max-video-preview:-1\" \/>\n<link rel=\"canonical\" href=\"https:\/\/alcompasrevista.com\/archivos\/8491\" \/>\n<meta property=\"og:locale\" content=\"en_US\" \/>\n<meta property=\"og:type\" content=\"article\" \/>\n<meta property=\"og:title\" content=\"La Primitiva de Ll\u00edria guanyadora del 134 Certamen de Bandes de Val\u00e8ncia - Revista Al Comp\u00e0s\" \/>\n<meta property=\"og:description\" content=\"El Ateneu Musical i d\u2019Ensenyan\u00e7a Banda Primitiva de Ll\u00edria va guanyar el primer premi de la secci\u00f3 d&#039;honor del 134 Certamen Internacional de Bandes de M\u00fasica Ciutat de Val\u00e8ncia, celebrat durant el passat cap de setmana en el Palau de les Arts. El segon premi ha sigut per a la Uni\u00f3 Musical de Benaguasil.\" \/>\n<meta property=\"og:url\" content=\"https:\/\/alcompasrevista.com\/archivos\/8491\" \/>\n<meta property=\"og:site_name\" content=\"Revista Al Comp\u00e0s\" \/>\n<meta property=\"article:published_time\" content=\"2022-07-18T11:17:29+00:00\" \/>\n<meta property=\"article:modified_time\" content=\"2022-07-18T11:17:31+00:00\" \/>\n<meta property=\"og:image\" content=\"https:\/\/alcompasrevista.com\/wp-content\/uploads\/2022\/07\/Diseno-sin-titulo-33-3.jpg\" \/>\n\t<meta property=\"og:image:width\" content=\"760\" \/>\n\t<meta property=\"og:image:height\" content=\"430\" \/>\n\t<meta property=\"og:image:type\" content=\"image\/jpeg\" \/>\n<meta name=\"author\" content=\"Redacci\u00f3n\" \/>\n<meta name=\"twitter:card\" content=\"summary_large_image\" \/>\n<meta name=\"twitter:label1\" content=\"Written by\" \/>\n\t<meta name=\"twitter:data1\" content=\"Redacci\u00f3\" \/>\n\t<meta name=\"twitter:label2\" content=\"Est. reading time\" \/>\n\t<meta name=\"twitter:data2\" content=\"3 minutes\" \/>\n<script type=\"application\/ld+json\" class=\"yoast-schema-graph\">{\"@context\":\"https:\\\/\\\/schema.org\",\"@graph\":[{\"@type\":\"Article\",\"@id\":\"https:\\\/\\\/alcompasrevista.com\\\/archivos\\\/8491#article\",\"isPartOf\":{\"@id\":\"https:\\\/\\\/alcompasrevista.com\\\/archivos\\\/8491\"},\"author\":{\"name\":\"Redacci\u00f3n\",\"@id\":\"https:\\\/\\\/alcompasrevista.com\\\/#\\\/schema\\\/person\\\/0f092e7196386afa42171db0d19a38ff\"},\"headline\":\"La Primitiva de Ll\u00edria guanyadora del 134 Certamen de Bandes de Val\u00e8ncia\",\"datePublished\":\"2022-07-18T11:17:29+00:00\",\"dateModified\":\"2022-07-18T11:17:31+00:00\",\"mainEntityOfPage\":{\"@id\":\"https:\\\/\\\/alcompasrevista.com\\\/archivos\\\/8491\"},\"wordCount\":517,\"publisher\":{\"@id\":\"https:\\\/\\\/alcompasrevista.com\\\/#organization\"},\"image\":{\"@id\":\"https:\\\/\\\/alcompasrevista.com\\\/archivos\\\/8491#primaryimage\"},\"thumbnailUrl\":\"https:\\\/\\\/alcompasrevista.com\\\/wp-content\\\/uploads\\\/2022\\\/07\\\/Diseno-sin-titulo-33-3.jpg\",\"keywords\":[\"Certamen de Bandes de Val\u00e8ncia\",\"La Primitiva de Ll\u00edria\"],\"articleSection\":[\"#Not\u00edcies\"],\"inLanguage\":\"va\"},{\"@type\":\"WebPage\",\"@id\":\"https:\\\/\\\/alcompasrevista.com\\\/archivos\\\/8491\",\"url\":\"https:\\\/\\\/alcompasrevista.com\\\/archivos\\\/8491\",\"name\":\"La Primitiva de Ll\u00edria guanyadora del 134 Certamen de Bandes de Val\u00e8ncia - Revista Al Comp\u00e0s\",\"isPartOf\":{\"@id\":\"https:\\\/\\\/alcompasrevista.com\\\/#website\"},\"primaryImageOfPage\":{\"@id\":\"https:\\\/\\\/alcompasrevista.com\\\/archivos\\\/8491#primaryimage\"},\"image\":{\"@id\":\"https:\\\/\\\/alcompasrevista.com\\\/archivos\\\/8491#primaryimage\"},\"thumbnailUrl\":\"https:\\\/\\\/alcompasrevista.com\\\/wp-content\\\/uploads\\\/2022\\\/07\\\/Diseno-sin-titulo-33-3.jpg\",\"datePublished\":\"2022-07-18T11:17:29+00:00\",\"dateModified\":\"2022-07-18T11:17:31+00:00\",\"breadcrumb\":{\"@id\":\"https:\\\/\\\/alcompasrevista.com\\\/archivos\\\/8491#breadcrumb\"},\"inLanguage\":\"va\",\"potentialAction\":[{\"@type\":\"ReadAction\",\"target\":[\"https:\\\/\\\/alcompasrevista.com\\\/archivos\\\/8491\"]}]},{\"@type\":\"ImageObject\",\"inLanguage\":\"va\",\"@id\":\"https:\\\/\\\/alcompasrevista.com\\\/archivos\\\/8491#primaryimage\",\"url\":\"https:\\\/\\\/alcompasrevista.com\\\/wp-content\\\/uploads\\\/2022\\\/07\\\/Diseno-sin-titulo-33-3.jpg\",\"contentUrl\":\"https:\\\/\\\/alcompasrevista.com\\\/wp-content\\\/uploads\\\/2022\\\/07\\\/Diseno-sin-titulo-33-3.jpg\",\"width\":760,\"height\":430},{\"@type\":\"BreadcrumbList\",\"@id\":\"https:\\\/\\\/alcompasrevista.com\\\/archivos\\\/8491#breadcrumb\",\"itemListElement\":[{\"@type\":\"ListItem\",\"position\":1,\"name\":\"Portada\",\"item\":\"https:\\\/\\\/alcompasrevista.com\\\/va\"},{\"@type\":\"ListItem\",\"position\":2,\"name\":\"La Primitiva de Ll\u00edria guanyadora del 134 Certamen de Bandes de Val\u00e8ncia\"}]},{\"@type\":\"WebSite\",\"@id\":\"https:\\\/\\\/alcompasrevista.com\\\/#website\",\"url\":\"https:\\\/\\\/alcompasrevista.com\\\/\",\"name\":\"Revista Al Comp\u00e0s\",\"description\":\"Un proyecto de la Federaci\u00f3n de Sociedades Musicales de la Comunidad Valenciana\",\"publisher\":{\"@id\":\"https:\\\/\\\/alcompasrevista.com\\\/#organization\"},\"potentialAction\":[{\"@type\":\"SearchAction\",\"target\":{\"@type\":\"EntryPoint\",\"urlTemplate\":\"https:\\\/\\\/alcompasrevista.com\\\/?s={search_term_string}\"},\"query-input\":{\"@type\":\"PropertyValueSpecification\",\"valueRequired\":true,\"valueName\":\"search_term_string\"}}],\"inLanguage\":\"va\"},{\"@type\":\"Organization\",\"@id\":\"https:\\\/\\\/alcompasrevista.com\\\/#organization\",\"name\":\"Revista Al Comp\u00e0s\",\"url\":\"https:\\\/\\\/alcompasrevista.com\\\/\",\"logo\":{\"@type\":\"ImageObject\",\"inLanguage\":\"va\",\"@id\":\"https:\\\/\\\/alcompasrevista.com\\\/#\\\/schema\\\/logo\\\/image\\\/\",\"url\":\"https:\\\/\\\/alcompasrevista.com\\\/wp-content\\\/uploads\\\/2022\\\/04\\\/cropped-loog_blanco.png\",\"contentUrl\":\"https:\\\/\\\/alcompasrevista.com\\\/wp-content\\\/uploads\\\/2022\\\/04\\\/cropped-loog_blanco.png\",\"width\":1612,\"height\":724,\"caption\":\"Revista Al Comp\u00e0s\"},\"image\":{\"@id\":\"https:\\\/\\\/alcompasrevista.com\\\/#\\\/schema\\\/logo\\\/image\\\/\"}},{\"@type\":\"Person\",\"@id\":\"https:\\\/\\\/alcompasrevista.com\\\/#\\\/schema\\\/person\\\/0f092e7196386afa42171db0d19a38ff\",\"name\":\"Redacci\u00f3n\",\"image\":{\"@type\":\"ImageObject\",\"inLanguage\":\"va\",\"@id\":\"https:\\\/\\\/secure.gravatar.com\\\/avatar\\\/e2831619d4dae93995d3da450c50013d912e0b8bdf34d9ea00126d97c2b7702e?s=96&d=mm&r=g\",\"url\":\"https:\\\/\\\/secure.gravatar.com\\\/avatar\\\/e2831619d4dae93995d3da450c50013d912e0b8bdf34d9ea00126d97c2b7702e?s=96&d=mm&r=g\",\"contentUrl\":\"https:\\\/\\\/secure.gravatar.com\\\/avatar\\\/e2831619d4dae93995d3da450c50013d912e0b8bdf34d9ea00126d97c2b7702e?s=96&d=mm&r=g\",\"caption\":\"Redacci\u00f3n\"},\"url\":\"https:\\\/\\\/alcompasrevista.com\\\/va\\\/archivos\\\/author\\\/257_webmaster\"}]}<\/script>\n<!-- \/ Yoast SEO plugin. -->","yoast_head_json":{"title":"La Primitiva de Ll\u00edria guanyadora del 134 Certamen de Bandes de Val\u00e8ncia - Revista Al Comp\u00e0s","robots":{"index":"index","follow":"follow","max-snippet":"max-snippet:-1","max-image-preview":"max-image-preview:large","max-video-preview":"max-video-preview:-1"},"canonical":"https:\/\/alcompasrevista.com\/archivos\/8491","og_locale":"en_US","og_type":"article","og_title":"La Primitiva de Ll\u00edria guanyadora del 134 Certamen de Bandes de Val\u00e8ncia - Revista Al Comp\u00e0s","og_description":"El Ateneu Musical i d\u2019Ensenyan\u00e7a Banda Primitiva de Ll\u00edria va guanyar el primer premi de la secci\u00f3 d'honor del 134 Certamen Internacional de Bandes de M\u00fasica Ciutat de Val\u00e8ncia, celebrat durant el passat cap de setmana en el Palau de les Arts. El segon premi ha sigut per a la Uni\u00f3 Musical de Benaguasil.","og_url":"https:\/\/alcompasrevista.com\/archivos\/8491","og_site_name":"Revista Al Comp\u00e0s","article_published_time":"2022-07-18T11:17:29+00:00","article_modified_time":"2022-07-18T11:17:31+00:00","og_image":[{"width":760,"height":430,"url":"https:\/\/alcompasrevista.com\/wp-content\/uploads\/2022\/07\/Diseno-sin-titulo-33-3.jpg","type":"image\/jpeg"}],"author":"Redacci\u00f3n","twitter_card":"summary_large_image","twitter_misc":{"Written by":"Redacci\u00f3","Est. reading time":"3 minutes"},"schema":{"@context":"https:\/\/schema.org","@graph":[{"@type":"Article","@id":"https:\/\/alcompasrevista.com\/archivos\/8491#article","isPartOf":{"@id":"https:\/\/alcompasrevista.com\/archivos\/8491"},"author":{"name":"Redacci\u00f3n","@id":"https:\/\/alcompasrevista.com\/#\/schema\/person\/0f092e7196386afa42171db0d19a38ff"},"headline":"La Primitiva de Ll\u00edria guanyadora del 134 Certamen de Bandes de Val\u00e8ncia","datePublished":"2022-07-18T11:17:29+00:00","dateModified":"2022-07-18T11:17:31+00:00","mainEntityOfPage":{"@id":"https:\/\/alcompasrevista.com\/archivos\/8491"},"wordCount":517,"publisher":{"@id":"https:\/\/alcompasrevista.com\/#organization"},"image":{"@id":"https:\/\/alcompasrevista.com\/archivos\/8491#primaryimage"},"thumbnailUrl":"https:\/\/alcompasrevista.com\/wp-content\/uploads\/2022\/07\/Diseno-sin-titulo-33-3.jpg","keywords":["Certamen de Bandes de Val\u00e8ncia","La Primitiva de Ll\u00edria"],"articleSection":["#Not\u00edcies"],"inLanguage":"va"},{"@type":"WebPage","@id":"https:\/\/alcompasrevista.com\/archivos\/8491","url":"https:\/\/alcompasrevista.com\/archivos\/8491","name":"La Primitiva de Ll\u00edria guanyadora del 134 Certamen de Bandes de Val\u00e8ncia - Revista Al Comp\u00e0s","isPartOf":{"@id":"https:\/\/alcompasrevista.com\/#website"},"primaryImageOfPage":{"@id":"https:\/\/alcompasrevista.com\/archivos\/8491#primaryimage"},"image":{"@id":"https:\/\/alcompasrevista.com\/archivos\/8491#primaryimage"},"thumbnailUrl":"https:\/\/alcompasrevista.com\/wp-content\/uploads\/2022\/07\/Diseno-sin-titulo-33-3.jpg","datePublished":"2022-07-18T11:17:29+00:00","dateModified":"2022-07-18T11:17:31+00:00","breadcrumb":{"@id":"https:\/\/alcompasrevista.com\/archivos\/8491#breadcrumb"},"inLanguage":"va","potentialAction":[{"@type":"ReadAction","target":["https:\/\/alcompasrevista.com\/archivos\/8491"]}]},{"@type":"ImageObject","inLanguage":"va","@id":"https:\/\/alcompasrevista.com\/archivos\/8491#primaryimage","url":"https:\/\/alcompasrevista.com\/wp-content\/uploads\/2022\/07\/Diseno-sin-titulo-33-3.jpg","contentUrl":"https:\/\/alcompasrevista.com\/wp-content\/uploads\/2022\/07\/Diseno-sin-titulo-33-3.jpg","width":760,"height":430},{"@type":"BreadcrumbList","@id":"https:\/\/alcompasrevista.com\/archivos\/8491#breadcrumb","itemListElement":[{"@type":"ListItem","position":1,"name":"Portada","item":"https:\/\/alcompasrevista.com\/va"},{"@type":"ListItem","position":2,"name":"La Primitiva de Ll\u00edria guanyadora del 134 Certamen de Bandes de Val\u00e8ncia"}]},{"@type":"WebSite","@id":"https:\/\/alcompasrevista.com\/#website","url":"https:\/\/alcompasrevista.com\/","name":"Revista Al Comp\u00e0s","description":"Un proyecto de la Federaci\u00f3n de Sociedades Musicales de la Comunidad Valenciana","publisher":{"@id":"https:\/\/alcompasrevista.com\/#organization"},"potentialAction":[{"@type":"SearchAction","target":{"@type":"EntryPoint","urlTemplate":"https:\/\/alcompasrevista.com\/?s={search_term_string}"},"query-input":{"@type":"PropertyValueSpecification","valueRequired":true,"valueName":"search_term_string"}}],"inLanguage":"va"},{"@type":"Organization","@id":"https:\/\/alcompasrevista.com\/#organization","name":"Revista Al Comp\u00e0s","url":"https:\/\/alcompasrevista.com\/","logo":{"@type":"ImageObject","inLanguage":"va","@id":"https:\/\/alcompasrevista.com\/#\/schema\/logo\/image\/","url":"https:\/\/alcompasrevista.com\/wp-content\/uploads\/2022\/04\/cropped-loog_blanco.png","contentUrl":"https:\/\/alcompasrevista.com\/wp-content\/uploads\/2022\/04\/cropped-loog_blanco.png","width":1612,"height":724,"caption":"Revista Al Comp\u00e0s"},"image":{"@id":"https:\/\/alcompasrevista.com\/#\/schema\/logo\/image\/"}},{"@type":"Person","@id":"https:\/\/alcompasrevista.com\/#\/schema\/person\/0f092e7196386afa42171db0d19a38ff","name":"Redacci\u00f3n","image":{"@type":"ImageObject","inLanguage":"va","@id":"https:\/\/secure.gravatar.com\/avatar\/e2831619d4dae93995d3da450c50013d912e0b8bdf34d9ea00126d97c2b7702e?s=96&d=mm&r=g","url":"https:\/\/secure.gravatar.com\/avatar\/e2831619d4dae93995d3da450c50013d912e0b8bdf34d9ea00126d97c2b7702e?s=96&d=mm&r=g","contentUrl":"https:\/\/secure.gravatar.com\/avatar\/e2831619d4dae93995d3da450c50013d912e0b8bdf34d9ea00126d97c2b7702e?s=96&d=mm&r=g","caption":"Redacci\u00f3n"},"url":"https:\/\/alcompasrevista.com\/va\/archivos\/author\/257_webmaster"}]}},"_links":{"self":[{"href":"https:\/\/alcompasrevista.com\/va\/wp-json\/wp\/v2\/posts\/8487","targetHints":{"allow":["GET"]}}],"collection":[{"href":"https:\/\/alcompasrevista.com\/va\/wp-json\/wp\/v2\/posts"}],"about":[{"href":"https:\/\/alcompasrevista.com\/va\/wp-json\/wp\/v2\/types\/post"}],"author":[{"embeddable":true,"href":"https:\/\/alcompasrevista.com\/va\/wp-json\/wp\/v2\/users\/860004"}],"replies":[{"embeddable":true,"href":"https:\/\/alcompasrevista.com\/va\/wp-json\/wp\/v2\/comments?post=8487"}],"version-history":[{"count":0,"href":"https:\/\/alcompasrevista.com\/va\/wp-json\/wp\/v2\/posts\/8487\/revisions"}],"wp:featuredmedia":[{"embeddable":true,"href":"https:\/\/alcompasrevista.com\/va\/wp-json\/wp\/v2\/media\/8488"}],"wp:attachment":[{"href":"https:\/\/alcompasrevista.com\/va\/wp-json\/wp\/v2\/media?parent=8487"}],"wp:term":[{"taxonomy":"category","embeddable":true,"href":"https:\/\/alcompasrevista.com\/va\/wp-json\/wp\/v2\/categories?post=8487"},{"taxonomy":"post_tag","embeddable":true,"href":"https:\/\/alcompasrevista.com\/va\/wp-json\/wp\/v2\/tags?post=8487"},{"taxonomy":"portada","embeddable":true,"href":"https:\/\/alcompasrevista.com\/va\/wp-json\/wp\/v2\/portada?post=8487"}],"curies":[{"name":"wp","href":"https:\/\/api.w.org\/{rel}","templated":true}]}}