{"id":8462,"date":"2022-07-18T10:34:47","date_gmt":"2022-07-18T08:34:47","guid":{"rendered":"https:\/\/alcompasrevista.com\/the-mano-a-mano-concert-returns-to-bunol\/"},"modified":"2022-07-21T11:36:48","modified_gmt":"2022-07-21T09:36:48","slug":"mano-mano-bunol-torna","status":"publish","type":"post","link":"https:\/\/alcompasrevista.com\/va\/archivos\/8462","title":{"rendered":"Torna el concert  &#8216;Mano a mano&#8217; de Bu\u00f1ol"},"content":{"rendered":"\n<p><strong>L&#8217;auditori a l&#8217;aire lliure del Passeig de Sant Llu\u00eds de Bu\u00f1ol tornar\u00e0 a acollir el dissabte 20 d&#8217;agost l&#8217;extraordinari concert a c\u00e0rrec de les dues bandes de m\u00fasica de la localitat: la Societat Musical \u201cL&#8217;Art\u00edstica\u201d i el Centre Instructiu Musical \u201cL&#8217;Arm\u00f2nica\u201d.<\/strong><\/p>\n\n\n\n<p><strong>\u201cL&#8217;Art\u00edstica\u201d oferir\u00e0 un repertori compost per Divertimento, d&#8217;Oliver Waespi; Els trois notes du Japan, de Toshio Mashima; i pel primer moviment de la Symphony n\u00fam. 3, de Gustav Mahler. Mentre que \u201cL&#8217;Arm\u00f2nica\u201d estrenar\u00e0 Lighfail, de Stephen Melillo; pe\u00e7a que s&#8217;unir\u00e0 al pasdoble en honor al 75 aniversari de la festa de la societat, Pas al Litre, de Roque Ba\u00f1os; a m\u00e9s de la transcripci\u00f3 per a banda del poema simf\u00f2nic Festes romanes, de Ottorino Respighi.<\/strong><\/p>\n\n\n\n<p>Despr\u00e9s de dos anys d&#8217;espera, el concert m\u00e9s renombrat de la m\u00fasica de banda per fi torna. L&#8217;auditori a l&#8217;aire lliure del Passeig de Sant Llu\u00eds de Bu\u00f1ol acollir\u00e0 el pr\u00f2xim 20 d&#8217;agost una de les cites musicals \u201cm\u00e9s intenses i apassionades on molt generosament participen les dues societats musicals locals oferint un llenguatge musical molt elevat\u201d, en paraules de l&#8217;alcaldessa de la localitat, Juncal Carrascosa.<\/p>\n\n\n\n<figure class=\"wp-block-gallery has-nested-images columns-default is-cropped wp-block-gallery-1 is-layout-flex wp-block-gallery-is-layout-flex\">\n<figure class=\"wp-block-image size-full\"><img decoding=\"async\" data-id=\"8444\" src=\"https:\/\/alcompasrevista.com\/wp-content\/uploads\/2022\/07\/Diseno-sin-titulo-33-2.jpg\" alt=\"\" class=\"wp-image-8444\"\/><\/figure>\n\n\n\n<figure class=\"wp-block-image size-large\"><img decoding=\"async\" data-id=\"8447\" src=\"https:\/\/alcompasrevista.com\/wp-content\/uploads\/2022\/07\/Diseno-sin-titulo-39-2.jpg\" alt=\"\" class=\"wp-image-8447\"\/><\/figure>\n\n\n\n<figure class=\"wp-block-image size-full\"><img decoding=\"async\" data-id=\"8445\" src=\"https:\/\/alcompasrevista.com\/wp-content\/uploads\/2022\/07\/Diseno-sin-titulo-42.jpg\" alt=\"\" class=\"wp-image-8445\"\/><\/figure>\n\n\n\n<figure class=\"wp-block-image size-full\"><img decoding=\"async\" data-id=\"8446\" src=\"https:\/\/alcompasrevista.com\/wp-content\/uploads\/2022\/07\/Diseno-sin-titulo-54-2.jpg\" alt=\"\" class=\"wp-image-8446\"\/><\/figure>\n<\/figure>\n\n\n\n<p>La primera banda a actuar enguany ser\u00e0 la de la SM \u201cL&#8217;Art\u00edstica\u201d i en segon lloc ho far\u00e0 el CIM \u201cL&#8217;Arm\u00f2nica\u201d. \u201cLos Feos\u201d arrancaran el seu concert amb la interpretaci\u00f3 de Divertimento, d&#8217;Oliver Waespi, per a continuar amb Els trois notes du Japan, de Toshio Mashima; i tancaran la seua participaci\u00f3 amb el primer moviment de la Symphony n\u00fam. 3, de Gustaf Mahler.<\/p>\n\n\n\n<p>El CIM \u201cL&#8217;Arm\u00f2nica\u201d, \u201cEl Litro\u201d, estrenar\u00e0 l&#8217;obra Lighfail, de Stephen Melillo; pe\u00e7a que s&#8217;unir\u00e0 al pasdoble en honor al 75 aniversari de la festa de la societat, Pas al Litre, compost per Roque Ba\u00f1os; i finalitzaran el concert amb la transcripci\u00f3 per a banda del poema simf\u00f2nic Festes romanes, de Ottorino Respighi.<\/p>\n\n\n\n<figure class=\"wp-block-gallery has-nested-images columns-default is-cropped wp-block-gallery-2 is-layout-flex wp-block-gallery-is-layout-flex\">\n<figure class=\"wp-block-image size-full\"><img decoding=\"async\" data-id=\"8452\" src=\"https:\/\/alcompasrevista.com\/wp-content\/uploads\/2022\/07\/Diseno-sin-titulo-61-2.jpg\" alt=\"\" class=\"wp-image-8452\"\/><\/figure>\n\n\n\n<figure class=\"wp-block-image size-full\"><img decoding=\"async\" data-id=\"8449\" src=\"https:\/\/alcompasrevista.com\/wp-content\/uploads\/2022\/07\/Diseno-sin-titulo-62-1.jpg\" alt=\"\" class=\"wp-image-8449\"\/><\/figure>\n\n\n\n<figure class=\"wp-block-image size-large\"><img decoding=\"async\" data-id=\"8450\" src=\"https:\/\/alcompasrevista.com\/wp-content\/uploads\/2022\/07\/Diseno-sin-titulo-64-2.jpg\" alt=\"\" class=\"wp-image-8450\"\/><\/figure>\n\n\n\n<figure class=\"wp-block-image size-full\"><img decoding=\"async\" data-id=\"8451\" src=\"https:\/\/alcompasrevista.com\/wp-content\/uploads\/2022\/07\/Diseno-sin-titulo-66-2.jpg\" alt=\"\" class=\"wp-image-8451\"\/><\/figure>\n<\/figure>\n\n\n\n<p>El director de la SM \u201cL&#8217;Art\u00edstica\u201d, Mario Ortu\u00f1o, ha explicat que s&#8217;ha buscat \u201cun repertori variat, divertit i exigent per al m\u00fasic; una proposta per a visualitzar com una banda d&#8217;aquestes caracter\u00edstiques i d&#8217;aquest nivell pot escometre repertoris de tem\u00e0tiques i \u00e8poques completament diferents: Divertimento \u00e9s una obra dividida en quatre parts, de clar\u00edssima influ\u00e8ncia nord-americana que arranca amb una fanf\u00e0rria i que segueix amb una part lenta per a acabar amb una part molt divertida\u201d. La segona obra, Els trois notes du Japan, de Toshio Mashima, \u201ces divideix en tres parts que s\u00f3n com tres xicotetes representacions d&#8217;aqueixes imatges ic\u00f2niques del Jap\u00f3\u201d. I la tercera obra \u00e9s \u201cl&#8217;adaptaci\u00f3 del primer moviment de la Symphony n\u00fam. 3, de Gustav Mahler, amb un subt\u00edtol molt interessant \u2018Desperta Pan. Arriba l&#8217;Estiu\u2019, una oda a la naturalesa i a un despertar i un ressorgir que portem dos anys esperant\u201d, en paraules de Mario Ortu\u00f1o.<\/p>\n\n\n\n<p>Per part seua, el director del CIM \u201cL&#8217;Arm\u00f2nica\u201d, Sa\u00fcl G\u00f3mez, ha explicat que la intervenci\u00f3 de la banda de \u201cEl Litro\u201d s&#8217;iniciar\u00e0 \u201camb el pasdoble Pas al Litre, de Roque Ba\u00f1os, fant\u00e0stic i delici\u00f3s que amb una est\u00e8tica cl\u00e0ssica amaga una gran dificultat\u201d. El concert seguir\u00e0 amb una obra \u201cemblem\u00e0tica per a tots els \u2018litreros\u2019, la transcripci\u00f3 que en 1984 el volgut Roberto For\u00e9s va fer de Festes Romanes, de Ottorino Respighi, una pe\u00e7a molt volguda per a tota la fam\u00edlia litrera. I acabarem amb l&#8217;estrena mundial de Lighfail, la quarta simfonia de Stefan Melillo, d&#8217;una dificultat t\u00e8cnica alt\u00edssima, en els seus tres moviments i amb el compositor dels quals tindrem la sort de conviure aqueixos dies\u201d.<\/p>\n\n\n\n<p>Com ja \u00e9s tradici\u00f3, la interpretaci\u00f3 de l&#8217;Himne a Bu\u00f1ol, de Manuel Chillida i Guzm\u00e1n C\u00e1rcel, i amb el qual es donar\u00e0 per conclosa la vetlada musical ser\u00e0 condu\u00efda pel President d&#8217;Honor d&#8217;enguany, el m\u00fasic, director i compositor Rafael Pascual Vilaplana qui no ha ocultat la seua satisfacci\u00f3 i el seu honor \u201cperqu\u00e8 l&#8217;Ajuntament i totes dues societats musicals hagen pensat en mil per a aquest reconeixement\u201d. Rafael Pascual Vilaplana ha manifestat ser \u201cde fam\u00edlia de m\u00fasics i conec el \u2018Mano a mano\u2019 des de molt xicotet; aix\u00ed que per als qui hem nascut amb la banda al nostre voltant el vindre cada any al \u2018Mano a mano\u2019 ha sigut com un pelegrinatge anual que jo he fet per a veure qu\u00e8 feien les dos bandes de Bu\u00f1ol\u201d.<\/p>\n\n\n\n<figure class=\"wp-block-gallery has-nested-images columns-default is-cropped wp-block-gallery-3 is-layout-flex wp-block-gallery-is-layout-flex\">\n<figure class=\"wp-block-image size-full\"><img decoding=\"async\" data-id=\"8455\" src=\"https:\/\/alcompasrevista.com\/wp-content\/uploads\/2022\/07\/Diseno-sin-titulo-65-2.jpg\" alt=\"\" class=\"wp-image-8455\"\/><\/figure>\n\n\n\n<figure class=\"wp-block-image size-large\"><img decoding=\"async\" data-id=\"8457\" src=\"https:\/\/alcompasrevista.com\/wp-content\/uploads\/2022\/07\/Diseno-sin-titulo-72-1.jpg\" alt=\"\" class=\"wp-image-8457\"\/><\/figure>\n\n\n\n<figure class=\"wp-block-image size-large\"><img decoding=\"async\" data-id=\"8454\" src=\"https:\/\/alcompasrevista.com\/wp-content\/uploads\/2022\/07\/Diseno-sin-titulo-73-1.jpg\" alt=\"\" class=\"wp-image-8454\"\/><\/figure>\n\n\n\n<figure class=\"wp-block-image size-large\"><img decoding=\"async\" data-id=\"8456\" src=\"https:\/\/alcompasrevista.com\/wp-content\/uploads\/2022\/07\/Diseno-sin-titulo-75-1.jpg\" alt=\"\" class=\"wp-image-8456\"\/><\/figure>\n<\/figure>\n\n\n\n<p>El Palau dels Escala de la Diputaci\u00f3 de Val\u00e8ncia ha sigut l&#8217;escenari triat per a la presentaci\u00f3 oficial de la 47 edici\u00f3 del concert \u2018Mano a mano\u2019, on la diputada de Benestar Social, Pilar Sarri\u00f3n, en representaci\u00f3 de la Diputaci\u00f3 de Val\u00e8ncia, ha volgut animar als directors de la Societat Musical \u201cL&#8217;Art\u00edstica\u201d i del Centre Instructiu Musical \u201cL&#8217;Harm\u00f2nica\u201d a \u201ccontinuar treballant amb les seues bandes per a delectar-nos a tots amb les seues interpretacions\u201d.<\/p>\n\n\n\n<p>Tant la presidenta de \u201cL&#8217;Harm\u00f2nica\u201d, Rosario Pardo, com el president de \u201cL&#8217;Art\u00edstica\u201d, Francisco Blasco, han agra\u00eft el suport mostrat per l&#8217;Ajuntament i per la Diputaci\u00f3 i han subratllat \u201cl&#8217;especial que \u00e9s aquest concert i m\u00e9s en aquesta edici\u00f3, ja que venim de dos anys molt dif\u00edcils per a la m\u00fasica de banda, on l\u00f2gicament se&#8217;ns demanava l&#8217;allunyament i el distanciament que \u00e9s tot el contrari al que els m\u00fasics necessitem per a tocar, per a dirigir i per a continuar sent una fam\u00edlia\u201d, en paraules de Francisco Blasco. El president de \u201cLos Feos\u201d ha posat l&#8217;accent principalment que aquest \u2018Mano a mano\u2019 ser\u00e0 \u201cel punt de partida per a oblidar dos anys tristos, dif\u00edcils i durs; i per a tornar a caminar amb pas ferm per a continuar creixent com hem fet en les \u00faltimes d\u00e8cades\u201d.<\/p>\n\n\n\n<p>Per la seua part la presidenta de \u201cL&#8217;Arm\u00f2nica\u201d s&#8217;ha felicitat \u201cper tornar a poder oferir un concert \u2018Mano a mano\u2019 com abans de la pand\u00e8mia, amb aqueix nivell no sols de qualitat sin\u00f3 tamb\u00e9 de quantitat que el fa tan espectacular\u201d. Rosario Pardo ha volgut agrair a m\u00e9s \u201cel comprom\u00eds de tots els m\u00fasics, perqu\u00e8 treballar tots aquests anys ha sigut molt dif\u00edcil: molt dif\u00edcil l&#8217;assajar i els concerts han sigut molt estranys, amb poc p\u00fablic i ells han continuat sent fidels a la seua societat\u201d. La presidenta ha tancat la seua intervenci\u00f3 llegint el missatge que el compositor de Lighfool, Stefan Melillo, ha escrit per a aquesta presentaci\u00f3.<\/p>\n","protected":false},"excerpt":{"rendered":"<p>The open-air auditorium of the Paseo de San Luis in Bu\u00f1ol will host again on Saturday August 20 the extraordinary concert by the two local bands: the Musical Society &#8220;La Art\u00edstica&#8221; and the Musical Training Center &#8220;La Arm\u00f3nica&#8221;.<\/p>\n","protected":false},"author":860004,"featured_media":8459,"comment_status":"closed","ping_status":"closed","sticky":false,"template":"","format":"standard","meta":{"footnotes":""},"categories":[29],"tags":[211,212],"portada":[183,210],"class_list":["post-8462","post","type-post","status-publish","format-standard","has-post-thumbnail","hentry","category-noticies-va","tag-bunol-va","tag-hand-in-hand","portada-bunol","portada-mano-a-mano"],"yoast_head":"<!-- This site is optimized with the Yoast SEO plugin v27.4 - https:\/\/yoast.com\/product\/yoast-seo-wordpress\/ -->\n<title>Torna el concert &#039;Mano a mano&#039; de Bu\u00f1ol - Revista Al Comp\u00e0s<\/title>\n<meta name=\"robots\" content=\"index, follow, max-snippet:-1, max-image-preview:large, max-video-preview:-1\" \/>\n<link rel=\"canonical\" href=\"https:\/\/alcompasrevista.com\/archivos\/8443\" \/>\n<meta property=\"og:locale\" content=\"en_US\" \/>\n<meta property=\"og:type\" content=\"article\" \/>\n<meta property=\"og:title\" content=\"Torna el concert &#039;Mano a mano&#039; de Bu\u00f1ol - Revista Al Comp\u00e0s\" \/>\n<meta property=\"og:description\" content=\"The open-air auditorium of the Paseo de San Luis in Bu\u00f1ol will host again on Saturday August 20 the extraordinary concert by the two local bands: the Musical Society &quot;La Art\u00edstica&quot; and the Musical Training Center &quot;La Arm\u00f3nica&quot;.\" \/>\n<meta property=\"og:url\" content=\"https:\/\/alcompasrevista.com\/archivos\/8443\" \/>\n<meta property=\"og:site_name\" content=\"Revista Al Comp\u00e0s\" \/>\n<meta property=\"article:published_time\" content=\"2022-07-18T08:34:47+00:00\" \/>\n<meta property=\"article:modified_time\" content=\"2022-07-21T09:36:48+00:00\" \/>\n<meta property=\"og:image\" content=\"https:\/\/alcompasrevista.com\/wp-content\/uploads\/2022\/07\/Diseno-sin-titulo-75-1.jpg\" \/>\n\t<meta property=\"og:image:width\" content=\"760\" \/>\n\t<meta property=\"og:image:height\" content=\"430\" \/>\n\t<meta property=\"og:image:type\" content=\"image\/jpeg\" \/>\n<meta name=\"author\" content=\"Redacci\u00f3n\" \/>\n<meta name=\"twitter:card\" content=\"summary_large_image\" \/>\n<meta name=\"twitter:label1\" content=\"Written by\" \/>\n\t<meta name=\"twitter:data1\" content=\"Redacci\u00f3\" \/>\n\t<meta name=\"twitter:label2\" content=\"Est. reading time\" \/>\n\t<meta name=\"twitter:data2\" content=\"8 minutes\" \/>\n<script type=\"application\/ld+json\" class=\"yoast-schema-graph\">{\"@context\":\"https:\\\/\\\/schema.org\",\"@graph\":[{\"@type\":\"Article\",\"@id\":\"https:\\\/\\\/alcompasrevista.com\\\/archivos\\\/8443#article\",\"isPartOf\":{\"@id\":\"https:\\\/\\\/alcompasrevista.com\\\/archivos\\\/8443\"},\"author\":{\"name\":\"Redacci\u00f3n\",\"@id\":\"https:\\\/\\\/alcompasrevista.com\\\/#\\\/schema\\\/person\\\/0f092e7196386afa42171db0d19a38ff\"},\"headline\":\"Torna el concert &#8216;Mano a mano&#8217; de Bu\u00f1ol\",\"datePublished\":\"2022-07-18T08:34:47+00:00\",\"dateModified\":\"2022-07-21T09:36:48+00:00\",\"mainEntityOfPage\":{\"@id\":\"https:\\\/\\\/alcompasrevista.com\\\/archivos\\\/8443\"},\"wordCount\":1147,\"publisher\":{\"@id\":\"https:\\\/\\\/alcompasrevista.com\\\/#organization\"},\"image\":{\"@id\":\"https:\\\/\\\/alcompasrevista.com\\\/archivos\\\/8443#primaryimage\"},\"thumbnailUrl\":\"https:\\\/\\\/alcompasrevista.com\\\/wp-content\\\/uploads\\\/2022\\\/07\\\/Diseno-sin-titulo-75-1.jpg\",\"keywords\":[\"Bu\u00f1ol\",\"Hand in hand\"],\"articleSection\":[\"#Not\u00edcies\"],\"inLanguage\":\"va\"},{\"@type\":\"WebPage\",\"@id\":\"https:\\\/\\\/alcompasrevista.com\\\/archivos\\\/8443\",\"url\":\"https:\\\/\\\/alcompasrevista.com\\\/archivos\\\/8443\",\"name\":\"Torna el concert 'Mano a mano' de Bu\u00f1ol - Revista Al Comp\u00e0s\",\"isPartOf\":{\"@id\":\"https:\\\/\\\/alcompasrevista.com\\\/#website\"},\"primaryImageOfPage\":{\"@id\":\"https:\\\/\\\/alcompasrevista.com\\\/archivos\\\/8443#primaryimage\"},\"image\":{\"@id\":\"https:\\\/\\\/alcompasrevista.com\\\/archivos\\\/8443#primaryimage\"},\"thumbnailUrl\":\"https:\\\/\\\/alcompasrevista.com\\\/wp-content\\\/uploads\\\/2022\\\/07\\\/Diseno-sin-titulo-75-1.jpg\",\"datePublished\":\"2022-07-18T08:34:47+00:00\",\"dateModified\":\"2022-07-21T09:36:48+00:00\",\"breadcrumb\":{\"@id\":\"https:\\\/\\\/alcompasrevista.com\\\/archivos\\\/8443#breadcrumb\"},\"inLanguage\":\"va\",\"potentialAction\":[{\"@type\":\"ReadAction\",\"target\":[\"https:\\\/\\\/alcompasrevista.com\\\/archivos\\\/8443\"]}]},{\"@type\":\"ImageObject\",\"inLanguage\":\"va\",\"@id\":\"https:\\\/\\\/alcompasrevista.com\\\/archivos\\\/8443#primaryimage\",\"url\":\"https:\\\/\\\/alcompasrevista.com\\\/wp-content\\\/uploads\\\/2022\\\/07\\\/Diseno-sin-titulo-75-1.jpg\",\"contentUrl\":\"https:\\\/\\\/alcompasrevista.com\\\/wp-content\\\/uploads\\\/2022\\\/07\\\/Diseno-sin-titulo-75-1.jpg\",\"width\":760,\"height\":430},{\"@type\":\"BreadcrumbList\",\"@id\":\"https:\\\/\\\/alcompasrevista.com\\\/archivos\\\/8443#breadcrumb\",\"itemListElement\":[{\"@type\":\"ListItem\",\"position\":1,\"name\":\"Portada\",\"item\":\"https:\\\/\\\/alcompasrevista.com\\\/va\"},{\"@type\":\"ListItem\",\"position\":2,\"name\":\"Torna el concert &#8216;Mano a mano&#8217; de Bu\u00f1ol\"}]},{\"@type\":\"WebSite\",\"@id\":\"https:\\\/\\\/alcompasrevista.com\\\/#website\",\"url\":\"https:\\\/\\\/alcompasrevista.com\\\/\",\"name\":\"Revista Al Comp\u00e0s\",\"description\":\"Un proyecto de la Federaci\u00f3n de Sociedades Musicales de la Comunidad Valenciana\",\"publisher\":{\"@id\":\"https:\\\/\\\/alcompasrevista.com\\\/#organization\"},\"potentialAction\":[{\"@type\":\"SearchAction\",\"target\":{\"@type\":\"EntryPoint\",\"urlTemplate\":\"https:\\\/\\\/alcompasrevista.com\\\/?s={search_term_string}\"},\"query-input\":{\"@type\":\"PropertyValueSpecification\",\"valueRequired\":true,\"valueName\":\"search_term_string\"}}],\"inLanguage\":\"va\"},{\"@type\":\"Organization\",\"@id\":\"https:\\\/\\\/alcompasrevista.com\\\/#organization\",\"name\":\"Revista Al Comp\u00e0s\",\"url\":\"https:\\\/\\\/alcompasrevista.com\\\/\",\"logo\":{\"@type\":\"ImageObject\",\"inLanguage\":\"va\",\"@id\":\"https:\\\/\\\/alcompasrevista.com\\\/#\\\/schema\\\/logo\\\/image\\\/\",\"url\":\"https:\\\/\\\/alcompasrevista.com\\\/wp-content\\\/uploads\\\/2022\\\/04\\\/cropped-loog_blanco.png\",\"contentUrl\":\"https:\\\/\\\/alcompasrevista.com\\\/wp-content\\\/uploads\\\/2022\\\/04\\\/cropped-loog_blanco.png\",\"width\":1612,\"height\":724,\"caption\":\"Revista Al Comp\u00e0s\"},\"image\":{\"@id\":\"https:\\\/\\\/alcompasrevista.com\\\/#\\\/schema\\\/logo\\\/image\\\/\"}},{\"@type\":\"Person\",\"@id\":\"https:\\\/\\\/alcompasrevista.com\\\/#\\\/schema\\\/person\\\/0f092e7196386afa42171db0d19a38ff\",\"name\":\"Redacci\u00f3n\",\"image\":{\"@type\":\"ImageObject\",\"inLanguage\":\"va\",\"@id\":\"https:\\\/\\\/secure.gravatar.com\\\/avatar\\\/e2831619d4dae93995d3da450c50013d912e0b8bdf34d9ea00126d97c2b7702e?s=96&d=mm&r=g\",\"url\":\"https:\\\/\\\/secure.gravatar.com\\\/avatar\\\/e2831619d4dae93995d3da450c50013d912e0b8bdf34d9ea00126d97c2b7702e?s=96&d=mm&r=g\",\"contentUrl\":\"https:\\\/\\\/secure.gravatar.com\\\/avatar\\\/e2831619d4dae93995d3da450c50013d912e0b8bdf34d9ea00126d97c2b7702e?s=96&d=mm&r=g\",\"caption\":\"Redacci\u00f3n\"},\"url\":\"https:\\\/\\\/alcompasrevista.com\\\/va\\\/archivos\\\/author\\\/257_webmaster\"}]}<\/script>\n<!-- \/ Yoast SEO plugin. -->","yoast_head_json":{"title":"Torna el concert 'Mano a mano' de Bu\u00f1ol - Revista Al Comp\u00e0s","robots":{"index":"index","follow":"follow","max-snippet":"max-snippet:-1","max-image-preview":"max-image-preview:large","max-video-preview":"max-video-preview:-1"},"canonical":"https:\/\/alcompasrevista.com\/archivos\/8443","og_locale":"en_US","og_type":"article","og_title":"Torna el concert 'Mano a mano' de Bu\u00f1ol - Revista Al Comp\u00e0s","og_description":"The open-air auditorium of the Paseo de San Luis in Bu\u00f1ol will host again on Saturday August 20 the extraordinary concert by the two local bands: the Musical Society \"La Art\u00edstica\" and the Musical Training Center \"La Arm\u00f3nica\".","og_url":"https:\/\/alcompasrevista.com\/archivos\/8443","og_site_name":"Revista Al Comp\u00e0s","article_published_time":"2022-07-18T08:34:47+00:00","article_modified_time":"2022-07-21T09:36:48+00:00","og_image":[{"width":760,"height":430,"url":"https:\/\/alcompasrevista.com\/wp-content\/uploads\/2022\/07\/Diseno-sin-titulo-75-1.jpg","type":"image\/jpeg"}],"author":"Redacci\u00f3n","twitter_card":"summary_large_image","twitter_misc":{"Written by":"Redacci\u00f3","Est. reading time":"8 minutes"},"schema":{"@context":"https:\/\/schema.org","@graph":[{"@type":"Article","@id":"https:\/\/alcompasrevista.com\/archivos\/8443#article","isPartOf":{"@id":"https:\/\/alcompasrevista.com\/archivos\/8443"},"author":{"name":"Redacci\u00f3n","@id":"https:\/\/alcompasrevista.com\/#\/schema\/person\/0f092e7196386afa42171db0d19a38ff"},"headline":"Torna el concert &#8216;Mano a mano&#8217; de Bu\u00f1ol","datePublished":"2022-07-18T08:34:47+00:00","dateModified":"2022-07-21T09:36:48+00:00","mainEntityOfPage":{"@id":"https:\/\/alcompasrevista.com\/archivos\/8443"},"wordCount":1147,"publisher":{"@id":"https:\/\/alcompasrevista.com\/#organization"},"image":{"@id":"https:\/\/alcompasrevista.com\/archivos\/8443#primaryimage"},"thumbnailUrl":"https:\/\/alcompasrevista.com\/wp-content\/uploads\/2022\/07\/Diseno-sin-titulo-75-1.jpg","keywords":["Bu\u00f1ol","Hand in hand"],"articleSection":["#Not\u00edcies"],"inLanguage":"va"},{"@type":"WebPage","@id":"https:\/\/alcompasrevista.com\/archivos\/8443","url":"https:\/\/alcompasrevista.com\/archivos\/8443","name":"Torna el concert 'Mano a mano' de Bu\u00f1ol - Revista Al Comp\u00e0s","isPartOf":{"@id":"https:\/\/alcompasrevista.com\/#website"},"primaryImageOfPage":{"@id":"https:\/\/alcompasrevista.com\/archivos\/8443#primaryimage"},"image":{"@id":"https:\/\/alcompasrevista.com\/archivos\/8443#primaryimage"},"thumbnailUrl":"https:\/\/alcompasrevista.com\/wp-content\/uploads\/2022\/07\/Diseno-sin-titulo-75-1.jpg","datePublished":"2022-07-18T08:34:47+00:00","dateModified":"2022-07-21T09:36:48+00:00","breadcrumb":{"@id":"https:\/\/alcompasrevista.com\/archivos\/8443#breadcrumb"},"inLanguage":"va","potentialAction":[{"@type":"ReadAction","target":["https:\/\/alcompasrevista.com\/archivos\/8443"]}]},{"@type":"ImageObject","inLanguage":"va","@id":"https:\/\/alcompasrevista.com\/archivos\/8443#primaryimage","url":"https:\/\/alcompasrevista.com\/wp-content\/uploads\/2022\/07\/Diseno-sin-titulo-75-1.jpg","contentUrl":"https:\/\/alcompasrevista.com\/wp-content\/uploads\/2022\/07\/Diseno-sin-titulo-75-1.jpg","width":760,"height":430},{"@type":"BreadcrumbList","@id":"https:\/\/alcompasrevista.com\/archivos\/8443#breadcrumb","itemListElement":[{"@type":"ListItem","position":1,"name":"Portada","item":"https:\/\/alcompasrevista.com\/va"},{"@type":"ListItem","position":2,"name":"Torna el concert &#8216;Mano a mano&#8217; de Bu\u00f1ol"}]},{"@type":"WebSite","@id":"https:\/\/alcompasrevista.com\/#website","url":"https:\/\/alcompasrevista.com\/","name":"Revista Al Comp\u00e0s","description":"Un proyecto de la Federaci\u00f3n de Sociedades Musicales de la Comunidad Valenciana","publisher":{"@id":"https:\/\/alcompasrevista.com\/#organization"},"potentialAction":[{"@type":"SearchAction","target":{"@type":"EntryPoint","urlTemplate":"https:\/\/alcompasrevista.com\/?s={search_term_string}"},"query-input":{"@type":"PropertyValueSpecification","valueRequired":true,"valueName":"search_term_string"}}],"inLanguage":"va"},{"@type":"Organization","@id":"https:\/\/alcompasrevista.com\/#organization","name":"Revista Al Comp\u00e0s","url":"https:\/\/alcompasrevista.com\/","logo":{"@type":"ImageObject","inLanguage":"va","@id":"https:\/\/alcompasrevista.com\/#\/schema\/logo\/image\/","url":"https:\/\/alcompasrevista.com\/wp-content\/uploads\/2022\/04\/cropped-loog_blanco.png","contentUrl":"https:\/\/alcompasrevista.com\/wp-content\/uploads\/2022\/04\/cropped-loog_blanco.png","width":1612,"height":724,"caption":"Revista Al Comp\u00e0s"},"image":{"@id":"https:\/\/alcompasrevista.com\/#\/schema\/logo\/image\/"}},{"@type":"Person","@id":"https:\/\/alcompasrevista.com\/#\/schema\/person\/0f092e7196386afa42171db0d19a38ff","name":"Redacci\u00f3n","image":{"@type":"ImageObject","inLanguage":"va","@id":"https:\/\/secure.gravatar.com\/avatar\/e2831619d4dae93995d3da450c50013d912e0b8bdf34d9ea00126d97c2b7702e?s=96&d=mm&r=g","url":"https:\/\/secure.gravatar.com\/avatar\/e2831619d4dae93995d3da450c50013d912e0b8bdf34d9ea00126d97c2b7702e?s=96&d=mm&r=g","contentUrl":"https:\/\/secure.gravatar.com\/avatar\/e2831619d4dae93995d3da450c50013d912e0b8bdf34d9ea00126d97c2b7702e?s=96&d=mm&r=g","caption":"Redacci\u00f3n"},"url":"https:\/\/alcompasrevista.com\/va\/archivos\/author\/257_webmaster"}]}},"_links":{"self":[{"href":"https:\/\/alcompasrevista.com\/va\/wp-json\/wp\/v2\/posts\/8462","targetHints":{"allow":["GET"]}}],"collection":[{"href":"https:\/\/alcompasrevista.com\/va\/wp-json\/wp\/v2\/posts"}],"about":[{"href":"https:\/\/alcompasrevista.com\/va\/wp-json\/wp\/v2\/types\/post"}],"author":[{"embeddable":true,"href":"https:\/\/alcompasrevista.com\/va\/wp-json\/wp\/v2\/users\/860004"}],"replies":[{"embeddable":true,"href":"https:\/\/alcompasrevista.com\/va\/wp-json\/wp\/v2\/comments?post=8462"}],"version-history":[{"count":0,"href":"https:\/\/alcompasrevista.com\/va\/wp-json\/wp\/v2\/posts\/8462\/revisions"}],"wp:featuredmedia":[{"embeddable":true,"href":"https:\/\/alcompasrevista.com\/va\/wp-json\/wp\/v2\/media\/8459"}],"wp:attachment":[{"href":"https:\/\/alcompasrevista.com\/va\/wp-json\/wp\/v2\/media?parent=8462"}],"wp:term":[{"taxonomy":"category","embeddable":true,"href":"https:\/\/alcompasrevista.com\/va\/wp-json\/wp\/v2\/categories?post=8462"},{"taxonomy":"post_tag","embeddable":true,"href":"https:\/\/alcompasrevista.com\/va\/wp-json\/wp\/v2\/tags?post=8462"},{"taxonomy":"portada","embeddable":true,"href":"https:\/\/alcompasrevista.com\/va\/wp-json\/wp\/v2\/portada?post=8462"}],"curies":[{"name":"wp","href":"https:\/\/api.w.org\/{rel}","templated":true}]}}