{"id":8431,"date":"2022-07-18T10:01:56","date_gmt":"2022-07-18T08:01:56","guid":{"rendered":"https:\/\/alcompasrevista.com\/lartistica-manisense-premieres-the-work-trittico-eclettico-by-johan-de-meij-in-a-lliria\/"},"modified":"2022-07-18T10:11:49","modified_gmt":"2022-07-18T08:11:49","slug":"lartistica-manisense-premieres-the-work-trittico-eclettico-by-johan-de-meij-in-a-lliria","status":"publish","type":"post","link":"https:\/\/alcompasrevista.com\/va\/archivos\/8431","title":{"rendered":"L\u2019Art\u00edstica Manisense estrena l\u2019obra Trittico Eclettico de Johan de Meij a Ll\u00edria"},"content":{"rendered":"\n<p>La Banda Simf\u00f2nica de L\u2019Art\u00edstica Manisense realitzar\u00e0 l\u2019estrena a Espanya del concert per a clarinet <em>Trittico Eclettico<\/em>, de Johan de Meij, el pr\u00f2xim dissabte 23 de juliol a les 19:00 hores al Teatre de la Uni\u00f3 Musical de Ll\u00edria. La banda, dirigida per Bram Sniekers, comptar\u00e0 amb Arno Piters, requint de la Royal Concertgebouw Orquestra Amsterdam, com a clarinet solista.<\/p>\n\n\n\n<figure class=\"wp-block-image aligncenter size-full\"><img decoding=\"async\" src=\"https:\/\/alcompasrevista.com\/wp-content\/uploads\/2022\/07\/Diseno-sin-titulo-32-3.jpg\" alt=\"\" class=\"wp-image-8426\"\/><figcaption>Arno Piters<\/figcaption><\/figure>\n\n\n\n<p>L\u2019obra <em>Trittico Eclettico<\/em> s\u2019ha estrenat mundialment aquest 11 de juliol a Kerkrade, i ara L\u2019Art\u00edstica Manisense realitzar\u00e0 l\u2019estrena a Espanya el pr\u00f2xim 23 de juliol.<\/p>\n\n\n\n<p>A m\u00e9s, L\u2019Art\u00edstica Manisense comptar\u00e0 amb el compositor Johan de Meij com a convidat, que dirigir\u00e0 la seua obra Year 2020. L\u2019obra, que tamb\u00e9 s\u2019interpreta a Espanya per primera vegada, es va composar amb motiu de la pand\u00e8mia i reflecteix all\u00f2 que significa l\u2019any 2020 per al compositor holand\u00e8s.<\/p>\n\n\n\n<p>El programa del concert, d\u2019entrada lliure i gratu\u00efta, es completar\u00e0 amb les obres <em>Henry V<\/em>, de Patrick Doyle, i <em>Sinfonietta #1<\/em> de Bart Picqueur.<\/p>\n\n\n\n<p>El concert s\u2019emmarca dins de la col\u00b7laboraci\u00f3 entre les dues ciutats creatives de la UNESCO de la prov\u00edncia de Val\u00e8ncia. Manises va ser declarada com a ciutat creativa de la UNESCO en la modalitat d\u2019Artesania i Arts Populars el passat mes de novembre, i s\u2019unia aix\u00ed a Ll\u00edria, que forma part d\u2019aquesta xarxa en la modalitat de M\u00fasica des de 2019.<\/p>\n\n\n\n<p><strong><strong>El compositor Johan de Meij<\/strong><\/strong><\/p>\n\n\n\n<p>Johan de Meij (Pa\u00efsos Baixos, 1953) t\u00e9 una destacada carrera internacional com a compositor i arranjador. El seu cat\u00e0leg inclou obres originals, transcripcions d\u2019obres per a orquestra, arranjaments de bandes sonores de pel\u00b7l\u00edcules i musicals. Entre les seues obres, destaquen la <em>Simfonia n\u00fam. 1 &#8211; El Senyor dels Anells<\/em>, basada en el llibre de Tolkien. Ha rebut diversos guardons com ara el Premi Internacional de Composici\u00f3 de Sudler, el Primer Premi en el Concurs Internacional de Composici\u00f3 Corciano d\u2019It\u00e0lia i el Premi Internacional de Composici\u00f3 del Sultanat d\u2019Oman.<\/p>\n\n\n\n<p><strong><strong>El solista Arno Piters<\/strong><\/strong><\/p>\n\n\n\n<p>Arno Piters (Pa\u00efsos Baixos, 1980) \u00e9s requint a la Royal Concertgebouw Orchestra d&#8217;Amsterdam, l&#8217;orquestra simf\u00f2nica m\u00e9s coneguda i respectada dels Pa\u00efsos Baixos, i considerada com una de les deu millors orquestres del m\u00f3n. \u00c9s int\u00e8rpret convidat en formacions com la Mahler Chamber Orchestra, l\u2019Orquestra de la R\u00e0dio de Col\u00f2nia, la Filharm\u00f2nica de Rotterdam o la World Orchestra for Peace.<\/p>\n\n\n\n<p><strong><strong>La Banda Simf\u00f2nica de L\u2019Art\u00edstica Manisense<\/strong><\/strong><\/p>\n\n\n\n<p>La Societat Musical L\u2019Art\u00edstica Manisense naix en 1968, i amb ella la seua banda simf\u00f2nica. Una agrupaci\u00f3 que ha aconseguit els principals palmar\u00e8s a cert\u00e0mens com ara el Certamen Internacional de M\u00fasica Vila d\u2019Altea o el Certamen Internacional de Bandes Val\u00e8ncia, i ha participat convidada per l\u2019organitzaci\u00f3 en el Certamen Internacional de Kerkrade. El guard\u00f3 m\u00e9s recent de la Banda Simf\u00f2nica de L\u2019Art\u00edstica Manisense ha sigut el Primer Premi en el Certamen de Cullera de 2019, ja sota la batuta del seu actual director Bram Sniekers.<\/p>\n","protected":false},"excerpt":{"rendered":"<p>The Symphonic Band of L&#8217;Art\u00edstica Manisense will perform the Spanish premiere of the clarinet concerto Trittico Eclettico, by Johan de Meij, next Saturday July 23rd at 7:00 pm at the Teatro de la Uni\u00f3 Musical de Ll\u00edria. The band, conducted by Bram Sniekers, will feature Arno Piters, requinto player of the Royal Concertgebouw Orquestra Amsterdam, as clarinet soloist.<\/p>\n","protected":false},"author":860004,"featured_media":8429,"comment_status":"closed","ping_status":"closed","sticky":false,"template":"","format":"standard","meta":{"footnotes":""},"categories":[29],"tags":[],"portada":[],"class_list":["post-8431","post","type-post","status-publish","format-standard","has-post-thumbnail","hentry","category-noticies-va"],"yoast_head":"<!-- This site is optimized with the Yoast SEO plugin v27.4 - https:\/\/yoast.com\/product\/yoast-seo-wordpress\/ -->\n<title>L\u2019Art\u00edstica Manisense estrena l\u2019obra Trittico Eclettico de Johan de Meij a Ll\u00edria - Revista Al Comp\u00e0s<\/title>\n<meta name=\"robots\" content=\"index, follow, max-snippet:-1, max-image-preview:large, max-video-preview:-1\" \/>\n<link rel=\"canonical\" href=\"https:\/\/alcompasrevista.com\/archivos\/8425\" \/>\n<meta property=\"og:locale\" content=\"en_US\" \/>\n<meta property=\"og:type\" content=\"article\" \/>\n<meta property=\"og:title\" content=\"L\u2019Art\u00edstica Manisense estrena l\u2019obra Trittico Eclettico de Johan de Meij a Ll\u00edria - Revista Al Comp\u00e0s\" \/>\n<meta property=\"og:description\" content=\"The Symphonic Band of L&#039;Art\u00edstica Manisense will perform the Spanish premiere of the clarinet concerto Trittico Eclettico, by Johan de Meij, next Saturday July 23rd at 7:00 pm at the Teatro de la Uni\u00f3 Musical de Ll\u00edria. The band, conducted by Bram Sniekers, will feature Arno Piters, requinto player of the Royal Concertgebouw Orquestra Amsterdam, as clarinet soloist.\" \/>\n<meta property=\"og:url\" content=\"https:\/\/alcompasrevista.com\/archivos\/8425\" \/>\n<meta property=\"og:site_name\" content=\"Revista Al Comp\u00e0s\" \/>\n<meta property=\"article:published_time\" content=\"2022-07-18T08:01:56+00:00\" \/>\n<meta property=\"article:modified_time\" content=\"2022-07-18T08:11:49+00:00\" \/>\n<meta property=\"og:image\" content=\"https:\/\/alcompasrevista.com\/wp-content\/uploads\/2022\/07\/Diseno-sin-titulo-30-2.jpg\" \/>\n\t<meta property=\"og:image:width\" content=\"760\" \/>\n\t<meta property=\"og:image:height\" content=\"430\" \/>\n\t<meta property=\"og:image:type\" content=\"image\/jpeg\" \/>\n<meta name=\"author\" content=\"Redacci\u00f3n\" \/>\n<meta name=\"twitter:card\" content=\"summary_large_image\" \/>\n<meta name=\"twitter:label1\" content=\"Written by\" \/>\n\t<meta name=\"twitter:data1\" content=\"Redacci\u00f3\" \/>\n\t<meta name=\"twitter:label2\" content=\"Est. reading time\" \/>\n\t<meta name=\"twitter:data2\" content=\"3 minutes\" \/>\n<script type=\"application\/ld+json\" class=\"yoast-schema-graph\">{\"@context\":\"https:\\\/\\\/schema.org\",\"@graph\":[{\"@type\":\"Article\",\"@id\":\"https:\\\/\\\/alcompasrevista.com\\\/archivos\\\/8425#article\",\"isPartOf\":{\"@id\":\"https:\\\/\\\/alcompasrevista.com\\\/archivos\\\/8425\"},\"author\":{\"name\":\"Redacci\u00f3n\",\"@id\":\"https:\\\/\\\/alcompasrevista.com\\\/#\\\/schema\\\/person\\\/0f092e7196386afa42171db0d19a38ff\"},\"headline\":\"L\u2019Art\u00edstica Manisense estrena l\u2019obra Trittico Eclettico de Johan de Meij a Ll\u00edria\",\"datePublished\":\"2022-07-18T08:01:56+00:00\",\"dateModified\":\"2022-07-18T08:11:49+00:00\",\"mainEntityOfPage\":{\"@id\":\"https:\\\/\\\/alcompasrevista.com\\\/archivos\\\/8425\"},\"wordCount\":540,\"publisher\":{\"@id\":\"https:\\\/\\\/alcompasrevista.com\\\/#organization\"},\"image\":{\"@id\":\"https:\\\/\\\/alcompasrevista.com\\\/archivos\\\/8425#primaryimage\"},\"thumbnailUrl\":\"https:\\\/\\\/alcompasrevista.com\\\/wp-content\\\/uploads\\\/2022\\\/07\\\/Diseno-sin-titulo-30-2.jpg\",\"articleSection\":[\"#Not\u00edcies\"],\"inLanguage\":\"va\"},{\"@type\":\"WebPage\",\"@id\":\"https:\\\/\\\/alcompasrevista.com\\\/archivos\\\/8425\",\"url\":\"https:\\\/\\\/alcompasrevista.com\\\/archivos\\\/8425\",\"name\":\"L\u2019Art\u00edstica Manisense estrena l\u2019obra Trittico Eclettico de Johan de Meij a Ll\u00edria - Revista Al Comp\u00e0s\",\"isPartOf\":{\"@id\":\"https:\\\/\\\/alcompasrevista.com\\\/#website\"},\"primaryImageOfPage\":{\"@id\":\"https:\\\/\\\/alcompasrevista.com\\\/archivos\\\/8425#primaryimage\"},\"image\":{\"@id\":\"https:\\\/\\\/alcompasrevista.com\\\/archivos\\\/8425#primaryimage\"},\"thumbnailUrl\":\"https:\\\/\\\/alcompasrevista.com\\\/wp-content\\\/uploads\\\/2022\\\/07\\\/Diseno-sin-titulo-30-2.jpg\",\"datePublished\":\"2022-07-18T08:01:56+00:00\",\"dateModified\":\"2022-07-18T08:11:49+00:00\",\"breadcrumb\":{\"@id\":\"https:\\\/\\\/alcompasrevista.com\\\/archivos\\\/8425#breadcrumb\"},\"inLanguage\":\"va\",\"potentialAction\":[{\"@type\":\"ReadAction\",\"target\":[\"https:\\\/\\\/alcompasrevista.com\\\/archivos\\\/8425\"]}]},{\"@type\":\"ImageObject\",\"inLanguage\":\"va\",\"@id\":\"https:\\\/\\\/alcompasrevista.com\\\/archivos\\\/8425#primaryimage\",\"url\":\"https:\\\/\\\/alcompasrevista.com\\\/wp-content\\\/uploads\\\/2022\\\/07\\\/Diseno-sin-titulo-30-2.jpg\",\"contentUrl\":\"https:\\\/\\\/alcompasrevista.com\\\/wp-content\\\/uploads\\\/2022\\\/07\\\/Diseno-sin-titulo-30-2.jpg\",\"width\":760,\"height\":430},{\"@type\":\"BreadcrumbList\",\"@id\":\"https:\\\/\\\/alcompasrevista.com\\\/archivos\\\/8425#breadcrumb\",\"itemListElement\":[{\"@type\":\"ListItem\",\"position\":1,\"name\":\"Portada\",\"item\":\"https:\\\/\\\/alcompasrevista.com\\\/va\"},{\"@type\":\"ListItem\",\"position\":2,\"name\":\"L\u2019Art\u00edstica Manisense estrena l\u2019obra Trittico Eclettico de Johan de Meij a Ll\u00edria\"}]},{\"@type\":\"WebSite\",\"@id\":\"https:\\\/\\\/alcompasrevista.com\\\/#website\",\"url\":\"https:\\\/\\\/alcompasrevista.com\\\/\",\"name\":\"Revista Al Comp\u00e0s\",\"description\":\"Un proyecto de la Federaci\u00f3n de Sociedades Musicales de la Comunidad Valenciana\",\"publisher\":{\"@id\":\"https:\\\/\\\/alcompasrevista.com\\\/#organization\"},\"potentialAction\":[{\"@type\":\"SearchAction\",\"target\":{\"@type\":\"EntryPoint\",\"urlTemplate\":\"https:\\\/\\\/alcompasrevista.com\\\/?s={search_term_string}\"},\"query-input\":{\"@type\":\"PropertyValueSpecification\",\"valueRequired\":true,\"valueName\":\"search_term_string\"}}],\"inLanguage\":\"va\"},{\"@type\":\"Organization\",\"@id\":\"https:\\\/\\\/alcompasrevista.com\\\/#organization\",\"name\":\"Revista Al Comp\u00e0s\",\"url\":\"https:\\\/\\\/alcompasrevista.com\\\/\",\"logo\":{\"@type\":\"ImageObject\",\"inLanguage\":\"va\",\"@id\":\"https:\\\/\\\/alcompasrevista.com\\\/#\\\/schema\\\/logo\\\/image\\\/\",\"url\":\"https:\\\/\\\/alcompasrevista.com\\\/wp-content\\\/uploads\\\/2022\\\/04\\\/cropped-loog_blanco.png\",\"contentUrl\":\"https:\\\/\\\/alcompasrevista.com\\\/wp-content\\\/uploads\\\/2022\\\/04\\\/cropped-loog_blanco.png\",\"width\":1612,\"height\":724,\"caption\":\"Revista Al Comp\u00e0s\"},\"image\":{\"@id\":\"https:\\\/\\\/alcompasrevista.com\\\/#\\\/schema\\\/logo\\\/image\\\/\"}},{\"@type\":\"Person\",\"@id\":\"https:\\\/\\\/alcompasrevista.com\\\/#\\\/schema\\\/person\\\/0f092e7196386afa42171db0d19a38ff\",\"name\":\"Redacci\u00f3n\",\"image\":{\"@type\":\"ImageObject\",\"inLanguage\":\"va\",\"@id\":\"https:\\\/\\\/secure.gravatar.com\\\/avatar\\\/e2831619d4dae93995d3da450c50013d912e0b8bdf34d9ea00126d97c2b7702e?s=96&d=mm&r=g\",\"url\":\"https:\\\/\\\/secure.gravatar.com\\\/avatar\\\/e2831619d4dae93995d3da450c50013d912e0b8bdf34d9ea00126d97c2b7702e?s=96&d=mm&r=g\",\"contentUrl\":\"https:\\\/\\\/secure.gravatar.com\\\/avatar\\\/e2831619d4dae93995d3da450c50013d912e0b8bdf34d9ea00126d97c2b7702e?s=96&d=mm&r=g\",\"caption\":\"Redacci\u00f3n\"},\"url\":\"https:\\\/\\\/alcompasrevista.com\\\/va\\\/archivos\\\/author\\\/257_webmaster\"}]}<\/script>\n<!-- \/ Yoast SEO plugin. -->","yoast_head_json":{"title":"L\u2019Art\u00edstica Manisense estrena l\u2019obra Trittico Eclettico de Johan de Meij a Ll\u00edria - Revista Al Comp\u00e0s","robots":{"index":"index","follow":"follow","max-snippet":"max-snippet:-1","max-image-preview":"max-image-preview:large","max-video-preview":"max-video-preview:-1"},"canonical":"https:\/\/alcompasrevista.com\/archivos\/8425","og_locale":"en_US","og_type":"article","og_title":"L\u2019Art\u00edstica Manisense estrena l\u2019obra Trittico Eclettico de Johan de Meij a Ll\u00edria - Revista Al Comp\u00e0s","og_description":"The Symphonic Band of L'Art\u00edstica Manisense will perform the Spanish premiere of the clarinet concerto Trittico Eclettico, by Johan de Meij, next Saturday July 23rd at 7:00 pm at the Teatro de la Uni\u00f3 Musical de Ll\u00edria. The band, conducted by Bram Sniekers, will feature Arno Piters, requinto player of the Royal Concertgebouw Orquestra Amsterdam, as clarinet soloist.","og_url":"https:\/\/alcompasrevista.com\/archivos\/8425","og_site_name":"Revista Al Comp\u00e0s","article_published_time":"2022-07-18T08:01:56+00:00","article_modified_time":"2022-07-18T08:11:49+00:00","og_image":[{"width":760,"height":430,"url":"https:\/\/alcompasrevista.com\/wp-content\/uploads\/2022\/07\/Diseno-sin-titulo-30-2.jpg","type":"image\/jpeg"}],"author":"Redacci\u00f3n","twitter_card":"summary_large_image","twitter_misc":{"Written by":"Redacci\u00f3","Est. reading time":"3 minutes"},"schema":{"@context":"https:\/\/schema.org","@graph":[{"@type":"Article","@id":"https:\/\/alcompasrevista.com\/archivos\/8425#article","isPartOf":{"@id":"https:\/\/alcompasrevista.com\/archivos\/8425"},"author":{"name":"Redacci\u00f3n","@id":"https:\/\/alcompasrevista.com\/#\/schema\/person\/0f092e7196386afa42171db0d19a38ff"},"headline":"L\u2019Art\u00edstica Manisense estrena l\u2019obra Trittico Eclettico de Johan de Meij a Ll\u00edria","datePublished":"2022-07-18T08:01:56+00:00","dateModified":"2022-07-18T08:11:49+00:00","mainEntityOfPage":{"@id":"https:\/\/alcompasrevista.com\/archivos\/8425"},"wordCount":540,"publisher":{"@id":"https:\/\/alcompasrevista.com\/#organization"},"image":{"@id":"https:\/\/alcompasrevista.com\/archivos\/8425#primaryimage"},"thumbnailUrl":"https:\/\/alcompasrevista.com\/wp-content\/uploads\/2022\/07\/Diseno-sin-titulo-30-2.jpg","articleSection":["#Not\u00edcies"],"inLanguage":"va"},{"@type":"WebPage","@id":"https:\/\/alcompasrevista.com\/archivos\/8425","url":"https:\/\/alcompasrevista.com\/archivos\/8425","name":"L\u2019Art\u00edstica Manisense estrena l\u2019obra Trittico Eclettico de Johan de Meij a Ll\u00edria - Revista Al Comp\u00e0s","isPartOf":{"@id":"https:\/\/alcompasrevista.com\/#website"},"primaryImageOfPage":{"@id":"https:\/\/alcompasrevista.com\/archivos\/8425#primaryimage"},"image":{"@id":"https:\/\/alcompasrevista.com\/archivos\/8425#primaryimage"},"thumbnailUrl":"https:\/\/alcompasrevista.com\/wp-content\/uploads\/2022\/07\/Diseno-sin-titulo-30-2.jpg","datePublished":"2022-07-18T08:01:56+00:00","dateModified":"2022-07-18T08:11:49+00:00","breadcrumb":{"@id":"https:\/\/alcompasrevista.com\/archivos\/8425#breadcrumb"},"inLanguage":"va","potentialAction":[{"@type":"ReadAction","target":["https:\/\/alcompasrevista.com\/archivos\/8425"]}]},{"@type":"ImageObject","inLanguage":"va","@id":"https:\/\/alcompasrevista.com\/archivos\/8425#primaryimage","url":"https:\/\/alcompasrevista.com\/wp-content\/uploads\/2022\/07\/Diseno-sin-titulo-30-2.jpg","contentUrl":"https:\/\/alcompasrevista.com\/wp-content\/uploads\/2022\/07\/Diseno-sin-titulo-30-2.jpg","width":760,"height":430},{"@type":"BreadcrumbList","@id":"https:\/\/alcompasrevista.com\/archivos\/8425#breadcrumb","itemListElement":[{"@type":"ListItem","position":1,"name":"Portada","item":"https:\/\/alcompasrevista.com\/va"},{"@type":"ListItem","position":2,"name":"L\u2019Art\u00edstica Manisense estrena l\u2019obra Trittico Eclettico de Johan de Meij a Ll\u00edria"}]},{"@type":"WebSite","@id":"https:\/\/alcompasrevista.com\/#website","url":"https:\/\/alcompasrevista.com\/","name":"Revista Al Comp\u00e0s","description":"Un proyecto de la Federaci\u00f3n de Sociedades Musicales de la Comunidad Valenciana","publisher":{"@id":"https:\/\/alcompasrevista.com\/#organization"},"potentialAction":[{"@type":"SearchAction","target":{"@type":"EntryPoint","urlTemplate":"https:\/\/alcompasrevista.com\/?s={search_term_string}"},"query-input":{"@type":"PropertyValueSpecification","valueRequired":true,"valueName":"search_term_string"}}],"inLanguage":"va"},{"@type":"Organization","@id":"https:\/\/alcompasrevista.com\/#organization","name":"Revista Al Comp\u00e0s","url":"https:\/\/alcompasrevista.com\/","logo":{"@type":"ImageObject","inLanguage":"va","@id":"https:\/\/alcompasrevista.com\/#\/schema\/logo\/image\/","url":"https:\/\/alcompasrevista.com\/wp-content\/uploads\/2022\/04\/cropped-loog_blanco.png","contentUrl":"https:\/\/alcompasrevista.com\/wp-content\/uploads\/2022\/04\/cropped-loog_blanco.png","width":1612,"height":724,"caption":"Revista Al Comp\u00e0s"},"image":{"@id":"https:\/\/alcompasrevista.com\/#\/schema\/logo\/image\/"}},{"@type":"Person","@id":"https:\/\/alcompasrevista.com\/#\/schema\/person\/0f092e7196386afa42171db0d19a38ff","name":"Redacci\u00f3n","image":{"@type":"ImageObject","inLanguage":"va","@id":"https:\/\/secure.gravatar.com\/avatar\/e2831619d4dae93995d3da450c50013d912e0b8bdf34d9ea00126d97c2b7702e?s=96&d=mm&r=g","url":"https:\/\/secure.gravatar.com\/avatar\/e2831619d4dae93995d3da450c50013d912e0b8bdf34d9ea00126d97c2b7702e?s=96&d=mm&r=g","contentUrl":"https:\/\/secure.gravatar.com\/avatar\/e2831619d4dae93995d3da450c50013d912e0b8bdf34d9ea00126d97c2b7702e?s=96&d=mm&r=g","caption":"Redacci\u00f3n"},"url":"https:\/\/alcompasrevista.com\/va\/archivos\/author\/257_webmaster"}]}},"_links":{"self":[{"href":"https:\/\/alcompasrevista.com\/va\/wp-json\/wp\/v2\/posts\/8431","targetHints":{"allow":["GET"]}}],"collection":[{"href":"https:\/\/alcompasrevista.com\/va\/wp-json\/wp\/v2\/posts"}],"about":[{"href":"https:\/\/alcompasrevista.com\/va\/wp-json\/wp\/v2\/types\/post"}],"author":[{"embeddable":true,"href":"https:\/\/alcompasrevista.com\/va\/wp-json\/wp\/v2\/users\/860004"}],"replies":[{"embeddable":true,"href":"https:\/\/alcompasrevista.com\/va\/wp-json\/wp\/v2\/comments?post=8431"}],"version-history":[{"count":0,"href":"https:\/\/alcompasrevista.com\/va\/wp-json\/wp\/v2\/posts\/8431\/revisions"}],"wp:featuredmedia":[{"embeddable":true,"href":"https:\/\/alcompasrevista.com\/va\/wp-json\/wp\/v2\/media\/8429"}],"wp:attachment":[{"href":"https:\/\/alcompasrevista.com\/va\/wp-json\/wp\/v2\/media?parent=8431"}],"wp:term":[{"taxonomy":"category","embeddable":true,"href":"https:\/\/alcompasrevista.com\/va\/wp-json\/wp\/v2\/categories?post=8431"},{"taxonomy":"post_tag","embeddable":true,"href":"https:\/\/alcompasrevista.com\/va\/wp-json\/wp\/v2\/tags?post=8431"},{"taxonomy":"portada","embeddable":true,"href":"https:\/\/alcompasrevista.com\/va\/wp-json\/wp\/v2\/portada?post=8431"}],"curies":[{"name":"wp","href":"https:\/\/api.w.org\/{rel}","templated":true}]}}