{"id":8213,"date":"2022-07-12T08:29:34","date_gmt":"2022-07-12T06:29:34","guid":{"rendered":"https:\/\/alcompasrevista.com\/exito-de-la-i-trobada-de-escuelas-musicales-del-baix-maestrat\/"},"modified":"2022-07-12T19:52:23","modified_gmt":"2022-07-12T17:52:23","slug":"exit-de-la-i-trobada-de-escoles-musicals-del-baix-maestrat","status":"publish","type":"post","link":"https:\/\/alcompasrevista.com\/va\/archivos\/8213","title":{"rendered":"\u00c8xit de la I Trobada d&#8217;Escoles Musicals del Baix Maestrat"},"content":{"rendered":"\n<p>El dissabte 9 de juliol se celebrava a Cervera del Mestre la Primera Trobada d&#8217;Escoles Musicals. En total van participar 250 xiquets de les 15 societats musicals que conformen la comarca i van gaudir d&#8217;una jornada d&#8217;activitats esportives, jocs i assajos musicals que van culminar en un concert en el qual van interpretar cinc temes a l&#8217;un\u00edson.<\/p>\n\n\n\n<p>La celebraci\u00f3 d&#8217;aquest esdeveniment va sorgir del plantejament dels directors de les escoles per a fomentar l&#8217;estudi de m\u00fasica entre els m\u00e9s joves, tant als quals ja s\u00f3n alumnes com als futurs m\u00fasics.<\/p>\n\n\n\n<figure class=\"wp-block-gallery has-nested-images columns-default is-cropped wp-block-gallery-1 is-layout-flex wp-block-gallery-is-layout-flex\">\n<figure class=\"wp-block-image size-large\"><img decoding=\"async\" data-id=\"8179\" src=\"https:\/\/alcompasrevista.com\/wp-content\/uploads\/2022\/07\/Diseno-sin-titulo-33-1.jpg\" alt=\"\" class=\"wp-image-8179\"\/><\/figure>\n\n\n\n<figure class=\"wp-block-image size-large\"><img decoding=\"async\" data-id=\"8177\" src=\"https:\/\/alcompasrevista.com\/wp-content\/uploads\/2022\/07\/Diseno-sin-titulo-39-1.jpg\" alt=\"\" class=\"wp-image-8177\"\/><\/figure>\n\n\n\n<figure class=\"wp-block-image size-large\"><img decoding=\"async\" data-id=\"8175\" src=\"https:\/\/alcompasrevista.com\/wp-content\/uploads\/2022\/07\/Diseno-sin-titulo-54-1.jpg\" alt=\"\" class=\"wp-image-8175\"\/><\/figure>\n<\/figure>\n\n\n\n<p>Els joves int\u00e8rprets van comen\u00e7ar a arribar a les 10 del mat\u00ed i l&#8217;organitzaci\u00f3 els va anar distribuint per instruments per a procedir als assajos per cordes. Aix\u00ed, durant tot el dia els estudiants van participar en diferents assajos repartits en ubicacions cedides per l&#8217;Ajuntament de Cervera del Maestrat i, despr\u00e9s del menjar, van realitzar l&#8217;assaig general previ al concert.<\/p>\n\n\n\n<p>Segons Jos\u00e9 Manuel Segarra, president comarcal del Baix Maestrat de la FSMCV: \u201caquesta ha sigut una experi\u00e8ncia fenomenal en la qual he de dir que ha eixit tot perfecte. Els estudiants sonaven de categoria, la banda estava perfectament compensada. Gr\u00e0cies a l&#8217;organitzaci\u00f3, a l&#8217;Ajuntament de Cervera del Mestre, als professors i a tots els que han participat, perqu\u00e8 l&#8217;esdeveniment ha sigut tot un \u00e8xit que segur que es repetir\u00e0 els anys esdevenidors\u201d.<\/p>\n\n\n\n<p>Malgrat la difer\u00e8ncia d&#8217;edat dels xiquets, tots es van adaptar perfectament a les obres treballades, a m\u00e9s de que l&#8217;organitzaci\u00f3 reconeix que es van portar exemplarment.<\/p>\n\n\n\n<figure class=\"wp-block-gallery has-nested-images columns-default is-cropped wp-block-gallery-2 is-layout-flex wp-block-gallery-is-layout-flex\">\n<figure class=\"wp-block-image size-large\"><img decoding=\"async\" data-id=\"8167\" src=\"https:\/\/alcompasrevista.com\/wp-content\/uploads\/2022\/07\/Diseno-sin-titulo-72.jpg\" alt=\"\" class=\"wp-image-8167\"\/><\/figure>\n\n\n\n<figure class=\"wp-block-image size-large\"><img decoding=\"async\" data-id=\"8165\" src=\"https:\/\/alcompasrevista.com\/wp-content\/uploads\/2022\/07\/Diseno-sin-titulo-73.jpg\" alt=\"\" class=\"wp-image-8165\"\/><\/figure>\n\n\n\n<figure class=\"wp-block-image size-large\"><img decoding=\"async\" data-id=\"8171\" src=\"https:\/\/alcompasrevista.com\/wp-content\/uploads\/2022\/07\/Diseno-sin-titulo-65-1.jpg\" alt=\"\" class=\"wp-image-8171\"\/><\/figure>\n<\/figure>\n\n\n\n<p>A m\u00e9s dels 15 directors de totes les escoles participants, tamb\u00e9 es van unir diferents mestres per a ajudar en un repertori en el qual entre altres obres, els alumnes van interpretar el pasdoble \u201cEls Poblets\u201d de Miguel Torrens Escriv\u00e1, que es pot gaudir <a href=\"https:\/\/www.youtube.com\/watch?v=vfmEgxW4b-I\">a\u00e7\u00ed<\/a>, y \u201cBlue Overture\u201d de Xavier Zamorano que se puede vore i escoltar <a href=\"https:\/\/www.youtube.com\/watch?v=OA0tauTKUTw\">a\u00e7\u00ed.<\/a><\/p>\n\n\n\n<p><\/p>\n\n\n\n<figure class=\"wp-block-gallery has-nested-images columns-default is-cropped wp-block-gallery-3 is-layout-flex wp-block-gallery-is-layout-flex\">\n<figure class=\"wp-block-image size-large\"><img decoding=\"async\" data-id=\"8181\" src=\"https:\/\/alcompasrevista.com\/wp-content\/uploads\/2022\/07\/Diseno-sin-titulo-32-2.jpg\" alt=\"\" class=\"wp-image-8181\"\/><\/figure>\n\n\n\n<figure class=\"wp-block-image size-large\"><img decoding=\"async\" data-id=\"8173\" src=\"https:\/\/alcompasrevista.com\/wp-content\/uploads\/2022\/07\/Diseno-sin-titulo-64-1.jpg\" alt=\"\" class=\"wp-image-8173\"\/><\/figure>\n\n\n\n<figure class=\"wp-block-image size-large\"><img decoding=\"async\" data-id=\"8163\" src=\"https:\/\/alcompasrevista.com\/wp-content\/uploads\/2022\/07\/Diseno-sin-titulo-75.jpg\" alt=\"\" class=\"wp-image-8163\"\/><\/figure>\n\n\n\n<figure class=\"wp-block-image size-large\"><img decoding=\"async\" data-id=\"8161\" src=\"https:\/\/alcompasrevista.com\/wp-content\/uploads\/2022\/07\/Diseno-sin-titulo-76.jpg\" alt=\"\" class=\"wp-image-8161\"\/><\/figure>\n<\/figure>\n","protected":false},"excerpt":{"rendered":"<p>Dissabte passat 9 de juliol se celebrava a Cervera del Mestre la Primera Trobada d&#8217;Escoles Musicals. En total van participar 250 xiquets de les 15 societats musicals que conformen la comarca i van gaudir d&#8217;una jornada d&#8217;activitats esportives, jocs i assajos musicals que van culminar en un concert en el qual van interpretar cinc temes a l&#8217;un\u00edson.<\/p>\n","protected":false},"author":860004,"featured_media":8170,"comment_status":"closed","ping_status":"closed","sticky":false,"template":"","format":"standard","meta":{"footnotes":""},"categories":[29],"tags":[203,204,205],"portada":[200,201,202],"class_list":["post-8213","post","type-post","status-publish","format-standard","has-post-thumbnail","hentry","category-noticies-va","tag-baix-maestrat-va","tag-exito-va","tag-itrobada-de-escuelas-musicales-va","portada-exito","portada-i-trobada","portada-trobada-de-escuelas-musicales"],"yoast_head":"<!-- This site is optimized with the Yoast SEO plugin v27.4 - https:\/\/yoast.com\/product\/yoast-seo-wordpress\/ -->\n<title>\u00c8xit de la I Trobada d&#039;Escoles Musicals del Baix Maestrat - Revista Al Comp\u00e0s<\/title>\n<meta name=\"robots\" content=\"index, follow, max-snippet:-1, max-image-preview:large, max-video-preview:-1\" \/>\n<link rel=\"canonical\" href=\"https:\/\/alcompasrevista.com\/archivos\/8211\" \/>\n<meta property=\"og:locale\" content=\"en_US\" \/>\n<meta property=\"og:type\" content=\"article\" \/>\n<meta property=\"og:title\" content=\"\u00c8xit de la I Trobada d&#039;Escoles Musicals del Baix Maestrat - Revista Al Comp\u00e0s\" \/>\n<meta property=\"og:description\" content=\"Dissabte passat 9 de juliol se celebrava a Cervera del Mestre la Primera Trobada d&#039;Escoles Musicals. En total van participar 250 xiquets de les 15 societats musicals que conformen la comarca i van gaudir d&#039;una jornada d&#039;activitats esportives, jocs i assajos musicals que van culminar en un concert en el qual van interpretar cinc temes a l&#039;un\u00edson.\" \/>\n<meta property=\"og:url\" content=\"https:\/\/alcompasrevista.com\/archivos\/8211\" \/>\n<meta property=\"og:site_name\" content=\"Revista Al Comp\u00e0s\" \/>\n<meta property=\"article:published_time\" content=\"2022-07-12T06:29:34+00:00\" \/>\n<meta property=\"article:modified_time\" content=\"2022-07-12T17:52:23+00:00\" \/>\n<meta property=\"og:image\" content=\"https:\/\/alcompasrevista.com\/wp-content\/uploads\/2022\/07\/Diseno-sin-titulo-66-1.jpg\" \/>\n\t<meta property=\"og:image:width\" content=\"760\" \/>\n\t<meta property=\"og:image:height\" content=\"430\" \/>\n\t<meta property=\"og:image:type\" content=\"image\/jpeg\" \/>\n<meta name=\"author\" content=\"Redacci\u00f3n\" \/>\n<meta name=\"twitter:card\" content=\"summary_large_image\" \/>\n<meta name=\"twitter:label1\" content=\"Written by\" \/>\n\t<meta name=\"twitter:data1\" content=\"Redacci\u00f3\" \/>\n\t<meta name=\"twitter:label2\" content=\"Est. reading time\" \/>\n\t<meta name=\"twitter:data2\" content=\"4 minutes\" \/>\n<script type=\"application\/ld+json\" class=\"yoast-schema-graph\">{\"@context\":\"https:\\\/\\\/schema.org\",\"@graph\":[{\"@type\":\"Article\",\"@id\":\"https:\\\/\\\/alcompasrevista.com\\\/archivos\\\/8211#article\",\"isPartOf\":{\"@id\":\"https:\\\/\\\/alcompasrevista.com\\\/archivos\\\/8211\"},\"author\":{\"name\":\"Redacci\u00f3n\",\"@id\":\"https:\\\/\\\/alcompasrevista.com\\\/#\\\/schema\\\/person\\\/0f092e7196386afa42171db0d19a38ff\"},\"headline\":\"\u00c8xit de la I Trobada d&#8217;Escoles Musicals del Baix Maestrat\",\"datePublished\":\"2022-07-12T06:29:34+00:00\",\"dateModified\":\"2022-07-12T17:52:23+00:00\",\"mainEntityOfPage\":{\"@id\":\"https:\\\/\\\/alcompasrevista.com\\\/archivos\\\/8211\"},\"wordCount\":339,\"publisher\":{\"@id\":\"https:\\\/\\\/alcompasrevista.com\\\/#organization\"},\"image\":{\"@id\":\"https:\\\/\\\/alcompasrevista.com\\\/archivos\\\/8211#primaryimage\"},\"thumbnailUrl\":\"https:\\\/\\\/alcompasrevista.com\\\/wp-content\\\/uploads\\\/2022\\\/07\\\/Diseno-sin-titulo-66-1.jpg\",\"keywords\":[\"Baix Maestrat\",\"\u00e9xito\",\"ITrobada de Escuelas Musicales\"],\"articleSection\":[\"#Not\u00edcies\"],\"inLanguage\":\"va\"},{\"@type\":\"WebPage\",\"@id\":\"https:\\\/\\\/alcompasrevista.com\\\/archivos\\\/8211\",\"url\":\"https:\\\/\\\/alcompasrevista.com\\\/archivos\\\/8211\",\"name\":\"\u00c8xit de la I Trobada d'Escoles Musicals del Baix Maestrat - Revista Al Comp\u00e0s\",\"isPartOf\":{\"@id\":\"https:\\\/\\\/alcompasrevista.com\\\/#website\"},\"primaryImageOfPage\":{\"@id\":\"https:\\\/\\\/alcompasrevista.com\\\/archivos\\\/8211#primaryimage\"},\"image\":{\"@id\":\"https:\\\/\\\/alcompasrevista.com\\\/archivos\\\/8211#primaryimage\"},\"thumbnailUrl\":\"https:\\\/\\\/alcompasrevista.com\\\/wp-content\\\/uploads\\\/2022\\\/07\\\/Diseno-sin-titulo-66-1.jpg\",\"datePublished\":\"2022-07-12T06:29:34+00:00\",\"dateModified\":\"2022-07-12T17:52:23+00:00\",\"breadcrumb\":{\"@id\":\"https:\\\/\\\/alcompasrevista.com\\\/archivos\\\/8211#breadcrumb\"},\"inLanguage\":\"va\",\"potentialAction\":[{\"@type\":\"ReadAction\",\"target\":[\"https:\\\/\\\/alcompasrevista.com\\\/archivos\\\/8211\"]}]},{\"@type\":\"ImageObject\",\"inLanguage\":\"va\",\"@id\":\"https:\\\/\\\/alcompasrevista.com\\\/archivos\\\/8211#primaryimage\",\"url\":\"https:\\\/\\\/alcompasrevista.com\\\/wp-content\\\/uploads\\\/2022\\\/07\\\/Diseno-sin-titulo-66-1.jpg\",\"contentUrl\":\"https:\\\/\\\/alcompasrevista.com\\\/wp-content\\\/uploads\\\/2022\\\/07\\\/Diseno-sin-titulo-66-1.jpg\",\"width\":760,\"height\":430},{\"@type\":\"BreadcrumbList\",\"@id\":\"https:\\\/\\\/alcompasrevista.com\\\/archivos\\\/8211#breadcrumb\",\"itemListElement\":[{\"@type\":\"ListItem\",\"position\":1,\"name\":\"Portada\",\"item\":\"https:\\\/\\\/alcompasrevista.com\\\/va\"},{\"@type\":\"ListItem\",\"position\":2,\"name\":\"\u00c8xit de la I Trobada d&#8217;Escoles Musicals del Baix Maestrat\"}]},{\"@type\":\"WebSite\",\"@id\":\"https:\\\/\\\/alcompasrevista.com\\\/#website\",\"url\":\"https:\\\/\\\/alcompasrevista.com\\\/\",\"name\":\"Revista Al Comp\u00e0s\",\"description\":\"Un proyecto de la Federaci\u00f3n de Sociedades Musicales de la Comunidad Valenciana\",\"publisher\":{\"@id\":\"https:\\\/\\\/alcompasrevista.com\\\/#organization\"},\"potentialAction\":[{\"@type\":\"SearchAction\",\"target\":{\"@type\":\"EntryPoint\",\"urlTemplate\":\"https:\\\/\\\/alcompasrevista.com\\\/?s={search_term_string}\"},\"query-input\":{\"@type\":\"PropertyValueSpecification\",\"valueRequired\":true,\"valueName\":\"search_term_string\"}}],\"inLanguage\":\"va\"},{\"@type\":\"Organization\",\"@id\":\"https:\\\/\\\/alcompasrevista.com\\\/#organization\",\"name\":\"Revista Al Comp\u00e0s\",\"url\":\"https:\\\/\\\/alcompasrevista.com\\\/\",\"logo\":{\"@type\":\"ImageObject\",\"inLanguage\":\"va\",\"@id\":\"https:\\\/\\\/alcompasrevista.com\\\/#\\\/schema\\\/logo\\\/image\\\/\",\"url\":\"https:\\\/\\\/alcompasrevista.com\\\/wp-content\\\/uploads\\\/2022\\\/04\\\/cropped-loog_blanco.png\",\"contentUrl\":\"https:\\\/\\\/alcompasrevista.com\\\/wp-content\\\/uploads\\\/2022\\\/04\\\/cropped-loog_blanco.png\",\"width\":1612,\"height\":724,\"caption\":\"Revista Al Comp\u00e0s\"},\"image\":{\"@id\":\"https:\\\/\\\/alcompasrevista.com\\\/#\\\/schema\\\/logo\\\/image\\\/\"}},{\"@type\":\"Person\",\"@id\":\"https:\\\/\\\/alcompasrevista.com\\\/#\\\/schema\\\/person\\\/0f092e7196386afa42171db0d19a38ff\",\"name\":\"Redacci\u00f3n\",\"image\":{\"@type\":\"ImageObject\",\"inLanguage\":\"va\",\"@id\":\"https:\\\/\\\/secure.gravatar.com\\\/avatar\\\/e2831619d4dae93995d3da450c50013d912e0b8bdf34d9ea00126d97c2b7702e?s=96&d=mm&r=g\",\"url\":\"https:\\\/\\\/secure.gravatar.com\\\/avatar\\\/e2831619d4dae93995d3da450c50013d912e0b8bdf34d9ea00126d97c2b7702e?s=96&d=mm&r=g\",\"contentUrl\":\"https:\\\/\\\/secure.gravatar.com\\\/avatar\\\/e2831619d4dae93995d3da450c50013d912e0b8bdf34d9ea00126d97c2b7702e?s=96&d=mm&r=g\",\"caption\":\"Redacci\u00f3n\"},\"url\":\"https:\\\/\\\/alcompasrevista.com\\\/va\\\/archivos\\\/author\\\/257_webmaster\"}]}<\/script>\n<!-- \/ Yoast SEO plugin. -->","yoast_head_json":{"title":"\u00c8xit de la I Trobada d'Escoles Musicals del Baix Maestrat - Revista Al Comp\u00e0s","robots":{"index":"index","follow":"follow","max-snippet":"max-snippet:-1","max-image-preview":"max-image-preview:large","max-video-preview":"max-video-preview:-1"},"canonical":"https:\/\/alcompasrevista.com\/archivos\/8211","og_locale":"en_US","og_type":"article","og_title":"\u00c8xit de la I Trobada d'Escoles Musicals del Baix Maestrat - Revista Al Comp\u00e0s","og_description":"Dissabte passat 9 de juliol se celebrava a Cervera del Mestre la Primera Trobada d'Escoles Musicals. En total van participar 250 xiquets de les 15 societats musicals que conformen la comarca i van gaudir d'una jornada d'activitats esportives, jocs i assajos musicals que van culminar en un concert en el qual van interpretar cinc temes a l'un\u00edson.","og_url":"https:\/\/alcompasrevista.com\/archivos\/8211","og_site_name":"Revista Al Comp\u00e0s","article_published_time":"2022-07-12T06:29:34+00:00","article_modified_time":"2022-07-12T17:52:23+00:00","og_image":[{"width":760,"height":430,"url":"https:\/\/alcompasrevista.com\/wp-content\/uploads\/2022\/07\/Diseno-sin-titulo-66-1.jpg","type":"image\/jpeg"}],"author":"Redacci\u00f3n","twitter_card":"summary_large_image","twitter_misc":{"Written by":"Redacci\u00f3","Est. reading time":"4 minutes"},"schema":{"@context":"https:\/\/schema.org","@graph":[{"@type":"Article","@id":"https:\/\/alcompasrevista.com\/archivos\/8211#article","isPartOf":{"@id":"https:\/\/alcompasrevista.com\/archivos\/8211"},"author":{"name":"Redacci\u00f3n","@id":"https:\/\/alcompasrevista.com\/#\/schema\/person\/0f092e7196386afa42171db0d19a38ff"},"headline":"\u00c8xit de la I Trobada d&#8217;Escoles Musicals del Baix Maestrat","datePublished":"2022-07-12T06:29:34+00:00","dateModified":"2022-07-12T17:52:23+00:00","mainEntityOfPage":{"@id":"https:\/\/alcompasrevista.com\/archivos\/8211"},"wordCount":339,"publisher":{"@id":"https:\/\/alcompasrevista.com\/#organization"},"image":{"@id":"https:\/\/alcompasrevista.com\/archivos\/8211#primaryimage"},"thumbnailUrl":"https:\/\/alcompasrevista.com\/wp-content\/uploads\/2022\/07\/Diseno-sin-titulo-66-1.jpg","keywords":["Baix Maestrat","\u00e9xito","ITrobada de Escuelas Musicales"],"articleSection":["#Not\u00edcies"],"inLanguage":"va"},{"@type":"WebPage","@id":"https:\/\/alcompasrevista.com\/archivos\/8211","url":"https:\/\/alcompasrevista.com\/archivos\/8211","name":"\u00c8xit de la I Trobada d'Escoles Musicals del Baix Maestrat - Revista Al Comp\u00e0s","isPartOf":{"@id":"https:\/\/alcompasrevista.com\/#website"},"primaryImageOfPage":{"@id":"https:\/\/alcompasrevista.com\/archivos\/8211#primaryimage"},"image":{"@id":"https:\/\/alcompasrevista.com\/archivos\/8211#primaryimage"},"thumbnailUrl":"https:\/\/alcompasrevista.com\/wp-content\/uploads\/2022\/07\/Diseno-sin-titulo-66-1.jpg","datePublished":"2022-07-12T06:29:34+00:00","dateModified":"2022-07-12T17:52:23+00:00","breadcrumb":{"@id":"https:\/\/alcompasrevista.com\/archivos\/8211#breadcrumb"},"inLanguage":"va","potentialAction":[{"@type":"ReadAction","target":["https:\/\/alcompasrevista.com\/archivos\/8211"]}]},{"@type":"ImageObject","inLanguage":"va","@id":"https:\/\/alcompasrevista.com\/archivos\/8211#primaryimage","url":"https:\/\/alcompasrevista.com\/wp-content\/uploads\/2022\/07\/Diseno-sin-titulo-66-1.jpg","contentUrl":"https:\/\/alcompasrevista.com\/wp-content\/uploads\/2022\/07\/Diseno-sin-titulo-66-1.jpg","width":760,"height":430},{"@type":"BreadcrumbList","@id":"https:\/\/alcompasrevista.com\/archivos\/8211#breadcrumb","itemListElement":[{"@type":"ListItem","position":1,"name":"Portada","item":"https:\/\/alcompasrevista.com\/va"},{"@type":"ListItem","position":2,"name":"\u00c8xit de la I Trobada d&#8217;Escoles Musicals del Baix Maestrat"}]},{"@type":"WebSite","@id":"https:\/\/alcompasrevista.com\/#website","url":"https:\/\/alcompasrevista.com\/","name":"Revista Al Comp\u00e0s","description":"Un proyecto de la Federaci\u00f3n de Sociedades Musicales de la Comunidad Valenciana","publisher":{"@id":"https:\/\/alcompasrevista.com\/#organization"},"potentialAction":[{"@type":"SearchAction","target":{"@type":"EntryPoint","urlTemplate":"https:\/\/alcompasrevista.com\/?s={search_term_string}"},"query-input":{"@type":"PropertyValueSpecification","valueRequired":true,"valueName":"search_term_string"}}],"inLanguage":"va"},{"@type":"Organization","@id":"https:\/\/alcompasrevista.com\/#organization","name":"Revista Al Comp\u00e0s","url":"https:\/\/alcompasrevista.com\/","logo":{"@type":"ImageObject","inLanguage":"va","@id":"https:\/\/alcompasrevista.com\/#\/schema\/logo\/image\/","url":"https:\/\/alcompasrevista.com\/wp-content\/uploads\/2022\/04\/cropped-loog_blanco.png","contentUrl":"https:\/\/alcompasrevista.com\/wp-content\/uploads\/2022\/04\/cropped-loog_blanco.png","width":1612,"height":724,"caption":"Revista Al Comp\u00e0s"},"image":{"@id":"https:\/\/alcompasrevista.com\/#\/schema\/logo\/image\/"}},{"@type":"Person","@id":"https:\/\/alcompasrevista.com\/#\/schema\/person\/0f092e7196386afa42171db0d19a38ff","name":"Redacci\u00f3n","image":{"@type":"ImageObject","inLanguage":"va","@id":"https:\/\/secure.gravatar.com\/avatar\/e2831619d4dae93995d3da450c50013d912e0b8bdf34d9ea00126d97c2b7702e?s=96&d=mm&r=g","url":"https:\/\/secure.gravatar.com\/avatar\/e2831619d4dae93995d3da450c50013d912e0b8bdf34d9ea00126d97c2b7702e?s=96&d=mm&r=g","contentUrl":"https:\/\/secure.gravatar.com\/avatar\/e2831619d4dae93995d3da450c50013d912e0b8bdf34d9ea00126d97c2b7702e?s=96&d=mm&r=g","caption":"Redacci\u00f3n"},"url":"https:\/\/alcompasrevista.com\/va\/archivos\/author\/257_webmaster"}]}},"_links":{"self":[{"href":"https:\/\/alcompasrevista.com\/va\/wp-json\/wp\/v2\/posts\/8213","targetHints":{"allow":["GET"]}}],"collection":[{"href":"https:\/\/alcompasrevista.com\/va\/wp-json\/wp\/v2\/posts"}],"about":[{"href":"https:\/\/alcompasrevista.com\/va\/wp-json\/wp\/v2\/types\/post"}],"author":[{"embeddable":true,"href":"https:\/\/alcompasrevista.com\/va\/wp-json\/wp\/v2\/users\/860004"}],"replies":[{"embeddable":true,"href":"https:\/\/alcompasrevista.com\/va\/wp-json\/wp\/v2\/comments?post=8213"}],"version-history":[{"count":0,"href":"https:\/\/alcompasrevista.com\/va\/wp-json\/wp\/v2\/posts\/8213\/revisions"}],"wp:featuredmedia":[{"embeddable":true,"href":"https:\/\/alcompasrevista.com\/va\/wp-json\/wp\/v2\/media\/8170"}],"wp:attachment":[{"href":"https:\/\/alcompasrevista.com\/va\/wp-json\/wp\/v2\/media?parent=8213"}],"wp:term":[{"taxonomy":"category","embeddable":true,"href":"https:\/\/alcompasrevista.com\/va\/wp-json\/wp\/v2\/categories?post=8213"},{"taxonomy":"post_tag","embeddable":true,"href":"https:\/\/alcompasrevista.com\/va\/wp-json\/wp\/v2\/tags?post=8213"},{"taxonomy":"portada","embeddable":true,"href":"https:\/\/alcompasrevista.com\/va\/wp-json\/wp\/v2\/portada?post=8213"}],"curies":[{"name":"wp","href":"https:\/\/api.w.org\/{rel}","templated":true}]}}