{"id":7518,"date":"2022-06-16T09:26:37","date_gmt":"2022-06-16T07:26:37","guid":{"rendered":"https:\/\/alcompasrevista.com\/?p=7518"},"modified":"2022-06-16T09:26:38","modified_gmt":"2022-06-16T07:26:38","slug":"la-xvi-biennal-de-musica-de-bunol-es-presenta-en-public-este-dissabte-precedida-per-tres-jornades-musicals","status":"publish","type":"post","link":"https:\/\/alcompasrevista.com\/va\/archivos\/7518","title":{"rendered":"La XVI Biennal de M\u00fasica de Bu\u00f1ol es presenta en p\u00fablic este dissabte precedida per tres jornades musicals"},"content":{"rendered":"\n<p>La XVI Biennal de M\u00fasica de Bu\u00f1ol es presenta en p\u00fablic este dissabte precedida per tres jornades musicals a c\u00e0rrec dels alumnes del conservatori municipal<\/p>\n\n\n\n<p>El Conservatori Municipal de M\u00fasica Sant Rafael de Bu\u00f1ol oferir\u00e0 tres jornades de concerts a partir d&#8217;aquest dijous pr\u00e8vies a la presentaci\u00f3 oficial de la XVI Biennal de M\u00fasica, prevista per al dissabte a les 12,00 hores a la Sala El Mercat de la localitat.<\/p>\n\n\n\n<p>La regidoria de Cultura de l&#8217;Ajuntament de Bu\u00f1ol t\u00e9 ja tot llest per a l&#8217;arrancada de la XVI Biennal de M\u00fasica de la localitat, despr\u00e9s de no haver-se pogut dur a terme durant els \u00faltims anys a causa de les restriccions sanit\u00e0ries motivades per la pand\u00e8mia de covid-19.<\/p>\n\n\n\n<p>Una Biennal de M\u00fasica de Bu\u00f1ol 2022 que te la seua presentaci\u00f3 oficial davant el p\u00fablic est\u00e0 prevista per a este dissabte, 18 de juny, a partir de les dotze del mat\u00ed a la Sala El Mercat del municipi i oberta a tota la ciutadania.<\/p>\n\n\n\n<p>No obstant aix\u00f2, des de la regidoria de Cultura s&#8217;ha programat, a manera d&#8217;aperitiu musical, tres jornades pr\u00e8vies en les quals els protagonistes seran les i els joves estudiants del Conservatori Municipal Professional Sant Rafael de Bu\u00f1ol, que oferiran tres concerts.<\/p>\n\n\n\n<p>El dijous, 16 de juny, a partir de les 20,30 hores l&#8217;Auditori Municipal de Sant Llu\u00eds acollir\u00e0 el concert del la Brass Band del Conservatori, dirigida per Francisco Marzo Miguel; aix\u00ed com de la Banda Juvenil, el professor de la qual \u00e9s Carlos Out\u00f3n Benito.<\/p>\n\n\n\n<p>Per al divendres, 17 de juny, a les 22,30 hores i tamb\u00e9 a l&#8217;Auditori Municipal de Sant Llu\u00eds s&#8217;ha programat el recital del Cor del Conservatori, dirigit per Enrique Hern\u00e1ndez P\u00e9rez i amb David Soliva com a pianista acompanyant; al costat del concert de l&#8217;Orquestra, dirigida per Jos\u00e9 Guerrero Moliner, que tamb\u00e9 actuar\u00e0 amb el cor.<\/p>\n\n\n\n<p>Ja el dissabte, 18 de juny, i com a colof\u00f3 a la jornada de presentaci\u00f3 oficial de la Biennal de M\u00fasica, la Banda Simf\u00f2nica del Conservatori Sant Rafael oferir\u00e0 a les 22,30 hores a l&#8217;Auditori Municipal de Sant Llu\u00eds el concert \u201cPangea\u201d, amb la participaci\u00f3 de l&#8217;instrumentista Abraham Cupeiro, que ser\u00e0 dirigit per Eduardo Carrascosa Carrascosa.<\/p>\n\n\n\n<p>Els amants de la bona m\u00fasica que vulguen con\u00e9ixer tots els detalls dels concerts, activitats i cursos d&#8217;aquesta Biennal 2022 podran fer-ho aquest dissabte, a partir de les 12,00 hores en la ja esmentada Sala El Mercat de la localitat, on tindr\u00e0 lloc la presentaci\u00f3 oficial de la XVI Biennal de M\u00fasica.<\/p>\n\n\n\n<p>Un acte que ser\u00e0 a c\u00e0rrec de l&#8217;alcaldessa de Bu\u00f1ol, Juncal Carrascosa, i de la regidora de Cultura de l&#8217;Ajuntament de Bu\u00f1ol, Mireia Parla, qui precisament ha volgut destacar que des de l&#8217;any 2018 \u201cno s&#8217;ha pogut fer una Biennal per la situaci\u00f3 sanit\u00e0ria. \u00c9s per aix\u00f2 que, des de la regidoria de Cultura estem molt entregats i portem molts mesos de treball perqu\u00e8 siga perfecta i poder arribar a un major nombre de persones, de tots els gustos i edats. D&#8217;aqu\u00ed ve que convidem a tota la ciutadania al fet que acudisca el dissabte a con\u00e9ixer els detalls d&#8217;aquesta Biennal 2022\u201d.<\/p>\n\n\n\n<p>Mireia Parla ha subratllat que s&#8217;ha volgut tamb\u00e9 \u201ctornar als inicis de la Biennal, programant actuacions de moltes xicotetes formacions, encara que per descomptat innovant amb propostes noves. Un any m\u00e9s, les activitats i concerts es distribuiran en espais situats tant en la zona del poble com de les Vendes; i volem en aquesta Biennal apostar especialment pels joves talents musicals\u201d, tal com ha subratllat la m\u00e0xima responsable del festival.<\/p>\n\n\n\n<p>La programaci\u00f3 musical es completar\u00e0 amb altres atractives propostes com ara l&#8217;I F\u00f2rum Iberoameric\u00e0 de M\u00fasica per a Vents, el Curs de l&#8217;Escola de M\u00fasiques del M\u00f3n de Bu\u00f1ol (Esmumbu), aix\u00ed com els concerts de diversos coneguts artistes nacionals. A ells se sumaran els grups de rock locals i les dos bandes simf\u00f2niques de Bu\u00f1ol: el CIM \u201cL&#8217;Harm\u00f2nica\u201d i l&#8217;SM \u201cLa Artistica\u201d, que estrenaran \u201cCatarsi en roig\u201d, l&#8217;obra per enc\u00e0rrec composta per Andr\u00e9s Valero-Castell sobre la internacionalment coneguda festa de la Tomatina.<\/p>\n\n\n\n<p>\u201cEn definitiva, seran 58 dies en qu\u00e8 la m\u00fasica ser\u00e0 la protagonista, amb concerts i activitats programades en tres fases: la Biennal de M\u00fasica, pr\u00f2piament dita, que arrancar\u00e0 amb el concert inaugural a c\u00e0rrec de \u201cL&#8217;Harm\u00f2nica\u201d el dia 9 de juliol i finalitzar\u00e0 amb el de \u201cL&#8217;Art\u00edstica\u201d el 24 de juliol. A aquesta fase s&#8217;uneix la que hem denominat prebiennal, del 16 de juny al 8 de juliol; aix\u00ed com la postbiennal, del 25 al 12 d&#8217;agost. Tres mesos de m\u00fasica on pr\u00e0cticament tots els concerts seran gratu\u00efts i aquells que no ho siguen comptaran amb un <em>Bonobienal<\/em> amb el qual poder estalviar-se un quantitat significativa en l&#8217;entrada\u201d.<\/p>\n","protected":false},"excerpt":{"rendered":"<p>La XVI Bienal de M\u00fasica de Bu\u00f1ol se presenta en p\u00fablico este s\u00e1bado precedida por tres jornadas musicales a cargo de los alumnos del conservatorio municipal<\/p>\n","protected":false},"author":860004,"featured_media":7519,"comment_status":"closed","ping_status":"closed","sticky":false,"template":"","format":"standard","meta":{"footnotes":""},"categories":[29],"tags":[],"portada":[],"class_list":["post-7518","post","type-post","status-publish","format-standard","has-post-thumbnail","hentry","category-noticies-va"],"yoast_head":"<!-- This site is optimized with the Yoast SEO plugin v27.4 - https:\/\/yoast.com\/product\/yoast-seo-wordpress\/ -->\n<title>La XVI Biennal de M\u00fasica de Bu\u00f1ol es presenta en p\u00fablic este dissabte precedida per tres jornades musicals - Revista Al Comp\u00e0s<\/title>\n<meta name=\"robots\" content=\"index, follow, max-snippet:-1, max-image-preview:large, max-video-preview:-1\" \/>\n<link rel=\"canonical\" href=\"https:\/\/alcompasrevista.com\/va\/archivos\/7518\" \/>\n<meta property=\"og:locale\" content=\"en_US\" \/>\n<meta property=\"og:type\" content=\"article\" \/>\n<meta property=\"og:title\" content=\"La XVI Biennal de M\u00fasica de Bu\u00f1ol es presenta en p\u00fablic este dissabte precedida per tres jornades musicals - Revista Al Comp\u00e0s\" \/>\n<meta property=\"og:description\" content=\"La XVI Bienal de M\u00fasica de Bu\u00f1ol se presenta en p\u00fablico este s\u00e1bado precedida por tres jornadas musicales a cargo de los alumnos del conservatorio municipal\" \/>\n<meta property=\"og:url\" content=\"https:\/\/alcompasrevista.com\/va\/archivos\/7518\" \/>\n<meta property=\"og:site_name\" content=\"Revista Al Comp\u00e0s\" \/>\n<meta property=\"article:published_time\" content=\"2022-06-16T07:26:37+00:00\" \/>\n<meta property=\"article:modified_time\" content=\"2022-06-16T07:26:38+00:00\" \/>\n<meta property=\"og:image\" content=\"https:\/\/alcompasrevista.com\/wp-content\/uploads\/2022\/06\/Diseno-sin-titulo-30.jpg\" \/>\n\t<meta property=\"og:image:width\" content=\"760\" \/>\n\t<meta property=\"og:image:height\" content=\"430\" \/>\n\t<meta property=\"og:image:type\" content=\"image\/jpeg\" \/>\n<meta name=\"author\" content=\"Redacci\u00f3n\" \/>\n<meta name=\"twitter:card\" content=\"summary_large_image\" \/>\n<meta name=\"twitter:label1\" content=\"Written by\" \/>\n\t<meta name=\"twitter:data1\" content=\"Redacci\u00f3\" \/>\n\t<meta name=\"twitter:label2\" content=\"Est. reading time\" \/>\n\t<meta name=\"twitter:data2\" content=\"4 minutes\" \/>\n<script type=\"application\/ld+json\" class=\"yoast-schema-graph\">{\"@context\":\"https:\\\/\\\/schema.org\",\"@graph\":[{\"@type\":\"Article\",\"@id\":\"https:\\\/\\\/alcompasrevista.com\\\/va\\\/archivos\\\/7518#article\",\"isPartOf\":{\"@id\":\"https:\\\/\\\/alcompasrevista.com\\\/va\\\/archivos\\\/7518\"},\"author\":{\"name\":\"Redacci\u00f3n\",\"@id\":\"https:\\\/\\\/alcompasrevista.com\\\/#\\\/schema\\\/person\\\/0f092e7196386afa42171db0d19a38ff\"},\"headline\":\"La XVI Biennal de M\u00fasica de Bu\u00f1ol es presenta en p\u00fablic este dissabte precedida per tres jornades musicals\",\"datePublished\":\"2022-06-16T07:26:37+00:00\",\"dateModified\":\"2022-06-16T07:26:38+00:00\",\"mainEntityOfPage\":{\"@id\":\"https:\\\/\\\/alcompasrevista.com\\\/va\\\/archivos\\\/7518\"},\"wordCount\":860,\"publisher\":{\"@id\":\"https:\\\/\\\/alcompasrevista.com\\\/#organization\"},\"image\":{\"@id\":\"https:\\\/\\\/alcompasrevista.com\\\/va\\\/archivos\\\/7518#primaryimage\"},\"thumbnailUrl\":\"https:\\\/\\\/alcompasrevista.com\\\/wp-content\\\/uploads\\\/2022\\\/06\\\/Diseno-sin-titulo-30.jpg\",\"articleSection\":[\"#Not\u00edcies\"],\"inLanguage\":\"va\"},{\"@type\":\"WebPage\",\"@id\":\"https:\\\/\\\/alcompasrevista.com\\\/va\\\/archivos\\\/7518\",\"url\":\"https:\\\/\\\/alcompasrevista.com\\\/va\\\/archivos\\\/7518\",\"name\":\"La XVI Biennal de M\u00fasica de Bu\u00f1ol es presenta en p\u00fablic este dissabte precedida per tres jornades musicals - Revista Al Comp\u00e0s\",\"isPartOf\":{\"@id\":\"https:\\\/\\\/alcompasrevista.com\\\/#website\"},\"primaryImageOfPage\":{\"@id\":\"https:\\\/\\\/alcompasrevista.com\\\/va\\\/archivos\\\/7518#primaryimage\"},\"image\":{\"@id\":\"https:\\\/\\\/alcompasrevista.com\\\/va\\\/archivos\\\/7518#primaryimage\"},\"thumbnailUrl\":\"https:\\\/\\\/alcompasrevista.com\\\/wp-content\\\/uploads\\\/2022\\\/06\\\/Diseno-sin-titulo-30.jpg\",\"datePublished\":\"2022-06-16T07:26:37+00:00\",\"dateModified\":\"2022-06-16T07:26:38+00:00\",\"breadcrumb\":{\"@id\":\"https:\\\/\\\/alcompasrevista.com\\\/va\\\/archivos\\\/7518#breadcrumb\"},\"inLanguage\":\"va\",\"potentialAction\":[{\"@type\":\"ReadAction\",\"target\":[\"https:\\\/\\\/alcompasrevista.com\\\/va\\\/archivos\\\/7518\"]}]},{\"@type\":\"ImageObject\",\"inLanguage\":\"va\",\"@id\":\"https:\\\/\\\/alcompasrevista.com\\\/va\\\/archivos\\\/7518#primaryimage\",\"url\":\"https:\\\/\\\/alcompasrevista.com\\\/wp-content\\\/uploads\\\/2022\\\/06\\\/Diseno-sin-titulo-30.jpg\",\"contentUrl\":\"https:\\\/\\\/alcompasrevista.com\\\/wp-content\\\/uploads\\\/2022\\\/06\\\/Diseno-sin-titulo-30.jpg\",\"width\":760,\"height\":430,\"caption\":\"La XVI Bienal de M\u00fasica de Bu\u00f1ol se presenta en p\u00fablico este s\u00e1bado precedida por tres jornadas musicales a cargo de los alumnos del conservatorio municipal\"},{\"@type\":\"BreadcrumbList\",\"@id\":\"https:\\\/\\\/alcompasrevista.com\\\/va\\\/archivos\\\/7518#breadcrumb\",\"itemListElement\":[{\"@type\":\"ListItem\",\"position\":1,\"name\":\"Portada\",\"item\":\"https:\\\/\\\/alcompasrevista.com\\\/va\"},{\"@type\":\"ListItem\",\"position\":2,\"name\":\"La XVI Biennal de M\u00fasica de Bu\u00f1ol es presenta en p\u00fablic este dissabte precedida per tres jornades musicals\"}]},{\"@type\":\"WebSite\",\"@id\":\"https:\\\/\\\/alcompasrevista.com\\\/#website\",\"url\":\"https:\\\/\\\/alcompasrevista.com\\\/\",\"name\":\"Revista Al Comp\u00e0s\",\"description\":\"Un proyecto de la Federaci\u00f3n de Sociedades Musicales de la Comunidad Valenciana\",\"publisher\":{\"@id\":\"https:\\\/\\\/alcompasrevista.com\\\/#organization\"},\"potentialAction\":[{\"@type\":\"SearchAction\",\"target\":{\"@type\":\"EntryPoint\",\"urlTemplate\":\"https:\\\/\\\/alcompasrevista.com\\\/?s={search_term_string}\"},\"query-input\":{\"@type\":\"PropertyValueSpecification\",\"valueRequired\":true,\"valueName\":\"search_term_string\"}}],\"inLanguage\":\"va\"},{\"@type\":\"Organization\",\"@id\":\"https:\\\/\\\/alcompasrevista.com\\\/#organization\",\"name\":\"Revista Al Comp\u00e0s\",\"url\":\"https:\\\/\\\/alcompasrevista.com\\\/\",\"logo\":{\"@type\":\"ImageObject\",\"inLanguage\":\"va\",\"@id\":\"https:\\\/\\\/alcompasrevista.com\\\/#\\\/schema\\\/logo\\\/image\\\/\",\"url\":\"https:\\\/\\\/alcompasrevista.com\\\/wp-content\\\/uploads\\\/2022\\\/04\\\/cropped-loog_blanco.png\",\"contentUrl\":\"https:\\\/\\\/alcompasrevista.com\\\/wp-content\\\/uploads\\\/2022\\\/04\\\/cropped-loog_blanco.png\",\"width\":1612,\"height\":724,\"caption\":\"Revista Al Comp\u00e0s\"},\"image\":{\"@id\":\"https:\\\/\\\/alcompasrevista.com\\\/#\\\/schema\\\/logo\\\/image\\\/\"}},{\"@type\":\"Person\",\"@id\":\"https:\\\/\\\/alcompasrevista.com\\\/#\\\/schema\\\/person\\\/0f092e7196386afa42171db0d19a38ff\",\"name\":\"Redacci\u00f3n\",\"image\":{\"@type\":\"ImageObject\",\"inLanguage\":\"va\",\"@id\":\"https:\\\/\\\/secure.gravatar.com\\\/avatar\\\/e2831619d4dae93995d3da450c50013d912e0b8bdf34d9ea00126d97c2b7702e?s=96&d=mm&r=g\",\"url\":\"https:\\\/\\\/secure.gravatar.com\\\/avatar\\\/e2831619d4dae93995d3da450c50013d912e0b8bdf34d9ea00126d97c2b7702e?s=96&d=mm&r=g\",\"contentUrl\":\"https:\\\/\\\/secure.gravatar.com\\\/avatar\\\/e2831619d4dae93995d3da450c50013d912e0b8bdf34d9ea00126d97c2b7702e?s=96&d=mm&r=g\",\"caption\":\"Redacci\u00f3n\"},\"url\":\"https:\\\/\\\/alcompasrevista.com\\\/va\\\/archivos\\\/author\\\/257_webmaster\"}]}<\/script>\n<!-- \/ Yoast SEO plugin. -->","yoast_head_json":{"title":"La XVI Biennal de M\u00fasica de Bu\u00f1ol es presenta en p\u00fablic este dissabte precedida per tres jornades musicals - Revista Al Comp\u00e0s","robots":{"index":"index","follow":"follow","max-snippet":"max-snippet:-1","max-image-preview":"max-image-preview:large","max-video-preview":"max-video-preview:-1"},"canonical":"https:\/\/alcompasrevista.com\/va\/archivos\/7518","og_locale":"en_US","og_type":"article","og_title":"La XVI Biennal de M\u00fasica de Bu\u00f1ol es presenta en p\u00fablic este dissabte precedida per tres jornades musicals - Revista Al Comp\u00e0s","og_description":"La XVI Bienal de M\u00fasica de Bu\u00f1ol se presenta en p\u00fablico este s\u00e1bado precedida por tres jornadas musicales a cargo de los alumnos del conservatorio municipal","og_url":"https:\/\/alcompasrevista.com\/va\/archivos\/7518","og_site_name":"Revista Al Comp\u00e0s","article_published_time":"2022-06-16T07:26:37+00:00","article_modified_time":"2022-06-16T07:26:38+00:00","og_image":[{"width":760,"height":430,"url":"https:\/\/alcompasrevista.com\/wp-content\/uploads\/2022\/06\/Diseno-sin-titulo-30.jpg","type":"image\/jpeg"}],"author":"Redacci\u00f3n","twitter_card":"summary_large_image","twitter_misc":{"Written by":"Redacci\u00f3","Est. reading time":"4 minutes"},"schema":{"@context":"https:\/\/schema.org","@graph":[{"@type":"Article","@id":"https:\/\/alcompasrevista.com\/va\/archivos\/7518#article","isPartOf":{"@id":"https:\/\/alcompasrevista.com\/va\/archivos\/7518"},"author":{"name":"Redacci\u00f3n","@id":"https:\/\/alcompasrevista.com\/#\/schema\/person\/0f092e7196386afa42171db0d19a38ff"},"headline":"La XVI Biennal de M\u00fasica de Bu\u00f1ol es presenta en p\u00fablic este dissabte precedida per tres jornades musicals","datePublished":"2022-06-16T07:26:37+00:00","dateModified":"2022-06-16T07:26:38+00:00","mainEntityOfPage":{"@id":"https:\/\/alcompasrevista.com\/va\/archivos\/7518"},"wordCount":860,"publisher":{"@id":"https:\/\/alcompasrevista.com\/#organization"},"image":{"@id":"https:\/\/alcompasrevista.com\/va\/archivos\/7518#primaryimage"},"thumbnailUrl":"https:\/\/alcompasrevista.com\/wp-content\/uploads\/2022\/06\/Diseno-sin-titulo-30.jpg","articleSection":["#Not\u00edcies"],"inLanguage":"va"},{"@type":"WebPage","@id":"https:\/\/alcompasrevista.com\/va\/archivos\/7518","url":"https:\/\/alcompasrevista.com\/va\/archivos\/7518","name":"La XVI Biennal de M\u00fasica de Bu\u00f1ol es presenta en p\u00fablic este dissabte precedida per tres jornades musicals - Revista Al Comp\u00e0s","isPartOf":{"@id":"https:\/\/alcompasrevista.com\/#website"},"primaryImageOfPage":{"@id":"https:\/\/alcompasrevista.com\/va\/archivos\/7518#primaryimage"},"image":{"@id":"https:\/\/alcompasrevista.com\/va\/archivos\/7518#primaryimage"},"thumbnailUrl":"https:\/\/alcompasrevista.com\/wp-content\/uploads\/2022\/06\/Diseno-sin-titulo-30.jpg","datePublished":"2022-06-16T07:26:37+00:00","dateModified":"2022-06-16T07:26:38+00:00","breadcrumb":{"@id":"https:\/\/alcompasrevista.com\/va\/archivos\/7518#breadcrumb"},"inLanguage":"va","potentialAction":[{"@type":"ReadAction","target":["https:\/\/alcompasrevista.com\/va\/archivos\/7518"]}]},{"@type":"ImageObject","inLanguage":"va","@id":"https:\/\/alcompasrevista.com\/va\/archivos\/7518#primaryimage","url":"https:\/\/alcompasrevista.com\/wp-content\/uploads\/2022\/06\/Diseno-sin-titulo-30.jpg","contentUrl":"https:\/\/alcompasrevista.com\/wp-content\/uploads\/2022\/06\/Diseno-sin-titulo-30.jpg","width":760,"height":430,"caption":"La XVI Bienal de M\u00fasica de Bu\u00f1ol se presenta en p\u00fablico este s\u00e1bado precedida por tres jornadas musicales a cargo de los alumnos del conservatorio municipal"},{"@type":"BreadcrumbList","@id":"https:\/\/alcompasrevista.com\/va\/archivos\/7518#breadcrumb","itemListElement":[{"@type":"ListItem","position":1,"name":"Portada","item":"https:\/\/alcompasrevista.com\/va"},{"@type":"ListItem","position":2,"name":"La XVI Biennal de M\u00fasica de Bu\u00f1ol es presenta en p\u00fablic este dissabte precedida per tres jornades musicals"}]},{"@type":"WebSite","@id":"https:\/\/alcompasrevista.com\/#website","url":"https:\/\/alcompasrevista.com\/","name":"Revista Al Comp\u00e0s","description":"Un proyecto de la Federaci\u00f3n de Sociedades Musicales de la Comunidad Valenciana","publisher":{"@id":"https:\/\/alcompasrevista.com\/#organization"},"potentialAction":[{"@type":"SearchAction","target":{"@type":"EntryPoint","urlTemplate":"https:\/\/alcompasrevista.com\/?s={search_term_string}"},"query-input":{"@type":"PropertyValueSpecification","valueRequired":true,"valueName":"search_term_string"}}],"inLanguage":"va"},{"@type":"Organization","@id":"https:\/\/alcompasrevista.com\/#organization","name":"Revista Al Comp\u00e0s","url":"https:\/\/alcompasrevista.com\/","logo":{"@type":"ImageObject","inLanguage":"va","@id":"https:\/\/alcompasrevista.com\/#\/schema\/logo\/image\/","url":"https:\/\/alcompasrevista.com\/wp-content\/uploads\/2022\/04\/cropped-loog_blanco.png","contentUrl":"https:\/\/alcompasrevista.com\/wp-content\/uploads\/2022\/04\/cropped-loog_blanco.png","width":1612,"height":724,"caption":"Revista Al Comp\u00e0s"},"image":{"@id":"https:\/\/alcompasrevista.com\/#\/schema\/logo\/image\/"}},{"@type":"Person","@id":"https:\/\/alcompasrevista.com\/#\/schema\/person\/0f092e7196386afa42171db0d19a38ff","name":"Redacci\u00f3n","image":{"@type":"ImageObject","inLanguage":"va","@id":"https:\/\/secure.gravatar.com\/avatar\/e2831619d4dae93995d3da450c50013d912e0b8bdf34d9ea00126d97c2b7702e?s=96&d=mm&r=g","url":"https:\/\/secure.gravatar.com\/avatar\/e2831619d4dae93995d3da450c50013d912e0b8bdf34d9ea00126d97c2b7702e?s=96&d=mm&r=g","contentUrl":"https:\/\/secure.gravatar.com\/avatar\/e2831619d4dae93995d3da450c50013d912e0b8bdf34d9ea00126d97c2b7702e?s=96&d=mm&r=g","caption":"Redacci\u00f3n"},"url":"https:\/\/alcompasrevista.com\/va\/archivos\/author\/257_webmaster"}]}},"_links":{"self":[{"href":"https:\/\/alcompasrevista.com\/va\/wp-json\/wp\/v2\/posts\/7518","targetHints":{"allow":["GET"]}}],"collection":[{"href":"https:\/\/alcompasrevista.com\/va\/wp-json\/wp\/v2\/posts"}],"about":[{"href":"https:\/\/alcompasrevista.com\/va\/wp-json\/wp\/v2\/types\/post"}],"author":[{"embeddable":true,"href":"https:\/\/alcompasrevista.com\/va\/wp-json\/wp\/v2\/users\/860004"}],"replies":[{"embeddable":true,"href":"https:\/\/alcompasrevista.com\/va\/wp-json\/wp\/v2\/comments?post=7518"}],"version-history":[{"count":0,"href":"https:\/\/alcompasrevista.com\/va\/wp-json\/wp\/v2\/posts\/7518\/revisions"}],"wp:featuredmedia":[{"embeddable":true,"href":"https:\/\/alcompasrevista.com\/va\/wp-json\/wp\/v2\/media\/7519"}],"wp:attachment":[{"href":"https:\/\/alcompasrevista.com\/va\/wp-json\/wp\/v2\/media?parent=7518"}],"wp:term":[{"taxonomy":"category","embeddable":true,"href":"https:\/\/alcompasrevista.com\/va\/wp-json\/wp\/v2\/categories?post=7518"},{"taxonomy":"post_tag","embeddable":true,"href":"https:\/\/alcompasrevista.com\/va\/wp-json\/wp\/v2\/tags?post=7518"},{"taxonomy":"portada","embeddable":true,"href":"https:\/\/alcompasrevista.com\/va\/wp-json\/wp\/v2\/portada?post=7518"}],"curies":[{"name":"wp","href":"https:\/\/api.w.org\/{rel}","templated":true}]}}