{"id":7435,"date":"2022-06-13T13:03:33","date_gmt":"2022-06-13T11:03:33","guid":{"rendered":"https:\/\/alcompasrevista.com\/?p=7435"},"modified":"2022-06-13T13:12:54","modified_gmt":"2022-06-13T11:12:54","slug":"la-unio-musical-de-torrent-arranca-el-seu-50-aniversari-amb-un-concert-de-la-banda-simfonica-en-la-placa-de-lesglesia","status":"publish","type":"post","link":"https:\/\/alcompasrevista.com\/va\/archivos\/7435","title":{"rendered":"La Uni\u00f3 Musical de Torrent arranca el seu 50 aniversari amb un concert de la banda simf\u00f2nica"},"content":{"rendered":"\n<p>El pr\u00f2xim dissabte 18 de juny a les 10 i mitja de la nit arranca oficialment el 50 aniversari de la Uni\u00f3 Musical de Torrent amb un concert de la seua banda simf\u00f2nica dirigida pel seu titular Frank de Vuyst en la pla\u00e7a de l&#8217;Esgl\u00e9sia.<br>Una actuaci\u00f3 molt especial que estar\u00e0 marcada per la presentaci\u00f3 del disc que l&#8217;entitat<br>ha dedicat al que f\u00f3ra el director fundador de la Uni\u00f3, Mariano Puig Yago. Per aix\u00f2,<br>moltes de les peces seleccionades en el programa provenen de l&#8217;enregistrament,<br>concretament sis pasdobles dedicats a altres tantes persones que, a m\u00e9s, estaran<br>presents en el concert. Es tracta dels titulats Javier i Jos\u00e9 Luis Puig, nets del seu<br>germ\u00e0 menor Vicente Puig Yago, qui tamb\u00e9 va desenvolupar la seua carrera en la<br>Banda Municipal de Val\u00e8ncia com saxofonista; Isabel S\u00e1nchez, la dona del seu fill<br>Jos\u00e9 Puig i mare de l\u2019\u00fanica neta de D. Mariano, M\u00aa Jos\u00e9 Puig S\u00e1nchez, que dona nom<br>a altra de les peces; Ana M\u00aa Yago, pasdoble dedicat a la filla del seu nebot Ricardo<br>Yago, m\u00fasic fundador de la Uni\u00f3 Musical de Torrent a qui li unia una estreta relaci\u00f3;<br>Angelita Mart\u00ednez, enc\u00e0rrec de Salvador Beguer, amic i m\u00fasic de Torrent qui va voler<br>oferir este bonic detall a la seua dona; i Arturo Boix, soci fundador i mecenes de la<br>Uni\u00f3 Musical de Torrent, persona que va contribuir activament en l\u2019origen de la Uni\u00f3<br>Musical de Torrent i va ajudar a donar un fort impuls en els seus primers anys, motiu<br>pel qual tamb\u00e9 \u00e9s una de les persones que va rebre la medalla d\u2019or de la societat.<br>El concert s\u2019obrir\u00e0 amb Egmont, de Ludwig Van Beethoven, que \u201cens remet al primer<br>programa que va dirigir Mariano Puig amb la Uni\u00f3 Musical durant el concert de<br>presentaci\u00f3 el 28 de juny de 1973\u201d, segons explica el director Frank de Vuyst, i<br>finalitzar\u00e0 amb Marchas de Duelo e Ira d\u2019Arturo M\u00e1rquez.<\/p>\n\n\n\n<p>Despr\u00e9s del concert d\u2019inauguraci\u00f3, les activitats continuaran el 25 de juny amb la XXII<br>edici\u00f3 del Festival Coral, que enguany comptar\u00e0 amb la participaci\u00f3 de l\u2019Orfe\u00f3<br>Polif\u00f2nic del Cercle Cat\u00f2lic de Torrent, Pl\u00e8iades Cor Jove, Cor de La Rectoria El R\u00e0fol<br>d\u2019Alm\u00fania, Conjunt coral de l\u2019escola de la UMT i Coral Polif\u00f3nica de la Uni\u00f3 Musical de<br>Torrent.<br>Ja en el mes de juliol, a m\u00e9s de celebrar una nova edici\u00f3 del FORUMT, la Uni\u00f3<br>Musical participar\u00e0 en el festival Torrent a dos bandes que se celebrar\u00e0 el dia 23 en la<br>pla\u00e7a de l\u2019esgl\u00e9sia i un dia m\u00e9s tard, el 24, tindr\u00e0 lloc l\u2019espectacle Kiko Berenguer<br>Freedom Symphonic junt a la banda simf\u00f2nica UMT, amb el qual es tancar\u00e0 el Festival<br>de Jazz Ciutat de Torrent en els jardins de l\u2019Hort de Tr\u00e9nor.<br>El dia 26 la sarsuela ser\u00e0 la protagonista de la m\u00e0 de la Jove Orquestra Simf\u00f2nica i la<br>Coral Polif\u00f2nica, acompanyades dels solistes Pascual Andreu, Saray Garc\u00eda, Bel\u00e9n<br>Roig i David As\u00edn.<br>M\u00e9s de 20 activitats conformen l\u2019extens programa dissenyat per a celebrar el<br>naixement de la Uni\u00f3 Musical de Torrent en febrer de 1973 fruit de la fusi\u00f3 entre la<br>centen\u00e0ria Banda de M\u00fasica \u201cPatronat de la Joventut Obrera\u201d i l\u2019Associaci\u00f3 Musical<br>\u201cLa Cl\u00e0ssica\u201d de Torrent.<br>A m\u00e9s de les ja esmentades, cal destacar la participaci\u00f3 de la banda simf\u00f2nica en el<br>Certamen Internacional de Bandes Ciutat de Val\u00e8ncia en juliol de 2023 aix\u00ed com una<br>exposici\u00f3 commemorativa i l\u2019edici\u00f3 del llibre 50 anys de vida de la UMT.<\/p>\n\n\n\n<p>50 anys d&#8217;hist\u00f2ria<br>La Banda Simf\u00f2nica Uni\u00f3 Musical de Torrent \u00e9s una banda jove. La seua fundaci\u00f3<br>data de febrer de 1973 quan es van fusionar la centen\u00e0ria Banda de M\u00fasica \u201cPatronat<br>de la Joventut Obrera\u201d i l&#8217;Associaci\u00f3 Musical \u201cLa Cl\u00e0ssica\u201d de Torrent. Va ser el seu<br>Director-Fundador Mariano Puig Yago. Despr\u00e9s de la seua defunci\u00f3, a l&#8217;octubre de<br>1978, es va fer c\u00e0rrec de la direcci\u00f3 Enrique Andreu Romero.<br>Al setembre de 1981 es contracta com a Director a Francisco Idilio Gimeno Mart\u00ednez i<br>en octubre de 1996 es va fer c\u00e0rrec de la Banda Manuel Engu\u00eddanos Cotanda.<br>Despr\u00e9s de la seua defunci\u00f3, al mar\u00e7 de 2011 es va fer c\u00e0rrec de la direcci\u00f3 Jos\u00e9<br>Mar\u00eda Ort\u00ed Soriano. Des de mar\u00e7 de 2014 Frank de Vuyst \u00e9s el Director Titular i<br>Director Art\u00edstic.<br>S\u00f3n ja famoses les Setmanes Musicals que organitza aquesta Societat anualment amb<br>motiu de la festivitat de la Patrona de la M\u00fasica, Santa Cecilia, havent actuat en elles<br>els millors concertistes actuals i grups de cambra d&#8217;Espanya i internacionals.<\/p>\n\n\n\n<p>Actualment aquesta Societat compta, a m\u00e9s d&#8217;amb la Banda Simf\u00f2nica, amb una Banda d&#8217;Iniciaci\u00f3, Banda Juvenil, Orquestra d&#8217;Iniciaci\u00f3, Orquestra Simf\u00f2nica, Coral Jove, Coral Polif\u00f2nica, Big band, aix\u00ed com amb un quartet de saxos, quintet de clarinets, grup de metalls i grup de percussi\u00f3 que realitzen nombroses actuacions.<br><br>En 2015 la banda simf\u00f2nica va obtenir el Primer Premi i Menci\u00f3 d&#8217;Honor en el<br>Certamen Internacional Vila d&#8217;Altea. Des de l&#8217;any 1991 participa en la Secci\u00f3 d&#8217;Honor<br>del Certamen Internacional de Bandes de M\u00fasica de Val\u00e8ncia, havent obtingut sis<br>primers premis.<\/p>\n","protected":false},"excerpt":{"rendered":"<p>La Uni\u00f3 Musical de Torrent arranca el seu 50 aniversari amb un<br \/>\nconcert de la seua banda simf\u00f2nica en la pla\u00e7a de l&#8217;Esgl\u00e9sia<\/p>\n","protected":false},"author":860004,"featured_media":7436,"comment_status":"closed","ping_status":"closed","sticky":false,"template":"","format":"standard","meta":{"footnotes":""},"categories":[29],"tags":[],"portada":[],"class_list":["post-7435","post","type-post","status-publish","format-standard","has-post-thumbnail","hentry","category-noticies-va"],"yoast_head":"<!-- This site is optimized with the Yoast SEO plugin v27.4 - https:\/\/yoast.com\/product\/yoast-seo-wordpress\/ -->\n<title>La Uni\u00f3 Musical de Torrent arranca el seu 50 aniversari amb un concert de la banda simf\u00f2nica - Revista Al Comp\u00e0s<\/title>\n<meta name=\"robots\" content=\"index, follow, max-snippet:-1, max-image-preview:large, max-video-preview:-1\" \/>\n<link rel=\"canonical\" href=\"https:\/\/alcompasrevista.com\/va\/archivos\/7435\" \/>\n<meta property=\"og:locale\" content=\"en_US\" \/>\n<meta property=\"og:type\" content=\"article\" \/>\n<meta property=\"og:title\" content=\"La Uni\u00f3 Musical de Torrent arranca el seu 50 aniversari amb un concert de la banda simf\u00f2nica - Revista Al Comp\u00e0s\" \/>\n<meta property=\"og:description\" content=\"La Uni\u00f3 Musical de Torrent arranca el seu 50 aniversari amb un concert de la seua banda simf\u00f2nica en la pla\u00e7a de l&#039;Esgl\u00e9sia\" \/>\n<meta property=\"og:url\" content=\"https:\/\/alcompasrevista.com\/va\/archivos\/7435\" \/>\n<meta property=\"og:site_name\" content=\"Revista Al Comp\u00e0s\" \/>\n<meta property=\"article:published_time\" content=\"2022-06-13T11:03:33+00:00\" \/>\n<meta property=\"article:modified_time\" content=\"2022-06-13T11:12:54+00:00\" \/>\n<meta property=\"og:image\" content=\"https:\/\/alcompasrevista.com\/wp-content\/uploads\/2022\/06\/Diseno-sin-titulo-24.jpg\" \/>\n\t<meta property=\"og:image:width\" content=\"760\" \/>\n\t<meta property=\"og:image:height\" content=\"430\" \/>\n\t<meta property=\"og:image:type\" content=\"image\/jpeg\" \/>\n<meta name=\"author\" content=\"Redacci\u00f3n\" \/>\n<meta name=\"twitter:card\" content=\"summary_large_image\" \/>\n<meta name=\"twitter:label1\" content=\"Written by\" \/>\n\t<meta name=\"twitter:data1\" content=\"Redacci\u00f3\" \/>\n\t<meta name=\"twitter:label2\" content=\"Est. reading time\" \/>\n\t<meta name=\"twitter:data2\" content=\"4 minutes\" \/>\n<script type=\"application\/ld+json\" class=\"yoast-schema-graph\">{\"@context\":\"https:\\\/\\\/schema.org\",\"@graph\":[{\"@type\":\"Article\",\"@id\":\"https:\\\/\\\/alcompasrevista.com\\\/va\\\/archivos\\\/7435#article\",\"isPartOf\":{\"@id\":\"https:\\\/\\\/alcompasrevista.com\\\/va\\\/archivos\\\/7435\"},\"author\":{\"name\":\"Redacci\u00f3n\",\"@id\":\"https:\\\/\\\/alcompasrevista.com\\\/#\\\/schema\\\/person\\\/0f092e7196386afa42171db0d19a38ff\"},\"headline\":\"La Uni\u00f3 Musical de Torrent arranca el seu 50 aniversari amb un concert de la banda simf\u00f2nica\",\"datePublished\":\"2022-06-13T11:03:33+00:00\",\"dateModified\":\"2022-06-13T11:12:54+00:00\",\"mainEntityOfPage\":{\"@id\":\"https:\\\/\\\/alcompasrevista.com\\\/va\\\/archivos\\\/7435\"},\"wordCount\":889,\"publisher\":{\"@id\":\"https:\\\/\\\/alcompasrevista.com\\\/#organization\"},\"image\":{\"@id\":\"https:\\\/\\\/alcompasrevista.com\\\/va\\\/archivos\\\/7435#primaryimage\"},\"thumbnailUrl\":\"https:\\\/\\\/alcompasrevista.com\\\/wp-content\\\/uploads\\\/2022\\\/06\\\/Diseno-sin-titulo-24.jpg\",\"articleSection\":[\"#Not\u00edcies\"],\"inLanguage\":\"va\"},{\"@type\":\"WebPage\",\"@id\":\"https:\\\/\\\/alcompasrevista.com\\\/va\\\/archivos\\\/7435\",\"url\":\"https:\\\/\\\/alcompasrevista.com\\\/va\\\/archivos\\\/7435\",\"name\":\"La Uni\u00f3 Musical de Torrent arranca el seu 50 aniversari amb un concert de la banda simf\u00f2nica - Revista Al Comp\u00e0s\",\"isPartOf\":{\"@id\":\"https:\\\/\\\/alcompasrevista.com\\\/#website\"},\"primaryImageOfPage\":{\"@id\":\"https:\\\/\\\/alcompasrevista.com\\\/va\\\/archivos\\\/7435#primaryimage\"},\"image\":{\"@id\":\"https:\\\/\\\/alcompasrevista.com\\\/va\\\/archivos\\\/7435#primaryimage\"},\"thumbnailUrl\":\"https:\\\/\\\/alcompasrevista.com\\\/wp-content\\\/uploads\\\/2022\\\/06\\\/Diseno-sin-titulo-24.jpg\",\"datePublished\":\"2022-06-13T11:03:33+00:00\",\"dateModified\":\"2022-06-13T11:12:54+00:00\",\"breadcrumb\":{\"@id\":\"https:\\\/\\\/alcompasrevista.com\\\/va\\\/archivos\\\/7435#breadcrumb\"},\"inLanguage\":\"va\",\"potentialAction\":[{\"@type\":\"ReadAction\",\"target\":[\"https:\\\/\\\/alcompasrevista.com\\\/va\\\/archivos\\\/7435\"]}]},{\"@type\":\"ImageObject\",\"inLanguage\":\"va\",\"@id\":\"https:\\\/\\\/alcompasrevista.com\\\/va\\\/archivos\\\/7435#primaryimage\",\"url\":\"https:\\\/\\\/alcompasrevista.com\\\/wp-content\\\/uploads\\\/2022\\\/06\\\/Diseno-sin-titulo-24.jpg\",\"contentUrl\":\"https:\\\/\\\/alcompasrevista.com\\\/wp-content\\\/uploads\\\/2022\\\/06\\\/Diseno-sin-titulo-24.jpg\",\"width\":760,\"height\":430,\"caption\":\"La Uni\u00f3 Musical de Torrent arranca el seu 50 aniversari amb un concert de la seua banda simf\u00f2nica en la pla\u00e7a de l'Esgl\u00e9sia\"},{\"@type\":\"BreadcrumbList\",\"@id\":\"https:\\\/\\\/alcompasrevista.com\\\/va\\\/archivos\\\/7435#breadcrumb\",\"itemListElement\":[{\"@type\":\"ListItem\",\"position\":1,\"name\":\"Portada\",\"item\":\"https:\\\/\\\/alcompasrevista.com\\\/va\"},{\"@type\":\"ListItem\",\"position\":2,\"name\":\"La Uni\u00f3 Musical de Torrent arranca el seu 50 aniversari amb un concert de la banda simf\u00f2nica\"}]},{\"@type\":\"WebSite\",\"@id\":\"https:\\\/\\\/alcompasrevista.com\\\/#website\",\"url\":\"https:\\\/\\\/alcompasrevista.com\\\/\",\"name\":\"Revista Al Comp\u00e0s\",\"description\":\"Un proyecto de la Federaci\u00f3n de Sociedades Musicales de la Comunidad Valenciana\",\"publisher\":{\"@id\":\"https:\\\/\\\/alcompasrevista.com\\\/#organization\"},\"potentialAction\":[{\"@type\":\"SearchAction\",\"target\":{\"@type\":\"EntryPoint\",\"urlTemplate\":\"https:\\\/\\\/alcompasrevista.com\\\/?s={search_term_string}\"},\"query-input\":{\"@type\":\"PropertyValueSpecification\",\"valueRequired\":true,\"valueName\":\"search_term_string\"}}],\"inLanguage\":\"va\"},{\"@type\":\"Organization\",\"@id\":\"https:\\\/\\\/alcompasrevista.com\\\/#organization\",\"name\":\"Revista Al Comp\u00e0s\",\"url\":\"https:\\\/\\\/alcompasrevista.com\\\/\",\"logo\":{\"@type\":\"ImageObject\",\"inLanguage\":\"va\",\"@id\":\"https:\\\/\\\/alcompasrevista.com\\\/#\\\/schema\\\/logo\\\/image\\\/\",\"url\":\"https:\\\/\\\/alcompasrevista.com\\\/wp-content\\\/uploads\\\/2022\\\/04\\\/cropped-loog_blanco.png\",\"contentUrl\":\"https:\\\/\\\/alcompasrevista.com\\\/wp-content\\\/uploads\\\/2022\\\/04\\\/cropped-loog_blanco.png\",\"width\":1612,\"height\":724,\"caption\":\"Revista Al Comp\u00e0s\"},\"image\":{\"@id\":\"https:\\\/\\\/alcompasrevista.com\\\/#\\\/schema\\\/logo\\\/image\\\/\"}},{\"@type\":\"Person\",\"@id\":\"https:\\\/\\\/alcompasrevista.com\\\/#\\\/schema\\\/person\\\/0f092e7196386afa42171db0d19a38ff\",\"name\":\"Redacci\u00f3n\",\"image\":{\"@type\":\"ImageObject\",\"inLanguage\":\"va\",\"@id\":\"https:\\\/\\\/secure.gravatar.com\\\/avatar\\\/e2831619d4dae93995d3da450c50013d912e0b8bdf34d9ea00126d97c2b7702e?s=96&d=mm&r=g\",\"url\":\"https:\\\/\\\/secure.gravatar.com\\\/avatar\\\/e2831619d4dae93995d3da450c50013d912e0b8bdf34d9ea00126d97c2b7702e?s=96&d=mm&r=g\",\"contentUrl\":\"https:\\\/\\\/secure.gravatar.com\\\/avatar\\\/e2831619d4dae93995d3da450c50013d912e0b8bdf34d9ea00126d97c2b7702e?s=96&d=mm&r=g\",\"caption\":\"Redacci\u00f3n\"},\"url\":\"https:\\\/\\\/alcompasrevista.com\\\/va\\\/archivos\\\/author\\\/257_webmaster\"}]}<\/script>\n<!-- \/ Yoast SEO plugin. -->","yoast_head_json":{"title":"La Uni\u00f3 Musical de Torrent arranca el seu 50 aniversari amb un concert de la banda simf\u00f2nica - Revista Al Comp\u00e0s","robots":{"index":"index","follow":"follow","max-snippet":"max-snippet:-1","max-image-preview":"max-image-preview:large","max-video-preview":"max-video-preview:-1"},"canonical":"https:\/\/alcompasrevista.com\/va\/archivos\/7435","og_locale":"en_US","og_type":"article","og_title":"La Uni\u00f3 Musical de Torrent arranca el seu 50 aniversari amb un concert de la banda simf\u00f2nica - Revista Al Comp\u00e0s","og_description":"La Uni\u00f3 Musical de Torrent arranca el seu 50 aniversari amb un concert de la seua banda simf\u00f2nica en la pla\u00e7a de l'Esgl\u00e9sia","og_url":"https:\/\/alcompasrevista.com\/va\/archivos\/7435","og_site_name":"Revista Al Comp\u00e0s","article_published_time":"2022-06-13T11:03:33+00:00","article_modified_time":"2022-06-13T11:12:54+00:00","og_image":[{"width":760,"height":430,"url":"https:\/\/alcompasrevista.com\/wp-content\/uploads\/2022\/06\/Diseno-sin-titulo-24.jpg","type":"image\/jpeg"}],"author":"Redacci\u00f3n","twitter_card":"summary_large_image","twitter_misc":{"Written by":"Redacci\u00f3","Est. reading time":"4 minutes"},"schema":{"@context":"https:\/\/schema.org","@graph":[{"@type":"Article","@id":"https:\/\/alcompasrevista.com\/va\/archivos\/7435#article","isPartOf":{"@id":"https:\/\/alcompasrevista.com\/va\/archivos\/7435"},"author":{"name":"Redacci\u00f3n","@id":"https:\/\/alcompasrevista.com\/#\/schema\/person\/0f092e7196386afa42171db0d19a38ff"},"headline":"La Uni\u00f3 Musical de Torrent arranca el seu 50 aniversari amb un concert de la banda simf\u00f2nica","datePublished":"2022-06-13T11:03:33+00:00","dateModified":"2022-06-13T11:12:54+00:00","mainEntityOfPage":{"@id":"https:\/\/alcompasrevista.com\/va\/archivos\/7435"},"wordCount":889,"publisher":{"@id":"https:\/\/alcompasrevista.com\/#organization"},"image":{"@id":"https:\/\/alcompasrevista.com\/va\/archivos\/7435#primaryimage"},"thumbnailUrl":"https:\/\/alcompasrevista.com\/wp-content\/uploads\/2022\/06\/Diseno-sin-titulo-24.jpg","articleSection":["#Not\u00edcies"],"inLanguage":"va"},{"@type":"WebPage","@id":"https:\/\/alcompasrevista.com\/va\/archivos\/7435","url":"https:\/\/alcompasrevista.com\/va\/archivos\/7435","name":"La Uni\u00f3 Musical de Torrent arranca el seu 50 aniversari amb un concert de la banda simf\u00f2nica - Revista Al Comp\u00e0s","isPartOf":{"@id":"https:\/\/alcompasrevista.com\/#website"},"primaryImageOfPage":{"@id":"https:\/\/alcompasrevista.com\/va\/archivos\/7435#primaryimage"},"image":{"@id":"https:\/\/alcompasrevista.com\/va\/archivos\/7435#primaryimage"},"thumbnailUrl":"https:\/\/alcompasrevista.com\/wp-content\/uploads\/2022\/06\/Diseno-sin-titulo-24.jpg","datePublished":"2022-06-13T11:03:33+00:00","dateModified":"2022-06-13T11:12:54+00:00","breadcrumb":{"@id":"https:\/\/alcompasrevista.com\/va\/archivos\/7435#breadcrumb"},"inLanguage":"va","potentialAction":[{"@type":"ReadAction","target":["https:\/\/alcompasrevista.com\/va\/archivos\/7435"]}]},{"@type":"ImageObject","inLanguage":"va","@id":"https:\/\/alcompasrevista.com\/va\/archivos\/7435#primaryimage","url":"https:\/\/alcompasrevista.com\/wp-content\/uploads\/2022\/06\/Diseno-sin-titulo-24.jpg","contentUrl":"https:\/\/alcompasrevista.com\/wp-content\/uploads\/2022\/06\/Diseno-sin-titulo-24.jpg","width":760,"height":430,"caption":"La Uni\u00f3 Musical de Torrent arranca el seu 50 aniversari amb un concert de la seua banda simf\u00f2nica en la pla\u00e7a de l'Esgl\u00e9sia"},{"@type":"BreadcrumbList","@id":"https:\/\/alcompasrevista.com\/va\/archivos\/7435#breadcrumb","itemListElement":[{"@type":"ListItem","position":1,"name":"Portada","item":"https:\/\/alcompasrevista.com\/va"},{"@type":"ListItem","position":2,"name":"La Uni\u00f3 Musical de Torrent arranca el seu 50 aniversari amb un concert de la banda simf\u00f2nica"}]},{"@type":"WebSite","@id":"https:\/\/alcompasrevista.com\/#website","url":"https:\/\/alcompasrevista.com\/","name":"Revista Al Comp\u00e0s","description":"Un proyecto de la Federaci\u00f3n de Sociedades Musicales de la Comunidad Valenciana","publisher":{"@id":"https:\/\/alcompasrevista.com\/#organization"},"potentialAction":[{"@type":"SearchAction","target":{"@type":"EntryPoint","urlTemplate":"https:\/\/alcompasrevista.com\/?s={search_term_string}"},"query-input":{"@type":"PropertyValueSpecification","valueRequired":true,"valueName":"search_term_string"}}],"inLanguage":"va"},{"@type":"Organization","@id":"https:\/\/alcompasrevista.com\/#organization","name":"Revista Al Comp\u00e0s","url":"https:\/\/alcompasrevista.com\/","logo":{"@type":"ImageObject","inLanguage":"va","@id":"https:\/\/alcompasrevista.com\/#\/schema\/logo\/image\/","url":"https:\/\/alcompasrevista.com\/wp-content\/uploads\/2022\/04\/cropped-loog_blanco.png","contentUrl":"https:\/\/alcompasrevista.com\/wp-content\/uploads\/2022\/04\/cropped-loog_blanco.png","width":1612,"height":724,"caption":"Revista Al Comp\u00e0s"},"image":{"@id":"https:\/\/alcompasrevista.com\/#\/schema\/logo\/image\/"}},{"@type":"Person","@id":"https:\/\/alcompasrevista.com\/#\/schema\/person\/0f092e7196386afa42171db0d19a38ff","name":"Redacci\u00f3n","image":{"@type":"ImageObject","inLanguage":"va","@id":"https:\/\/secure.gravatar.com\/avatar\/e2831619d4dae93995d3da450c50013d912e0b8bdf34d9ea00126d97c2b7702e?s=96&d=mm&r=g","url":"https:\/\/secure.gravatar.com\/avatar\/e2831619d4dae93995d3da450c50013d912e0b8bdf34d9ea00126d97c2b7702e?s=96&d=mm&r=g","contentUrl":"https:\/\/secure.gravatar.com\/avatar\/e2831619d4dae93995d3da450c50013d912e0b8bdf34d9ea00126d97c2b7702e?s=96&d=mm&r=g","caption":"Redacci\u00f3n"},"url":"https:\/\/alcompasrevista.com\/va\/archivos\/author\/257_webmaster"}]}},"_links":{"self":[{"href":"https:\/\/alcompasrevista.com\/va\/wp-json\/wp\/v2\/posts\/7435","targetHints":{"allow":["GET"]}}],"collection":[{"href":"https:\/\/alcompasrevista.com\/va\/wp-json\/wp\/v2\/posts"}],"about":[{"href":"https:\/\/alcompasrevista.com\/va\/wp-json\/wp\/v2\/types\/post"}],"author":[{"embeddable":true,"href":"https:\/\/alcompasrevista.com\/va\/wp-json\/wp\/v2\/users\/860004"}],"replies":[{"embeddable":true,"href":"https:\/\/alcompasrevista.com\/va\/wp-json\/wp\/v2\/comments?post=7435"}],"version-history":[{"count":0,"href":"https:\/\/alcompasrevista.com\/va\/wp-json\/wp\/v2\/posts\/7435\/revisions"}],"wp:featuredmedia":[{"embeddable":true,"href":"https:\/\/alcompasrevista.com\/va\/wp-json\/wp\/v2\/media\/7436"}],"wp:attachment":[{"href":"https:\/\/alcompasrevista.com\/va\/wp-json\/wp\/v2\/media?parent=7435"}],"wp:term":[{"taxonomy":"category","embeddable":true,"href":"https:\/\/alcompasrevista.com\/va\/wp-json\/wp\/v2\/categories?post=7435"},{"taxonomy":"post_tag","embeddable":true,"href":"https:\/\/alcompasrevista.com\/va\/wp-json\/wp\/v2\/tags?post=7435"},{"taxonomy":"portada","embeddable":true,"href":"https:\/\/alcompasrevista.com\/va\/wp-json\/wp\/v2\/portada?post=7435"}],"curies":[{"name":"wp","href":"https:\/\/api.w.org\/{rel}","templated":true}]}}