{"id":7379,"date":"2022-06-08T12:36:04","date_gmt":"2022-06-08T10:36:04","guid":{"rendered":"https:\/\/alcompasrevista.com\/?p=7379"},"modified":"2022-06-08T12:36:05","modified_gmt":"2022-06-08T10:36:05","slug":"xiii-edicio-dels-cursos-musicals-destiu-de-la-unio-musical-de-benaguasil","status":"publish","type":"post","link":"https:\/\/alcompasrevista.com\/va\/archivos\/7379","title":{"rendered":"XIII Edici\u00f3 dels Cursos musicals d&#8217;estiu de la Uni\u00f3 Musical de\u00a0Benaguasil"},"content":{"rendered":"\n<p>En total seran nou cursos que comptaran amb professionals qualificats per a cada especialitat. Es tracta d&#8217;una gran oportunitat per a tots\/es de perfeccionar els coneixements musicals de la m\u00e0 d&#8217;un professorat de gran renom nacional i internacional.<strong><\/strong><\/p>\n\n\n\n<p>Des de juny fins agost les classes i els professors seran els seg\u00fcents:<\/p>\n\n\n\n<p>PERCUSSI\u00d3 (del 28 al 30 de juny): Manel Ramada i Toni Flores<\/p>\n\n\n\n<p>CLARINET (del 4 al 8 de juliol): Javier Balaguer, Juan Cris\u00f3stomo Subiela i Juan Dom\u00e9nech<\/p>\n\n\n\n<p>TUBA-BOMBARD\u00cd (del 4 al 8 de juliol): Agust\u00edn S\u00e1ez i Rafael Tortajada<\/p>\n\n\n\n<p>TROMPA (de l&#8217;11 al 15 de juliol): Joan Bernat, Salvador Navarro, Iago Bernat i Batiste Bernat<\/p>\n\n\n\n<p>FLAUTA TRAVESSERA (de l&#8217;11 al 15 de juliol): Anna Fazekas i Jos\u00e9 Carlos Hern\u00e1ndez<\/p>\n\n\n\n<p>FAGOT (del 18 al 22 de juliol): Higinio Arru\u00e9 i Gustavo N\u00fa\u00f1ez<\/p>\n\n\n\n<p>OBO\u00c9 (del 25 al 29 de juliol): Vicente Llimer\u00e1, Ra\u00fal Gadea i Suitbert Walter<\/p>\n\n\n\n<p>TROMB\u00d3 (del 25 al 27 de juliol): Juan Manuel Real<\/p>\n\n\n\n<p>SAX\u00d2FON (del 8 al 12 d&#8217;agost): Femke Ijlstra, Jose Garrido, Carlos Gim\u00e9nez i Pep Dom\u00ednguez<\/p>\n\n\n\n<p>Per a m\u00e9s informaci\u00f3 es pot accedir a la p\u00e0gina\u00a0web\u00a0<a href=\"https:\/\/umbenaguasil.es\/cursos\/\" target=\"_blank\" rel=\"noreferrer noopener\">Cursos d\u2019Estiu 2022 | Uni\u00f3 Musical de\u00a0Benaguasil\u00a0(umbenaguasil.es)<\/a>,\u00a0 telefonar a la secretaria de la societat en horari de dilluns a divendres d&#8217;11:00h a 13:00h i de 17:00h a 20:00h.\u00a0 Tel. 96 273 14 16 i 628 51 22 48 o escriure a <a href=\"mailto:uniomusical@umbenaguasil.es\" target=\"_blank\" rel=\"noreferrer noopener\">uniomusical@umbenaguasil.es<\/a><\/p>\n","protected":false},"excerpt":{"rendered":"<p>XIII Edici\u00f3 dels Cursos musicals d&#8217;estiu de la Uni\u00f3 Musical de\u00a0Benaguasil<\/p>\n","protected":false},"author":860004,"featured_media":7380,"comment_status":"closed","ping_status":"closed","sticky":false,"template":"","format":"standard","meta":{"footnotes":""},"categories":[29],"tags":[135],"portada":[136],"class_list":["post-7379","post","type-post","status-publish","format-standard","has-post-thumbnail","hentry","category-noticies-va","tag-xiii-edicio-dels-cursos-musicals-destiu-de-la-unio-musical-de-benaguasil","portada-xiii-edicio-dels-cursos-musicals-destiu-de-la-unio-musical-de-benaguasil"],"yoast_head":"<!-- This site is optimized with the Yoast SEO plugin v27.4 - https:\/\/yoast.com\/product\/yoast-seo-wordpress\/ -->\n<title>XIII Edici\u00f3 dels Cursos musicals d&#039;estiu de la Uni\u00f3 Musical de\u00a0Benaguasil - Revista Al Comp\u00e0s<\/title>\n<meta name=\"robots\" content=\"index, follow, max-snippet:-1, max-image-preview:large, max-video-preview:-1\" \/>\n<link rel=\"canonical\" href=\"https:\/\/alcompasrevista.com\/va\/archivos\/7379\" \/>\n<meta property=\"og:locale\" content=\"en_US\" \/>\n<meta property=\"og:type\" content=\"article\" \/>\n<meta property=\"og:title\" content=\"XIII Edici\u00f3 dels Cursos musicals d&#039;estiu de la Uni\u00f3 Musical de\u00a0Benaguasil - Revista Al Comp\u00e0s\" \/>\n<meta property=\"og:description\" content=\"XIII Edici\u00f3 dels Cursos musicals d&#039;estiu de la Uni\u00f3 Musical de\u00a0Benaguasil\" \/>\n<meta property=\"og:url\" content=\"https:\/\/alcompasrevista.com\/va\/archivos\/7379\" \/>\n<meta property=\"og:site_name\" content=\"Revista Al Comp\u00e0s\" \/>\n<meta property=\"article:published_time\" content=\"2022-06-08T10:36:04+00:00\" \/>\n<meta property=\"article:modified_time\" content=\"2022-06-08T10:36:05+00:00\" \/>\n<meta property=\"og:image\" content=\"https:\/\/alcompasrevista.com\/wp-content\/uploads\/2022\/06\/Diseno-sin-titulo.jpg\" \/>\n\t<meta property=\"og:image:width\" content=\"760\" \/>\n\t<meta property=\"og:image:height\" content=\"430\" \/>\n\t<meta property=\"og:image:type\" content=\"image\/jpeg\" \/>\n<meta name=\"author\" content=\"Redacci\u00f3n\" \/>\n<meta name=\"twitter:card\" content=\"summary_large_image\" \/>\n<meta name=\"twitter:label1\" content=\"Written by\" \/>\n\t<meta name=\"twitter:data1\" content=\"Redacci\u00f3\" \/>\n\t<meta name=\"twitter:label2\" content=\"Est. reading time\" \/>\n\t<meta name=\"twitter:data2\" content=\"2 minutes\" \/>\n<script type=\"application\/ld+json\" class=\"yoast-schema-graph\">{\"@context\":\"https:\\\/\\\/schema.org\",\"@graph\":[{\"@type\":\"Article\",\"@id\":\"https:\\\/\\\/alcompasrevista.com\\\/va\\\/archivos\\\/7379#article\",\"isPartOf\":{\"@id\":\"https:\\\/\\\/alcompasrevista.com\\\/va\\\/archivos\\\/7379\"},\"author\":{\"name\":\"Redacci\u00f3n\",\"@id\":\"https:\\\/\\\/alcompasrevista.com\\\/#\\\/schema\\\/person\\\/0f092e7196386afa42171db0d19a38ff\"},\"headline\":\"XIII Edici\u00f3 dels Cursos musicals d&#8217;estiu de la Uni\u00f3 Musical de\u00a0Benaguasil\",\"datePublished\":\"2022-06-08T10:36:04+00:00\",\"dateModified\":\"2022-06-08T10:36:05+00:00\",\"mainEntityOfPage\":{\"@id\":\"https:\\\/\\\/alcompasrevista.com\\\/va\\\/archivos\\\/7379\"},\"wordCount\":235,\"publisher\":{\"@id\":\"https:\\\/\\\/alcompasrevista.com\\\/#organization\"},\"image\":{\"@id\":\"https:\\\/\\\/alcompasrevista.com\\\/va\\\/archivos\\\/7379#primaryimage\"},\"thumbnailUrl\":\"https:\\\/\\\/alcompasrevista.com\\\/wp-content\\\/uploads\\\/2022\\\/06\\\/Diseno-sin-titulo.jpg\",\"keywords\":[\"XIII Edici\u00f3 dels Cursos musicals d&#039;estiu de la Uni\u00f3 Musical de\u00a0Benaguasil\"],\"articleSection\":[\"#Not\u00edcies\"],\"inLanguage\":\"va\"},{\"@type\":\"WebPage\",\"@id\":\"https:\\\/\\\/alcompasrevista.com\\\/va\\\/archivos\\\/7379\",\"url\":\"https:\\\/\\\/alcompasrevista.com\\\/va\\\/archivos\\\/7379\",\"name\":\"XIII Edici\u00f3 dels Cursos musicals d'estiu de la Uni\u00f3 Musical de\u00a0Benaguasil - Revista Al Comp\u00e0s\",\"isPartOf\":{\"@id\":\"https:\\\/\\\/alcompasrevista.com\\\/#website\"},\"primaryImageOfPage\":{\"@id\":\"https:\\\/\\\/alcompasrevista.com\\\/va\\\/archivos\\\/7379#primaryimage\"},\"image\":{\"@id\":\"https:\\\/\\\/alcompasrevista.com\\\/va\\\/archivos\\\/7379#primaryimage\"},\"thumbnailUrl\":\"https:\\\/\\\/alcompasrevista.com\\\/wp-content\\\/uploads\\\/2022\\\/06\\\/Diseno-sin-titulo.jpg\",\"datePublished\":\"2022-06-08T10:36:04+00:00\",\"dateModified\":\"2022-06-08T10:36:05+00:00\",\"breadcrumb\":{\"@id\":\"https:\\\/\\\/alcompasrevista.com\\\/va\\\/archivos\\\/7379#breadcrumb\"},\"inLanguage\":\"va\",\"potentialAction\":[{\"@type\":\"ReadAction\",\"target\":[\"https:\\\/\\\/alcompasrevista.com\\\/va\\\/archivos\\\/7379\"]}]},{\"@type\":\"ImageObject\",\"inLanguage\":\"va\",\"@id\":\"https:\\\/\\\/alcompasrevista.com\\\/va\\\/archivos\\\/7379#primaryimage\",\"url\":\"https:\\\/\\\/alcompasrevista.com\\\/wp-content\\\/uploads\\\/2022\\\/06\\\/Diseno-sin-titulo.jpg\",\"contentUrl\":\"https:\\\/\\\/alcompasrevista.com\\\/wp-content\\\/uploads\\\/2022\\\/06\\\/Diseno-sin-titulo.jpg\",\"width\":760,\"height\":430,\"caption\":\"XIII Edici\u00f3 dels Cursos musicals d'estiu de la Uni\u00f3 Musical de\u00a0Benaguasil\"},{\"@type\":\"BreadcrumbList\",\"@id\":\"https:\\\/\\\/alcompasrevista.com\\\/va\\\/archivos\\\/7379#breadcrumb\",\"itemListElement\":[{\"@type\":\"ListItem\",\"position\":1,\"name\":\"Portada\",\"item\":\"https:\\\/\\\/alcompasrevista.com\\\/va\"},{\"@type\":\"ListItem\",\"position\":2,\"name\":\"XIII Edici\u00f3 dels Cursos musicals d&#8217;estiu de la Uni\u00f3 Musical de\u00a0Benaguasil\"}]},{\"@type\":\"WebSite\",\"@id\":\"https:\\\/\\\/alcompasrevista.com\\\/#website\",\"url\":\"https:\\\/\\\/alcompasrevista.com\\\/\",\"name\":\"Revista Al Comp\u00e0s\",\"description\":\"Un proyecto de la Federaci\u00f3n de Sociedades Musicales de la Comunidad Valenciana\",\"publisher\":{\"@id\":\"https:\\\/\\\/alcompasrevista.com\\\/#organization\"},\"potentialAction\":[{\"@type\":\"SearchAction\",\"target\":{\"@type\":\"EntryPoint\",\"urlTemplate\":\"https:\\\/\\\/alcompasrevista.com\\\/?s={search_term_string}\"},\"query-input\":{\"@type\":\"PropertyValueSpecification\",\"valueRequired\":true,\"valueName\":\"search_term_string\"}}],\"inLanguage\":\"va\"},{\"@type\":\"Organization\",\"@id\":\"https:\\\/\\\/alcompasrevista.com\\\/#organization\",\"name\":\"Revista Al Comp\u00e0s\",\"url\":\"https:\\\/\\\/alcompasrevista.com\\\/\",\"logo\":{\"@type\":\"ImageObject\",\"inLanguage\":\"va\",\"@id\":\"https:\\\/\\\/alcompasrevista.com\\\/#\\\/schema\\\/logo\\\/image\\\/\",\"url\":\"https:\\\/\\\/alcompasrevista.com\\\/wp-content\\\/uploads\\\/2022\\\/04\\\/cropped-loog_blanco.png\",\"contentUrl\":\"https:\\\/\\\/alcompasrevista.com\\\/wp-content\\\/uploads\\\/2022\\\/04\\\/cropped-loog_blanco.png\",\"width\":1612,\"height\":724,\"caption\":\"Revista Al Comp\u00e0s\"},\"image\":{\"@id\":\"https:\\\/\\\/alcompasrevista.com\\\/#\\\/schema\\\/logo\\\/image\\\/\"}},{\"@type\":\"Person\",\"@id\":\"https:\\\/\\\/alcompasrevista.com\\\/#\\\/schema\\\/person\\\/0f092e7196386afa42171db0d19a38ff\",\"name\":\"Redacci\u00f3n\",\"image\":{\"@type\":\"ImageObject\",\"inLanguage\":\"va\",\"@id\":\"https:\\\/\\\/secure.gravatar.com\\\/avatar\\\/e2831619d4dae93995d3da450c50013d912e0b8bdf34d9ea00126d97c2b7702e?s=96&d=mm&r=g\",\"url\":\"https:\\\/\\\/secure.gravatar.com\\\/avatar\\\/e2831619d4dae93995d3da450c50013d912e0b8bdf34d9ea00126d97c2b7702e?s=96&d=mm&r=g\",\"contentUrl\":\"https:\\\/\\\/secure.gravatar.com\\\/avatar\\\/e2831619d4dae93995d3da450c50013d912e0b8bdf34d9ea00126d97c2b7702e?s=96&d=mm&r=g\",\"caption\":\"Redacci\u00f3n\"},\"url\":\"https:\\\/\\\/alcompasrevista.com\\\/va\\\/archivos\\\/author\\\/257_webmaster\"}]}<\/script>\n<!-- \/ Yoast SEO plugin. -->","yoast_head_json":{"title":"XIII Edici\u00f3 dels Cursos musicals d'estiu de la Uni\u00f3 Musical de\u00a0Benaguasil - Revista Al Comp\u00e0s","robots":{"index":"index","follow":"follow","max-snippet":"max-snippet:-1","max-image-preview":"max-image-preview:large","max-video-preview":"max-video-preview:-1"},"canonical":"https:\/\/alcompasrevista.com\/va\/archivos\/7379","og_locale":"en_US","og_type":"article","og_title":"XIII Edici\u00f3 dels Cursos musicals d'estiu de la Uni\u00f3 Musical de\u00a0Benaguasil - Revista Al Comp\u00e0s","og_description":"XIII Edici\u00f3 dels Cursos musicals d'estiu de la Uni\u00f3 Musical de\u00a0Benaguasil","og_url":"https:\/\/alcompasrevista.com\/va\/archivos\/7379","og_site_name":"Revista Al Comp\u00e0s","article_published_time":"2022-06-08T10:36:04+00:00","article_modified_time":"2022-06-08T10:36:05+00:00","og_image":[{"width":760,"height":430,"url":"https:\/\/alcompasrevista.com\/wp-content\/uploads\/2022\/06\/Diseno-sin-titulo.jpg","type":"image\/jpeg"}],"author":"Redacci\u00f3n","twitter_card":"summary_large_image","twitter_misc":{"Written by":"Redacci\u00f3","Est. reading time":"2 minutes"},"schema":{"@context":"https:\/\/schema.org","@graph":[{"@type":"Article","@id":"https:\/\/alcompasrevista.com\/va\/archivos\/7379#article","isPartOf":{"@id":"https:\/\/alcompasrevista.com\/va\/archivos\/7379"},"author":{"name":"Redacci\u00f3n","@id":"https:\/\/alcompasrevista.com\/#\/schema\/person\/0f092e7196386afa42171db0d19a38ff"},"headline":"XIII Edici\u00f3 dels Cursos musicals d&#8217;estiu de la Uni\u00f3 Musical de\u00a0Benaguasil","datePublished":"2022-06-08T10:36:04+00:00","dateModified":"2022-06-08T10:36:05+00:00","mainEntityOfPage":{"@id":"https:\/\/alcompasrevista.com\/va\/archivos\/7379"},"wordCount":235,"publisher":{"@id":"https:\/\/alcompasrevista.com\/#organization"},"image":{"@id":"https:\/\/alcompasrevista.com\/va\/archivos\/7379#primaryimage"},"thumbnailUrl":"https:\/\/alcompasrevista.com\/wp-content\/uploads\/2022\/06\/Diseno-sin-titulo.jpg","keywords":["XIII Edici\u00f3 dels Cursos musicals d&#039;estiu de la Uni\u00f3 Musical de\u00a0Benaguasil"],"articleSection":["#Not\u00edcies"],"inLanguage":"va"},{"@type":"WebPage","@id":"https:\/\/alcompasrevista.com\/va\/archivos\/7379","url":"https:\/\/alcompasrevista.com\/va\/archivos\/7379","name":"XIII Edici\u00f3 dels Cursos musicals d'estiu de la Uni\u00f3 Musical de\u00a0Benaguasil - Revista Al Comp\u00e0s","isPartOf":{"@id":"https:\/\/alcompasrevista.com\/#website"},"primaryImageOfPage":{"@id":"https:\/\/alcompasrevista.com\/va\/archivos\/7379#primaryimage"},"image":{"@id":"https:\/\/alcompasrevista.com\/va\/archivos\/7379#primaryimage"},"thumbnailUrl":"https:\/\/alcompasrevista.com\/wp-content\/uploads\/2022\/06\/Diseno-sin-titulo.jpg","datePublished":"2022-06-08T10:36:04+00:00","dateModified":"2022-06-08T10:36:05+00:00","breadcrumb":{"@id":"https:\/\/alcompasrevista.com\/va\/archivos\/7379#breadcrumb"},"inLanguage":"va","potentialAction":[{"@type":"ReadAction","target":["https:\/\/alcompasrevista.com\/va\/archivos\/7379"]}]},{"@type":"ImageObject","inLanguage":"va","@id":"https:\/\/alcompasrevista.com\/va\/archivos\/7379#primaryimage","url":"https:\/\/alcompasrevista.com\/wp-content\/uploads\/2022\/06\/Diseno-sin-titulo.jpg","contentUrl":"https:\/\/alcompasrevista.com\/wp-content\/uploads\/2022\/06\/Diseno-sin-titulo.jpg","width":760,"height":430,"caption":"XIII Edici\u00f3 dels Cursos musicals d'estiu de la Uni\u00f3 Musical de\u00a0Benaguasil"},{"@type":"BreadcrumbList","@id":"https:\/\/alcompasrevista.com\/va\/archivos\/7379#breadcrumb","itemListElement":[{"@type":"ListItem","position":1,"name":"Portada","item":"https:\/\/alcompasrevista.com\/va"},{"@type":"ListItem","position":2,"name":"XIII Edici\u00f3 dels Cursos musicals d&#8217;estiu de la Uni\u00f3 Musical de\u00a0Benaguasil"}]},{"@type":"WebSite","@id":"https:\/\/alcompasrevista.com\/#website","url":"https:\/\/alcompasrevista.com\/","name":"Revista Al Comp\u00e0s","description":"Un proyecto de la Federaci\u00f3n de Sociedades Musicales de la Comunidad Valenciana","publisher":{"@id":"https:\/\/alcompasrevista.com\/#organization"},"potentialAction":[{"@type":"SearchAction","target":{"@type":"EntryPoint","urlTemplate":"https:\/\/alcompasrevista.com\/?s={search_term_string}"},"query-input":{"@type":"PropertyValueSpecification","valueRequired":true,"valueName":"search_term_string"}}],"inLanguage":"va"},{"@type":"Organization","@id":"https:\/\/alcompasrevista.com\/#organization","name":"Revista Al Comp\u00e0s","url":"https:\/\/alcompasrevista.com\/","logo":{"@type":"ImageObject","inLanguage":"va","@id":"https:\/\/alcompasrevista.com\/#\/schema\/logo\/image\/","url":"https:\/\/alcompasrevista.com\/wp-content\/uploads\/2022\/04\/cropped-loog_blanco.png","contentUrl":"https:\/\/alcompasrevista.com\/wp-content\/uploads\/2022\/04\/cropped-loog_blanco.png","width":1612,"height":724,"caption":"Revista Al Comp\u00e0s"},"image":{"@id":"https:\/\/alcompasrevista.com\/#\/schema\/logo\/image\/"}},{"@type":"Person","@id":"https:\/\/alcompasrevista.com\/#\/schema\/person\/0f092e7196386afa42171db0d19a38ff","name":"Redacci\u00f3n","image":{"@type":"ImageObject","inLanguage":"va","@id":"https:\/\/secure.gravatar.com\/avatar\/e2831619d4dae93995d3da450c50013d912e0b8bdf34d9ea00126d97c2b7702e?s=96&d=mm&r=g","url":"https:\/\/secure.gravatar.com\/avatar\/e2831619d4dae93995d3da450c50013d912e0b8bdf34d9ea00126d97c2b7702e?s=96&d=mm&r=g","contentUrl":"https:\/\/secure.gravatar.com\/avatar\/e2831619d4dae93995d3da450c50013d912e0b8bdf34d9ea00126d97c2b7702e?s=96&d=mm&r=g","caption":"Redacci\u00f3n"},"url":"https:\/\/alcompasrevista.com\/va\/archivos\/author\/257_webmaster"}]}},"_links":{"self":[{"href":"https:\/\/alcompasrevista.com\/va\/wp-json\/wp\/v2\/posts\/7379","targetHints":{"allow":["GET"]}}],"collection":[{"href":"https:\/\/alcompasrevista.com\/va\/wp-json\/wp\/v2\/posts"}],"about":[{"href":"https:\/\/alcompasrevista.com\/va\/wp-json\/wp\/v2\/types\/post"}],"author":[{"embeddable":true,"href":"https:\/\/alcompasrevista.com\/va\/wp-json\/wp\/v2\/users\/860004"}],"replies":[{"embeddable":true,"href":"https:\/\/alcompasrevista.com\/va\/wp-json\/wp\/v2\/comments?post=7379"}],"version-history":[{"count":0,"href":"https:\/\/alcompasrevista.com\/va\/wp-json\/wp\/v2\/posts\/7379\/revisions"}],"wp:featuredmedia":[{"embeddable":true,"href":"https:\/\/alcompasrevista.com\/va\/wp-json\/wp\/v2\/media\/7380"}],"wp:attachment":[{"href":"https:\/\/alcompasrevista.com\/va\/wp-json\/wp\/v2\/media?parent=7379"}],"wp:term":[{"taxonomy":"category","embeddable":true,"href":"https:\/\/alcompasrevista.com\/va\/wp-json\/wp\/v2\/categories?post=7379"},{"taxonomy":"post_tag","embeddable":true,"href":"https:\/\/alcompasrevista.com\/va\/wp-json\/wp\/v2\/tags?post=7379"},{"taxonomy":"portada","embeddable":true,"href":"https:\/\/alcompasrevista.com\/va\/wp-json\/wp\/v2\/portada?post=7379"}],"curies":[{"name":"wp","href":"https:\/\/api.w.org\/{rel}","templated":true}]}}