{"id":7108,"date":"2022-06-02T09:09:30","date_gmt":"2022-06-02T07:09:30","guid":{"rendered":"https:\/\/alcompasrevista.com\/?p=7108"},"modified":"2022-06-07T15:14:23","modified_gmt":"2022-06-07T13:14:23","slug":"he-tornat-a-eixir-a-tocar-pel-carrer","status":"publish","type":"post","link":"https:\/\/alcompasrevista.com\/va\/archivos\/7108","title":{"rendered":"He tornat a eixir a tocar pel carrer"},"content":{"rendered":"\n<p>La veritat, no recorde quan va ser l&#8217;\u00faltima vegada que ho vaig fer. Possiblement, abans de la pand\u00e8mia. Tampoc \u00e9s que siga jo un m\u00fasic especialment actiu, malauradament. Ja sabeu, la faena, el dia a dia, la impossibilitat d&#8217;anar als assaigs i tamb\u00e9 l&#8217;edat van fent que cada vegada vages menys. S\u00ed, l&#8217;edat tamb\u00e9. Tot i que no arribe a la trentena d&#8217;anys, els m\u00e9s joves ja m&#8217;han adelantat per la dreta i per l&#8217;esquerra. I \u00e9s normal. Jo tamb\u00e9 ho vaig fer quan tenia quinze anys. Hi ha \u00e8poques per a tot. No diuen aix\u00f2?<\/p>\n\n\n\n<p>Encara recorde la primera vegada que vaig eixir a tocar pel carrer i, si m&#8217;apures, encara recorde la primera vegada que vaig ser conscient de vore a la banda del meu poble tocar pel carrer. Segurament, seria a un Corpus, a ca la iaia. &#8216;Mira com toquen, Jordiet. Qu\u00e8 no et far\u00e0s m\u00fasic?&#8217; Que importants les iaies i que importants les bandes pel carrer. No s\u00e9 la quantitat de vegades que, despr\u00e9s, he sigut jo -caixa, bombo o plats en m\u00e0- qui li ha fet un gest al xiquet o la xiqueta que estava assegut en la vorera veient-nos passar com de&#8230; <em>Va, apunta&#8217;t, que t&#8217;agradar\u00e0. <\/em>No s\u00e9 si haur\u00e0 funcionat o no. Per\u00f2 fer-ho, ho he fet.<\/p>\n\n\n\n<p>L&#8217;altre dia vaig tornar a eixir a tocar pel carrer. Una <em>entraeta falsa<\/em> de moros i cristians a un poble d&#8217;Alacant. Va ser alliberador, curi\u00f3s, emocionant. Com si no haguera passat tot el que ens ha passat. Vaig vore tot all\u00f2 que acostumava a vore abans d&#8217;este malson anomenat COVID-19.<\/p>\n\n\n\n<p>Les <em>filaes<\/em> baixar al pas de marxa cristiana pels carrers iluminats; que sempre hi ha alg\u00fa que no porta b\u00e9 el pas i et toca cridar all\u00f2 d&#8217;esquerra, dreta. El p\u00fablic aplaudint a rabiar al pas del timbaler i el xiquet amb el seu <em>tamboret<\/em> de joguet imitant-lo. El de la comparsa que sempre et diu que toques m\u00e9s, que no se sent (l&#8217;alcohol tamb\u00e9 fa molt, ahi). La capitana i el capit\u00e0 desfilant emocionad\u00edssims, saludant a totes les balconades. Els de Protecci\u00f3 Civil tallant els passos de peatons i els <em>xiquillos <\/em>vacilant-nos. Sempre igual. Les c\u00e0meres de fotos i v\u00eddeos de la televisi\u00f3 comarcal o local de torn enfocant les gotes de suor que li cauen pel front al tuba. Pobre, clar, es que menut &#8216;instrumentot&#8217; per al carrer. Les families senceres assegudes a la porta de casa amb cadires de <em>boga. <\/em>Alguna que altra parella entre la multitud que porta la mascareta en aglomeracions de gent. La xiqueta dormint al carro. El que porta al gos a vore l&#8217;entr\u00e0, i el gos patint. Mai ho entendr\u00e9. Les quadrilles de quintos amb les seues samarretes a conjunt. I el got a conjunt, tamb\u00e9. Els de les comparses del poble del costat que venen a dotorejar. El m\u00fasic que eixe dia no ha anat a tocar i que est\u00e0 mirant-ho tot amb cara de tristor i saludant als de totes les bandes, els conega o no, com una senyal de camaraderia. Ah! I com no, l&#8217;arrastrador de timbals que has &#8220;llogat&#8221; a l&#8217;inici de la <em>entraeta falsa&#8230;<\/em><\/p>\n\n\n\n<p>Tot a\u00e7\u00f2 no canviar\u00e0 mai, per sort.<\/p>\n\n\n\n<p>I quines ganes ten\u00edem.<\/p>\n\n\n\n<p>I quina falta feia.<\/p>\n\n\n\n<p>I que  estiu ens espera.<\/p>\n","protected":false},"excerpt":{"rendered":"<p>He tornat a eixir a tocar pel carrer. <\/p>\n","protected":false},"author":860007,"featured_media":7339,"comment_status":"closed","ping_status":"closed","sticky":false,"template":"","format":"standard","meta":{"footnotes":""},"categories":[29],"tags":[79,81,80],"portada":[82,83],"class_list":["post-7108","post","type-post","status-publish","format-standard","has-post-thumbnail","hentry","category-noticies-va","tag-eixir","tag-pel-carrer","tag-tocar","portada-he-tornat-a-eixir-a-tocar-pel-carrer","portada-opinio"],"yoast_head":"<!-- This site is optimized with the Yoast SEO plugin v27.4 - https:\/\/yoast.com\/product\/yoast-seo-wordpress\/ -->\n<title>He tornat a eixir a tocar pel carrer - Revista Al Comp\u00e0s<\/title>\n<meta name=\"robots\" content=\"index, follow, max-snippet:-1, max-image-preview:large, max-video-preview:-1\" \/>\n<link rel=\"canonical\" href=\"https:\/\/alcompasrevista.com\/va\/archivos\/7108\" \/>\n<meta property=\"og:locale\" content=\"en_US\" \/>\n<meta property=\"og:type\" content=\"article\" \/>\n<meta property=\"og:title\" content=\"He tornat a eixir a tocar pel carrer - Revista Al Comp\u00e0s\" \/>\n<meta property=\"og:description\" content=\"He tornat a eixir a tocar pel carrer.\" \/>\n<meta property=\"og:url\" content=\"https:\/\/alcompasrevista.com\/va\/archivos\/7108\" \/>\n<meta property=\"og:site_name\" content=\"Revista Al Comp\u00e0s\" \/>\n<meta property=\"article:published_time\" content=\"2022-06-02T07:09:30+00:00\" \/>\n<meta property=\"article:modified_time\" content=\"2022-06-07T13:14:23+00:00\" \/>\n<meta property=\"og:image\" content=\"https:\/\/alcompasrevista.com\/wp-content\/uploads\/2022\/06\/Diseno-sin-titulo-63.jpg\" \/>\n\t<meta property=\"og:image:width\" content=\"760\" \/>\n\t<meta property=\"og:image:height\" content=\"430\" \/>\n\t<meta property=\"og:image:type\" content=\"image\/jpeg\" \/>\n<meta name=\"author\" content=\"Jordi Company\" \/>\n<meta name=\"twitter:card\" content=\"summary_large_image\" \/>\n<meta name=\"twitter:label1\" content=\"Written by\" \/>\n\t<meta name=\"twitter:data1\" content=\"Jordi Company\" \/>\n\t<meta name=\"twitter:label2\" content=\"Est. reading time\" \/>\n\t<meta name=\"twitter:data2\" content=\"3 minutes\" \/>\n<script type=\"application\/ld+json\" class=\"yoast-schema-graph\">{\"@context\":\"https:\\\/\\\/schema.org\",\"@graph\":[{\"@type\":\"Article\",\"@id\":\"https:\\\/\\\/alcompasrevista.com\\\/va\\\/archivos\\\/7108#article\",\"isPartOf\":{\"@id\":\"https:\\\/\\\/alcompasrevista.com\\\/va\\\/archivos\\\/7108\"},\"author\":{\"name\":\"Jordi Company\",\"@id\":\"https:\\\/\\\/alcompasrevista.com\\\/#\\\/schema\\\/person\\\/c473ab517d90dbe675b2a2e9b747da88\"},\"headline\":\"He tornat a eixir a tocar pel carrer\",\"datePublished\":\"2022-06-02T07:09:30+00:00\",\"dateModified\":\"2022-06-07T13:14:23+00:00\",\"mainEntityOfPage\":{\"@id\":\"https:\\\/\\\/alcompasrevista.com\\\/va\\\/archivos\\\/7108\"},\"wordCount\":582,\"publisher\":{\"@id\":\"https:\\\/\\\/alcompasrevista.com\\\/#organization\"},\"image\":{\"@id\":\"https:\\\/\\\/alcompasrevista.com\\\/va\\\/archivos\\\/7108#primaryimage\"},\"thumbnailUrl\":\"https:\\\/\\\/alcompasrevista.com\\\/wp-content\\\/uploads\\\/2022\\\/06\\\/Diseno-sin-titulo-63.jpg\",\"keywords\":[\"eixir\",\"pel carrer\",\"tocar\"],\"articleSection\":[\"#Not\u00edcies\"],\"inLanguage\":\"va\"},{\"@type\":\"WebPage\",\"@id\":\"https:\\\/\\\/alcompasrevista.com\\\/va\\\/archivos\\\/7108\",\"url\":\"https:\\\/\\\/alcompasrevista.com\\\/va\\\/archivos\\\/7108\",\"name\":\"He tornat a eixir a tocar pel carrer - Revista Al Comp\u00e0s\",\"isPartOf\":{\"@id\":\"https:\\\/\\\/alcompasrevista.com\\\/#website\"},\"primaryImageOfPage\":{\"@id\":\"https:\\\/\\\/alcompasrevista.com\\\/va\\\/archivos\\\/7108#primaryimage\"},\"image\":{\"@id\":\"https:\\\/\\\/alcompasrevista.com\\\/va\\\/archivos\\\/7108#primaryimage\"},\"thumbnailUrl\":\"https:\\\/\\\/alcompasrevista.com\\\/wp-content\\\/uploads\\\/2022\\\/06\\\/Diseno-sin-titulo-63.jpg\",\"datePublished\":\"2022-06-02T07:09:30+00:00\",\"dateModified\":\"2022-06-07T13:14:23+00:00\",\"breadcrumb\":{\"@id\":\"https:\\\/\\\/alcompasrevista.com\\\/va\\\/archivos\\\/7108#breadcrumb\"},\"inLanguage\":\"va\",\"potentialAction\":[{\"@type\":\"ReadAction\",\"target\":[\"https:\\\/\\\/alcompasrevista.com\\\/va\\\/archivos\\\/7108\"]}]},{\"@type\":\"ImageObject\",\"inLanguage\":\"va\",\"@id\":\"https:\\\/\\\/alcompasrevista.com\\\/va\\\/archivos\\\/7108#primaryimage\",\"url\":\"https:\\\/\\\/alcompasrevista.com\\\/wp-content\\\/uploads\\\/2022\\\/06\\\/Diseno-sin-titulo-63.jpg\",\"contentUrl\":\"https:\\\/\\\/alcompasrevista.com\\\/wp-content\\\/uploads\\\/2022\\\/06\\\/Diseno-sin-titulo-63.jpg\",\"width\":760,\"height\":430,\"caption\":\"autor\u00eda @mikegramola\"},{\"@type\":\"BreadcrumbList\",\"@id\":\"https:\\\/\\\/alcompasrevista.com\\\/va\\\/archivos\\\/7108#breadcrumb\",\"itemListElement\":[{\"@type\":\"ListItem\",\"position\":1,\"name\":\"Portada\",\"item\":\"https:\\\/\\\/alcompasrevista.com\\\/va\"},{\"@type\":\"ListItem\",\"position\":2,\"name\":\"He tornat a eixir a tocar pel carrer\"}]},{\"@type\":\"WebSite\",\"@id\":\"https:\\\/\\\/alcompasrevista.com\\\/#website\",\"url\":\"https:\\\/\\\/alcompasrevista.com\\\/\",\"name\":\"Revista Al Comp\u00e0s\",\"description\":\"Un proyecto de la Federaci\u00f3n de Sociedades Musicales de la Comunidad Valenciana\",\"publisher\":{\"@id\":\"https:\\\/\\\/alcompasrevista.com\\\/#organization\"},\"potentialAction\":[{\"@type\":\"SearchAction\",\"target\":{\"@type\":\"EntryPoint\",\"urlTemplate\":\"https:\\\/\\\/alcompasrevista.com\\\/?s={search_term_string}\"},\"query-input\":{\"@type\":\"PropertyValueSpecification\",\"valueRequired\":true,\"valueName\":\"search_term_string\"}}],\"inLanguage\":\"va\"},{\"@type\":\"Organization\",\"@id\":\"https:\\\/\\\/alcompasrevista.com\\\/#organization\",\"name\":\"Revista Al Comp\u00e0s\",\"url\":\"https:\\\/\\\/alcompasrevista.com\\\/\",\"logo\":{\"@type\":\"ImageObject\",\"inLanguage\":\"va\",\"@id\":\"https:\\\/\\\/alcompasrevista.com\\\/#\\\/schema\\\/logo\\\/image\\\/\",\"url\":\"https:\\\/\\\/alcompasrevista.com\\\/wp-content\\\/uploads\\\/2022\\\/04\\\/cropped-loog_blanco.png\",\"contentUrl\":\"https:\\\/\\\/alcompasrevista.com\\\/wp-content\\\/uploads\\\/2022\\\/04\\\/cropped-loog_blanco.png\",\"width\":1612,\"height\":724,\"caption\":\"Revista Al Comp\u00e0s\"},\"image\":{\"@id\":\"https:\\\/\\\/alcompasrevista.com\\\/#\\\/schema\\\/logo\\\/image\\\/\"}},{\"@type\":\"Person\",\"@id\":\"https:\\\/\\\/alcompasrevista.com\\\/#\\\/schema\\\/person\\\/c473ab517d90dbe675b2a2e9b747da88\",\"name\":\"Jordi Company\",\"image\":{\"@type\":\"ImageObject\",\"inLanguage\":\"va\",\"@id\":\"https:\\\/\\\/secure.gravatar.com\\\/avatar\\\/7cd0b883c29cc378aa260d4cac230035d52d229e39e075da1056fc0b6e712bae?s=96&d=mm&r=g\",\"url\":\"https:\\\/\\\/secure.gravatar.com\\\/avatar\\\/7cd0b883c29cc378aa260d4cac230035d52d229e39e075da1056fc0b6e712bae?s=96&d=mm&r=g\",\"contentUrl\":\"https:\\\/\\\/secure.gravatar.com\\\/avatar\\\/7cd0b883c29cc378aa260d4cac230035d52d229e39e075da1056fc0b6e712bae?s=96&d=mm&r=g\",\"caption\":\"Jordi Company\"},\"url\":\"https:\\\/\\\/alcompasrevista.com\\\/va\\\/archivos\\\/author\\\/jordi-company\"}]}<\/script>\n<!-- \/ Yoast SEO plugin. -->","yoast_head_json":{"title":"He tornat a eixir a tocar pel carrer - Revista Al Comp\u00e0s","robots":{"index":"index","follow":"follow","max-snippet":"max-snippet:-1","max-image-preview":"max-image-preview:large","max-video-preview":"max-video-preview:-1"},"canonical":"https:\/\/alcompasrevista.com\/va\/archivos\/7108","og_locale":"en_US","og_type":"article","og_title":"He tornat a eixir a tocar pel carrer - Revista Al Comp\u00e0s","og_description":"He tornat a eixir a tocar pel carrer.","og_url":"https:\/\/alcompasrevista.com\/va\/archivos\/7108","og_site_name":"Revista Al Comp\u00e0s","article_published_time":"2022-06-02T07:09:30+00:00","article_modified_time":"2022-06-07T13:14:23+00:00","og_image":[{"width":760,"height":430,"url":"https:\/\/alcompasrevista.com\/wp-content\/uploads\/2022\/06\/Diseno-sin-titulo-63.jpg","type":"image\/jpeg"}],"author":"Jordi Company","twitter_card":"summary_large_image","twitter_misc":{"Written by":"Jordi Company","Est. reading time":"3 minutes"},"schema":{"@context":"https:\/\/schema.org","@graph":[{"@type":"Article","@id":"https:\/\/alcompasrevista.com\/va\/archivos\/7108#article","isPartOf":{"@id":"https:\/\/alcompasrevista.com\/va\/archivos\/7108"},"author":{"name":"Jordi Company","@id":"https:\/\/alcompasrevista.com\/#\/schema\/person\/c473ab517d90dbe675b2a2e9b747da88"},"headline":"He tornat a eixir a tocar pel carrer","datePublished":"2022-06-02T07:09:30+00:00","dateModified":"2022-06-07T13:14:23+00:00","mainEntityOfPage":{"@id":"https:\/\/alcompasrevista.com\/va\/archivos\/7108"},"wordCount":582,"publisher":{"@id":"https:\/\/alcompasrevista.com\/#organization"},"image":{"@id":"https:\/\/alcompasrevista.com\/va\/archivos\/7108#primaryimage"},"thumbnailUrl":"https:\/\/alcompasrevista.com\/wp-content\/uploads\/2022\/06\/Diseno-sin-titulo-63.jpg","keywords":["eixir","pel carrer","tocar"],"articleSection":["#Not\u00edcies"],"inLanguage":"va"},{"@type":"WebPage","@id":"https:\/\/alcompasrevista.com\/va\/archivos\/7108","url":"https:\/\/alcompasrevista.com\/va\/archivos\/7108","name":"He tornat a eixir a tocar pel carrer - Revista Al Comp\u00e0s","isPartOf":{"@id":"https:\/\/alcompasrevista.com\/#website"},"primaryImageOfPage":{"@id":"https:\/\/alcompasrevista.com\/va\/archivos\/7108#primaryimage"},"image":{"@id":"https:\/\/alcompasrevista.com\/va\/archivos\/7108#primaryimage"},"thumbnailUrl":"https:\/\/alcompasrevista.com\/wp-content\/uploads\/2022\/06\/Diseno-sin-titulo-63.jpg","datePublished":"2022-06-02T07:09:30+00:00","dateModified":"2022-06-07T13:14:23+00:00","breadcrumb":{"@id":"https:\/\/alcompasrevista.com\/va\/archivos\/7108#breadcrumb"},"inLanguage":"va","potentialAction":[{"@type":"ReadAction","target":["https:\/\/alcompasrevista.com\/va\/archivos\/7108"]}]},{"@type":"ImageObject","inLanguage":"va","@id":"https:\/\/alcompasrevista.com\/va\/archivos\/7108#primaryimage","url":"https:\/\/alcompasrevista.com\/wp-content\/uploads\/2022\/06\/Diseno-sin-titulo-63.jpg","contentUrl":"https:\/\/alcompasrevista.com\/wp-content\/uploads\/2022\/06\/Diseno-sin-titulo-63.jpg","width":760,"height":430,"caption":"autor\u00eda @mikegramola"},{"@type":"BreadcrumbList","@id":"https:\/\/alcompasrevista.com\/va\/archivos\/7108#breadcrumb","itemListElement":[{"@type":"ListItem","position":1,"name":"Portada","item":"https:\/\/alcompasrevista.com\/va"},{"@type":"ListItem","position":2,"name":"He tornat a eixir a tocar pel carrer"}]},{"@type":"WebSite","@id":"https:\/\/alcompasrevista.com\/#website","url":"https:\/\/alcompasrevista.com\/","name":"Revista Al Comp\u00e0s","description":"Un proyecto de la Federaci\u00f3n de Sociedades Musicales de la Comunidad Valenciana","publisher":{"@id":"https:\/\/alcompasrevista.com\/#organization"},"potentialAction":[{"@type":"SearchAction","target":{"@type":"EntryPoint","urlTemplate":"https:\/\/alcompasrevista.com\/?s={search_term_string}"},"query-input":{"@type":"PropertyValueSpecification","valueRequired":true,"valueName":"search_term_string"}}],"inLanguage":"va"},{"@type":"Organization","@id":"https:\/\/alcompasrevista.com\/#organization","name":"Revista Al Comp\u00e0s","url":"https:\/\/alcompasrevista.com\/","logo":{"@type":"ImageObject","inLanguage":"va","@id":"https:\/\/alcompasrevista.com\/#\/schema\/logo\/image\/","url":"https:\/\/alcompasrevista.com\/wp-content\/uploads\/2022\/04\/cropped-loog_blanco.png","contentUrl":"https:\/\/alcompasrevista.com\/wp-content\/uploads\/2022\/04\/cropped-loog_blanco.png","width":1612,"height":724,"caption":"Revista Al Comp\u00e0s"},"image":{"@id":"https:\/\/alcompasrevista.com\/#\/schema\/logo\/image\/"}},{"@type":"Person","@id":"https:\/\/alcompasrevista.com\/#\/schema\/person\/c473ab517d90dbe675b2a2e9b747da88","name":"Jordi Company","image":{"@type":"ImageObject","inLanguage":"va","@id":"https:\/\/secure.gravatar.com\/avatar\/7cd0b883c29cc378aa260d4cac230035d52d229e39e075da1056fc0b6e712bae?s=96&d=mm&r=g","url":"https:\/\/secure.gravatar.com\/avatar\/7cd0b883c29cc378aa260d4cac230035d52d229e39e075da1056fc0b6e712bae?s=96&d=mm&r=g","contentUrl":"https:\/\/secure.gravatar.com\/avatar\/7cd0b883c29cc378aa260d4cac230035d52d229e39e075da1056fc0b6e712bae?s=96&d=mm&r=g","caption":"Jordi Company"},"url":"https:\/\/alcompasrevista.com\/va\/archivos\/author\/jordi-company"}]}},"_links":{"self":[{"href":"https:\/\/alcompasrevista.com\/va\/wp-json\/wp\/v2\/posts\/7108","targetHints":{"allow":["GET"]}}],"collection":[{"href":"https:\/\/alcompasrevista.com\/va\/wp-json\/wp\/v2\/posts"}],"about":[{"href":"https:\/\/alcompasrevista.com\/va\/wp-json\/wp\/v2\/types\/post"}],"author":[{"embeddable":true,"href":"https:\/\/alcompasrevista.com\/va\/wp-json\/wp\/v2\/users\/860007"}],"replies":[{"embeddable":true,"href":"https:\/\/alcompasrevista.com\/va\/wp-json\/wp\/v2\/comments?post=7108"}],"version-history":[{"count":0,"href":"https:\/\/alcompasrevista.com\/va\/wp-json\/wp\/v2\/posts\/7108\/revisions"}],"wp:featuredmedia":[{"embeddable":true,"href":"https:\/\/alcompasrevista.com\/va\/wp-json\/wp\/v2\/media\/7339"}],"wp:attachment":[{"href":"https:\/\/alcompasrevista.com\/va\/wp-json\/wp\/v2\/media?parent=7108"}],"wp:term":[{"taxonomy":"category","embeddable":true,"href":"https:\/\/alcompasrevista.com\/va\/wp-json\/wp\/v2\/categories?post=7108"},{"taxonomy":"post_tag","embeddable":true,"href":"https:\/\/alcompasrevista.com\/va\/wp-json\/wp\/v2\/tags?post=7108"},{"taxonomy":"portada","embeddable":true,"href":"https:\/\/alcompasrevista.com\/va\/wp-json\/wp\/v2\/portada?post=7108"}],"curies":[{"name":"wp","href":"https:\/\/api.w.org\/{rel}","templated":true}]}}