{"id":6975,"date":"2022-06-02T11:21:46","date_gmt":"2022-06-02T09:21:46","guid":{"rendered":"https:\/\/alcompasrevista.com\/?p=6975"},"modified":"2022-06-02T11:21:47","modified_gmt":"2022-06-02T09:21:47","slug":"la-xxiii-trobada-de-bandes-del-alto-palancia-plena-segorbe-de-musics","status":"publish","type":"post","link":"https:\/\/alcompasrevista.com\/va\/archivos\/6975","title":{"rendered":"La XXIII Trobada de Bandes del Alto Palancia plena Segorbe de m\u00fasics"},"content":{"rendered":"\n<p>La gran cita musical que es va viure dissabte passat a Segorbe acollia la primera celebraci\u00f3 anual de l&#8217;Assemblea General de la Federaci\u00f3 de Societats Musicals de la Comunitat Valenciana i la XXIII Trobada de bandes de l&#8217;Alt Pal\u00e0ncia.<\/p>\n\n\n\n<p>Totes les societats que conformen la comarca van participar en la trobada amb m\u00e9s de 450 m\u00fasics que inundaven els carrers de la ciutat.<\/p>\n\n\n\n<p>Mari Pepa Colomina Gomis, Presidenta de la Societat Musical de Segorbe i Presidenta Comarcal de la FSMCV del Alto Palancia agraeix a la FSMCV i a totes les entitats que han participat, com Diputaci\u00f3 de Castell\u00f3 i Ajuntament de Segorbe, entre altres, el seu suport, i valora l&#8217;ambient d\u2019aquest dia:<em> \u201cLa nostra comarca t\u00e9 molt bon ambient, molt cohesionat i treballem molt ben junts. Despr\u00e9s de la pand\u00e8mia hi ha hagut canvis en les juntes directives de les societats comarcals, per\u00f2 ha entrat gent nova, joves i amb ganes i aix\u00f2 es nota a l&#8217;hora d&#8217;organitzar aquesta trobada. Tot aix\u00f2 assegura el futur musical de la comarca que \u00e9s molt important perqu\u00e8 \u00e9s un territori d&#8217;interior i despoblat. Vaig gaudir molt\u00edssim, va ser molt festiu, feia molt de temps que no ten\u00edem tant de m\u00fasic al carrer.\u201d<\/em><\/p>\n\n\n\n<p>L&#8217;acte comen\u00e7ava a les 17.45 h. en la pla\u00e7a de Agua Limpia amb la cercavila de la banda de la Societat Musical de Segorbe, que acompanyava a les nombroses autoritats assistents.<\/p>\n\n\n\n<p>Les bandes de Caudiel, Castellnovo, Navajas i J\u00e9rica interpretaven els seus pasdobles des de la pla\u00e7a de les Fondes; les d&#8217;Almed\u00edjar, Viver, Teresa, Soneja i Sot de Ferrer, des de la pla\u00e7a de la Cova Santa; i les de Geldo, Bej\u00eds, Altura i Azu\u00e9bar, ho feien des de la pla\u00e7a General Gim\u00e9nez Salas.<\/p>\n\n\n\n<p>Despr\u00e9s de les cercaviles, les diferents bandes amb les autoritats es reunien en la Glorieta Bot\u00e0nic Pau on, es va realitzar la imposici\u00f3 de corbatins i el lliurament de detalls als participants.<\/p>\n\n\n\n<p>El punt final a la trobada el posava el Cor de la Capella Musical de la S.I. Catedral Bas\u00edlica de Segorbe i la Banda de la Societat Musical de Segorbe, que interpretaven l&#8217;Himne de Segorbe i l&#8217;Himne Regional de la Comunitat Valenciana, dirigits Daniel G\u00f3mez Asensio.<\/p>\n\n\n\n<p><\/p>\n\n\n\n<p><\/p>\n\n\n\n<figure class=\"wp-block-gallery has-nested-images columns-default is-cropped wp-block-gallery-1 is-layout-flex wp-block-gallery-is-layout-flex\">\n<figure class=\"wp-block-image size-large\"><img loading=\"lazy\" decoding=\"async\" width=\"760\" height=\"430\" data-id=\"6976\" src=\"https:\/\/alcompasrevista.com\/wp-content\/uploads\/2022\/05\/Diseno-sin-titulo-34.jpg\" alt=\"\" class=\"wp-image-6976\" srcset=\"https:\/\/alcompasrevista.com\/wp-content\/uploads\/2022\/05\/Diseno-sin-titulo-34.jpg 760w, https:\/\/alcompasrevista.com\/wp-content\/uploads\/2022\/05\/Diseno-sin-titulo-34-300x170.jpg 300w\" sizes=\"auto, (max-width: 760px) 100vw, 760px\" \/><\/figure>\n\n\n\n<figure class=\"wp-block-image size-large\"><img loading=\"lazy\" decoding=\"async\" width=\"760\" height=\"430\" data-id=\"6978\" src=\"https:\/\/alcompasrevista.com\/wp-content\/uploads\/2022\/05\/Diseno-sin-titulo-33.jpg\" alt=\"\" class=\"wp-image-6978\" srcset=\"https:\/\/alcompasrevista.com\/wp-content\/uploads\/2022\/05\/Diseno-sin-titulo-33.jpg 760w, https:\/\/alcompasrevista.com\/wp-content\/uploads\/2022\/05\/Diseno-sin-titulo-33-300x170.jpg 300w\" sizes=\"auto, (max-width: 760px) 100vw, 760px\" \/><\/figure>\n\n\n\n<figure class=\"wp-block-image size-large\"><img loading=\"lazy\" decoding=\"async\" width=\"760\" height=\"430\" data-id=\"6982\" src=\"https:\/\/alcompasrevista.com\/wp-content\/uploads\/2022\/05\/Diseno-sin-titulo-32.jpg\" alt=\"\" class=\"wp-image-6982\" srcset=\"https:\/\/alcompasrevista.com\/wp-content\/uploads\/2022\/05\/Diseno-sin-titulo-32.jpg 760w, https:\/\/alcompasrevista.com\/wp-content\/uploads\/2022\/05\/Diseno-sin-titulo-32-300x170.jpg 300w\" sizes=\"auto, (max-width: 760px) 100vw, 760px\" \/><\/figure>\n\n\n\n<figure class=\"wp-block-image size-large\"><img loading=\"lazy\" decoding=\"async\" width=\"760\" height=\"430\" data-id=\"7001\" src=\"https:\/\/alcompasrevista.com\/wp-content\/uploads\/2022\/05\/Diseno-sin-titulo-31.jpg\" alt=\"\" class=\"wp-image-7001\" srcset=\"https:\/\/alcompasrevista.com\/wp-content\/uploads\/2022\/05\/Diseno-sin-titulo-31.jpg 760w, https:\/\/alcompasrevista.com\/wp-content\/uploads\/2022\/05\/Diseno-sin-titulo-31-300x170.jpg 300w\" sizes=\"auto, (max-width: 760px) 100vw, 760px\" \/><\/figure>\n\n\n\n<figure class=\"wp-block-image size-large\"><img loading=\"lazy\" decoding=\"async\" width=\"760\" height=\"430\" data-id=\"6980\" src=\"https:\/\/alcompasrevista.com\/wp-content\/uploads\/2022\/05\/Diseno-sin-titulo-30.jpg\" alt=\"\" class=\"wp-image-6980\" srcset=\"https:\/\/alcompasrevista.com\/wp-content\/uploads\/2022\/05\/Diseno-sin-titulo-30.jpg 760w, https:\/\/alcompasrevista.com\/wp-content\/uploads\/2022\/05\/Diseno-sin-titulo-30-300x170.jpg 300w\" sizes=\"auto, (max-width: 760px) 100vw, 760px\" \/><\/figure>\n\n\n\n<figure class=\"wp-block-image size-large\"><img loading=\"lazy\" decoding=\"async\" width=\"760\" height=\"430\" data-id=\"6986\" src=\"https:\/\/alcompasrevista.com\/wp-content\/uploads\/2022\/05\/Diseno-sin-titulo-29.jpg\" alt=\"\" class=\"wp-image-6986\" srcset=\"https:\/\/alcompasrevista.com\/wp-content\/uploads\/2022\/05\/Diseno-sin-titulo-29.jpg 760w, https:\/\/alcompasrevista.com\/wp-content\/uploads\/2022\/05\/Diseno-sin-titulo-29-300x170.jpg 300w\" sizes=\"auto, (max-width: 760px) 100vw, 760px\" \/><\/figure>\n\n\n\n<figure class=\"wp-block-image size-large\"><img loading=\"lazy\" decoding=\"async\" width=\"760\" height=\"430\" data-id=\"6992\" src=\"https:\/\/alcompasrevista.com\/wp-content\/uploads\/2022\/05\/Diseno-sin-titulo-28-1.jpg\" alt=\"\" class=\"wp-image-6992\" srcset=\"https:\/\/alcompasrevista.com\/wp-content\/uploads\/2022\/05\/Diseno-sin-titulo-28-1.jpg 760w, https:\/\/alcompasrevista.com\/wp-content\/uploads\/2022\/05\/Diseno-sin-titulo-28-1-300x170.jpg 300w\" sizes=\"auto, (max-width: 760px) 100vw, 760px\" \/><\/figure>\n\n\n\n<figure class=\"wp-block-image size-full\"><img decoding=\"async\" data-id=\"6987\" src=\"https:\/\/alcompasrevista.com\/wp-content\/uploads\/2022\/05\/Diseno-sin-titulo-27-2.jpg\" alt=\"\" class=\"wp-image-6987\"\/><\/figure>\n\n\n\n<figure class=\"wp-block-image size-large\"><img loading=\"lazy\" decoding=\"async\" width=\"760\" height=\"430\" data-id=\"6988\" src=\"https:\/\/alcompasrevista.com\/wp-content\/uploads\/2022\/05\/Diseno-sin-titulo-26-3.jpg\" alt=\"\" class=\"wp-image-6988\" srcset=\"https:\/\/alcompasrevista.com\/wp-content\/uploads\/2022\/05\/Diseno-sin-titulo-26-3.jpg 760w, https:\/\/alcompasrevista.com\/wp-content\/uploads\/2022\/05\/Diseno-sin-titulo-26-3-300x170.jpg 300w\" sizes=\"auto, (max-width: 760px) 100vw, 760px\" \/><\/figure>\n\n\n\n<figure class=\"wp-block-image size-large\"><img loading=\"lazy\" decoding=\"async\" width=\"760\" height=\"430\" data-id=\"7003\" src=\"https:\/\/alcompasrevista.com\/wp-content\/uploads\/2022\/05\/Diseno-sin-titulo-25-2.jpg\" alt=\"\" class=\"wp-image-7003\" srcset=\"https:\/\/alcompasrevista.com\/wp-content\/uploads\/2022\/05\/Diseno-sin-titulo-25-2.jpg 760w, https:\/\/alcompasrevista.com\/wp-content\/uploads\/2022\/05\/Diseno-sin-titulo-25-2-300x170.jpg 300w\" sizes=\"auto, (max-width: 760px) 100vw, 760px\" \/><\/figure>\n\n\n\n<figure class=\"wp-block-image size-large\"><img loading=\"lazy\" decoding=\"async\" width=\"760\" height=\"430\" data-id=\"6983\" src=\"https:\/\/alcompasrevista.com\/wp-content\/uploads\/2022\/05\/Diseno-sin-titulo-24-1.jpg\" alt=\"\" class=\"wp-image-6983\" srcset=\"https:\/\/alcompasrevista.com\/wp-content\/uploads\/2022\/05\/Diseno-sin-titulo-24-1.jpg 760w, https:\/\/alcompasrevista.com\/wp-content\/uploads\/2022\/05\/Diseno-sin-titulo-24-1-300x170.jpg 300w\" sizes=\"auto, (max-width: 760px) 100vw, 760px\" \/><\/figure>\n\n\n\n<figure class=\"wp-block-image size-large\"><img loading=\"lazy\" decoding=\"async\" width=\"760\" height=\"430\" data-id=\"6991\" src=\"https:\/\/alcompasrevista.com\/wp-content\/uploads\/2022\/05\/Diseno-sin-titulo-22-1.jpg\" alt=\"\" class=\"wp-image-6991\" srcset=\"https:\/\/alcompasrevista.com\/wp-content\/uploads\/2022\/05\/Diseno-sin-titulo-22-1.jpg 760w, https:\/\/alcompasrevista.com\/wp-content\/uploads\/2022\/05\/Diseno-sin-titulo-22-1-300x170.jpg 300w\" sizes=\"auto, (max-width: 760px) 100vw, 760px\" \/><\/figure>\n\n\n\n<figure class=\"wp-block-image size-large\"><img loading=\"lazy\" decoding=\"async\" width=\"760\" height=\"430\" data-id=\"6995\" src=\"https:\/\/alcompasrevista.com\/wp-content\/uploads\/2022\/05\/Diseno-sin-titulo-21-1.jpg\" alt=\"\" class=\"wp-image-6995\" srcset=\"https:\/\/alcompasrevista.com\/wp-content\/uploads\/2022\/05\/Diseno-sin-titulo-21-1.jpg 760w, https:\/\/alcompasrevista.com\/wp-content\/uploads\/2022\/05\/Diseno-sin-titulo-21-1-300x170.jpg 300w\" sizes=\"auto, (max-width: 760px) 100vw, 760px\" \/><\/figure>\n\n\n\n<figure class=\"wp-block-image size-large\"><img loading=\"lazy\" decoding=\"async\" width=\"760\" height=\"430\" data-id=\"6999\" src=\"https:\/\/alcompasrevista.com\/wp-content\/uploads\/2022\/05\/Diseno-sin-titulo-20.jpg\" alt=\"\" class=\"wp-image-6999\" srcset=\"https:\/\/alcompasrevista.com\/wp-content\/uploads\/2022\/05\/Diseno-sin-titulo-20.jpg 760w, https:\/\/alcompasrevista.com\/wp-content\/uploads\/2022\/05\/Diseno-sin-titulo-20-300x170.jpg 300w\" sizes=\"auto, (max-width: 760px) 100vw, 760px\" \/><\/figure>\n\n\n\n<figure class=\"wp-block-image size-large\"><img loading=\"lazy\" decoding=\"async\" width=\"760\" height=\"430\" data-id=\"6996\" src=\"https:\/\/alcompasrevista.com\/wp-content\/uploads\/2022\/05\/Diseno-sin-titulo-19-1.jpg\" alt=\"\" class=\"wp-image-6996\" srcset=\"https:\/\/alcompasrevista.com\/wp-content\/uploads\/2022\/05\/Diseno-sin-titulo-19-1.jpg 760w, https:\/\/alcompasrevista.com\/wp-content\/uploads\/2022\/05\/Diseno-sin-titulo-19-1-300x170.jpg 300w\" sizes=\"auto, (max-width: 760px) 100vw, 760px\" \/><\/figure>\n<\/figure>\n","protected":false},"excerpt":{"rendered":"<p>La XXIII Trobada de Bandes del Alto Palancia plena Segorbe de m\u00fasics<\/p>\n<p>La gran cita musical que es va viure dissabte passat a Segorbe acollia la primera celebraci\u00f3 anual de l&#8217;Assemblea General de la Federaci\u00f3 de Societats Musicals de la Comunitat Valenciana i la XXIII Trobada de bandes de l&#8217;Alt Pal\u00e0ncia.<\/p>\n","protected":false},"author":860004,"featured_media":6988,"comment_status":"closed","ping_status":"closed","sticky":false,"template":"","format":"standard","meta":{"footnotes":""},"categories":[29],"tags":[93,92,91],"portada":[96,95,94],"class_list":["post-6975","post","type-post","status-publish","format-standard","has-post-thumbnail","hentry","category-noticies-va","tag-alto-palancia","tag-bandes","tag-xxiii-trobada","portada-alto-palancia","portada-bandes","portada-xxiii-trobada"],"yoast_head":"<!-- This site is optimized with the Yoast SEO plugin v27.4 - https:\/\/yoast.com\/product\/yoast-seo-wordpress\/ -->\n<title>La XXIII Trobada de Bandes del Alto Palancia plena Segorbe de m\u00fasics - Revista Al Comp\u00e0s<\/title>\n<meta name=\"robots\" content=\"index, follow, max-snippet:-1, max-image-preview:large, max-video-preview:-1\" \/>\n<link rel=\"canonical\" href=\"https:\/\/alcompasrevista.com\/va\/archivos\/6975\" \/>\n<meta property=\"og:locale\" content=\"en_US\" \/>\n<meta property=\"og:type\" content=\"article\" \/>\n<meta property=\"og:title\" content=\"La XXIII Trobada de Bandes del Alto Palancia plena Segorbe de m\u00fasics - Revista Al Comp\u00e0s\" \/>\n<meta property=\"og:description\" content=\"La XXIII Trobada de Bandes del Alto Palancia plena Segorbe de m\u00fasics La gran cita musical que es va viure dissabte passat a Segorbe acollia la primera celebraci\u00f3 anual de l&#039;Assemblea General de la Federaci\u00f3 de Societats Musicals de la Comunitat Valenciana i la XXIII Trobada de bandes de l&#039;Alt Pal\u00e0ncia.\" \/>\n<meta property=\"og:url\" content=\"https:\/\/alcompasrevista.com\/va\/archivos\/6975\" \/>\n<meta property=\"og:site_name\" content=\"Revista Al Comp\u00e0s\" \/>\n<meta property=\"article:published_time\" content=\"2022-06-02T09:21:46+00:00\" \/>\n<meta property=\"article:modified_time\" content=\"2022-06-02T09:21:47+00:00\" \/>\n<meta property=\"og:image\" content=\"https:\/\/alcompasrevista.com\/wp-content\/uploads\/2022\/05\/Diseno-sin-titulo-26-3.jpg\" \/>\n\t<meta property=\"og:image:width\" content=\"760\" \/>\n\t<meta property=\"og:image:height\" content=\"430\" \/>\n\t<meta property=\"og:image:type\" content=\"image\/jpeg\" \/>\n<meta name=\"author\" content=\"Redacci\u00f3n\" \/>\n<meta name=\"twitter:card\" content=\"summary_large_image\" \/>\n<meta name=\"twitter:label1\" content=\"Written by\" \/>\n\t<meta name=\"twitter:data1\" content=\"Redacci\u00f3\" \/>\n\t<meta name=\"twitter:label2\" content=\"Est. reading time\" \/>\n\t<meta name=\"twitter:data2\" content=\"5 minutes\" \/>\n<script type=\"application\/ld+json\" class=\"yoast-schema-graph\">{\"@context\":\"https:\\\/\\\/schema.org\",\"@graph\":[{\"@type\":\"Article\",\"@id\":\"https:\\\/\\\/alcompasrevista.com\\\/va\\\/archivos\\\/6975#article\",\"isPartOf\":{\"@id\":\"https:\\\/\\\/alcompasrevista.com\\\/va\\\/archivos\\\/6975\"},\"author\":{\"name\":\"Redacci\u00f3n\",\"@id\":\"https:\\\/\\\/alcompasrevista.com\\\/#\\\/schema\\\/person\\\/0f092e7196386afa42171db0d19a38ff\"},\"headline\":\"La XXIII Trobada de Bandes del Alto Palancia plena Segorbe de m\u00fasics\",\"datePublished\":\"2022-06-02T09:21:46+00:00\",\"dateModified\":\"2022-06-02T09:21:47+00:00\",\"mainEntityOfPage\":{\"@id\":\"https:\\\/\\\/alcompasrevista.com\\\/va\\\/archivos\\\/6975\"},\"wordCount\":407,\"publisher\":{\"@id\":\"https:\\\/\\\/alcompasrevista.com\\\/#organization\"},\"image\":{\"@id\":\"https:\\\/\\\/alcompasrevista.com\\\/va\\\/archivos\\\/6975#primaryimage\"},\"thumbnailUrl\":\"https:\\\/\\\/alcompasrevista.com\\\/wp-content\\\/uploads\\\/2022\\\/05\\\/Diseno-sin-titulo-26-3.jpg\",\"keywords\":[\"Alto Palancia\",\"Bandes\",\"XXIII Trobada\"],\"articleSection\":[\"#Not\u00edcies\"],\"inLanguage\":\"va\"},{\"@type\":\"WebPage\",\"@id\":\"https:\\\/\\\/alcompasrevista.com\\\/va\\\/archivos\\\/6975\",\"url\":\"https:\\\/\\\/alcompasrevista.com\\\/va\\\/archivos\\\/6975\",\"name\":\"La XXIII Trobada de Bandes del Alto Palancia plena Segorbe de m\u00fasics - Revista Al Comp\u00e0s\",\"isPartOf\":{\"@id\":\"https:\\\/\\\/alcompasrevista.com\\\/#website\"},\"primaryImageOfPage\":{\"@id\":\"https:\\\/\\\/alcompasrevista.com\\\/va\\\/archivos\\\/6975#primaryimage\"},\"image\":{\"@id\":\"https:\\\/\\\/alcompasrevista.com\\\/va\\\/archivos\\\/6975#primaryimage\"},\"thumbnailUrl\":\"https:\\\/\\\/alcompasrevista.com\\\/wp-content\\\/uploads\\\/2022\\\/05\\\/Diseno-sin-titulo-26-3.jpg\",\"datePublished\":\"2022-06-02T09:21:46+00:00\",\"dateModified\":\"2022-06-02T09:21:47+00:00\",\"breadcrumb\":{\"@id\":\"https:\\\/\\\/alcompasrevista.com\\\/va\\\/archivos\\\/6975#breadcrumb\"},\"inLanguage\":\"va\",\"potentialAction\":[{\"@type\":\"ReadAction\",\"target\":[\"https:\\\/\\\/alcompasrevista.com\\\/va\\\/archivos\\\/6975\"]}]},{\"@type\":\"ImageObject\",\"inLanguage\":\"va\",\"@id\":\"https:\\\/\\\/alcompasrevista.com\\\/va\\\/archivos\\\/6975#primaryimage\",\"url\":\"https:\\\/\\\/alcompasrevista.com\\\/wp-content\\\/uploads\\\/2022\\\/05\\\/Diseno-sin-titulo-26-3.jpg\",\"contentUrl\":\"https:\\\/\\\/alcompasrevista.com\\\/wp-content\\\/uploads\\\/2022\\\/05\\\/Diseno-sin-titulo-26-3.jpg\",\"width\":760,\"height\":430,\"caption\":\"La XXIII *Trobada de Bandes de l'Alt Pal\u00e0ncia clausura la jornada musical del passat dissabte a Segorbe\"},{\"@type\":\"BreadcrumbList\",\"@id\":\"https:\\\/\\\/alcompasrevista.com\\\/va\\\/archivos\\\/6975#breadcrumb\",\"itemListElement\":[{\"@type\":\"ListItem\",\"position\":1,\"name\":\"Portada\",\"item\":\"https:\\\/\\\/alcompasrevista.com\\\/va\"},{\"@type\":\"ListItem\",\"position\":2,\"name\":\"La XXIII Trobada de Bandes del Alto Palancia plena Segorbe de m\u00fasics\"}]},{\"@type\":\"WebSite\",\"@id\":\"https:\\\/\\\/alcompasrevista.com\\\/#website\",\"url\":\"https:\\\/\\\/alcompasrevista.com\\\/\",\"name\":\"Revista Al Comp\u00e0s\",\"description\":\"Un proyecto de la Federaci\u00f3n de Sociedades Musicales de la Comunidad Valenciana\",\"publisher\":{\"@id\":\"https:\\\/\\\/alcompasrevista.com\\\/#organization\"},\"potentialAction\":[{\"@type\":\"SearchAction\",\"target\":{\"@type\":\"EntryPoint\",\"urlTemplate\":\"https:\\\/\\\/alcompasrevista.com\\\/?s={search_term_string}\"},\"query-input\":{\"@type\":\"PropertyValueSpecification\",\"valueRequired\":true,\"valueName\":\"search_term_string\"}}],\"inLanguage\":\"va\"},{\"@type\":\"Organization\",\"@id\":\"https:\\\/\\\/alcompasrevista.com\\\/#organization\",\"name\":\"Revista Al Comp\u00e0s\",\"url\":\"https:\\\/\\\/alcompasrevista.com\\\/\",\"logo\":{\"@type\":\"ImageObject\",\"inLanguage\":\"va\",\"@id\":\"https:\\\/\\\/alcompasrevista.com\\\/#\\\/schema\\\/logo\\\/image\\\/\",\"url\":\"https:\\\/\\\/alcompasrevista.com\\\/wp-content\\\/uploads\\\/2022\\\/04\\\/cropped-loog_blanco.png\",\"contentUrl\":\"https:\\\/\\\/alcompasrevista.com\\\/wp-content\\\/uploads\\\/2022\\\/04\\\/cropped-loog_blanco.png\",\"width\":1612,\"height\":724,\"caption\":\"Revista Al Comp\u00e0s\"},\"image\":{\"@id\":\"https:\\\/\\\/alcompasrevista.com\\\/#\\\/schema\\\/logo\\\/image\\\/\"}},{\"@type\":\"Person\",\"@id\":\"https:\\\/\\\/alcompasrevista.com\\\/#\\\/schema\\\/person\\\/0f092e7196386afa42171db0d19a38ff\",\"name\":\"Redacci\u00f3n\",\"image\":{\"@type\":\"ImageObject\",\"inLanguage\":\"va\",\"@id\":\"https:\\\/\\\/secure.gravatar.com\\\/avatar\\\/e2831619d4dae93995d3da450c50013d912e0b8bdf34d9ea00126d97c2b7702e?s=96&d=mm&r=g\",\"url\":\"https:\\\/\\\/secure.gravatar.com\\\/avatar\\\/e2831619d4dae93995d3da450c50013d912e0b8bdf34d9ea00126d97c2b7702e?s=96&d=mm&r=g\",\"contentUrl\":\"https:\\\/\\\/secure.gravatar.com\\\/avatar\\\/e2831619d4dae93995d3da450c50013d912e0b8bdf34d9ea00126d97c2b7702e?s=96&d=mm&r=g\",\"caption\":\"Redacci\u00f3n\"},\"url\":\"https:\\\/\\\/alcompasrevista.com\\\/va\\\/archivos\\\/author\\\/257_webmaster\"}]}<\/script>\n<!-- \/ Yoast SEO plugin. -->","yoast_head_json":{"title":"La XXIII Trobada de Bandes del Alto Palancia plena Segorbe de m\u00fasics - Revista Al Comp\u00e0s","robots":{"index":"index","follow":"follow","max-snippet":"max-snippet:-1","max-image-preview":"max-image-preview:large","max-video-preview":"max-video-preview:-1"},"canonical":"https:\/\/alcompasrevista.com\/va\/archivos\/6975","og_locale":"en_US","og_type":"article","og_title":"La XXIII Trobada de Bandes del Alto Palancia plena Segorbe de m\u00fasics - Revista Al Comp\u00e0s","og_description":"La XXIII Trobada de Bandes del Alto Palancia plena Segorbe de m\u00fasics La gran cita musical que es va viure dissabte passat a Segorbe acollia la primera celebraci\u00f3 anual de l'Assemblea General de la Federaci\u00f3 de Societats Musicals de la Comunitat Valenciana i la XXIII Trobada de bandes de l'Alt Pal\u00e0ncia.","og_url":"https:\/\/alcompasrevista.com\/va\/archivos\/6975","og_site_name":"Revista Al Comp\u00e0s","article_published_time":"2022-06-02T09:21:46+00:00","article_modified_time":"2022-06-02T09:21:47+00:00","og_image":[{"width":760,"height":430,"url":"https:\/\/alcompasrevista.com\/wp-content\/uploads\/2022\/05\/Diseno-sin-titulo-26-3.jpg","type":"image\/jpeg"}],"author":"Redacci\u00f3n","twitter_card":"summary_large_image","twitter_misc":{"Written by":"Redacci\u00f3","Est. reading time":"5 minutes"},"schema":{"@context":"https:\/\/schema.org","@graph":[{"@type":"Article","@id":"https:\/\/alcompasrevista.com\/va\/archivos\/6975#article","isPartOf":{"@id":"https:\/\/alcompasrevista.com\/va\/archivos\/6975"},"author":{"name":"Redacci\u00f3n","@id":"https:\/\/alcompasrevista.com\/#\/schema\/person\/0f092e7196386afa42171db0d19a38ff"},"headline":"La XXIII Trobada de Bandes del Alto Palancia plena Segorbe de m\u00fasics","datePublished":"2022-06-02T09:21:46+00:00","dateModified":"2022-06-02T09:21:47+00:00","mainEntityOfPage":{"@id":"https:\/\/alcompasrevista.com\/va\/archivos\/6975"},"wordCount":407,"publisher":{"@id":"https:\/\/alcompasrevista.com\/#organization"},"image":{"@id":"https:\/\/alcompasrevista.com\/va\/archivos\/6975#primaryimage"},"thumbnailUrl":"https:\/\/alcompasrevista.com\/wp-content\/uploads\/2022\/05\/Diseno-sin-titulo-26-3.jpg","keywords":["Alto Palancia","Bandes","XXIII Trobada"],"articleSection":["#Not\u00edcies"],"inLanguage":"va"},{"@type":"WebPage","@id":"https:\/\/alcompasrevista.com\/va\/archivos\/6975","url":"https:\/\/alcompasrevista.com\/va\/archivos\/6975","name":"La XXIII Trobada de Bandes del Alto Palancia plena Segorbe de m\u00fasics - Revista Al Comp\u00e0s","isPartOf":{"@id":"https:\/\/alcompasrevista.com\/#website"},"primaryImageOfPage":{"@id":"https:\/\/alcompasrevista.com\/va\/archivos\/6975#primaryimage"},"image":{"@id":"https:\/\/alcompasrevista.com\/va\/archivos\/6975#primaryimage"},"thumbnailUrl":"https:\/\/alcompasrevista.com\/wp-content\/uploads\/2022\/05\/Diseno-sin-titulo-26-3.jpg","datePublished":"2022-06-02T09:21:46+00:00","dateModified":"2022-06-02T09:21:47+00:00","breadcrumb":{"@id":"https:\/\/alcompasrevista.com\/va\/archivos\/6975#breadcrumb"},"inLanguage":"va","potentialAction":[{"@type":"ReadAction","target":["https:\/\/alcompasrevista.com\/va\/archivos\/6975"]}]},{"@type":"ImageObject","inLanguage":"va","@id":"https:\/\/alcompasrevista.com\/va\/archivos\/6975#primaryimage","url":"https:\/\/alcompasrevista.com\/wp-content\/uploads\/2022\/05\/Diseno-sin-titulo-26-3.jpg","contentUrl":"https:\/\/alcompasrevista.com\/wp-content\/uploads\/2022\/05\/Diseno-sin-titulo-26-3.jpg","width":760,"height":430,"caption":"La XXIII *Trobada de Bandes de l'Alt Pal\u00e0ncia clausura la jornada musical del passat dissabte a Segorbe"},{"@type":"BreadcrumbList","@id":"https:\/\/alcompasrevista.com\/va\/archivos\/6975#breadcrumb","itemListElement":[{"@type":"ListItem","position":1,"name":"Portada","item":"https:\/\/alcompasrevista.com\/va"},{"@type":"ListItem","position":2,"name":"La XXIII Trobada de Bandes del Alto Palancia plena Segorbe de m\u00fasics"}]},{"@type":"WebSite","@id":"https:\/\/alcompasrevista.com\/#website","url":"https:\/\/alcompasrevista.com\/","name":"Revista Al Comp\u00e0s","description":"Un proyecto de la Federaci\u00f3n de Sociedades Musicales de la Comunidad Valenciana","publisher":{"@id":"https:\/\/alcompasrevista.com\/#organization"},"potentialAction":[{"@type":"SearchAction","target":{"@type":"EntryPoint","urlTemplate":"https:\/\/alcompasrevista.com\/?s={search_term_string}"},"query-input":{"@type":"PropertyValueSpecification","valueRequired":true,"valueName":"search_term_string"}}],"inLanguage":"va"},{"@type":"Organization","@id":"https:\/\/alcompasrevista.com\/#organization","name":"Revista Al Comp\u00e0s","url":"https:\/\/alcompasrevista.com\/","logo":{"@type":"ImageObject","inLanguage":"va","@id":"https:\/\/alcompasrevista.com\/#\/schema\/logo\/image\/","url":"https:\/\/alcompasrevista.com\/wp-content\/uploads\/2022\/04\/cropped-loog_blanco.png","contentUrl":"https:\/\/alcompasrevista.com\/wp-content\/uploads\/2022\/04\/cropped-loog_blanco.png","width":1612,"height":724,"caption":"Revista Al Comp\u00e0s"},"image":{"@id":"https:\/\/alcompasrevista.com\/#\/schema\/logo\/image\/"}},{"@type":"Person","@id":"https:\/\/alcompasrevista.com\/#\/schema\/person\/0f092e7196386afa42171db0d19a38ff","name":"Redacci\u00f3n","image":{"@type":"ImageObject","inLanguage":"va","@id":"https:\/\/secure.gravatar.com\/avatar\/e2831619d4dae93995d3da450c50013d912e0b8bdf34d9ea00126d97c2b7702e?s=96&d=mm&r=g","url":"https:\/\/secure.gravatar.com\/avatar\/e2831619d4dae93995d3da450c50013d912e0b8bdf34d9ea00126d97c2b7702e?s=96&d=mm&r=g","contentUrl":"https:\/\/secure.gravatar.com\/avatar\/e2831619d4dae93995d3da450c50013d912e0b8bdf34d9ea00126d97c2b7702e?s=96&d=mm&r=g","caption":"Redacci\u00f3n"},"url":"https:\/\/alcompasrevista.com\/va\/archivos\/author\/257_webmaster"}]}},"_links":{"self":[{"href":"https:\/\/alcompasrevista.com\/va\/wp-json\/wp\/v2\/posts\/6975","targetHints":{"allow":["GET"]}}],"collection":[{"href":"https:\/\/alcompasrevista.com\/va\/wp-json\/wp\/v2\/posts"}],"about":[{"href":"https:\/\/alcompasrevista.com\/va\/wp-json\/wp\/v2\/types\/post"}],"author":[{"embeddable":true,"href":"https:\/\/alcompasrevista.com\/va\/wp-json\/wp\/v2\/users\/860004"}],"replies":[{"embeddable":true,"href":"https:\/\/alcompasrevista.com\/va\/wp-json\/wp\/v2\/comments?post=6975"}],"version-history":[{"count":0,"href":"https:\/\/alcompasrevista.com\/va\/wp-json\/wp\/v2\/posts\/6975\/revisions"}],"wp:featuredmedia":[{"embeddable":true,"href":"https:\/\/alcompasrevista.com\/va\/wp-json\/wp\/v2\/media\/6988"}],"wp:attachment":[{"href":"https:\/\/alcompasrevista.com\/va\/wp-json\/wp\/v2\/media?parent=6975"}],"wp:term":[{"taxonomy":"category","embeddable":true,"href":"https:\/\/alcompasrevista.com\/va\/wp-json\/wp\/v2\/categories?post=6975"},{"taxonomy":"post_tag","embeddable":true,"href":"https:\/\/alcompasrevista.com\/va\/wp-json\/wp\/v2\/tags?post=6975"},{"taxonomy":"portada","embeddable":true,"href":"https:\/\/alcompasrevista.com\/va\/wp-json\/wp\/v2\/portada?post=6975"}],"curies":[{"name":"wp","href":"https:\/\/api.w.org\/{rel}","templated":true}]}}