{"id":6883,"date":"2022-05-25T12:28:13","date_gmt":"2022-05-25T10:28:13","guid":{"rendered":"https:\/\/alcompasrevista.com\/?p=6883"},"modified":"2022-05-25T12:28:14","modified_gmt":"2022-05-25T10:28:14","slug":"mes-de-200-alumnes-participen-en-la-xiv-trobada-de-bandes-juvenils-de-la-plana-alta","status":"publish","type":"post","link":"https:\/\/alcompasrevista.com\/va\/archivos\/6883","title":{"rendered":"M\u00e9s de 200 alumnes participen en la XIV Trobada de Bandes Juvenils de la Plana Alta"},"content":{"rendered":"\n<p>13 societats musicals amb m\u00e9s de 200 alumnes i les seues respectives escoles de m\u00fasica es donaven cita dissabte passat a Les Coves de Vinrom\u00e0 (Castell\u00f3) per a celebrar la XIV Trobada de Bandes Juvenils de la Plana Alta.<\/p>\n\n\n\n<p>Despr\u00e9s de dos anys sense poder realitzar-se (amb motiu de la pand\u00e8mia) la jornada cultural ha sigut tot un \u00e8xit on els joves m\u00fasics han compartit un dia d&#8217;activitats musicals amb cercaviles i concert final incl\u00f2s. La societat musical organitzadora d&#8217;enguany ha sigut la &#8220;Uni\u00f3 Musical Covarxina&#8221;, de Les Coves de Vinrom\u00e0, que ha comptat amb el patrocini del seu Ajuntament.<\/p>\n\n\n\n<p>Segons Mart\u00edn Llorens, president Comarcal de la Plana Alta <em>\u201cEl dissabte 21 de maig va ser el dia citat perqu\u00e8 els alumnes de les escoles de m\u00fasica de les societats musicals de la comarca de la Plana Alta es retrobaren en la seua XIV Trobada d&#8217;Escoles de m\u00fasica. Despr\u00e9s de dos anys, directius i alumnat van gaudir d&#8217;una fant\u00e0stica jornada plena d&#8217;activitats musicals on van afermar les seues relacions d&#8217;amistat i cooperaci\u00f3 mitjan\u00e7ant la m\u00fasica com a fil conductor. Esta combinaci\u00f3 va aconseguir que la jornada organitzada per la Uni\u00f3<\/em> <em>Musical Covarxina de les Coves de Vinrom\u00e0 fora realment un \u00e8xit\u201d<\/em><\/p>\n\n\n\n<p>Les societats participants han sigut: Associaci\u00f3 Musical Castalia de Castell\u00f3, Escola de M\u00fasica Ram\u00f3n Sala de Borriol, Uni\u00f3 Musical Santa Cecilia de Benic\u00e0ssim, Uni\u00f3 Musical La Pobla Tornesa, A.C Amics de la M\u00fasica de Sant Joan de Mor\u00f3, Uni\u00f3 Musical Santa Cecilia de Cabanes, Uni\u00f3 Musical Torreblanca, Associaci\u00f3 Musical Vall d\u2019Albense, Associaci\u00f3 Cultural La Roca de Vilafam\u00e9s, A.C Uni\u00f3 Musical del Grau, Uni\u00f3 Musical San Jos\u00e9 de Calasanz de Castell\u00f3, Societat Musical Santa Cecilia de Vilanova d&#8217;Alcolea i la Uni\u00f3 Musical Covarxina.<\/p>\n\n\n\n<p>Esta activitat forma part de la Campanya d&#8217;Activitats Comarcals de 2022 de la Federaci\u00f3 de Societats Musicals de la Comunitat Valenciana.<\/p>\n\n\n\n<figure class=\"wp-block-image size-full\"><img loading=\"lazy\" decoding=\"async\" width=\"760\" height=\"430\" src=\"https:\/\/alcompasrevista.com\/wp-content\/uploads\/2022\/05\/Diseno-sin-titulo-13.jpg\" alt=\"13 societats musicals amb m\u00e9s de 200 alumnes i les seues respectives escoles de m\u00fasica es donaven cita dissabte passat a Les Coves de Vinrom\u00e0 (Castell\u00f3) per a celebrar la XIV Trobada de Bandes Juvenils de la Plana Alta.\" class=\"wp-image-6522\" srcset=\"https:\/\/alcompasrevista.com\/wp-content\/uploads\/2022\/05\/Diseno-sin-titulo-13.jpg 760w, https:\/\/alcompasrevista.com\/wp-content\/uploads\/2022\/05\/Diseno-sin-titulo-13-300x170.jpg 300w\" sizes=\"auto, (max-width: 760px) 100vw, 760px\" \/><\/figure>\n","protected":false},"excerpt":{"rendered":"<p>13 societats musicals amb m\u00e9s de 200 alumnes i les seues respectives escoles de m\u00fasica es donaven cita dissabte passat a Les Coves de Vinrom\u00e0 (Castell\u00f3) per a celebrar la XIV Trobada de Bandes Juvenils de la Plana Alta.<\/p>\n","protected":false},"author":860004,"featured_media":6878,"comment_status":"closed","ping_status":"closed","sticky":false,"template":"","format":"standard","meta":{"footnotes":""},"categories":[29],"tags":[],"portada":[],"class_list":["post-6883","post","type-post","status-publish","format-standard","has-post-thumbnail","hentry","category-noticies-va"],"yoast_head":"<!-- This site is optimized with the Yoast SEO plugin v27.4 - https:\/\/yoast.com\/product\/yoast-seo-wordpress\/ -->\n<title>M\u00e9s de 200 alumnes participen en la XIV Trobada de Bandes Juvenils de la Plana Alta - Revista Al Comp\u00e0s<\/title>\n<meta name=\"robots\" content=\"index, follow, max-snippet:-1, max-image-preview:large, max-video-preview:-1\" \/>\n<link rel=\"canonical\" href=\"https:\/\/alcompasrevista.com\/va\/archivos\/6883\" \/>\n<meta property=\"og:locale\" content=\"en_US\" \/>\n<meta property=\"og:type\" content=\"article\" \/>\n<meta property=\"og:title\" content=\"M\u00e9s de 200 alumnes participen en la XIV Trobada de Bandes Juvenils de la Plana Alta - Revista Al Comp\u00e0s\" \/>\n<meta property=\"og:description\" content=\"13 societats musicals amb m\u00e9s de 200 alumnes i les seues respectives escoles de m\u00fasica es donaven cita dissabte passat a Les Coves de Vinrom\u00e0 (Castell\u00f3) per a celebrar la XIV Trobada de Bandes Juvenils de la Plana Alta.\" \/>\n<meta property=\"og:url\" content=\"https:\/\/alcompasrevista.com\/va\/archivos\/6883\" \/>\n<meta property=\"og:site_name\" content=\"Revista Al Comp\u00e0s\" \/>\n<meta property=\"article:published_time\" content=\"2022-05-25T10:28:13+00:00\" \/>\n<meta property=\"article:modified_time\" content=\"2022-05-25T10:28:14+00:00\" \/>\n<meta property=\"og:image\" content=\"https:\/\/alcompasrevista.com\/wp-content\/uploads\/2022\/05\/foto-ninos.jpg\" \/>\n\t<meta property=\"og:image:width\" content=\"760\" \/>\n\t<meta property=\"og:image:height\" content=\"430\" \/>\n\t<meta property=\"og:image:type\" content=\"image\/jpeg\" \/>\n<meta name=\"author\" content=\"Redacci\u00f3n\" \/>\n<meta name=\"twitter:card\" content=\"summary_large_image\" \/>\n<meta name=\"twitter:label1\" content=\"Written by\" \/>\n\t<meta name=\"twitter:data1\" content=\"Redacci\u00f3\" \/>\n\t<meta name=\"twitter:label2\" content=\"Est. reading time\" \/>\n\t<meta name=\"twitter:data2\" content=\"2 minutes\" \/>\n<script type=\"application\/ld+json\" class=\"yoast-schema-graph\">{\"@context\":\"https:\\\/\\\/schema.org\",\"@graph\":[{\"@type\":\"Article\",\"@id\":\"https:\\\/\\\/alcompasrevista.com\\\/va\\\/archivos\\\/6883#article\",\"isPartOf\":{\"@id\":\"https:\\\/\\\/alcompasrevista.com\\\/va\\\/archivos\\\/6883\"},\"author\":{\"name\":\"Redacci\u00f3n\",\"@id\":\"https:\\\/\\\/alcompasrevista.com\\\/#\\\/schema\\\/person\\\/0f092e7196386afa42171db0d19a38ff\"},\"headline\":\"M\u00e9s de 200 alumnes participen en la XIV Trobada de Bandes Juvenils de la Plana Alta\",\"datePublished\":\"2022-05-25T10:28:13+00:00\",\"dateModified\":\"2022-05-25T10:28:14+00:00\",\"mainEntityOfPage\":{\"@id\":\"https:\\\/\\\/alcompasrevista.com\\\/va\\\/archivos\\\/6883\"},\"wordCount\":345,\"publisher\":{\"@id\":\"https:\\\/\\\/alcompasrevista.com\\\/#organization\"},\"image\":{\"@id\":\"https:\\\/\\\/alcompasrevista.com\\\/va\\\/archivos\\\/6883#primaryimage\"},\"thumbnailUrl\":\"https:\\\/\\\/alcompasrevista.com\\\/wp-content\\\/uploads\\\/2022\\\/05\\\/foto-ninos.jpg\",\"articleSection\":[\"#Not\u00edcies\"],\"inLanguage\":\"va\"},{\"@type\":\"WebPage\",\"@id\":\"https:\\\/\\\/alcompasrevista.com\\\/va\\\/archivos\\\/6883\",\"url\":\"https:\\\/\\\/alcompasrevista.com\\\/va\\\/archivos\\\/6883\",\"name\":\"M\u00e9s de 200 alumnes participen en la XIV Trobada de Bandes Juvenils de la Plana Alta - Revista Al Comp\u00e0s\",\"isPartOf\":{\"@id\":\"https:\\\/\\\/alcompasrevista.com\\\/#website\"},\"primaryImageOfPage\":{\"@id\":\"https:\\\/\\\/alcompasrevista.com\\\/va\\\/archivos\\\/6883#primaryimage\"},\"image\":{\"@id\":\"https:\\\/\\\/alcompasrevista.com\\\/va\\\/archivos\\\/6883#primaryimage\"},\"thumbnailUrl\":\"https:\\\/\\\/alcompasrevista.com\\\/wp-content\\\/uploads\\\/2022\\\/05\\\/foto-ninos.jpg\",\"datePublished\":\"2022-05-25T10:28:13+00:00\",\"dateModified\":\"2022-05-25T10:28:14+00:00\",\"breadcrumb\":{\"@id\":\"https:\\\/\\\/alcompasrevista.com\\\/va\\\/archivos\\\/6883#breadcrumb\"},\"inLanguage\":\"va\",\"potentialAction\":[{\"@type\":\"ReadAction\",\"target\":[\"https:\\\/\\\/alcompasrevista.com\\\/va\\\/archivos\\\/6883\"]}]},{\"@type\":\"ImageObject\",\"inLanguage\":\"va\",\"@id\":\"https:\\\/\\\/alcompasrevista.com\\\/va\\\/archivos\\\/6883#primaryimage\",\"url\":\"https:\\\/\\\/alcompasrevista.com\\\/wp-content\\\/uploads\\\/2022\\\/05\\\/foto-ninos.jpg\",\"contentUrl\":\"https:\\\/\\\/alcompasrevista.com\\\/wp-content\\\/uploads\\\/2022\\\/05\\\/foto-ninos.jpg\",\"width\":760,\"height\":430,\"caption\":\"XIV Trobada de Bandas Juveniles de la Plana Alta\"},{\"@type\":\"BreadcrumbList\",\"@id\":\"https:\\\/\\\/alcompasrevista.com\\\/va\\\/archivos\\\/6883#breadcrumb\",\"itemListElement\":[{\"@type\":\"ListItem\",\"position\":1,\"name\":\"Portada\",\"item\":\"https:\\\/\\\/alcompasrevista.com\\\/va\"},{\"@type\":\"ListItem\",\"position\":2,\"name\":\"M\u00e9s de 200 alumnes participen en la XIV Trobada de Bandes Juvenils de la Plana Alta\"}]},{\"@type\":\"WebSite\",\"@id\":\"https:\\\/\\\/alcompasrevista.com\\\/#website\",\"url\":\"https:\\\/\\\/alcompasrevista.com\\\/\",\"name\":\"Revista Al Comp\u00e0s\",\"description\":\"Un proyecto de la Federaci\u00f3n de Sociedades Musicales de la Comunidad Valenciana\",\"publisher\":{\"@id\":\"https:\\\/\\\/alcompasrevista.com\\\/#organization\"},\"potentialAction\":[{\"@type\":\"SearchAction\",\"target\":{\"@type\":\"EntryPoint\",\"urlTemplate\":\"https:\\\/\\\/alcompasrevista.com\\\/?s={search_term_string}\"},\"query-input\":{\"@type\":\"PropertyValueSpecification\",\"valueRequired\":true,\"valueName\":\"search_term_string\"}}],\"inLanguage\":\"va\"},{\"@type\":\"Organization\",\"@id\":\"https:\\\/\\\/alcompasrevista.com\\\/#organization\",\"name\":\"Revista Al Comp\u00e0s\",\"url\":\"https:\\\/\\\/alcompasrevista.com\\\/\",\"logo\":{\"@type\":\"ImageObject\",\"inLanguage\":\"va\",\"@id\":\"https:\\\/\\\/alcompasrevista.com\\\/#\\\/schema\\\/logo\\\/image\\\/\",\"url\":\"https:\\\/\\\/alcompasrevista.com\\\/wp-content\\\/uploads\\\/2022\\\/04\\\/cropped-loog_blanco.png\",\"contentUrl\":\"https:\\\/\\\/alcompasrevista.com\\\/wp-content\\\/uploads\\\/2022\\\/04\\\/cropped-loog_blanco.png\",\"width\":1612,\"height\":724,\"caption\":\"Revista Al Comp\u00e0s\"},\"image\":{\"@id\":\"https:\\\/\\\/alcompasrevista.com\\\/#\\\/schema\\\/logo\\\/image\\\/\"}},{\"@type\":\"Person\",\"@id\":\"https:\\\/\\\/alcompasrevista.com\\\/#\\\/schema\\\/person\\\/0f092e7196386afa42171db0d19a38ff\",\"name\":\"Redacci\u00f3n\",\"image\":{\"@type\":\"ImageObject\",\"inLanguage\":\"va\",\"@id\":\"https:\\\/\\\/secure.gravatar.com\\\/avatar\\\/e2831619d4dae93995d3da450c50013d912e0b8bdf34d9ea00126d97c2b7702e?s=96&d=mm&r=g\",\"url\":\"https:\\\/\\\/secure.gravatar.com\\\/avatar\\\/e2831619d4dae93995d3da450c50013d912e0b8bdf34d9ea00126d97c2b7702e?s=96&d=mm&r=g\",\"contentUrl\":\"https:\\\/\\\/secure.gravatar.com\\\/avatar\\\/e2831619d4dae93995d3da450c50013d912e0b8bdf34d9ea00126d97c2b7702e?s=96&d=mm&r=g\",\"caption\":\"Redacci\u00f3n\"},\"url\":\"https:\\\/\\\/alcompasrevista.com\\\/va\\\/archivos\\\/author\\\/257_webmaster\"}]}<\/script>\n<!-- \/ Yoast SEO plugin. -->","yoast_head_json":{"title":"M\u00e9s de 200 alumnes participen en la XIV Trobada de Bandes Juvenils de la Plana Alta - Revista Al Comp\u00e0s","robots":{"index":"index","follow":"follow","max-snippet":"max-snippet:-1","max-image-preview":"max-image-preview:large","max-video-preview":"max-video-preview:-1"},"canonical":"https:\/\/alcompasrevista.com\/va\/archivos\/6883","og_locale":"en_US","og_type":"article","og_title":"M\u00e9s de 200 alumnes participen en la XIV Trobada de Bandes Juvenils de la Plana Alta - Revista Al Comp\u00e0s","og_description":"13 societats musicals amb m\u00e9s de 200 alumnes i les seues respectives escoles de m\u00fasica es donaven cita dissabte passat a Les Coves de Vinrom\u00e0 (Castell\u00f3) per a celebrar la XIV Trobada de Bandes Juvenils de la Plana Alta.","og_url":"https:\/\/alcompasrevista.com\/va\/archivos\/6883","og_site_name":"Revista Al Comp\u00e0s","article_published_time":"2022-05-25T10:28:13+00:00","article_modified_time":"2022-05-25T10:28:14+00:00","og_image":[{"width":760,"height":430,"url":"https:\/\/alcompasrevista.com\/wp-content\/uploads\/2022\/05\/foto-ninos.jpg","type":"image\/jpeg"}],"author":"Redacci\u00f3n","twitter_card":"summary_large_image","twitter_misc":{"Written by":"Redacci\u00f3","Est. reading time":"2 minutes"},"schema":{"@context":"https:\/\/schema.org","@graph":[{"@type":"Article","@id":"https:\/\/alcompasrevista.com\/va\/archivos\/6883#article","isPartOf":{"@id":"https:\/\/alcompasrevista.com\/va\/archivos\/6883"},"author":{"name":"Redacci\u00f3n","@id":"https:\/\/alcompasrevista.com\/#\/schema\/person\/0f092e7196386afa42171db0d19a38ff"},"headline":"M\u00e9s de 200 alumnes participen en la XIV Trobada de Bandes Juvenils de la Plana Alta","datePublished":"2022-05-25T10:28:13+00:00","dateModified":"2022-05-25T10:28:14+00:00","mainEntityOfPage":{"@id":"https:\/\/alcompasrevista.com\/va\/archivos\/6883"},"wordCount":345,"publisher":{"@id":"https:\/\/alcompasrevista.com\/#organization"},"image":{"@id":"https:\/\/alcompasrevista.com\/va\/archivos\/6883#primaryimage"},"thumbnailUrl":"https:\/\/alcompasrevista.com\/wp-content\/uploads\/2022\/05\/foto-ninos.jpg","articleSection":["#Not\u00edcies"],"inLanguage":"va"},{"@type":"WebPage","@id":"https:\/\/alcompasrevista.com\/va\/archivos\/6883","url":"https:\/\/alcompasrevista.com\/va\/archivos\/6883","name":"M\u00e9s de 200 alumnes participen en la XIV Trobada de Bandes Juvenils de la Plana Alta - Revista Al Comp\u00e0s","isPartOf":{"@id":"https:\/\/alcompasrevista.com\/#website"},"primaryImageOfPage":{"@id":"https:\/\/alcompasrevista.com\/va\/archivos\/6883#primaryimage"},"image":{"@id":"https:\/\/alcompasrevista.com\/va\/archivos\/6883#primaryimage"},"thumbnailUrl":"https:\/\/alcompasrevista.com\/wp-content\/uploads\/2022\/05\/foto-ninos.jpg","datePublished":"2022-05-25T10:28:13+00:00","dateModified":"2022-05-25T10:28:14+00:00","breadcrumb":{"@id":"https:\/\/alcompasrevista.com\/va\/archivos\/6883#breadcrumb"},"inLanguage":"va","potentialAction":[{"@type":"ReadAction","target":["https:\/\/alcompasrevista.com\/va\/archivos\/6883"]}]},{"@type":"ImageObject","inLanguage":"va","@id":"https:\/\/alcompasrevista.com\/va\/archivos\/6883#primaryimage","url":"https:\/\/alcompasrevista.com\/wp-content\/uploads\/2022\/05\/foto-ninos.jpg","contentUrl":"https:\/\/alcompasrevista.com\/wp-content\/uploads\/2022\/05\/foto-ninos.jpg","width":760,"height":430,"caption":"XIV Trobada de Bandas Juveniles de la Plana Alta"},{"@type":"BreadcrumbList","@id":"https:\/\/alcompasrevista.com\/va\/archivos\/6883#breadcrumb","itemListElement":[{"@type":"ListItem","position":1,"name":"Portada","item":"https:\/\/alcompasrevista.com\/va"},{"@type":"ListItem","position":2,"name":"M\u00e9s de 200 alumnes participen en la XIV Trobada de Bandes Juvenils de la Plana Alta"}]},{"@type":"WebSite","@id":"https:\/\/alcompasrevista.com\/#website","url":"https:\/\/alcompasrevista.com\/","name":"Revista Al Comp\u00e0s","description":"Un proyecto de la Federaci\u00f3n de Sociedades Musicales de la Comunidad Valenciana","publisher":{"@id":"https:\/\/alcompasrevista.com\/#organization"},"potentialAction":[{"@type":"SearchAction","target":{"@type":"EntryPoint","urlTemplate":"https:\/\/alcompasrevista.com\/?s={search_term_string}"},"query-input":{"@type":"PropertyValueSpecification","valueRequired":true,"valueName":"search_term_string"}}],"inLanguage":"va"},{"@type":"Organization","@id":"https:\/\/alcompasrevista.com\/#organization","name":"Revista Al Comp\u00e0s","url":"https:\/\/alcompasrevista.com\/","logo":{"@type":"ImageObject","inLanguage":"va","@id":"https:\/\/alcompasrevista.com\/#\/schema\/logo\/image\/","url":"https:\/\/alcompasrevista.com\/wp-content\/uploads\/2022\/04\/cropped-loog_blanco.png","contentUrl":"https:\/\/alcompasrevista.com\/wp-content\/uploads\/2022\/04\/cropped-loog_blanco.png","width":1612,"height":724,"caption":"Revista Al Comp\u00e0s"},"image":{"@id":"https:\/\/alcompasrevista.com\/#\/schema\/logo\/image\/"}},{"@type":"Person","@id":"https:\/\/alcompasrevista.com\/#\/schema\/person\/0f092e7196386afa42171db0d19a38ff","name":"Redacci\u00f3n","image":{"@type":"ImageObject","inLanguage":"va","@id":"https:\/\/secure.gravatar.com\/avatar\/e2831619d4dae93995d3da450c50013d912e0b8bdf34d9ea00126d97c2b7702e?s=96&d=mm&r=g","url":"https:\/\/secure.gravatar.com\/avatar\/e2831619d4dae93995d3da450c50013d912e0b8bdf34d9ea00126d97c2b7702e?s=96&d=mm&r=g","contentUrl":"https:\/\/secure.gravatar.com\/avatar\/e2831619d4dae93995d3da450c50013d912e0b8bdf34d9ea00126d97c2b7702e?s=96&d=mm&r=g","caption":"Redacci\u00f3n"},"url":"https:\/\/alcompasrevista.com\/va\/archivos\/author\/257_webmaster"}]}},"_links":{"self":[{"href":"https:\/\/alcompasrevista.com\/va\/wp-json\/wp\/v2\/posts\/6883","targetHints":{"allow":["GET"]}}],"collection":[{"href":"https:\/\/alcompasrevista.com\/va\/wp-json\/wp\/v2\/posts"}],"about":[{"href":"https:\/\/alcompasrevista.com\/va\/wp-json\/wp\/v2\/types\/post"}],"author":[{"embeddable":true,"href":"https:\/\/alcompasrevista.com\/va\/wp-json\/wp\/v2\/users\/860004"}],"replies":[{"embeddable":true,"href":"https:\/\/alcompasrevista.com\/va\/wp-json\/wp\/v2\/comments?post=6883"}],"version-history":[{"count":0,"href":"https:\/\/alcompasrevista.com\/va\/wp-json\/wp\/v2\/posts\/6883\/revisions"}],"wp:featuredmedia":[{"embeddable":true,"href":"https:\/\/alcompasrevista.com\/va\/wp-json\/wp\/v2\/media\/6878"}],"wp:attachment":[{"href":"https:\/\/alcompasrevista.com\/va\/wp-json\/wp\/v2\/media?parent=6883"}],"wp:term":[{"taxonomy":"category","embeddable":true,"href":"https:\/\/alcompasrevista.com\/va\/wp-json\/wp\/v2\/categories?post=6883"},{"taxonomy":"post_tag","embeddable":true,"href":"https:\/\/alcompasrevista.com\/va\/wp-json\/wp\/v2\/tags?post=6883"},{"taxonomy":"portada","embeddable":true,"href":"https:\/\/alcompasrevista.com\/va\/wp-json\/wp\/v2\/portada?post=6883"}],"curies":[{"name":"wp","href":"https:\/\/api.w.org\/{rel}","templated":true}]}}