{"id":6682,"date":"2022-05-19T12:22:32","date_gmt":"2022-05-19T10:22:32","guid":{"rendered":"https:\/\/alcompasrevista.com\/?p=6682"},"modified":"2022-05-19T13:12:58","modified_gmt":"2022-05-19T11:12:58","slug":"assemblea-general-de-la-federacio-de-societats-musicals-de-la-comunitat-valenciana","status":"publish","type":"post","link":"https:\/\/alcompasrevista.com\/va\/archivos\/6682","title":{"rendered":"Assemblea General de la Federaci\u00f3 de Societats Musicals de la Comunitat Valenciana"},"content":{"rendered":"\n<p>El pr\u00f2xim 28 de maig se celebrar\u00e0 a Segorbe l&#8217;Assemblea General de la Federaci\u00f3 de Societats Musicals de la Comunitat Valenciana (FSMCV)<\/p>\n\n\n\n<p>L&#8217;acte, que tindr\u00e0 lloc a l&#8217;Auditori Municipal Salvador Segu\u00ed, a m\u00e9s de ser el primer a celebrar-se enguany tamb\u00e9 \u00e9s el primer que es realitza de manera presencial despr\u00e9s de la pand\u00e8mia. Aix\u00ed es reuniran representants de les 550 societats musicals federades que faran balan\u00e7 i abordaran el futur de l&#8217;entitat i el col\u00b7lectiu.<br>Els portaveus de les Societats Musicals podran demostrar la for\u00e7a vertebradora del moviment, que \u00e9s present en el 95% dels territoris valencians de m\u00e9s de 500 habitants.<\/p>\n\n\n\n<p>En el transcurs de l&#8217;esdeveniment es tractaran assumptes d&#8217;especial inter\u00e9s per a l&#8217;entitat i el col\u00b7lectiu, entre els quals cal destacar l&#8217;habitual informe de gesti\u00f3 i l&#8217;actuaci\u00f3 de la Junta Directiva corresponent a 2021, o el balan\u00e7 de situaci\u00f3, compte de p\u00e8rdues i guanys i execuci\u00f3 del pressupost de l&#8217;exercici anterior.<br>Altres actes previstos per a la jornada ser\u00e0 el reconeixement de la traject\u00f2ria i l&#8217;antiguitat de les societats musicals que han complit enguany aniversaris rellevants de m\u00e9s de 25 anys d&#8217;exist\u00e8ncia. Dins del moviment, prop del 30% de les societats musicals tenen m\u00e9s de 100 anys d&#8217;hist\u00f2ria, algunes arribant a sobrepassar els 200 anys. Traject\u00f2ries amb petjada cultural en la hist\u00f2ria valenciana.<\/p>\n\n\n\n<p>La XXIII Trobada de Bandes de M\u00fasica de l&#8217;Alt Pal\u00e0ncia ser\u00e0 el colof\u00f3 final de l&#8217;Assemblea General de FSMCV a Segorbe.<\/p>\n\n\n\n<div class=\"wp-block-image\"><figure class=\"aligncenter size-large is-resized\"><img loading=\"lazy\" decoding=\"async\" src=\"https:\/\/alcompasrevista.com\/wp-content\/uploads\/2022\/05\/55-2022-Trobada-comarcal-bandes_cartell_alto-palancia_w-1-725x1024.png\" alt=\"\" class=\"wp-image-6684\" width=\"363\" height=\"512\" srcset=\"https:\/\/alcompasrevista.com\/wp-content\/uploads\/2022\/05\/55-2022-Trobada-comarcal-bandes_cartell_alto-palancia_w-1-725x1024.png 725w, https:\/\/alcompasrevista.com\/wp-content\/uploads\/2022\/05\/55-2022-Trobada-comarcal-bandes_cartell_alto-palancia_w-1-213x300.png 213w, https:\/\/alcompasrevista.com\/wp-content\/uploads\/2022\/05\/55-2022-Trobada-comarcal-bandes_cartell_alto-palancia_w-1.png 751w\" sizes=\"auto, (max-width: 363px) 100vw, 363px\" \/><\/figure><\/div>\n\n\n\n<p>Este esdeveniment, que comptar\u00e0 amb la participaci\u00f3 de les 14 societats musicals de la comarca, reunir\u00e0 m\u00e9s de 450 m\u00fasics en la vesprada del dissabte 28 de maig, a les 17.30 hores, en la Glorieta Bot\u00e0nic Pau. Les bandes eixiran des de tres ubicacions diferents i recorreran diferents carrers del nucli urb\u00e0 de Segorbe fins a confluir en la pla\u00e7a de l&#8217;Aigua Neta i la Glorieta, on finalitzar\u00e0 la desfilada, un dels esdeveniments m\u00e9s esperats, ja que comptar\u00e0 amb la participaci\u00f3 de la totalitat de les societats musicals.<\/p>\n","protected":false},"excerpt":{"rendered":"<p>El pr\u00f2xim 28 de maig se celebrar\u00e0 a Segorbe l&#8217;Assemblea General de la Federaci\u00f3 de Societats Musicals de la Comunitat Valenciana (FSMCV)<\/p>\n","protected":false},"author":860004,"featured_media":6688,"comment_status":"closed","ping_status":"closed","sticky":false,"template":"","format":"standard","meta":{"footnotes":""},"categories":[29],"tags":[57,59],"portada":[],"class_list":["post-6682","post","type-post","status-publish","format-standard","has-post-thumbnail","hentry","category-noticies-va","tag-assemblea-general-fsmcv","tag-noticias-2"],"yoast_head":"<!-- This site is optimized with the Yoast SEO plugin v27.4 - https:\/\/yoast.com\/product\/yoast-seo-wordpress\/ -->\n<title>Assemblea General de la Federaci\u00f3 de Societats Musicals de la Comunitat Valenciana - Revista Al Comp\u00e0s<\/title>\n<meta name=\"robots\" content=\"index, follow, max-snippet:-1, max-image-preview:large, max-video-preview:-1\" \/>\n<link rel=\"canonical\" href=\"https:\/\/alcompasrevista.com\/va\/archivos\/6682\" \/>\n<meta property=\"og:locale\" content=\"en_US\" \/>\n<meta property=\"og:type\" content=\"article\" \/>\n<meta property=\"og:title\" content=\"Assemblea General de la Federaci\u00f3 de Societats Musicals de la Comunitat Valenciana - Revista Al Comp\u00e0s\" \/>\n<meta property=\"og:description\" content=\"El pr\u00f2xim 28 de maig se celebrar\u00e0 a Segorbe l&#039;Assemblea General de la Federaci\u00f3 de Societats Musicals de la Comunitat Valenciana (FSMCV)\" \/>\n<meta property=\"og:url\" content=\"https:\/\/alcompasrevista.com\/va\/archivos\/6682\" \/>\n<meta property=\"og:site_name\" content=\"Revista Al Comp\u00e0s\" \/>\n<meta property=\"article:published_time\" content=\"2022-05-19T10:22:32+00:00\" \/>\n<meta property=\"article:modified_time\" content=\"2022-05-19T11:12:58+00:00\" \/>\n<meta property=\"og:image\" content=\"https:\/\/alcompasrevista.com\/wp-content\/uploads\/2022\/05\/Diseno-sin-titulo-22.jpg\" \/>\n\t<meta property=\"og:image:width\" content=\"760\" \/>\n\t<meta property=\"og:image:height\" content=\"430\" \/>\n\t<meta property=\"og:image:type\" content=\"image\/jpeg\" \/>\n<meta name=\"author\" content=\"Redacci\u00f3n\" \/>\n<meta name=\"twitter:card\" content=\"summary_large_image\" \/>\n<meta name=\"twitter:label1\" content=\"Written by\" \/>\n\t<meta name=\"twitter:data1\" content=\"Redacci\u00f3\" \/>\n\t<meta name=\"twitter:label2\" content=\"Est. reading time\" \/>\n\t<meta name=\"twitter:data2\" content=\"2 minutes\" \/>\n<script type=\"application\/ld+json\" class=\"yoast-schema-graph\">{\"@context\":\"https:\\\/\\\/schema.org\",\"@graph\":[{\"@type\":\"Article\",\"@id\":\"https:\\\/\\\/alcompasrevista.com\\\/va\\\/archivos\\\/6682#article\",\"isPartOf\":{\"@id\":\"https:\\\/\\\/alcompasrevista.com\\\/va\\\/archivos\\\/6682\"},\"author\":{\"name\":\"Redacci\u00f3n\",\"@id\":\"https:\\\/\\\/alcompasrevista.com\\\/#\\\/schema\\\/person\\\/0f092e7196386afa42171db0d19a38ff\"},\"headline\":\"Assemblea General de la Federaci\u00f3 de Societats Musicals de la Comunitat Valenciana\",\"datePublished\":\"2022-05-19T10:22:32+00:00\",\"dateModified\":\"2022-05-19T11:12:58+00:00\",\"mainEntityOfPage\":{\"@id\":\"https:\\\/\\\/alcompasrevista.com\\\/va\\\/archivos\\\/6682\"},\"wordCount\":364,\"publisher\":{\"@id\":\"https:\\\/\\\/alcompasrevista.com\\\/#organization\"},\"image\":{\"@id\":\"https:\\\/\\\/alcompasrevista.com\\\/va\\\/archivos\\\/6682#primaryimage\"},\"thumbnailUrl\":\"https:\\\/\\\/alcompasrevista.com\\\/wp-content\\\/uploads\\\/2022\\\/05\\\/Diseno-sin-titulo-22.jpg\",\"keywords\":[\"Assemblea General FSMCV\",\"noticias\"],\"articleSection\":[\"#Not\u00edcies\"],\"inLanguage\":\"va\"},{\"@type\":\"WebPage\",\"@id\":\"https:\\\/\\\/alcompasrevista.com\\\/va\\\/archivos\\\/6682\",\"url\":\"https:\\\/\\\/alcompasrevista.com\\\/va\\\/archivos\\\/6682\",\"name\":\"Assemblea General de la Federaci\u00f3 de Societats Musicals de la Comunitat Valenciana - Revista Al Comp\u00e0s\",\"isPartOf\":{\"@id\":\"https:\\\/\\\/alcompasrevista.com\\\/#website\"},\"primaryImageOfPage\":{\"@id\":\"https:\\\/\\\/alcompasrevista.com\\\/va\\\/archivos\\\/6682#primaryimage\"},\"image\":{\"@id\":\"https:\\\/\\\/alcompasrevista.com\\\/va\\\/archivos\\\/6682#primaryimage\"},\"thumbnailUrl\":\"https:\\\/\\\/alcompasrevista.com\\\/wp-content\\\/uploads\\\/2022\\\/05\\\/Diseno-sin-titulo-22.jpg\",\"datePublished\":\"2022-05-19T10:22:32+00:00\",\"dateModified\":\"2022-05-19T11:12:58+00:00\",\"breadcrumb\":{\"@id\":\"https:\\\/\\\/alcompasrevista.com\\\/va\\\/archivos\\\/6682#breadcrumb\"},\"inLanguage\":\"va\",\"potentialAction\":[{\"@type\":\"ReadAction\",\"target\":[\"https:\\\/\\\/alcompasrevista.com\\\/va\\\/archivos\\\/6682\"]}]},{\"@type\":\"ImageObject\",\"inLanguage\":\"va\",\"@id\":\"https:\\\/\\\/alcompasrevista.com\\\/va\\\/archivos\\\/6682#primaryimage\",\"url\":\"https:\\\/\\\/alcompasrevista.com\\\/wp-content\\\/uploads\\\/2022\\\/05\\\/Diseno-sin-titulo-22.jpg\",\"contentUrl\":\"https:\\\/\\\/alcompasrevista.com\\\/wp-content\\\/uploads\\\/2022\\\/05\\\/Diseno-sin-titulo-22.jpg\",\"width\":760,\"height\":430,\"caption\":\"Asamblea General FSMCV 2022\"},{\"@type\":\"BreadcrumbList\",\"@id\":\"https:\\\/\\\/alcompasrevista.com\\\/va\\\/archivos\\\/6682#breadcrumb\",\"itemListElement\":[{\"@type\":\"ListItem\",\"position\":1,\"name\":\"Portada\",\"item\":\"https:\\\/\\\/alcompasrevista.com\\\/va\"},{\"@type\":\"ListItem\",\"position\":2,\"name\":\"Assemblea General de la Federaci\u00f3 de Societats Musicals de la Comunitat Valenciana\"}]},{\"@type\":\"WebSite\",\"@id\":\"https:\\\/\\\/alcompasrevista.com\\\/#website\",\"url\":\"https:\\\/\\\/alcompasrevista.com\\\/\",\"name\":\"Revista Al Comp\u00e0s\",\"description\":\"Un proyecto de la Federaci\u00f3n de Sociedades Musicales de la Comunidad Valenciana\",\"publisher\":{\"@id\":\"https:\\\/\\\/alcompasrevista.com\\\/#organization\"},\"potentialAction\":[{\"@type\":\"SearchAction\",\"target\":{\"@type\":\"EntryPoint\",\"urlTemplate\":\"https:\\\/\\\/alcompasrevista.com\\\/?s={search_term_string}\"},\"query-input\":{\"@type\":\"PropertyValueSpecification\",\"valueRequired\":true,\"valueName\":\"search_term_string\"}}],\"inLanguage\":\"va\"},{\"@type\":\"Organization\",\"@id\":\"https:\\\/\\\/alcompasrevista.com\\\/#organization\",\"name\":\"Revista Al Comp\u00e0s\",\"url\":\"https:\\\/\\\/alcompasrevista.com\\\/\",\"logo\":{\"@type\":\"ImageObject\",\"inLanguage\":\"va\",\"@id\":\"https:\\\/\\\/alcompasrevista.com\\\/#\\\/schema\\\/logo\\\/image\\\/\",\"url\":\"https:\\\/\\\/alcompasrevista.com\\\/wp-content\\\/uploads\\\/2022\\\/04\\\/cropped-loog_blanco.png\",\"contentUrl\":\"https:\\\/\\\/alcompasrevista.com\\\/wp-content\\\/uploads\\\/2022\\\/04\\\/cropped-loog_blanco.png\",\"width\":1612,\"height\":724,\"caption\":\"Revista Al Comp\u00e0s\"},\"image\":{\"@id\":\"https:\\\/\\\/alcompasrevista.com\\\/#\\\/schema\\\/logo\\\/image\\\/\"}},{\"@type\":\"Person\",\"@id\":\"https:\\\/\\\/alcompasrevista.com\\\/#\\\/schema\\\/person\\\/0f092e7196386afa42171db0d19a38ff\",\"name\":\"Redacci\u00f3n\",\"image\":{\"@type\":\"ImageObject\",\"inLanguage\":\"va\",\"@id\":\"https:\\\/\\\/secure.gravatar.com\\\/avatar\\\/e2831619d4dae93995d3da450c50013d912e0b8bdf34d9ea00126d97c2b7702e?s=96&d=mm&r=g\",\"url\":\"https:\\\/\\\/secure.gravatar.com\\\/avatar\\\/e2831619d4dae93995d3da450c50013d912e0b8bdf34d9ea00126d97c2b7702e?s=96&d=mm&r=g\",\"contentUrl\":\"https:\\\/\\\/secure.gravatar.com\\\/avatar\\\/e2831619d4dae93995d3da450c50013d912e0b8bdf34d9ea00126d97c2b7702e?s=96&d=mm&r=g\",\"caption\":\"Redacci\u00f3n\"},\"url\":\"https:\\\/\\\/alcompasrevista.com\\\/va\\\/archivos\\\/author\\\/257_webmaster\"}]}<\/script>\n<!-- \/ Yoast SEO plugin. -->","yoast_head_json":{"title":"Assemblea General de la Federaci\u00f3 de Societats Musicals de la Comunitat Valenciana - Revista Al Comp\u00e0s","robots":{"index":"index","follow":"follow","max-snippet":"max-snippet:-1","max-image-preview":"max-image-preview:large","max-video-preview":"max-video-preview:-1"},"canonical":"https:\/\/alcompasrevista.com\/va\/archivos\/6682","og_locale":"en_US","og_type":"article","og_title":"Assemblea General de la Federaci\u00f3 de Societats Musicals de la Comunitat Valenciana - Revista Al Comp\u00e0s","og_description":"El pr\u00f2xim 28 de maig se celebrar\u00e0 a Segorbe l'Assemblea General de la Federaci\u00f3 de Societats Musicals de la Comunitat Valenciana (FSMCV)","og_url":"https:\/\/alcompasrevista.com\/va\/archivos\/6682","og_site_name":"Revista Al Comp\u00e0s","article_published_time":"2022-05-19T10:22:32+00:00","article_modified_time":"2022-05-19T11:12:58+00:00","og_image":[{"width":760,"height":430,"url":"https:\/\/alcompasrevista.com\/wp-content\/uploads\/2022\/05\/Diseno-sin-titulo-22.jpg","type":"image\/jpeg"}],"author":"Redacci\u00f3n","twitter_card":"summary_large_image","twitter_misc":{"Written by":"Redacci\u00f3","Est. reading time":"2 minutes"},"schema":{"@context":"https:\/\/schema.org","@graph":[{"@type":"Article","@id":"https:\/\/alcompasrevista.com\/va\/archivos\/6682#article","isPartOf":{"@id":"https:\/\/alcompasrevista.com\/va\/archivos\/6682"},"author":{"name":"Redacci\u00f3n","@id":"https:\/\/alcompasrevista.com\/#\/schema\/person\/0f092e7196386afa42171db0d19a38ff"},"headline":"Assemblea General de la Federaci\u00f3 de Societats Musicals de la Comunitat Valenciana","datePublished":"2022-05-19T10:22:32+00:00","dateModified":"2022-05-19T11:12:58+00:00","mainEntityOfPage":{"@id":"https:\/\/alcompasrevista.com\/va\/archivos\/6682"},"wordCount":364,"publisher":{"@id":"https:\/\/alcompasrevista.com\/#organization"},"image":{"@id":"https:\/\/alcompasrevista.com\/va\/archivos\/6682#primaryimage"},"thumbnailUrl":"https:\/\/alcompasrevista.com\/wp-content\/uploads\/2022\/05\/Diseno-sin-titulo-22.jpg","keywords":["Assemblea General FSMCV","noticias"],"articleSection":["#Not\u00edcies"],"inLanguage":"va"},{"@type":"WebPage","@id":"https:\/\/alcompasrevista.com\/va\/archivos\/6682","url":"https:\/\/alcompasrevista.com\/va\/archivos\/6682","name":"Assemblea General de la Federaci\u00f3 de Societats Musicals de la Comunitat Valenciana - Revista Al Comp\u00e0s","isPartOf":{"@id":"https:\/\/alcompasrevista.com\/#website"},"primaryImageOfPage":{"@id":"https:\/\/alcompasrevista.com\/va\/archivos\/6682#primaryimage"},"image":{"@id":"https:\/\/alcompasrevista.com\/va\/archivos\/6682#primaryimage"},"thumbnailUrl":"https:\/\/alcompasrevista.com\/wp-content\/uploads\/2022\/05\/Diseno-sin-titulo-22.jpg","datePublished":"2022-05-19T10:22:32+00:00","dateModified":"2022-05-19T11:12:58+00:00","breadcrumb":{"@id":"https:\/\/alcompasrevista.com\/va\/archivos\/6682#breadcrumb"},"inLanguage":"va","potentialAction":[{"@type":"ReadAction","target":["https:\/\/alcompasrevista.com\/va\/archivos\/6682"]}]},{"@type":"ImageObject","inLanguage":"va","@id":"https:\/\/alcompasrevista.com\/va\/archivos\/6682#primaryimage","url":"https:\/\/alcompasrevista.com\/wp-content\/uploads\/2022\/05\/Diseno-sin-titulo-22.jpg","contentUrl":"https:\/\/alcompasrevista.com\/wp-content\/uploads\/2022\/05\/Diseno-sin-titulo-22.jpg","width":760,"height":430,"caption":"Asamblea General FSMCV 2022"},{"@type":"BreadcrumbList","@id":"https:\/\/alcompasrevista.com\/va\/archivos\/6682#breadcrumb","itemListElement":[{"@type":"ListItem","position":1,"name":"Portada","item":"https:\/\/alcompasrevista.com\/va"},{"@type":"ListItem","position":2,"name":"Assemblea General de la Federaci\u00f3 de Societats Musicals de la Comunitat Valenciana"}]},{"@type":"WebSite","@id":"https:\/\/alcompasrevista.com\/#website","url":"https:\/\/alcompasrevista.com\/","name":"Revista Al Comp\u00e0s","description":"Un proyecto de la Federaci\u00f3n de Sociedades Musicales de la Comunidad Valenciana","publisher":{"@id":"https:\/\/alcompasrevista.com\/#organization"},"potentialAction":[{"@type":"SearchAction","target":{"@type":"EntryPoint","urlTemplate":"https:\/\/alcompasrevista.com\/?s={search_term_string}"},"query-input":{"@type":"PropertyValueSpecification","valueRequired":true,"valueName":"search_term_string"}}],"inLanguage":"va"},{"@type":"Organization","@id":"https:\/\/alcompasrevista.com\/#organization","name":"Revista Al Comp\u00e0s","url":"https:\/\/alcompasrevista.com\/","logo":{"@type":"ImageObject","inLanguage":"va","@id":"https:\/\/alcompasrevista.com\/#\/schema\/logo\/image\/","url":"https:\/\/alcompasrevista.com\/wp-content\/uploads\/2022\/04\/cropped-loog_blanco.png","contentUrl":"https:\/\/alcompasrevista.com\/wp-content\/uploads\/2022\/04\/cropped-loog_blanco.png","width":1612,"height":724,"caption":"Revista Al Comp\u00e0s"},"image":{"@id":"https:\/\/alcompasrevista.com\/#\/schema\/logo\/image\/"}},{"@type":"Person","@id":"https:\/\/alcompasrevista.com\/#\/schema\/person\/0f092e7196386afa42171db0d19a38ff","name":"Redacci\u00f3n","image":{"@type":"ImageObject","inLanguage":"va","@id":"https:\/\/secure.gravatar.com\/avatar\/e2831619d4dae93995d3da450c50013d912e0b8bdf34d9ea00126d97c2b7702e?s=96&d=mm&r=g","url":"https:\/\/secure.gravatar.com\/avatar\/e2831619d4dae93995d3da450c50013d912e0b8bdf34d9ea00126d97c2b7702e?s=96&d=mm&r=g","contentUrl":"https:\/\/secure.gravatar.com\/avatar\/e2831619d4dae93995d3da450c50013d912e0b8bdf34d9ea00126d97c2b7702e?s=96&d=mm&r=g","caption":"Redacci\u00f3n"},"url":"https:\/\/alcompasrevista.com\/va\/archivos\/author\/257_webmaster"}]}},"_links":{"self":[{"href":"https:\/\/alcompasrevista.com\/va\/wp-json\/wp\/v2\/posts\/6682","targetHints":{"allow":["GET"]}}],"collection":[{"href":"https:\/\/alcompasrevista.com\/va\/wp-json\/wp\/v2\/posts"}],"about":[{"href":"https:\/\/alcompasrevista.com\/va\/wp-json\/wp\/v2\/types\/post"}],"author":[{"embeddable":true,"href":"https:\/\/alcompasrevista.com\/va\/wp-json\/wp\/v2\/users\/860004"}],"replies":[{"embeddable":true,"href":"https:\/\/alcompasrevista.com\/va\/wp-json\/wp\/v2\/comments?post=6682"}],"version-history":[{"count":0,"href":"https:\/\/alcompasrevista.com\/va\/wp-json\/wp\/v2\/posts\/6682\/revisions"}],"wp:featuredmedia":[{"embeddable":true,"href":"https:\/\/alcompasrevista.com\/va\/wp-json\/wp\/v2\/media\/6688"}],"wp:attachment":[{"href":"https:\/\/alcompasrevista.com\/va\/wp-json\/wp\/v2\/media?parent=6682"}],"wp:term":[{"taxonomy":"category","embeddable":true,"href":"https:\/\/alcompasrevista.com\/va\/wp-json\/wp\/v2\/categories?post=6682"},{"taxonomy":"post_tag","embeddable":true,"href":"https:\/\/alcompasrevista.com\/va\/wp-json\/wp\/v2\/tags?post=6682"},{"taxonomy":"portada","embeddable":true,"href":"https:\/\/alcompasrevista.com\/va\/wp-json\/wp\/v2\/portada?post=6682"}],"curies":[{"name":"wp","href":"https:\/\/api.w.org\/{rel}","templated":true}]}}