{"id":6577,"date":"2022-05-16T11:10:19","date_gmt":"2022-05-16T09:10:19","guid":{"rendered":"https:\/\/alcompasrevista.com\/?p=6577"},"modified":"2022-05-23T12:25:47","modified_gmt":"2022-05-23T10:25:47","slug":"aristides-rico-premi-euterpe-a-tota-una-vida-de-dedicacio-a-la-seua-societat-musical","status":"publish","type":"post","link":"https:\/\/alcompasrevista.com\/va\/archivos\/6577","title":{"rendered":"Ar\u00edstides Rico. Premi EUTERPE a tota una vida de dedicaci\u00f3 a la seua Societat Musical"},"content":{"rendered":"\n<p>Ar\u00edstides Rico Albero ha complit 88 anys i segueix en actiu en la<a href=\"https:\/\/smbm.es\/\" target=\"_blank\" rel=\"noreferrer noopener\"> Societat Musical de Banyeres de Mariola.<\/a> \u00c9s percussionista i el seu instrument s\u00f3n els platerets.<\/p>\n\n\n\n<p>En 1963, amb 29 anys va ingressar en la banda municipal del seu poble i no va ser fins a 1974 quan es va formar la societat, aix\u00ed que es pot dir que l&#8217;experi\u00e8ncia a Ar\u00edstides li ve des de lluny.<\/p>\n\n\n\n<p>En 2021 la FSMCV ho va guardonar amb el premi EUTERPE a tota una vida dedicada a la seua Societat Musical. Despr\u00e9s de rebre aquest premi i tornar al poble es va adonar del volgut que \u00e9s en Banyeres, i s&#8217;emociona nom\u00e9s amb pensar-ho.<\/p>\n\n\n\n<p><strong>Recordes el dia del teu ingr\u00e9s en la banda municipal de Banyeres de Mariola?<\/strong><\/p>\n\n\n\n<p>Em recorde perfectament, vaig substituir a un platiller que es jubilava. Vaig tocar un pasdoble \u201cEl Llevant\u201d, va anar en el 63. Eren les festes del poble. All\u00f2 va anar molt bonic, quan eixim de la pla\u00e7a desfilant i un dels m\u00fasics va cridar \u201cja tenim platiller\u201d. Aqueix dia va ser el m\u00e9s emocionant de tots els que he gaudit amb la banda.<\/p>\n\n\n\n<figure class=\"wp-block-image size-large\"><img loading=\"lazy\" decoding=\"async\" width=\"810\" height=\"1024\" src=\"https:\/\/alcompasrevista.com\/wp-content\/uploads\/2022\/05\/1972.-Homenaje-a-Godofredo-Garrigues-primera-fila-centro-director-de-la-extinta-Banda-Municipal-por-parte-de-un-grupo-de-musicos.-Aristides-primera-fila-izquierda-junto-al-director.-1-810x1024.jpeg\" alt=\"\" class=\"wp-image-6566\" srcset=\"https:\/\/alcompasrevista.com\/wp-content\/uploads\/2022\/05\/1972.-Homenaje-a-Godofredo-Garrigues-primera-fila-centro-director-de-la-extinta-Banda-Municipal-por-parte-de-un-grupo-de-musicos.-Aristides-primera-fila-izquierda-junto-al-director.-1-810x1024.jpeg 810w, https:\/\/alcompasrevista.com\/wp-content\/uploads\/2022\/05\/1972.-Homenaje-a-Godofredo-Garrigues-primera-fila-centro-director-de-la-extinta-Banda-Municipal-por-parte-de-un-grupo-de-musicos.-Aristides-primera-fila-izquierda-junto-al-director.-1-237x300.jpeg 237w, https:\/\/alcompasrevista.com\/wp-content\/uploads\/2022\/05\/1972.-Homenaje-a-Godofredo-Garrigues-primera-fila-centro-director-de-la-extinta-Banda-Municipal-por-parte-de-un-grupo-de-musicos.-Aristides-primera-fila-izquierda-junto-al-director.-1-768x971.jpeg 768w, https:\/\/alcompasrevista.com\/wp-content\/uploads\/2022\/05\/1972.-Homenaje-a-Godofredo-Garrigues-primera-fila-centro-director-de-la-extinta-Banda-Municipal-por-parte-de-un-grupo-de-musicos.-Aristides-primera-fila-izquierda-junto-al-director.-1.jpeg 1124w\" sizes=\"auto, (max-width: 810px) 100vw, 810px\" \/><figcaption>1972. Homenatge a Godofredo Garrigues (primera fila, centre), director de l&#8217;extinta Banda Municipal, per part d&#8217;un grup de m\u00fasics. Ar\u00edstides (primera fila, esquerra al costat del director).<\/figcaption><\/figure>\n\n\n\n<p><strong>Com es va produir el pas de la banda municipal a la societat musical?<\/strong><\/p>\n\n\n\n<p>En la banda ten\u00edem a un director que el pagava l&#8217;ajuntament, era Godofredo Garrigues. I en el 74 li demanem m\u00e9s diners a l&#8217;ajuntament perqu\u00e8 ens hav\u00edem gastat 20.000 pessetes en reparaci\u00f3 d&#8217;instruments, i el consistori nom\u00e9s ens donava 18.000 pessetes. Van dir que no hi havia diners i la banda es va plantar. Van acomiadar al director i ac\u00ed va acabar tot. Poc despr\u00e9s un home d&#8217;Alfafara va vindre a Banyeres i va comen\u00e7ar a ajuntar a gent i creem la societat. Molts van tornar, entre altres jo. Uns altres no.<\/p>\n\n\n\n<figure class=\"wp-block-image size-large\"><img loading=\"lazy\" decoding=\"async\" width=\"1024\" height=\"768\" src=\"https:\/\/alcompasrevista.com\/wp-content\/uploads\/2022\/05\/2DEABR1-1-1024x768.jpe\" alt=\"\" class=\"wp-image-6568\" srcset=\"https:\/\/alcompasrevista.com\/wp-content\/uploads\/2022\/05\/2DEABR1-1-1024x768.jpe 1024w, https:\/\/alcompasrevista.com\/wp-content\/uploads\/2022\/05\/2DEABR1-1-300x225.jpe 300w, https:\/\/alcompasrevista.com\/wp-content\/uploads\/2022\/05\/2DEABR1-1-768x576.jpe 768w, https:\/\/alcompasrevista.com\/wp-content\/uploads\/2022\/05\/2DEABR1-1-1536x1152.jpe 1536w, https:\/\/alcompasrevista.com\/wp-content\/uploads\/2022\/05\/2DEABR1-1.jpe 1600w\" sizes=\"auto, (max-width: 1024px) 100vw, 1024px\" \/><figcaption>2 de abril de 1974. Bendici\u00f3 de la bandera de la Societat Musical Banyeres de Mariola (Sociedad Musical Ba\u00f1erense, nombre de l&#8217;entitat en aquell moment), dirigida per Jos\u00e9 M\u00aa Vicedo. Ar\u00edstides, amb els platerets, a l&#8217;esquerra primera fila.<\/figcaption><\/figure>\n\n\n\n<p><strong>En 60 anys de dedicaci\u00f3 a la m\u00fasica ja la banda, la gent ha evolucionat?<\/strong><\/p>\n\n\n\n<p>S\u00ed, s\u00ed, ha canviat molt. \u00c9s igual de bona gent i els joves s&#8217;enfronten amb la mateixa il\u00b7lusi\u00f3. Com els he criats a tots (riu). Ara tots van al conservatori i quan salen les xiques i els xics al carrer ja saben el que han de fer. Toquen molt b\u00e9. Jo estic molt b\u00e9 amb tots, si vens a Banyeres i preguntes per mi nom\u00e9s et donaran bones refer\u00e8ncies.<\/p>\n\n\n\n<p><strong>Et consulten a l&#8217;hora de triar temes que interpretar en la banda?<\/strong><\/p>\n\n\n\n<p>S\u00ed, s\u00ed que em consulten. Jo els dic que no toquen marxes modernes ni estranyes. La gent vol obres espanyoles, de Sarsuela. Aix\u00f2 \u00e9s el que&nbsp; a la gent li agrada. En concret l&#8217;obra \u201cBohemis\u201d li encanta a la gent, els agrada gaudir-la a l&#8217;estiu en la pla\u00e7a.<\/p>\n\n\n\n<p><strong>Com vas aprendre a llegir partitures?<\/strong><\/p>\n\n\n\n<p>Va anar el mestre Garrigues el que em va ensenyar. Diuen que tinc unes condicions molt grans per als platerets. Una vegada est\u00e0vem tocant en la pla\u00e7a, en l&#8217;escenari i en baixar un senyor percussionista em va dir que mai de la vida havia sentit traure la tonalitat que jo treia als platerets. Jo li vaig dir \u00e9s com s\u00e9 tocar, \u00e9s condici\u00f3 natural (hahaha riures)<\/p>\n\n\n\n<p><strong>Qu\u00e8 esteu preparant en la banda?<\/strong><\/p>\n\n\n\n<p>Ara mateix estem preparant el concert que es donar\u00e0 al juliol en la pla\u00e7a de Banyeres. Els divendres i els dissabtes els dediquem a assajar.<\/p>\n\n\n\n<p><strong>Com va ser la recepci\u00f3 del premi EUTERPE?<\/strong><\/p>\n\n\n\n<p>Em vaig emocionar molt quan vaig rebre el premi <a href=\"https:\/\/fsmcv.org\/federacion-de-sociedades-musicales-de-la-comunidad-valenciana\/premios-euterpe\/\" target=\"_blank\" rel=\"noreferrer noopener\">EUTERPE<\/a> de mans del president de la Generalitat Ximo Puig i de la presidenta de la FSMCV, Daniela Gonz\u00e1lez. Uy, cal viure-ho, va ser molt gran per a mi, des de llavors al poble em diuen l&#8217;amic de Ximo Puig. Per cert, doneu-li records a Daniela, quan vaig anar a Val\u00e8ncia tots em van tractar molt b\u00e9.<\/p>\n\n\n\n<p><strong>Quin paper ocupa la m\u00fasica en la teua vida?<\/strong><\/p>\n\n\n\n<p>La m\u00fasica \u00e9s el m\u00e9s gran, per a mi \u00e9s el m\u00e9s bonic que hi ha. No he faltat ni un dia als concerts. Quan treballava a la f\u00e0brica de paper em donaven perm\u00eds per a anar als concerts i a tocar on fora. M&#8217;encanta quan anem a altres pobles i la gent em diu \u201csabem que \u00e9s la banda de Banyeres perqu\u00e8 et veiem a tu\u201d. Per a mi \u00e9s el m\u00e9s gran del m\u00f3n i li tinc molt amor a la banda i a la societat.<\/p>\n\n\n\n<figure class=\"wp-block-gallery has-nested-images columns-default is-cropped wp-block-gallery-1 is-layout-flex wp-block-gallery-is-layout-flex\">\n<figure class=\"wp-block-image size-large\"><img loading=\"lazy\" decoding=\"async\" width=\"1024\" height=\"682\" data-id=\"6580\" src=\"https:\/\/alcompasrevista.com\/wp-content\/uploads\/2022\/05\/Euterpe2-2-1024x682.jpg\" alt=\"\" class=\"wp-image-6580\" srcset=\"https:\/\/alcompasrevista.com\/wp-content\/uploads\/2022\/05\/Euterpe2-2-1024x682.jpg 1024w, https:\/\/alcompasrevista.com\/wp-content\/uploads\/2022\/05\/Euterpe2-2-300x200.jpg 300w, https:\/\/alcompasrevista.com\/wp-content\/uploads\/2022\/05\/Euterpe2-2-768x512.jpg 768w, https:\/\/alcompasrevista.com\/wp-content\/uploads\/2022\/05\/Euterpe2-2-1536x1023.jpg 1536w, https:\/\/alcompasrevista.com\/wp-content\/uploads\/2022\/05\/Euterpe2-2.jpg 1600w\" sizes=\"auto, (max-width: 1024px) 100vw, 1024px\" \/><figcaption>Ar\u00edstides desfilant<\/figcaption><\/figure>\n\n\n\n<figure class=\"wp-block-image size-large\"><img loading=\"lazy\" decoding=\"async\" width=\"1024\" height=\"1024\" data-id=\"6581\" src=\"https:\/\/alcompasrevista.com\/wp-content\/uploads\/2022\/05\/Euterpe1-2-1024x1024.jpg\" alt=\"\" class=\"wp-image-6581\" srcset=\"https:\/\/alcompasrevista.com\/wp-content\/uploads\/2022\/05\/Euterpe1-2-1024x1024.jpg 1024w, https:\/\/alcompasrevista.com\/wp-content\/uploads\/2022\/05\/Euterpe1-2-300x300.jpg 300w, https:\/\/alcompasrevista.com\/wp-content\/uploads\/2022\/05\/Euterpe1-2-150x150.jpg 150w, https:\/\/alcompasrevista.com\/wp-content\/uploads\/2022\/05\/Euterpe1-2-768x768.jpg 768w, https:\/\/alcompasrevista.com\/wp-content\/uploads\/2022\/05\/Euterpe1-2.jpg 1081w\" sizes=\"auto, (max-width: 1024px) 100vw, 1024px\" \/><\/figure>\n\n\n\n<figure class=\"wp-block-image size-large\"><img loading=\"lazy\" decoding=\"async\" width=\"1024\" height=\"682\" data-id=\"6582\" src=\"https:\/\/alcompasrevista.com\/wp-content\/uploads\/2022\/05\/02-Aristides-Rico-arreplega-premi-Euterpe-1-1024x682.jpg\" alt=\"\" class=\"wp-image-6582\" srcset=\"https:\/\/alcompasrevista.com\/wp-content\/uploads\/2022\/05\/02-Aristides-Rico-arreplega-premi-Euterpe-1-1024x682.jpg 1024w, https:\/\/alcompasrevista.com\/wp-content\/uploads\/2022\/05\/02-Aristides-Rico-arreplega-premi-Euterpe-1-300x200.jpg 300w, https:\/\/alcompasrevista.com\/wp-content\/uploads\/2022\/05\/02-Aristides-Rico-arreplega-premi-Euterpe-1-768x512.jpg 768w, https:\/\/alcompasrevista.com\/wp-content\/uploads\/2022\/05\/02-Aristides-Rico-arreplega-premi-Euterpe-1.jpg 1331w\" sizes=\"auto, (max-width: 1024px) 100vw, 1024px\" \/><figcaption>Entrega Premis EUTERPE 2021<\/figcaption><\/figure>\n<\/figure>\n","protected":false},"excerpt":{"rendered":"<p>Ar\u00edstides Rico. Premi EUTERPE a tota una vida de dedicaci\u00f3 a la seua Societat Musical.<\/p>\n","protected":false},"author":860004,"featured_media":6572,"comment_status":"closed","ping_status":"closed","sticky":false,"template":"","format":"standard","meta":{"footnotes":""},"categories":[30],"tags":[],"portada":[],"class_list":["post-6577","post","type-post","status-publish","format-standard","has-post-thumbnail","hentry","category-qui-es-qui"],"yoast_head":"<!-- This site is optimized with the Yoast SEO plugin v27.4 - https:\/\/yoast.com\/product\/yoast-seo-wordpress\/ -->\n<title>Ar\u00edstides Rico. Premi EUTERPE a tota una vida de dedicaci\u00f3 a la seua Societat Musical - Revista Al Comp\u00e0s<\/title>\n<meta name=\"robots\" content=\"index, follow, max-snippet:-1, max-image-preview:large, max-video-preview:-1\" \/>\n<link rel=\"canonical\" href=\"https:\/\/alcompasrevista.com\/va\/archivos\/6577\" \/>\n<meta property=\"og:locale\" content=\"en_US\" \/>\n<meta property=\"og:type\" content=\"article\" \/>\n<meta property=\"og:title\" content=\"Ar\u00edstides Rico. Premi EUTERPE a tota una vida de dedicaci\u00f3 a la seua Societat Musical - Revista Al Comp\u00e0s\" \/>\n<meta property=\"og:description\" content=\"Ar\u00edstides Rico. Premi EUTERPE a tota una vida de dedicaci\u00f3 a la seua Societat Musical.\" \/>\n<meta property=\"og:url\" content=\"https:\/\/alcompasrevista.com\/va\/archivos\/6577\" \/>\n<meta property=\"og:site_name\" content=\"Revista Al Comp\u00e0s\" \/>\n<meta property=\"article:published_time\" content=\"2022-05-16T09:10:19+00:00\" \/>\n<meta property=\"article:modified_time\" content=\"2022-05-23T10:25:47+00:00\" \/>\n<meta property=\"og:image\" content=\"https:\/\/alcompasrevista.com\/wp-content\/uploads\/2022\/05\/Noviembre-de-1977.-Presentacion-del-nuevo-director-Jose-Miguel-Del-Valle.-Aristides-primera-fila-izquierda.-1.jpeg\" \/>\n\t<meta property=\"og:image:width\" content=\"1600\" \/>\n\t<meta property=\"og:image:height\" content=\"1200\" \/>\n\t<meta property=\"og:image:type\" content=\"image\/jpeg\" \/>\n<meta name=\"author\" content=\"Redacci\u00f3n\" \/>\n<meta name=\"twitter:card\" content=\"summary_large_image\" \/>\n<meta name=\"twitter:label1\" content=\"Written by\" \/>\n\t<meta name=\"twitter:data1\" content=\"Redacci\u00f3\" \/>\n\t<meta name=\"twitter:label2\" content=\"Est. reading time\" \/>\n\t<meta name=\"twitter:data2\" content=\"5 minutes\" \/>\n<script type=\"application\/ld+json\" class=\"yoast-schema-graph\">{\"@context\":\"https:\\\/\\\/schema.org\",\"@graph\":[{\"@type\":\"Article\",\"@id\":\"https:\\\/\\\/alcompasrevista.com\\\/va\\\/archivos\\\/6577#article\",\"isPartOf\":{\"@id\":\"https:\\\/\\\/alcompasrevista.com\\\/va\\\/archivos\\\/6577\"},\"author\":{\"name\":\"Redacci\u00f3n\",\"@id\":\"https:\\\/\\\/alcompasrevista.com\\\/#\\\/schema\\\/person\\\/0f092e7196386afa42171db0d19a38ff\"},\"headline\":\"Ar\u00edstides Rico. Premi EUTERPE a tota una vida de dedicaci\u00f3 a la seua Societat Musical\",\"datePublished\":\"2022-05-16T09:10:19+00:00\",\"dateModified\":\"2022-05-23T10:25:47+00:00\",\"mainEntityOfPage\":{\"@id\":\"https:\\\/\\\/alcompasrevista.com\\\/va\\\/archivos\\\/6577\"},\"wordCount\":844,\"publisher\":{\"@id\":\"https:\\\/\\\/alcompasrevista.com\\\/#organization\"},\"image\":{\"@id\":\"https:\\\/\\\/alcompasrevista.com\\\/va\\\/archivos\\\/6577#primaryimage\"},\"thumbnailUrl\":\"https:\\\/\\\/alcompasrevista.com\\\/wp-content\\\/uploads\\\/2022\\\/05\\\/Noviembre-de-1977.-Presentacion-del-nuevo-director-Jose-Miguel-Del-Valle.-Aristides-primera-fila-izquierda.-1.jpeg\",\"articleSection\":[\"#Qui\u00e9squi\"],\"inLanguage\":\"va\"},{\"@type\":\"WebPage\",\"@id\":\"https:\\\/\\\/alcompasrevista.com\\\/va\\\/archivos\\\/6577\",\"url\":\"https:\\\/\\\/alcompasrevista.com\\\/va\\\/archivos\\\/6577\",\"name\":\"Ar\u00edstides Rico. Premi EUTERPE a tota una vida de dedicaci\u00f3 a la seua Societat Musical - Revista Al Comp\u00e0s\",\"isPartOf\":{\"@id\":\"https:\\\/\\\/alcompasrevista.com\\\/#website\"},\"primaryImageOfPage\":{\"@id\":\"https:\\\/\\\/alcompasrevista.com\\\/va\\\/archivos\\\/6577#primaryimage\"},\"image\":{\"@id\":\"https:\\\/\\\/alcompasrevista.com\\\/va\\\/archivos\\\/6577#primaryimage\"},\"thumbnailUrl\":\"https:\\\/\\\/alcompasrevista.com\\\/wp-content\\\/uploads\\\/2022\\\/05\\\/Noviembre-de-1977.-Presentacion-del-nuevo-director-Jose-Miguel-Del-Valle.-Aristides-primera-fila-izquierda.-1.jpeg\",\"datePublished\":\"2022-05-16T09:10:19+00:00\",\"dateModified\":\"2022-05-23T10:25:47+00:00\",\"breadcrumb\":{\"@id\":\"https:\\\/\\\/alcompasrevista.com\\\/va\\\/archivos\\\/6577#breadcrumb\"},\"inLanguage\":\"va\",\"potentialAction\":[{\"@type\":\"ReadAction\",\"target\":[\"https:\\\/\\\/alcompasrevista.com\\\/va\\\/archivos\\\/6577\"]}]},{\"@type\":\"ImageObject\",\"inLanguage\":\"va\",\"@id\":\"https:\\\/\\\/alcompasrevista.com\\\/va\\\/archivos\\\/6577#primaryimage\",\"url\":\"https:\\\/\\\/alcompasrevista.com\\\/wp-content\\\/uploads\\\/2022\\\/05\\\/Noviembre-de-1977.-Presentacion-del-nuevo-director-Jose-Miguel-Del-Valle.-Aristides-primera-fila-izquierda.-1.jpeg\",\"contentUrl\":\"https:\\\/\\\/alcompasrevista.com\\\/wp-content\\\/uploads\\\/2022\\\/05\\\/Noviembre-de-1977.-Presentacion-del-nuevo-director-Jose-Miguel-Del-Valle.-Aristides-primera-fila-izquierda.-1.jpeg\",\"width\":1600,\"height\":1200,\"caption\":\"Noviembre-de-1977.-Presentacion-del-nuevo-director-Jose-Miguel-Del-Valle.-Aristides-primera-fila-izquierda.\"},{\"@type\":\"BreadcrumbList\",\"@id\":\"https:\\\/\\\/alcompasrevista.com\\\/va\\\/archivos\\\/6577#breadcrumb\",\"itemListElement\":[{\"@type\":\"ListItem\",\"position\":1,\"name\":\"Portada\",\"item\":\"https:\\\/\\\/alcompasrevista.com\\\/va\"},{\"@type\":\"ListItem\",\"position\":2,\"name\":\"Ar\u00edstides Rico. Premi EUTERPE a tota una vida de dedicaci\u00f3 a la seua Societat Musical\"}]},{\"@type\":\"WebSite\",\"@id\":\"https:\\\/\\\/alcompasrevista.com\\\/#website\",\"url\":\"https:\\\/\\\/alcompasrevista.com\\\/\",\"name\":\"Revista Al Comp\u00e0s\",\"description\":\"Un proyecto de la Federaci\u00f3n de Sociedades Musicales de la Comunidad Valenciana\",\"publisher\":{\"@id\":\"https:\\\/\\\/alcompasrevista.com\\\/#organization\"},\"potentialAction\":[{\"@type\":\"SearchAction\",\"target\":{\"@type\":\"EntryPoint\",\"urlTemplate\":\"https:\\\/\\\/alcompasrevista.com\\\/?s={search_term_string}\"},\"query-input\":{\"@type\":\"PropertyValueSpecification\",\"valueRequired\":true,\"valueName\":\"search_term_string\"}}],\"inLanguage\":\"va\"},{\"@type\":\"Organization\",\"@id\":\"https:\\\/\\\/alcompasrevista.com\\\/#organization\",\"name\":\"Revista Al Comp\u00e0s\",\"url\":\"https:\\\/\\\/alcompasrevista.com\\\/\",\"logo\":{\"@type\":\"ImageObject\",\"inLanguage\":\"va\",\"@id\":\"https:\\\/\\\/alcompasrevista.com\\\/#\\\/schema\\\/logo\\\/image\\\/\",\"url\":\"https:\\\/\\\/alcompasrevista.com\\\/wp-content\\\/uploads\\\/2022\\\/04\\\/cropped-loog_blanco.png\",\"contentUrl\":\"https:\\\/\\\/alcompasrevista.com\\\/wp-content\\\/uploads\\\/2022\\\/04\\\/cropped-loog_blanco.png\",\"width\":1612,\"height\":724,\"caption\":\"Revista Al Comp\u00e0s\"},\"image\":{\"@id\":\"https:\\\/\\\/alcompasrevista.com\\\/#\\\/schema\\\/logo\\\/image\\\/\"}},{\"@type\":\"Person\",\"@id\":\"https:\\\/\\\/alcompasrevista.com\\\/#\\\/schema\\\/person\\\/0f092e7196386afa42171db0d19a38ff\",\"name\":\"Redacci\u00f3n\",\"image\":{\"@type\":\"ImageObject\",\"inLanguage\":\"va\",\"@id\":\"https:\\\/\\\/secure.gravatar.com\\\/avatar\\\/e2831619d4dae93995d3da450c50013d912e0b8bdf34d9ea00126d97c2b7702e?s=96&d=mm&r=g\",\"url\":\"https:\\\/\\\/secure.gravatar.com\\\/avatar\\\/e2831619d4dae93995d3da450c50013d912e0b8bdf34d9ea00126d97c2b7702e?s=96&d=mm&r=g\",\"contentUrl\":\"https:\\\/\\\/secure.gravatar.com\\\/avatar\\\/e2831619d4dae93995d3da450c50013d912e0b8bdf34d9ea00126d97c2b7702e?s=96&d=mm&r=g\",\"caption\":\"Redacci\u00f3n\"},\"url\":\"https:\\\/\\\/alcompasrevista.com\\\/va\\\/archivos\\\/author\\\/257_webmaster\"}]}<\/script>\n<!-- \/ Yoast SEO plugin. -->","yoast_head_json":{"title":"Ar\u00edstides Rico. Premi EUTERPE a tota una vida de dedicaci\u00f3 a la seua Societat Musical - Revista Al Comp\u00e0s","robots":{"index":"index","follow":"follow","max-snippet":"max-snippet:-1","max-image-preview":"max-image-preview:large","max-video-preview":"max-video-preview:-1"},"canonical":"https:\/\/alcompasrevista.com\/va\/archivos\/6577","og_locale":"en_US","og_type":"article","og_title":"Ar\u00edstides Rico. Premi EUTERPE a tota una vida de dedicaci\u00f3 a la seua Societat Musical - Revista Al Comp\u00e0s","og_description":"Ar\u00edstides Rico. Premi EUTERPE a tota una vida de dedicaci\u00f3 a la seua Societat Musical.","og_url":"https:\/\/alcompasrevista.com\/va\/archivos\/6577","og_site_name":"Revista Al Comp\u00e0s","article_published_time":"2022-05-16T09:10:19+00:00","article_modified_time":"2022-05-23T10:25:47+00:00","og_image":[{"width":1600,"height":1200,"url":"https:\/\/alcompasrevista.com\/wp-content\/uploads\/2022\/05\/Noviembre-de-1977.-Presentacion-del-nuevo-director-Jose-Miguel-Del-Valle.-Aristides-primera-fila-izquierda.-1.jpeg","type":"image\/jpeg"}],"author":"Redacci\u00f3n","twitter_card":"summary_large_image","twitter_misc":{"Written by":"Redacci\u00f3","Est. reading time":"5 minutes"},"schema":{"@context":"https:\/\/schema.org","@graph":[{"@type":"Article","@id":"https:\/\/alcompasrevista.com\/va\/archivos\/6577#article","isPartOf":{"@id":"https:\/\/alcompasrevista.com\/va\/archivos\/6577"},"author":{"name":"Redacci\u00f3n","@id":"https:\/\/alcompasrevista.com\/#\/schema\/person\/0f092e7196386afa42171db0d19a38ff"},"headline":"Ar\u00edstides Rico. Premi EUTERPE a tota una vida de dedicaci\u00f3 a la seua Societat Musical","datePublished":"2022-05-16T09:10:19+00:00","dateModified":"2022-05-23T10:25:47+00:00","mainEntityOfPage":{"@id":"https:\/\/alcompasrevista.com\/va\/archivos\/6577"},"wordCount":844,"publisher":{"@id":"https:\/\/alcompasrevista.com\/#organization"},"image":{"@id":"https:\/\/alcompasrevista.com\/va\/archivos\/6577#primaryimage"},"thumbnailUrl":"https:\/\/alcompasrevista.com\/wp-content\/uploads\/2022\/05\/Noviembre-de-1977.-Presentacion-del-nuevo-director-Jose-Miguel-Del-Valle.-Aristides-primera-fila-izquierda.-1.jpeg","articleSection":["#Qui\u00e9squi"],"inLanguage":"va"},{"@type":"WebPage","@id":"https:\/\/alcompasrevista.com\/va\/archivos\/6577","url":"https:\/\/alcompasrevista.com\/va\/archivos\/6577","name":"Ar\u00edstides Rico. Premi EUTERPE a tota una vida de dedicaci\u00f3 a la seua Societat Musical - Revista Al Comp\u00e0s","isPartOf":{"@id":"https:\/\/alcompasrevista.com\/#website"},"primaryImageOfPage":{"@id":"https:\/\/alcompasrevista.com\/va\/archivos\/6577#primaryimage"},"image":{"@id":"https:\/\/alcompasrevista.com\/va\/archivos\/6577#primaryimage"},"thumbnailUrl":"https:\/\/alcompasrevista.com\/wp-content\/uploads\/2022\/05\/Noviembre-de-1977.-Presentacion-del-nuevo-director-Jose-Miguel-Del-Valle.-Aristides-primera-fila-izquierda.-1.jpeg","datePublished":"2022-05-16T09:10:19+00:00","dateModified":"2022-05-23T10:25:47+00:00","breadcrumb":{"@id":"https:\/\/alcompasrevista.com\/va\/archivos\/6577#breadcrumb"},"inLanguage":"va","potentialAction":[{"@type":"ReadAction","target":["https:\/\/alcompasrevista.com\/va\/archivos\/6577"]}]},{"@type":"ImageObject","inLanguage":"va","@id":"https:\/\/alcompasrevista.com\/va\/archivos\/6577#primaryimage","url":"https:\/\/alcompasrevista.com\/wp-content\/uploads\/2022\/05\/Noviembre-de-1977.-Presentacion-del-nuevo-director-Jose-Miguel-Del-Valle.-Aristides-primera-fila-izquierda.-1.jpeg","contentUrl":"https:\/\/alcompasrevista.com\/wp-content\/uploads\/2022\/05\/Noviembre-de-1977.-Presentacion-del-nuevo-director-Jose-Miguel-Del-Valle.-Aristides-primera-fila-izquierda.-1.jpeg","width":1600,"height":1200,"caption":"Noviembre-de-1977.-Presentacion-del-nuevo-director-Jose-Miguel-Del-Valle.-Aristides-primera-fila-izquierda."},{"@type":"BreadcrumbList","@id":"https:\/\/alcompasrevista.com\/va\/archivos\/6577#breadcrumb","itemListElement":[{"@type":"ListItem","position":1,"name":"Portada","item":"https:\/\/alcompasrevista.com\/va"},{"@type":"ListItem","position":2,"name":"Ar\u00edstides Rico. Premi EUTERPE a tota una vida de dedicaci\u00f3 a la seua Societat Musical"}]},{"@type":"WebSite","@id":"https:\/\/alcompasrevista.com\/#website","url":"https:\/\/alcompasrevista.com\/","name":"Revista Al Comp\u00e0s","description":"Un proyecto de la Federaci\u00f3n de Sociedades Musicales de la Comunidad Valenciana","publisher":{"@id":"https:\/\/alcompasrevista.com\/#organization"},"potentialAction":[{"@type":"SearchAction","target":{"@type":"EntryPoint","urlTemplate":"https:\/\/alcompasrevista.com\/?s={search_term_string}"},"query-input":{"@type":"PropertyValueSpecification","valueRequired":true,"valueName":"search_term_string"}}],"inLanguage":"va"},{"@type":"Organization","@id":"https:\/\/alcompasrevista.com\/#organization","name":"Revista Al Comp\u00e0s","url":"https:\/\/alcompasrevista.com\/","logo":{"@type":"ImageObject","inLanguage":"va","@id":"https:\/\/alcompasrevista.com\/#\/schema\/logo\/image\/","url":"https:\/\/alcompasrevista.com\/wp-content\/uploads\/2022\/04\/cropped-loog_blanco.png","contentUrl":"https:\/\/alcompasrevista.com\/wp-content\/uploads\/2022\/04\/cropped-loog_blanco.png","width":1612,"height":724,"caption":"Revista Al Comp\u00e0s"},"image":{"@id":"https:\/\/alcompasrevista.com\/#\/schema\/logo\/image\/"}},{"@type":"Person","@id":"https:\/\/alcompasrevista.com\/#\/schema\/person\/0f092e7196386afa42171db0d19a38ff","name":"Redacci\u00f3n","image":{"@type":"ImageObject","inLanguage":"va","@id":"https:\/\/secure.gravatar.com\/avatar\/e2831619d4dae93995d3da450c50013d912e0b8bdf34d9ea00126d97c2b7702e?s=96&d=mm&r=g","url":"https:\/\/secure.gravatar.com\/avatar\/e2831619d4dae93995d3da450c50013d912e0b8bdf34d9ea00126d97c2b7702e?s=96&d=mm&r=g","contentUrl":"https:\/\/secure.gravatar.com\/avatar\/e2831619d4dae93995d3da450c50013d912e0b8bdf34d9ea00126d97c2b7702e?s=96&d=mm&r=g","caption":"Redacci\u00f3n"},"url":"https:\/\/alcompasrevista.com\/va\/archivos\/author\/257_webmaster"}]}},"_links":{"self":[{"href":"https:\/\/alcompasrevista.com\/va\/wp-json\/wp\/v2\/posts\/6577","targetHints":{"allow":["GET"]}}],"collection":[{"href":"https:\/\/alcompasrevista.com\/va\/wp-json\/wp\/v2\/posts"}],"about":[{"href":"https:\/\/alcompasrevista.com\/va\/wp-json\/wp\/v2\/types\/post"}],"author":[{"embeddable":true,"href":"https:\/\/alcompasrevista.com\/va\/wp-json\/wp\/v2\/users\/860004"}],"replies":[{"embeddable":true,"href":"https:\/\/alcompasrevista.com\/va\/wp-json\/wp\/v2\/comments?post=6577"}],"version-history":[{"count":0,"href":"https:\/\/alcompasrevista.com\/va\/wp-json\/wp\/v2\/posts\/6577\/revisions"}],"wp:featuredmedia":[{"embeddable":true,"href":"https:\/\/alcompasrevista.com\/va\/wp-json\/wp\/v2\/media\/6572"}],"wp:attachment":[{"href":"https:\/\/alcompasrevista.com\/va\/wp-json\/wp\/v2\/media?parent=6577"}],"wp:term":[{"taxonomy":"category","embeddable":true,"href":"https:\/\/alcompasrevista.com\/va\/wp-json\/wp\/v2\/categories?post=6577"},{"taxonomy":"post_tag","embeddable":true,"href":"https:\/\/alcompasrevista.com\/va\/wp-json\/wp\/v2\/tags?post=6577"},{"taxonomy":"portada","embeddable":true,"href":"https:\/\/alcompasrevista.com\/va\/wp-json\/wp\/v2\/portada?post=6577"}],"curies":[{"name":"wp","href":"https:\/\/api.w.org\/{rel}","templated":true}]}}