{"id":6398,"date":"2022-05-10T13:21:36","date_gmt":"2022-05-10T11:21:36","guid":{"rendered":"https:\/\/alcompasrevista.com\/?p=6398"},"modified":"2022-05-10T13:39:42","modified_gmt":"2022-05-10T11:39:42","slug":"xi-trobada-descoles-de-musica-de-lhorta-nord-a-foios","status":"publish","type":"post","link":"https:\/\/alcompasrevista.com\/va\/archivos\/6398","title":{"rendered":"XI Trobada d&#8217;escoles de m\u00fasica de l&#8217;Horta Nord a Foios"},"content":{"rendered":"\n<p>Este cap de setmana s&#8217;ha celebrat a Foios la XI trobada d&#8217;escoles de m\u00fasica, bandes i orquestres juvenils de L&#8217;Horta Nord. Han sigut al voltant de 900 m\u00fasics els que es reunien la vesprada de dissabte en una jornada emmarcada dins de la campanya d&#8217;activitats comarcals de la FSMCV i que tamb\u00e9 forma part de les activitats previstes pel C.A.M. Santa Cec\u00edlia de Foios per a celebrar el seu centenari.<br>Han participat 23 bandes, set orquestres, un cor i un grup de tabal i dol\u00e7aina, d&#8217;un total 24 societats musicals.<br>La presidenta de la FSMCV, Daniela Gonz\u00e1lez, i el president provincial de Val\u00e8ncia de la FSMCV, Joan Bocanegra, van assistir a l&#8217;esdeveniment.<br>Gabriel Garc\u00eda, president comarcal de l&#8217;Horta Nord valorava aquesta trobada: \u201cha sigut una activitat que, despr\u00e9s d&#8217;un per\u00edode de restriccions, ha tingut una resposta massiva i molt bona; la capacitat de la C.A.M. Santa Cec\u00edlia ha sigut impressionant. La jornada ha sigut immillorable, hem tingut un temps bon\u00edssim i una participaci\u00f3 espectacular. Els actes s&#8217;han desenvolupat com estaven previstos\u201d<br>La Casa de la Cultura i l&#8217;Auditori de la Societat Musical de Foios van ser les ubicacions seleccionades en les quals les bandes van comen\u00e7ar a interpretar l&#8217;obra \u201cFesta Time\u201d, dos ubicacions diferents en les quals s&#8217;han anat succeint les actuacions de la resta de bandes. Segons Garc\u00eda: \u201cEstos dos espais es van quedar xicotets a l&#8217;hora d&#8217;acollir a tots els que volien gaudir del certamen\u201d<br>Un dels actes previstos consisteix en un taller de pintura contempor\u00e0nia en el qual han pogut participar tots els m\u00fasics ja que l&#8217;organitzaci\u00f3 es va encarregar de que els participants pogueren aprofitar la festa al m\u00e0xim.<br>A \u00faltima hora de la vesprada se celebrava la cercavila de les bandes, que comen\u00e7ava en tres punts diferents del municipi culminant en la pla\u00e7a, on s\u2019interpretava com a pe\u00e7a conjunta el pasdoble \u201cFesta a Benidorm\u201d i on s&#8217;entregaven diferents premis i esments als presidents de cada societat musical i als alcaldes de les localitats participants.<br>Un manifest llegit durant la celebraci\u00f3 recollia els punts d&#8217;inter\u00e9s de la trobada, les inquietuds i els desitjos futurs. Una de les reivindicacions m\u00e9s important s \u00e9s el manteniment de l\u2019assignatura de m\u00fasica en l\u2019ESO. <\/p>\n\n\n\n<p><a href=\"https:\/\/alcompasrevista.com\/wp-content\/uploads\/2022\/05\/Manifest-Foios_v0.pdf\" target=\"_blank\" rel=\"noreferrer noopener\">PUNXA AC\u00cd PER A LLEGIR EL MANIFEST COMPLET<\/a><\/p>\n\n\n\n<p><br>El colof\u00f3 final a aquest esdeveniment el posava un sopar de germanor entre tots els m\u00fasics amenitzat, com no, amb m\u00fasica.<\/p>\n\n\n\n<figure class=\"wp-block-gallery has-nested-images columns-default is-cropped wp-block-gallery-1 is-layout-flex wp-block-gallery-is-layout-flex\">\n<figure class=\"wp-block-image size-large\"><img decoding=\"async\" data-id=\"6400\" src=\"https:\/\/alcompasrevista.com\/wp-content\/uploads\/2022\/05\/WhatsApp-Image-2022-05-09-at-12.24.54-PM-1-1024x683.jpeg\" alt=\"\" class=\"wp-image-6400\"\/><\/figure>\n\n\n\n<figure class=\"wp-block-image size-large\"><img decoding=\"async\" data-id=\"6401\" src=\"https:\/\/alcompasrevista.com\/wp-content\/uploads\/2022\/05\/WhatsApp-Image-2022-05-09-at-12.24.15-PM-2-1-768x1024.jpeg\" alt=\"\" class=\"wp-image-6401\"\/><\/figure>\n\n\n\n<figure class=\"wp-block-image size-large\"><img decoding=\"async\" data-id=\"6402\" src=\"https:\/\/alcompasrevista.com\/wp-content\/uploads\/2022\/05\/WhatsApp-Image-2022-05-09-at-12.24.15-PM-1-1-1024x768.jpeg\" alt=\"\" class=\"wp-image-6402\"\/><\/figure>\n\n\n\n<figure class=\"wp-block-image size-large\"><img decoding=\"async\" data-id=\"6404\" src=\"https:\/\/alcompasrevista.com\/wp-content\/uploads\/2022\/05\/WhatsApp-Image-2022-05-09-at-12.24.15-PM-3-1024x768.jpeg\" alt=\"\" class=\"wp-image-6404\"\/><\/figure>\n\n\n\n<figure class=\"wp-block-image size-large\"><img loading=\"lazy\" decoding=\"async\" width=\"575\" height=\"1024\" data-id=\"6403\" src=\"https:\/\/alcompasrevista.com\/wp-content\/uploads\/2022\/05\/WhatsApp-Image-2022-05-09-at-11.12.17-AM-1-1-575x1024.jpeg\" alt=\"\" class=\"wp-image-6403\" srcset=\"https:\/\/alcompasrevista.com\/wp-content\/uploads\/2022\/05\/WhatsApp-Image-2022-05-09-at-11.12.17-AM-1-1-575x1024.jpeg 575w, https:\/\/alcompasrevista.com\/wp-content\/uploads\/2022\/05\/WhatsApp-Image-2022-05-09-at-11.12.17-AM-1-1-168x300.jpeg 168w, https:\/\/alcompasrevista.com\/wp-content\/uploads\/2022\/05\/WhatsApp-Image-2022-05-09-at-11.12.17-AM-1-1-768x1368.jpeg 768w, https:\/\/alcompasrevista.com\/wp-content\/uploads\/2022\/05\/WhatsApp-Image-2022-05-09-at-11.12.17-AM-1-1-863x1536.jpeg 863w, https:\/\/alcompasrevista.com\/wp-content\/uploads\/2022\/05\/WhatsApp-Image-2022-05-09-at-11.12.17-AM-1-1.jpeg 1150w\" sizes=\"auto, (max-width: 575px) 100vw, 575px\" \/><\/figure>\n<\/figure>\n","protected":false},"excerpt":{"rendered":"<p>Este cap de setmana s&#8217;ha celebrat a Foios la XI trobada d&#8217;escoles de m\u00fasica, bandes i orquestres juvenils de L&#8217;Horta Nord. Han sigut al voltant de 900 m\u00fasics els que es reunien la vesprada de dissabte en una jornada emmarcada dins de la campanya d&#8217;activitats comarcals de la FSMCV i que tamb\u00e9 forma part de les activitats previstes pel C.A.M . Santa Cec\u00edlia de Foios per a celebrar el seu centenari.<\/p>\n","protected":false},"author":860004,"featured_media":6396,"comment_status":"closed","ping_status":"closed","sticky":false,"template":"","format":"standard","meta":{"footnotes":""},"categories":[29],"tags":[],"portada":[],"class_list":["post-6398","post","type-post","status-publish","format-standard","has-post-thumbnail","hentry","category-noticies-va"],"yoast_head":"<!-- This site is optimized with the Yoast SEO plugin v27.4 - https:\/\/yoast.com\/product\/yoast-seo-wordpress\/ -->\n<title>XI Trobada d&#039;escoles de m\u00fasica de l&#039;Horta Nord a Foios - Revista Al Comp\u00e0s<\/title>\n<meta name=\"robots\" content=\"index, follow, max-snippet:-1, max-image-preview:large, max-video-preview:-1\" \/>\n<link rel=\"canonical\" href=\"https:\/\/alcompasrevista.com\/va\/archivos\/6398\" \/>\n<meta property=\"og:locale\" content=\"en_US\" \/>\n<meta property=\"og:type\" content=\"article\" \/>\n<meta property=\"og:title\" content=\"XI Trobada d&#039;escoles de m\u00fasica de l&#039;Horta Nord a Foios - Revista Al Comp\u00e0s\" \/>\n<meta property=\"og:description\" content=\"Este cap de setmana s&#039;ha celebrat a Foios la XI trobada d&#039;escoles de m\u00fasica, bandes i orquestres juvenils de L&#039;Horta Nord. Han sigut al voltant de 900 m\u00fasics els que es reunien la vesprada de dissabte en una jornada emmarcada dins de la campanya d&#039;activitats comarcals de la FSMCV i que tamb\u00e9 forma part de les activitats previstes pel C.A.M . Santa Cec\u00edlia de Foios per a celebrar el seu centenari.\" \/>\n<meta property=\"og:url\" content=\"https:\/\/alcompasrevista.com\/va\/archivos\/6398\" \/>\n<meta property=\"og:site_name\" content=\"Revista Al Comp\u00e0s\" \/>\n<meta property=\"article:published_time\" content=\"2022-05-10T11:21:36+00:00\" \/>\n<meta property=\"article:modified_time\" content=\"2022-05-10T11:39:42+00:00\" \/>\n<meta property=\"og:image\" content=\"https:\/\/alcompasrevista.com\/wp-content\/uploads\/2022\/05\/WhatsApp-Image-2022-05-09-at-11.12.18-AM.jpeg\" \/>\n\t<meta property=\"og:image:width\" content=\"2000\" \/>\n\t<meta property=\"og:image:height\" content=\"1496\" \/>\n\t<meta property=\"og:image:type\" content=\"image\/jpeg\" \/>\n<meta name=\"author\" content=\"Redacci\u00f3n\" \/>\n<meta name=\"twitter:card\" content=\"summary_large_image\" \/>\n<meta name=\"twitter:label1\" content=\"Written by\" \/>\n\t<meta name=\"twitter:data1\" content=\"Redacci\u00f3\" \/>\n\t<meta name=\"twitter:label2\" content=\"Est. reading time\" \/>\n\t<meta name=\"twitter:data2\" content=\"3 minutes\" \/>\n<script type=\"application\/ld+json\" class=\"yoast-schema-graph\">{\"@context\":\"https:\\\/\\\/schema.org\",\"@graph\":[{\"@type\":\"Article\",\"@id\":\"https:\\\/\\\/alcompasrevista.com\\\/va\\\/archivos\\\/6398#article\",\"isPartOf\":{\"@id\":\"https:\\\/\\\/alcompasrevista.com\\\/va\\\/archivos\\\/6398\"},\"author\":{\"name\":\"Redacci\u00f3n\",\"@id\":\"https:\\\/\\\/alcompasrevista.com\\\/#\\\/schema\\\/person\\\/0f092e7196386afa42171db0d19a38ff\"},\"headline\":\"XI Trobada d&#8217;escoles de m\u00fasica de l&#8217;Horta Nord a Foios\",\"datePublished\":\"2022-05-10T11:21:36+00:00\",\"dateModified\":\"2022-05-10T11:39:42+00:00\",\"mainEntityOfPage\":{\"@id\":\"https:\\\/\\\/alcompasrevista.com\\\/va\\\/archivos\\\/6398\"},\"wordCount\":451,\"publisher\":{\"@id\":\"https:\\\/\\\/alcompasrevista.com\\\/#organization\"},\"image\":{\"@id\":\"https:\\\/\\\/alcompasrevista.com\\\/va\\\/archivos\\\/6398#primaryimage\"},\"thumbnailUrl\":\"https:\\\/\\\/alcompasrevista.com\\\/wp-content\\\/uploads\\\/2022\\\/05\\\/WhatsApp-Image-2022-05-09-at-11.12.18-AM.jpeg\",\"articleSection\":[\"#Not\u00edcies\"],\"inLanguage\":\"va\"},{\"@type\":\"WebPage\",\"@id\":\"https:\\\/\\\/alcompasrevista.com\\\/va\\\/archivos\\\/6398\",\"url\":\"https:\\\/\\\/alcompasrevista.com\\\/va\\\/archivos\\\/6398\",\"name\":\"XI Trobada d'escoles de m\u00fasica de l'Horta Nord a Foios - Revista Al Comp\u00e0s\",\"isPartOf\":{\"@id\":\"https:\\\/\\\/alcompasrevista.com\\\/#website\"},\"primaryImageOfPage\":{\"@id\":\"https:\\\/\\\/alcompasrevista.com\\\/va\\\/archivos\\\/6398#primaryimage\"},\"image\":{\"@id\":\"https:\\\/\\\/alcompasrevista.com\\\/va\\\/archivos\\\/6398#primaryimage\"},\"thumbnailUrl\":\"https:\\\/\\\/alcompasrevista.com\\\/wp-content\\\/uploads\\\/2022\\\/05\\\/WhatsApp-Image-2022-05-09-at-11.12.18-AM.jpeg\",\"datePublished\":\"2022-05-10T11:21:36+00:00\",\"dateModified\":\"2022-05-10T11:39:42+00:00\",\"breadcrumb\":{\"@id\":\"https:\\\/\\\/alcompasrevista.com\\\/va\\\/archivos\\\/6398#breadcrumb\"},\"inLanguage\":\"va\",\"potentialAction\":[{\"@type\":\"ReadAction\",\"target\":[\"https:\\\/\\\/alcompasrevista.com\\\/va\\\/archivos\\\/6398\"]}]},{\"@type\":\"ImageObject\",\"inLanguage\":\"va\",\"@id\":\"https:\\\/\\\/alcompasrevista.com\\\/va\\\/archivos\\\/6398#primaryimage\",\"url\":\"https:\\\/\\\/alcompasrevista.com\\\/wp-content\\\/uploads\\\/2022\\\/05\\\/WhatsApp-Image-2022-05-09-at-11.12.18-AM.jpeg\",\"contentUrl\":\"https:\\\/\\\/alcompasrevista.com\\\/wp-content\\\/uploads\\\/2022\\\/05\\\/WhatsApp-Image-2022-05-09-at-11.12.18-AM.jpeg\",\"width\":2000,\"height\":1496},{\"@type\":\"BreadcrumbList\",\"@id\":\"https:\\\/\\\/alcompasrevista.com\\\/va\\\/archivos\\\/6398#breadcrumb\",\"itemListElement\":[{\"@type\":\"ListItem\",\"position\":1,\"name\":\"Portada\",\"item\":\"https:\\\/\\\/alcompasrevista.com\\\/va\"},{\"@type\":\"ListItem\",\"position\":2,\"name\":\"XI Trobada d&#8217;escoles de m\u00fasica de l&#8217;Horta Nord a Foios\"}]},{\"@type\":\"WebSite\",\"@id\":\"https:\\\/\\\/alcompasrevista.com\\\/#website\",\"url\":\"https:\\\/\\\/alcompasrevista.com\\\/\",\"name\":\"Revista Al Comp\u00e0s\",\"description\":\"Un proyecto de la Federaci\u00f3n de Sociedades Musicales de la Comunidad Valenciana\",\"publisher\":{\"@id\":\"https:\\\/\\\/alcompasrevista.com\\\/#organization\"},\"potentialAction\":[{\"@type\":\"SearchAction\",\"target\":{\"@type\":\"EntryPoint\",\"urlTemplate\":\"https:\\\/\\\/alcompasrevista.com\\\/?s={search_term_string}\"},\"query-input\":{\"@type\":\"PropertyValueSpecification\",\"valueRequired\":true,\"valueName\":\"search_term_string\"}}],\"inLanguage\":\"va\"},{\"@type\":\"Organization\",\"@id\":\"https:\\\/\\\/alcompasrevista.com\\\/#organization\",\"name\":\"Revista Al Comp\u00e0s\",\"url\":\"https:\\\/\\\/alcompasrevista.com\\\/\",\"logo\":{\"@type\":\"ImageObject\",\"inLanguage\":\"va\",\"@id\":\"https:\\\/\\\/alcompasrevista.com\\\/#\\\/schema\\\/logo\\\/image\\\/\",\"url\":\"https:\\\/\\\/alcompasrevista.com\\\/wp-content\\\/uploads\\\/2022\\\/04\\\/cropped-loog_blanco.png\",\"contentUrl\":\"https:\\\/\\\/alcompasrevista.com\\\/wp-content\\\/uploads\\\/2022\\\/04\\\/cropped-loog_blanco.png\",\"width\":1612,\"height\":724,\"caption\":\"Revista Al Comp\u00e0s\"},\"image\":{\"@id\":\"https:\\\/\\\/alcompasrevista.com\\\/#\\\/schema\\\/logo\\\/image\\\/\"}},{\"@type\":\"Person\",\"@id\":\"https:\\\/\\\/alcompasrevista.com\\\/#\\\/schema\\\/person\\\/0f092e7196386afa42171db0d19a38ff\",\"name\":\"Redacci\u00f3n\",\"image\":{\"@type\":\"ImageObject\",\"inLanguage\":\"va\",\"@id\":\"https:\\\/\\\/secure.gravatar.com\\\/avatar\\\/e2831619d4dae93995d3da450c50013d912e0b8bdf34d9ea00126d97c2b7702e?s=96&d=mm&r=g\",\"url\":\"https:\\\/\\\/secure.gravatar.com\\\/avatar\\\/e2831619d4dae93995d3da450c50013d912e0b8bdf34d9ea00126d97c2b7702e?s=96&d=mm&r=g\",\"contentUrl\":\"https:\\\/\\\/secure.gravatar.com\\\/avatar\\\/e2831619d4dae93995d3da450c50013d912e0b8bdf34d9ea00126d97c2b7702e?s=96&d=mm&r=g\",\"caption\":\"Redacci\u00f3n\"},\"url\":\"https:\\\/\\\/alcompasrevista.com\\\/va\\\/archivos\\\/author\\\/257_webmaster\"}]}<\/script>\n<!-- \/ Yoast SEO plugin. -->","yoast_head_json":{"title":"XI Trobada d'escoles de m\u00fasica de l'Horta Nord a Foios - Revista Al Comp\u00e0s","robots":{"index":"index","follow":"follow","max-snippet":"max-snippet:-1","max-image-preview":"max-image-preview:large","max-video-preview":"max-video-preview:-1"},"canonical":"https:\/\/alcompasrevista.com\/va\/archivos\/6398","og_locale":"en_US","og_type":"article","og_title":"XI Trobada d'escoles de m\u00fasica de l'Horta Nord a Foios - Revista Al Comp\u00e0s","og_description":"Este cap de setmana s'ha celebrat a Foios la XI trobada d'escoles de m\u00fasica, bandes i orquestres juvenils de L'Horta Nord. Han sigut al voltant de 900 m\u00fasics els que es reunien la vesprada de dissabte en una jornada emmarcada dins de la campanya d'activitats comarcals de la FSMCV i que tamb\u00e9 forma part de les activitats previstes pel C.A.M . Santa Cec\u00edlia de Foios per a celebrar el seu centenari.","og_url":"https:\/\/alcompasrevista.com\/va\/archivos\/6398","og_site_name":"Revista Al Comp\u00e0s","article_published_time":"2022-05-10T11:21:36+00:00","article_modified_time":"2022-05-10T11:39:42+00:00","og_image":[{"width":2000,"height":1496,"url":"https:\/\/alcompasrevista.com\/wp-content\/uploads\/2022\/05\/WhatsApp-Image-2022-05-09-at-11.12.18-AM.jpeg","type":"image\/jpeg"}],"author":"Redacci\u00f3n","twitter_card":"summary_large_image","twitter_misc":{"Written by":"Redacci\u00f3","Est. reading time":"3 minutes"},"schema":{"@context":"https:\/\/schema.org","@graph":[{"@type":"Article","@id":"https:\/\/alcompasrevista.com\/va\/archivos\/6398#article","isPartOf":{"@id":"https:\/\/alcompasrevista.com\/va\/archivos\/6398"},"author":{"name":"Redacci\u00f3n","@id":"https:\/\/alcompasrevista.com\/#\/schema\/person\/0f092e7196386afa42171db0d19a38ff"},"headline":"XI Trobada d&#8217;escoles de m\u00fasica de l&#8217;Horta Nord a Foios","datePublished":"2022-05-10T11:21:36+00:00","dateModified":"2022-05-10T11:39:42+00:00","mainEntityOfPage":{"@id":"https:\/\/alcompasrevista.com\/va\/archivos\/6398"},"wordCount":451,"publisher":{"@id":"https:\/\/alcompasrevista.com\/#organization"},"image":{"@id":"https:\/\/alcompasrevista.com\/va\/archivos\/6398#primaryimage"},"thumbnailUrl":"https:\/\/alcompasrevista.com\/wp-content\/uploads\/2022\/05\/WhatsApp-Image-2022-05-09-at-11.12.18-AM.jpeg","articleSection":["#Not\u00edcies"],"inLanguage":"va"},{"@type":"WebPage","@id":"https:\/\/alcompasrevista.com\/va\/archivos\/6398","url":"https:\/\/alcompasrevista.com\/va\/archivos\/6398","name":"XI Trobada d'escoles de m\u00fasica de l'Horta Nord a Foios - Revista Al Comp\u00e0s","isPartOf":{"@id":"https:\/\/alcompasrevista.com\/#website"},"primaryImageOfPage":{"@id":"https:\/\/alcompasrevista.com\/va\/archivos\/6398#primaryimage"},"image":{"@id":"https:\/\/alcompasrevista.com\/va\/archivos\/6398#primaryimage"},"thumbnailUrl":"https:\/\/alcompasrevista.com\/wp-content\/uploads\/2022\/05\/WhatsApp-Image-2022-05-09-at-11.12.18-AM.jpeg","datePublished":"2022-05-10T11:21:36+00:00","dateModified":"2022-05-10T11:39:42+00:00","breadcrumb":{"@id":"https:\/\/alcompasrevista.com\/va\/archivos\/6398#breadcrumb"},"inLanguage":"va","potentialAction":[{"@type":"ReadAction","target":["https:\/\/alcompasrevista.com\/va\/archivos\/6398"]}]},{"@type":"ImageObject","inLanguage":"va","@id":"https:\/\/alcompasrevista.com\/va\/archivos\/6398#primaryimage","url":"https:\/\/alcompasrevista.com\/wp-content\/uploads\/2022\/05\/WhatsApp-Image-2022-05-09-at-11.12.18-AM.jpeg","contentUrl":"https:\/\/alcompasrevista.com\/wp-content\/uploads\/2022\/05\/WhatsApp-Image-2022-05-09-at-11.12.18-AM.jpeg","width":2000,"height":1496},{"@type":"BreadcrumbList","@id":"https:\/\/alcompasrevista.com\/va\/archivos\/6398#breadcrumb","itemListElement":[{"@type":"ListItem","position":1,"name":"Portada","item":"https:\/\/alcompasrevista.com\/va"},{"@type":"ListItem","position":2,"name":"XI Trobada d&#8217;escoles de m\u00fasica de l&#8217;Horta Nord a Foios"}]},{"@type":"WebSite","@id":"https:\/\/alcompasrevista.com\/#website","url":"https:\/\/alcompasrevista.com\/","name":"Revista Al Comp\u00e0s","description":"Un proyecto de la Federaci\u00f3n de Sociedades Musicales de la Comunidad Valenciana","publisher":{"@id":"https:\/\/alcompasrevista.com\/#organization"},"potentialAction":[{"@type":"SearchAction","target":{"@type":"EntryPoint","urlTemplate":"https:\/\/alcompasrevista.com\/?s={search_term_string}"},"query-input":{"@type":"PropertyValueSpecification","valueRequired":true,"valueName":"search_term_string"}}],"inLanguage":"va"},{"@type":"Organization","@id":"https:\/\/alcompasrevista.com\/#organization","name":"Revista Al Comp\u00e0s","url":"https:\/\/alcompasrevista.com\/","logo":{"@type":"ImageObject","inLanguage":"va","@id":"https:\/\/alcompasrevista.com\/#\/schema\/logo\/image\/","url":"https:\/\/alcompasrevista.com\/wp-content\/uploads\/2022\/04\/cropped-loog_blanco.png","contentUrl":"https:\/\/alcompasrevista.com\/wp-content\/uploads\/2022\/04\/cropped-loog_blanco.png","width":1612,"height":724,"caption":"Revista Al Comp\u00e0s"},"image":{"@id":"https:\/\/alcompasrevista.com\/#\/schema\/logo\/image\/"}},{"@type":"Person","@id":"https:\/\/alcompasrevista.com\/#\/schema\/person\/0f092e7196386afa42171db0d19a38ff","name":"Redacci\u00f3n","image":{"@type":"ImageObject","inLanguage":"va","@id":"https:\/\/secure.gravatar.com\/avatar\/e2831619d4dae93995d3da450c50013d912e0b8bdf34d9ea00126d97c2b7702e?s=96&d=mm&r=g","url":"https:\/\/secure.gravatar.com\/avatar\/e2831619d4dae93995d3da450c50013d912e0b8bdf34d9ea00126d97c2b7702e?s=96&d=mm&r=g","contentUrl":"https:\/\/secure.gravatar.com\/avatar\/e2831619d4dae93995d3da450c50013d912e0b8bdf34d9ea00126d97c2b7702e?s=96&d=mm&r=g","caption":"Redacci\u00f3n"},"url":"https:\/\/alcompasrevista.com\/va\/archivos\/author\/257_webmaster"}]}},"_links":{"self":[{"href":"https:\/\/alcompasrevista.com\/va\/wp-json\/wp\/v2\/posts\/6398","targetHints":{"allow":["GET"]}}],"collection":[{"href":"https:\/\/alcompasrevista.com\/va\/wp-json\/wp\/v2\/posts"}],"about":[{"href":"https:\/\/alcompasrevista.com\/va\/wp-json\/wp\/v2\/types\/post"}],"author":[{"embeddable":true,"href":"https:\/\/alcompasrevista.com\/va\/wp-json\/wp\/v2\/users\/860004"}],"replies":[{"embeddable":true,"href":"https:\/\/alcompasrevista.com\/va\/wp-json\/wp\/v2\/comments?post=6398"}],"version-history":[{"count":0,"href":"https:\/\/alcompasrevista.com\/va\/wp-json\/wp\/v2\/posts\/6398\/revisions"}],"wp:featuredmedia":[{"embeddable":true,"href":"https:\/\/alcompasrevista.com\/va\/wp-json\/wp\/v2\/media\/6396"}],"wp:attachment":[{"href":"https:\/\/alcompasrevista.com\/va\/wp-json\/wp\/v2\/media?parent=6398"}],"wp:term":[{"taxonomy":"category","embeddable":true,"href":"https:\/\/alcompasrevista.com\/va\/wp-json\/wp\/v2\/categories?post=6398"},{"taxonomy":"post_tag","embeddable":true,"href":"https:\/\/alcompasrevista.com\/va\/wp-json\/wp\/v2\/tags?post=6398"},{"taxonomy":"portada","embeddable":true,"href":"https:\/\/alcompasrevista.com\/va\/wp-json\/wp\/v2\/portada?post=6398"}],"curies":[{"name":"wp","href":"https:\/\/api.w.org\/{rel}","templated":true}]}}