{"id":3189,"date":"2022-04-29T01:05:59","date_gmt":"2022-04-28T23:05:59","guid":{"rendered":"https:\/\/alcompasrevista.com\/intentant-definir-la-musica-valenciana\/"},"modified":"2022-05-07T18:46:21","modified_gmt":"2022-05-07T16:46:21","slug":"intentant-definir-la-musica-valenciana","status":"publish","type":"post","link":"https:\/\/alcompasrevista.com\/va\/archivos\/3189","title":{"rendered":"Intentant definir la m\u00fasica valenciana"},"content":{"rendered":"\n<p>Diuen que el dia 29 d&#8217;abril se celebra el Dia de la M\u00fasica Valenciana.<\/p>\n\n\n\n<p>D&#8217;ac\u00ed un dels motius d&#8217;aquesta publicaci\u00f3 de la FSMCV -a la que agra\u00efsc, compten amb mi- que pret\u00e8n apropar i refor\u00e7ar el car\u00e0cter, la idiosincr\u00e0sia i l&#8217;ess\u00e8ncia dels m\u00fasics i m\u00fasiques valencianes.<\/p>\n\n\n\n<p>Diuen que el dia 29 d&#8217;abril se celebra el Dia de la M\u00fasica Valenciana i a mi m&#8217;han encomanat un xicotet article d&#8217;opini\u00f3. I jo, que no s\u00e9 definir qu\u00e8 \u00e9s la m\u00fasica valenciana. Aix\u00ed que me&#8217;n vaig a consultar-ho a l&#8217;Acad\u00e8mia Valenciana de la Llengua. Diu de la m\u00fasica que \u00e9s &#8220;l&#8217;art de combinar els sons d&#8217;acord amb les lleis de la melodia, l&#8217;harmonia i el ritme&#8221;. N&#8217;estem d&#8217;acord, clar. I de la segona part, de la valenciana, diu que \u00e9s una &#8220;pasta semblant a una magdalena, per\u00f2 de forma allargada&#8221;. Crec que no era eixa l&#8217;accepci\u00f3 que buscava, tamb\u00e9 et dic. Ens quedarem amb la primera part.<\/p>\n\n\n\n<p>Diuen que el dia 29 d&#8217;abril se celebra el Dia de la M\u00fasica Valenciana. I jo, que no s\u00e9 definir qu\u00e8 \u00e9s la m\u00fasica valenciana. Aix\u00ed que tanque els ulls, respire fons i m&#8217;inspire. O ho intente, perqu\u00e8 justament ac\u00ed dalt del pis on visc a Val\u00e8ncia tinc un m\u00fasic que toca el tromb\u00f3 i, vaja per on, s&#8217;ha posat ara a assajar. Que no ser\u00e0 aix\u00f2 la m\u00fasica valenciana? Tindre un ve\u00ed -o ve\u00efna- m\u00fasic? No s\u00e9. No em conven\u00e7 i, a m\u00e9s, tampoc em dona com per a escriure un article d&#8217;opini\u00f3 sobre aix\u00f2. Vaig a preguntar-ho pel grup de WhatsApp dels de #LaBanda (ja sabeu, eixe grup paral\u00b7lel que es crea al grup oficial de la Banda).<\/p>\n\n\n\n<p>Diuen que el dia 29 d&#8217;abril se celebra el Dia de la M\u00fasica Valenciana. I jo, que no s\u00e9 definir qu\u00e8 \u00e9s la m\u00fasica valenciana. I els meus amics del grup, tampoc. Per\u00f2 s\u00ed que comencen a contar-me an\u00e8cdotes&#8230; Com aquella vegada que vam anar a tocar a Festes d&#8217;Ontinyent i feia una calor de por, i acab\u00e0rem nadant al Pou Clar. O aquella vegada, per Santa Cec\u00edlia, que vam allargar massa el sopar i vam acabar esmorzant. O la primera audici\u00f3 que vam fer a la Casa de la M\u00fasica a la que va vindre la iaia, el iaio, el tio, la tia, el pare, la mare i el cos\u00ed xicotet que no parava de remugar. I veges t\u00fa qui es concentra aix\u00ed per a tocar. O aquella vegada que, en una <em>cotx\u00e0 <\/em>de m\u00fasics n&#8217;anaven tots dormint, menys t\u00fa que venies conduint de festes de la Vila Joiosa. O aquella vegada que vas fer les proves d&#8217;acc\u00e8s al Conservatori. O aquella vegada que vas anar a un concert de La F\u00famiga a la Pla\u00e7a de Bous de Val\u00e8ncia. O aquella vegada que vas anar al cinema a vore la peli &#8216;La Banda&#8217;, de Roberto Bueso. O aquella vegada que el t\u00e8cnic de so que et va encertar a la primera el volum de la claqueta que et sonava pel <em>pinga. <\/em>O aquella vegada que el teu grup de dol\u00e7aina i tabal van fer la primera cercavila. O aquell Concert de Nadal de la Coral del teu barri. O aquella primera vegada que vas subratllar una partitura amb colors <em>fosfi<\/em> per a estudiar-te-la i dirigir-la despr\u00e9s. O aquella classe de piano complementari. O aquella orquestra de tota la vida que assajava a un pol\u00edgon industrial de Gandia. O aquella vegada que et van oferir formar part de la junta directiva. O aquella vegada que vas escriure un article sobre qu\u00e8 era la m\u00fasica valenciana, i no sabies qu\u00e8 era la m\u00fasica valenciana. Per\u00f2, en realitat, s\u00ed que ho sabies.<\/p>\n\n\n\n<p>Perqu\u00e8 la m\u00fasica valenciana \u00e9s tot aix\u00f2, i molt m\u00e9s. Feli\u00e7 Dia de la M\u00fasica Valenciana.<\/p>\n","protected":false},"excerpt":{"rendered":"<p>Diuen que el dia 29 d&#8217;abril se celebra el Dia de la M\u00fasica Valenciana. s d&#8217;aquesta publicaci\u00f3 de la FSMCV -a la que agra\u00efsc, compten amb mi- que pret\u00e8n apropar i refor\u00e7ar el car\u00e0cter, la idiosincr\u00e0sia i l&#8217;ess\u00e8ncia dels m\u00fasics i m\u00fasiques valencianes.<\/p>\n","protected":false},"author":860007,"featured_media":0,"comment_status":"closed","ping_status":"closed","sticky":false,"template":"","format":"standard","meta":{"footnotes":""},"categories":[29],"tags":[],"portada":[],"class_list":["post-3189","post","type-post","status-publish","format-standard","hentry","category-noticies-va"],"yoast_head":"<!-- This site is optimized with the Yoast SEO plugin v27.4 - https:\/\/yoast.com\/product\/yoast-seo-wordpress\/ -->\n<title>Intentant definir la m\u00fasica valenciana - Revista Al Comp\u00e0s<\/title>\n<meta name=\"robots\" content=\"index, follow, max-snippet:-1, max-image-preview:large, max-video-preview:-1\" \/>\n<link rel=\"canonical\" href=\"https:\/\/alcompasrevista.com\/archivos\/2922\" \/>\n<meta property=\"og:locale\" content=\"en_US\" \/>\n<meta property=\"og:type\" content=\"article\" \/>\n<meta property=\"og:title\" content=\"Intentant definir la m\u00fasica valenciana - Revista Al Comp\u00e0s\" \/>\n<meta property=\"og:description\" content=\"Diuen que el dia 29 d&#039;abril se celebra el Dia de la M\u00fasica Valenciana. s d&#039;aquesta publicaci\u00f3 de la FSMCV -a la que agra\u00efsc, compten amb mi- que pret\u00e8n apropar i refor\u00e7ar el car\u00e0cter, la idiosincr\u00e0sia i l&#039;ess\u00e8ncia dels m\u00fasics i m\u00fasiques valencianes.\" \/>\n<meta property=\"og:url\" content=\"https:\/\/alcompasrevista.com\/archivos\/2922\" \/>\n<meta property=\"og:site_name\" content=\"Revista Al Comp\u00e0s\" \/>\n<meta property=\"article:published_time\" content=\"2022-04-28T23:05:59+00:00\" \/>\n<meta property=\"article:modified_time\" content=\"2022-05-07T16:46:21+00:00\" \/>\n<meta name=\"author\" content=\"Jordi Company\" \/>\n<meta name=\"twitter:card\" content=\"summary_large_image\" \/>\n<meta name=\"twitter:label1\" content=\"Written by\" \/>\n\t<meta name=\"twitter:data1\" content=\"Jordi Company\" \/>\n\t<meta name=\"twitter:label2\" content=\"Est. reading time\" \/>\n\t<meta name=\"twitter:data2\" content=\"3 minutes\" \/>\n<script type=\"application\/ld+json\" class=\"yoast-schema-graph\">{\"@context\":\"https:\\\/\\\/schema.org\",\"@graph\":[{\"@type\":\"Article\",\"@id\":\"https:\\\/\\\/alcompasrevista.com\\\/archivos\\\/2922#article\",\"isPartOf\":{\"@id\":\"https:\\\/\\\/alcompasrevista.com\\\/archivos\\\/2922\"},\"author\":{\"name\":\"Jordi Company\",\"@id\":\"https:\\\/\\\/alcompasrevista.com\\\/#\\\/schema\\\/person\\\/c473ab517d90dbe675b2a2e9b747da88\"},\"headline\":\"Intentant definir la m\u00fasica valenciana\",\"datePublished\":\"2022-04-28T23:05:59+00:00\",\"dateModified\":\"2022-05-07T16:46:21+00:00\",\"mainEntityOfPage\":{\"@id\":\"https:\\\/\\\/alcompasrevista.com\\\/archivos\\\/2922\"},\"wordCount\":688,\"publisher\":{\"@id\":\"https:\\\/\\\/alcompasrevista.com\\\/#organization\"},\"articleSection\":[\"#Not\u00edcies\"],\"inLanguage\":\"va\"},{\"@type\":\"WebPage\",\"@id\":\"https:\\\/\\\/alcompasrevista.com\\\/archivos\\\/2922\",\"url\":\"https:\\\/\\\/alcompasrevista.com\\\/archivos\\\/2922\",\"name\":\"Intentant definir la m\u00fasica valenciana - Revista Al Comp\u00e0s\",\"isPartOf\":{\"@id\":\"https:\\\/\\\/alcompasrevista.com\\\/#website\"},\"datePublished\":\"2022-04-28T23:05:59+00:00\",\"dateModified\":\"2022-05-07T16:46:21+00:00\",\"breadcrumb\":{\"@id\":\"https:\\\/\\\/alcompasrevista.com\\\/archivos\\\/2922#breadcrumb\"},\"inLanguage\":\"va\",\"potentialAction\":[{\"@type\":\"ReadAction\",\"target\":[\"https:\\\/\\\/alcompasrevista.com\\\/archivos\\\/2922\"]}]},{\"@type\":\"BreadcrumbList\",\"@id\":\"https:\\\/\\\/alcompasrevista.com\\\/archivos\\\/2922#breadcrumb\",\"itemListElement\":[{\"@type\":\"ListItem\",\"position\":1,\"name\":\"Portada\",\"item\":\"https:\\\/\\\/alcompasrevista.com\\\/va\"},{\"@type\":\"ListItem\",\"position\":2,\"name\":\"Intentant definir la m\u00fasica valenciana\"}]},{\"@type\":\"WebSite\",\"@id\":\"https:\\\/\\\/alcompasrevista.com\\\/#website\",\"url\":\"https:\\\/\\\/alcompasrevista.com\\\/\",\"name\":\"Revista Al Comp\u00e0s\",\"description\":\"Un proyecto de la Federaci\u00f3n de Sociedades Musicales de la Comunidad Valenciana\",\"publisher\":{\"@id\":\"https:\\\/\\\/alcompasrevista.com\\\/#organization\"},\"potentialAction\":[{\"@type\":\"SearchAction\",\"target\":{\"@type\":\"EntryPoint\",\"urlTemplate\":\"https:\\\/\\\/alcompasrevista.com\\\/?s={search_term_string}\"},\"query-input\":{\"@type\":\"PropertyValueSpecification\",\"valueRequired\":true,\"valueName\":\"search_term_string\"}}],\"inLanguage\":\"va\"},{\"@type\":\"Organization\",\"@id\":\"https:\\\/\\\/alcompasrevista.com\\\/#organization\",\"name\":\"Revista Al Comp\u00e0s\",\"url\":\"https:\\\/\\\/alcompasrevista.com\\\/\",\"logo\":{\"@type\":\"ImageObject\",\"inLanguage\":\"va\",\"@id\":\"https:\\\/\\\/alcompasrevista.com\\\/#\\\/schema\\\/logo\\\/image\\\/\",\"url\":\"https:\\\/\\\/alcompasrevista.com\\\/wp-content\\\/uploads\\\/2022\\\/04\\\/cropped-loog_blanco.png\",\"contentUrl\":\"https:\\\/\\\/alcompasrevista.com\\\/wp-content\\\/uploads\\\/2022\\\/04\\\/cropped-loog_blanco.png\",\"width\":1612,\"height\":724,\"caption\":\"Revista Al Comp\u00e0s\"},\"image\":{\"@id\":\"https:\\\/\\\/alcompasrevista.com\\\/#\\\/schema\\\/logo\\\/image\\\/\"}},{\"@type\":\"Person\",\"@id\":\"https:\\\/\\\/alcompasrevista.com\\\/#\\\/schema\\\/person\\\/c473ab517d90dbe675b2a2e9b747da88\",\"name\":\"Jordi Company\",\"image\":{\"@type\":\"ImageObject\",\"inLanguage\":\"va\",\"@id\":\"https:\\\/\\\/secure.gravatar.com\\\/avatar\\\/7cd0b883c29cc378aa260d4cac230035d52d229e39e075da1056fc0b6e712bae?s=96&d=mm&r=g\",\"url\":\"https:\\\/\\\/secure.gravatar.com\\\/avatar\\\/7cd0b883c29cc378aa260d4cac230035d52d229e39e075da1056fc0b6e712bae?s=96&d=mm&r=g\",\"contentUrl\":\"https:\\\/\\\/secure.gravatar.com\\\/avatar\\\/7cd0b883c29cc378aa260d4cac230035d52d229e39e075da1056fc0b6e712bae?s=96&d=mm&r=g\",\"caption\":\"Jordi Company\"},\"url\":\"https:\\\/\\\/alcompasrevista.com\\\/va\\\/archivos\\\/author\\\/jordi-company\"}]}<\/script>\n<!-- \/ Yoast SEO plugin. -->","yoast_head_json":{"title":"Intentant definir la m\u00fasica valenciana - Revista Al Comp\u00e0s","robots":{"index":"index","follow":"follow","max-snippet":"max-snippet:-1","max-image-preview":"max-image-preview:large","max-video-preview":"max-video-preview:-1"},"canonical":"https:\/\/alcompasrevista.com\/archivos\/2922","og_locale":"en_US","og_type":"article","og_title":"Intentant definir la m\u00fasica valenciana - Revista Al Comp\u00e0s","og_description":"Diuen que el dia 29 d'abril se celebra el Dia de la M\u00fasica Valenciana. s d'aquesta publicaci\u00f3 de la FSMCV -a la que agra\u00efsc, compten amb mi- que pret\u00e8n apropar i refor\u00e7ar el car\u00e0cter, la idiosincr\u00e0sia i l'ess\u00e8ncia dels m\u00fasics i m\u00fasiques valencianes.","og_url":"https:\/\/alcompasrevista.com\/archivos\/2922","og_site_name":"Revista Al Comp\u00e0s","article_published_time":"2022-04-28T23:05:59+00:00","article_modified_time":"2022-05-07T16:46:21+00:00","author":"Jordi Company","twitter_card":"summary_large_image","twitter_misc":{"Written by":"Jordi Company","Est. reading time":"3 minutes"},"schema":{"@context":"https:\/\/schema.org","@graph":[{"@type":"Article","@id":"https:\/\/alcompasrevista.com\/archivos\/2922#article","isPartOf":{"@id":"https:\/\/alcompasrevista.com\/archivos\/2922"},"author":{"name":"Jordi Company","@id":"https:\/\/alcompasrevista.com\/#\/schema\/person\/c473ab517d90dbe675b2a2e9b747da88"},"headline":"Intentant definir la m\u00fasica valenciana","datePublished":"2022-04-28T23:05:59+00:00","dateModified":"2022-05-07T16:46:21+00:00","mainEntityOfPage":{"@id":"https:\/\/alcompasrevista.com\/archivos\/2922"},"wordCount":688,"publisher":{"@id":"https:\/\/alcompasrevista.com\/#organization"},"articleSection":["#Not\u00edcies"],"inLanguage":"va"},{"@type":"WebPage","@id":"https:\/\/alcompasrevista.com\/archivos\/2922","url":"https:\/\/alcompasrevista.com\/archivos\/2922","name":"Intentant definir la m\u00fasica valenciana - Revista Al Comp\u00e0s","isPartOf":{"@id":"https:\/\/alcompasrevista.com\/#website"},"datePublished":"2022-04-28T23:05:59+00:00","dateModified":"2022-05-07T16:46:21+00:00","breadcrumb":{"@id":"https:\/\/alcompasrevista.com\/archivos\/2922#breadcrumb"},"inLanguage":"va","potentialAction":[{"@type":"ReadAction","target":["https:\/\/alcompasrevista.com\/archivos\/2922"]}]},{"@type":"BreadcrumbList","@id":"https:\/\/alcompasrevista.com\/archivos\/2922#breadcrumb","itemListElement":[{"@type":"ListItem","position":1,"name":"Portada","item":"https:\/\/alcompasrevista.com\/va"},{"@type":"ListItem","position":2,"name":"Intentant definir la m\u00fasica valenciana"}]},{"@type":"WebSite","@id":"https:\/\/alcompasrevista.com\/#website","url":"https:\/\/alcompasrevista.com\/","name":"Revista Al Comp\u00e0s","description":"Un proyecto de la Federaci\u00f3n de Sociedades Musicales de la Comunidad Valenciana","publisher":{"@id":"https:\/\/alcompasrevista.com\/#organization"},"potentialAction":[{"@type":"SearchAction","target":{"@type":"EntryPoint","urlTemplate":"https:\/\/alcompasrevista.com\/?s={search_term_string}"},"query-input":{"@type":"PropertyValueSpecification","valueRequired":true,"valueName":"search_term_string"}}],"inLanguage":"va"},{"@type":"Organization","@id":"https:\/\/alcompasrevista.com\/#organization","name":"Revista Al Comp\u00e0s","url":"https:\/\/alcompasrevista.com\/","logo":{"@type":"ImageObject","inLanguage":"va","@id":"https:\/\/alcompasrevista.com\/#\/schema\/logo\/image\/","url":"https:\/\/alcompasrevista.com\/wp-content\/uploads\/2022\/04\/cropped-loog_blanco.png","contentUrl":"https:\/\/alcompasrevista.com\/wp-content\/uploads\/2022\/04\/cropped-loog_blanco.png","width":1612,"height":724,"caption":"Revista Al Comp\u00e0s"},"image":{"@id":"https:\/\/alcompasrevista.com\/#\/schema\/logo\/image\/"}},{"@type":"Person","@id":"https:\/\/alcompasrevista.com\/#\/schema\/person\/c473ab517d90dbe675b2a2e9b747da88","name":"Jordi Company","image":{"@type":"ImageObject","inLanguage":"va","@id":"https:\/\/secure.gravatar.com\/avatar\/7cd0b883c29cc378aa260d4cac230035d52d229e39e075da1056fc0b6e712bae?s=96&d=mm&r=g","url":"https:\/\/secure.gravatar.com\/avatar\/7cd0b883c29cc378aa260d4cac230035d52d229e39e075da1056fc0b6e712bae?s=96&d=mm&r=g","contentUrl":"https:\/\/secure.gravatar.com\/avatar\/7cd0b883c29cc378aa260d4cac230035d52d229e39e075da1056fc0b6e712bae?s=96&d=mm&r=g","caption":"Jordi Company"},"url":"https:\/\/alcompasrevista.com\/va\/archivos\/author\/jordi-company"}]}},"_links":{"self":[{"href":"https:\/\/alcompasrevista.com\/va\/wp-json\/wp\/v2\/posts\/3189","targetHints":{"allow":["GET"]}}],"collection":[{"href":"https:\/\/alcompasrevista.com\/va\/wp-json\/wp\/v2\/posts"}],"about":[{"href":"https:\/\/alcompasrevista.com\/va\/wp-json\/wp\/v2\/types\/post"}],"author":[{"embeddable":true,"href":"https:\/\/alcompasrevista.com\/va\/wp-json\/wp\/v2\/users\/860007"}],"replies":[{"embeddable":true,"href":"https:\/\/alcompasrevista.com\/va\/wp-json\/wp\/v2\/comments?post=3189"}],"version-history":[{"count":0,"href":"https:\/\/alcompasrevista.com\/va\/wp-json\/wp\/v2\/posts\/3189\/revisions"}],"wp:attachment":[{"href":"https:\/\/alcompasrevista.com\/va\/wp-json\/wp\/v2\/media?parent=3189"}],"wp:term":[{"taxonomy":"category","embeddable":true,"href":"https:\/\/alcompasrevista.com\/va\/wp-json\/wp\/v2\/categories?post=3189"},{"taxonomy":"post_tag","embeddable":true,"href":"https:\/\/alcompasrevista.com\/va\/wp-json\/wp\/v2\/tags?post=3189"},{"taxonomy":"portada","embeddable":true,"href":"https:\/\/alcompasrevista.com\/va\/wp-json\/wp\/v2\/portada?post=3189"}],"curies":[{"name":"wp","href":"https:\/\/api.w.org\/{rel}","templated":true}]}}