{"id":2705,"date":"2022-04-29T01:04:44","date_gmt":"2022-04-28T23:04:44","guid":{"rendered":"https:\/\/alcompasrevista.com\/novetats-del-decret-2-2022-de-14-de-gener-de-regulacio-de-les-escoles-densenyament-artistic-no-forma-musica-i-arts-esceniques\/"},"modified":"2022-05-07T18:47:14","modified_gmt":"2022-05-07T16:47:14","slug":"novetats-del-decret-2-2022-de-14-de-gener-de-regulacio-de-les-escoles-densenyament-artistic-no-forma-musica-i-arts-esceniques","status":"publish","type":"post","link":"https:\/\/alcompasrevista.com\/va\/archivos\/2705","title":{"rendered":"Novetats del nou decret"},"content":{"rendered":"\n<figure class=\"wp-block-pullquote\"><blockquote><p>Novetats del nou decret de regulaci\u00f3 de les escoles de ensenyament art\u00edstic no formal de m\u00fasica i d&#8217;arts esc\u00e8niques<\/p><\/blockquote><\/figure>\n\n\n\n<p>El dilluns 7 de febrer va sortir publicat al DOGV el <a href=\"https:\/\/dogv.gva.es\/datos\/2022\/02\/07\/pdf\/2022_836.pdf\">nou decret<\/a>que marca a partir d&#8217;ara el cam\u00ed a seguir per les nostres escoles de m\u00fasica i tamb\u00e9 les d&#8217;arts esc\u00e8niques (dansa, teatre i circ). La seua publicaci\u00f3, tal com va quedar reflectit a les passades jornades que vam realitzar a Toledo en col\u00b7laboraci\u00f3 amb UEMyD (Uni\u00f3 Espanyola d&#8217;Escoles de M\u00fasica i Dansa), representa una oportunitat per consolidar un model d&#8217;escoles cada vegada m\u00e9s ric i d&#8217;acord amb les demandes de la societat del segle XXI i alhora coherent amb el que reflecteixen els cap\u00edtols 5 i 5 bis de la <a href=\"https:\/\/www.boe.es\/boe\/dias\/2020\/12\/30\/pdfs\/BOE-A-2020-17264.pdf\">LOMLOE<\/a> .<\/p>\n\n\n\n<p>Pel que fa a les escoles de m\u00fasica s\u00f3n poques les novetats, at\u00e8s que ja estaven regulades pel <a href=\"https:\/\/dogv.gva.es\/datos\/2013\/07\/09\/pdf\/2013_7200.pdf\">decret 91\/2013<\/a> , de 5 de juliol del Consell; les novetats se centren m\u00e9s a desenvolupar el model d&#8217;escoles de dansa, teatre i circ.<\/p>\n\n\n\n<p>La primera q\u00fcesti\u00f3 a tenir en compte \u00e9s que el decret no obliga de cap manera a obrir la porta a all\u00f2 que no puguem assumir per instal\u00b7lacions, espais i altres condicionants. Podem continuar sent escoles de m\u00fasica, sense cap problema.<\/p>\n\n\n\n<p>Hi ha una q\u00fcesti\u00f3 que s\u00ed que ha generat dubtes i ens hem posat en contacte amb la Conselleria d&#8217;Educaci\u00f3, Cultura i Esport per resoldre&#8217;ls; fa refer\u00e8ncia a la titulaci\u00f3 del professorat per impartir classes als nostres centres educatius i diu que a m\u00e9s del t\u00edtol necessari, caldr\u00e0 acreditar la formaci\u00f3 did\u00e0ctica necess\u00e0ria mitjan\u00e7ant 60 cr\u00e8dits de formaci\u00f3, en aquells casos en qu\u00e8 no comptessin ja amb aquesta formaci\u00f3. La primera q\u00fcesti\u00f3 \u00e9s que no es tracta de cr\u00e8dits ECTS (Universitat) sin\u00f3 de formaci\u00f3 del professorat i es poden aconseguir mitjan\u00e7ant cursos de formaci\u00f3 dels que oferim des del nostre Centre d&#8217;Estudis pel conveni amb qu\u00e8 comptem o des de la mateixa Conselleria. D&#8217;altra banda, ens han assegurat que aix\u00f2 no suposar\u00e0 problema a priori pel que fa al professorat que est\u00e0 treballant en aquest moment i que en alguns casos fa molts anys que est\u00e0 en exercici. Properament es regular\u00e0 i en els casos de professorat amb dos o m\u00e9s cursos dexperi\u00e8ncia sels reconeixeran els 60 cr\u00e8dits de formaci\u00f3. El decret representa un marc general i ara es desenvoluparan les ordres que regulin aquest i altres requisits. Tot i aix\u00f2, dir que no \u00e9s cap novetat, at\u00e8s que totes les lleis d&#8217;educaci\u00f3 des de la LOGSE fins ara han apuntat aquesta necessitat de formaci\u00f3 pedag\u00f2gica complement\u00e0ria, per\u00f2 nom\u00e9s en el cas del professorat d&#8217;Educaci\u00f3 Secund\u00e0ria i Batxillerat s&#8217;havia regulat fins ara (CAP o M\u00e0ster d&#8217;Educaci\u00f3 Secund\u00e0ria).<\/p>\n\n\n\n<p>Un altre canvi ressenyable \u00e9s el referent al requisit de formaci\u00f3 per als\/les directors\/es de les escoles; en aquest cas i at\u00e8s que s\u00ed que \u00e9s una novetat, hi ha una morat\u00f2ria de quatre anys per aconseguir les 130 hores de formaci\u00f3 per al desenvolupament de la funci\u00f3 directiva. Qui convoca aquests cursos de formaci\u00f3 per a directors\/es \u00e9s la mateixa Conselleria des del Servei de Formaci\u00f3 del Professorat i ja ens hem posat en contacte perqu\u00e8 n&#8217;assegurin la convocat\u00f2ria. En els casos del professorat que ja va realitzar el curs de formaci\u00f3 de directors a qualsevol de les dues edicions realitzades, ja ho t\u00e9 reconegut.<\/p>\n\n\n\n<p>Tamb\u00e9 apareixen reflectides les hores complement\u00e0ries (hores de treball realitzades pel professorat i dedicades a reunions o coordinacions); nom\u00e9s apuntar que si apareix al decret, es podran incloure com a despeses justificades a la convocat\u00f2ria de subvencions, igual que passa amb les hores de direcci\u00f3 del centre educatiu.<\/p>\n\n\n\n<p>En definitiva, hem de veure aquest decret com una possibilitat de creixement a la nostra tasca educativa i assumir-lo com un pas m\u00e9s per millorar dia a dia en el servei que oferim a la Societat. Des de la FSMCV quedem a la vostra disposici\u00f3 per resoldre qualsevol altre dubte que pugui sorgir sobre aix\u00f2.<\/p>\n\n\n\n<figure class=\"wp-block-pullquote\"><blockquote><p>Remigi Morant Navasquillo es Vicepresident Educatiu de la FSMCV y professor de la Universitat de Val\u00e8ncia<\/p><\/blockquote><\/figure>\n","protected":false},"excerpt":{"rendered":"<p>El dilluns 7 de febrer va sortir publicat al DOGV el nou decretque marca a partir d&#8217;ara el cam\u00ed a seguir per les nostres escoles de m\u00fasica i tamb\u00e9 les d&#8217;arts esc\u00e8niques (dansa, teatre i circ). <\/p>\n","protected":false},"author":860008,"featured_media":0,"comment_status":"closed","ping_status":"closed","sticky":false,"template":"","format":"standard","meta":{"footnotes":""},"categories":[29],"tags":[],"portada":[],"class_list":["post-2705","post","type-post","status-publish","format-standard","hentry","category-noticies-va"],"yoast_head":"<!-- This site is optimized with the Yoast SEO plugin v27.4 - https:\/\/yoast.com\/product\/yoast-seo-wordpress\/ -->\n<title>Novetats del nou decret - Revista Al Comp\u00e0s<\/title>\n<meta name=\"robots\" content=\"index, follow, max-snippet:-1, max-image-preview:large, max-video-preview:-1\" \/>\n<link rel=\"canonical\" href=\"https:\/\/alcompasrevista.com\/archivos\/2450\" \/>\n<meta property=\"og:locale\" content=\"en_US\" \/>\n<meta property=\"og:type\" content=\"article\" \/>\n<meta property=\"og:title\" content=\"Novetats del nou decret - Revista Al Comp\u00e0s\" \/>\n<meta property=\"og:description\" content=\"El dilluns 7 de febrer va sortir publicat al DOGV el nou decretque marca a partir d&#039;ara el cam\u00ed a seguir per les nostres escoles de m\u00fasica i tamb\u00e9 les d&#039;arts esc\u00e8niques (dansa, teatre i circ).\" \/>\n<meta property=\"og:url\" content=\"https:\/\/alcompasrevista.com\/archivos\/2450\" \/>\n<meta property=\"og:site_name\" content=\"Revista Al Comp\u00e0s\" \/>\n<meta property=\"article:published_time\" content=\"2022-04-28T23:04:44+00:00\" \/>\n<meta property=\"article:modified_time\" content=\"2022-05-07T16:47:14+00:00\" \/>\n<meta name=\"author\" content=\"Remigi Morant Navasquillo\" \/>\n<meta name=\"twitter:card\" content=\"summary_large_image\" \/>\n<meta name=\"twitter:label1\" content=\"Written by\" \/>\n\t<meta name=\"twitter:data1\" content=\"Remigi Morant Navasquillo\" \/>\n\t<meta name=\"twitter:label2\" content=\"Est. reading time\" \/>\n\t<meta name=\"twitter:data2\" content=\"4 minutes\" \/>\n<script type=\"application\/ld+json\" class=\"yoast-schema-graph\">{\"@context\":\"https:\\\/\\\/schema.org\",\"@graph\":[{\"@type\":\"Article\",\"@id\":\"https:\\\/\\\/alcompasrevista.com\\\/archivos\\\/2450#article\",\"isPartOf\":{\"@id\":\"https:\\\/\\\/alcompasrevista.com\\\/archivos\\\/2450\"},\"author\":{\"name\":\"Remigi Morant Navasquillo\",\"@id\":\"https:\\\/\\\/alcompasrevista.com\\\/#\\\/schema\\\/person\\\/4a6d4448e10cc36e6f0eebc02fd69654\"},\"headline\":\"Novetats del nou decret\",\"datePublished\":\"2022-04-28T23:04:44+00:00\",\"dateModified\":\"2022-05-07T16:47:14+00:00\",\"mainEntityOfPage\":{\"@id\":\"https:\\\/\\\/alcompasrevista.com\\\/archivos\\\/2450\"},\"wordCount\":726,\"publisher\":{\"@id\":\"https:\\\/\\\/alcompasrevista.com\\\/#organization\"},\"articleSection\":[\"#Not\u00edcies\"],\"inLanguage\":\"va\"},{\"@type\":\"WebPage\",\"@id\":\"https:\\\/\\\/alcompasrevista.com\\\/archivos\\\/2450\",\"url\":\"https:\\\/\\\/alcompasrevista.com\\\/archivos\\\/2450\",\"name\":\"Novetats del nou decret - Revista Al Comp\u00e0s\",\"isPartOf\":{\"@id\":\"https:\\\/\\\/alcompasrevista.com\\\/#website\"},\"datePublished\":\"2022-04-28T23:04:44+00:00\",\"dateModified\":\"2022-05-07T16:47:14+00:00\",\"breadcrumb\":{\"@id\":\"https:\\\/\\\/alcompasrevista.com\\\/archivos\\\/2450#breadcrumb\"},\"inLanguage\":\"va\",\"potentialAction\":[{\"@type\":\"ReadAction\",\"target\":[\"https:\\\/\\\/alcompasrevista.com\\\/archivos\\\/2450\"]}]},{\"@type\":\"BreadcrumbList\",\"@id\":\"https:\\\/\\\/alcompasrevista.com\\\/archivos\\\/2450#breadcrumb\",\"itemListElement\":[{\"@type\":\"ListItem\",\"position\":1,\"name\":\"Portada\",\"item\":\"https:\\\/\\\/alcompasrevista.com\\\/va\"},{\"@type\":\"ListItem\",\"position\":2,\"name\":\"Novetats del nou decret\"}]},{\"@type\":\"WebSite\",\"@id\":\"https:\\\/\\\/alcompasrevista.com\\\/#website\",\"url\":\"https:\\\/\\\/alcompasrevista.com\\\/\",\"name\":\"Revista Al Comp\u00e0s\",\"description\":\"Un proyecto de la Federaci\u00f3n de Sociedades Musicales de la Comunidad Valenciana\",\"publisher\":{\"@id\":\"https:\\\/\\\/alcompasrevista.com\\\/#organization\"},\"potentialAction\":[{\"@type\":\"SearchAction\",\"target\":{\"@type\":\"EntryPoint\",\"urlTemplate\":\"https:\\\/\\\/alcompasrevista.com\\\/?s={search_term_string}\"},\"query-input\":{\"@type\":\"PropertyValueSpecification\",\"valueRequired\":true,\"valueName\":\"search_term_string\"}}],\"inLanguage\":\"va\"},{\"@type\":\"Organization\",\"@id\":\"https:\\\/\\\/alcompasrevista.com\\\/#organization\",\"name\":\"Revista Al Comp\u00e0s\",\"url\":\"https:\\\/\\\/alcompasrevista.com\\\/\",\"logo\":{\"@type\":\"ImageObject\",\"inLanguage\":\"va\",\"@id\":\"https:\\\/\\\/alcompasrevista.com\\\/#\\\/schema\\\/logo\\\/image\\\/\",\"url\":\"https:\\\/\\\/alcompasrevista.com\\\/wp-content\\\/uploads\\\/2022\\\/04\\\/cropped-loog_blanco.png\",\"contentUrl\":\"https:\\\/\\\/alcompasrevista.com\\\/wp-content\\\/uploads\\\/2022\\\/04\\\/cropped-loog_blanco.png\",\"width\":1612,\"height\":724,\"caption\":\"Revista Al Comp\u00e0s\"},\"image\":{\"@id\":\"https:\\\/\\\/alcompasrevista.com\\\/#\\\/schema\\\/logo\\\/image\\\/\"}},{\"@type\":\"Person\",\"@id\":\"https:\\\/\\\/alcompasrevista.com\\\/#\\\/schema\\\/person\\\/4a6d4448e10cc36e6f0eebc02fd69654\",\"name\":\"Remigi Morant Navasquillo\",\"image\":{\"@type\":\"ImageObject\",\"inLanguage\":\"va\",\"@id\":\"https:\\\/\\\/secure.gravatar.com\\\/avatar\\\/5fcf5daacb51c1ce4adf06712c3cc0fe071bcc9205b1dbfff722eb0f5997a9d7?s=96&d=mm&r=g\",\"url\":\"https:\\\/\\\/secure.gravatar.com\\\/avatar\\\/5fcf5daacb51c1ce4adf06712c3cc0fe071bcc9205b1dbfff722eb0f5997a9d7?s=96&d=mm&r=g\",\"contentUrl\":\"https:\\\/\\\/secure.gravatar.com\\\/avatar\\\/5fcf5daacb51c1ce4adf06712c3cc0fe071bcc9205b1dbfff722eb0f5997a9d7?s=96&d=mm&r=g\",\"caption\":\"Remigi Morant Navasquillo\"},\"url\":\"https:\\\/\\\/alcompasrevista.com\\\/va\\\/archivos\\\/author\\\/remigi-morant-navasquillo\"}]}<\/script>\n<!-- \/ Yoast SEO plugin. -->","yoast_head_json":{"title":"Novetats del nou decret - Revista Al Comp\u00e0s","robots":{"index":"index","follow":"follow","max-snippet":"max-snippet:-1","max-image-preview":"max-image-preview:large","max-video-preview":"max-video-preview:-1"},"canonical":"https:\/\/alcompasrevista.com\/archivos\/2450","og_locale":"en_US","og_type":"article","og_title":"Novetats del nou decret - Revista Al Comp\u00e0s","og_description":"El dilluns 7 de febrer va sortir publicat al DOGV el nou decretque marca a partir d'ara el cam\u00ed a seguir per les nostres escoles de m\u00fasica i tamb\u00e9 les d'arts esc\u00e8niques (dansa, teatre i circ).","og_url":"https:\/\/alcompasrevista.com\/archivos\/2450","og_site_name":"Revista Al Comp\u00e0s","article_published_time":"2022-04-28T23:04:44+00:00","article_modified_time":"2022-05-07T16:47:14+00:00","author":"Remigi Morant Navasquillo","twitter_card":"summary_large_image","twitter_misc":{"Written by":"Remigi Morant Navasquillo","Est. reading time":"4 minutes"},"schema":{"@context":"https:\/\/schema.org","@graph":[{"@type":"Article","@id":"https:\/\/alcompasrevista.com\/archivos\/2450#article","isPartOf":{"@id":"https:\/\/alcompasrevista.com\/archivos\/2450"},"author":{"name":"Remigi Morant Navasquillo","@id":"https:\/\/alcompasrevista.com\/#\/schema\/person\/4a6d4448e10cc36e6f0eebc02fd69654"},"headline":"Novetats del nou decret","datePublished":"2022-04-28T23:04:44+00:00","dateModified":"2022-05-07T16:47:14+00:00","mainEntityOfPage":{"@id":"https:\/\/alcompasrevista.com\/archivos\/2450"},"wordCount":726,"publisher":{"@id":"https:\/\/alcompasrevista.com\/#organization"},"articleSection":["#Not\u00edcies"],"inLanguage":"va"},{"@type":"WebPage","@id":"https:\/\/alcompasrevista.com\/archivos\/2450","url":"https:\/\/alcompasrevista.com\/archivos\/2450","name":"Novetats del nou decret - Revista Al Comp\u00e0s","isPartOf":{"@id":"https:\/\/alcompasrevista.com\/#website"},"datePublished":"2022-04-28T23:04:44+00:00","dateModified":"2022-05-07T16:47:14+00:00","breadcrumb":{"@id":"https:\/\/alcompasrevista.com\/archivos\/2450#breadcrumb"},"inLanguage":"va","potentialAction":[{"@type":"ReadAction","target":["https:\/\/alcompasrevista.com\/archivos\/2450"]}]},{"@type":"BreadcrumbList","@id":"https:\/\/alcompasrevista.com\/archivos\/2450#breadcrumb","itemListElement":[{"@type":"ListItem","position":1,"name":"Portada","item":"https:\/\/alcompasrevista.com\/va"},{"@type":"ListItem","position":2,"name":"Novetats del nou decret"}]},{"@type":"WebSite","@id":"https:\/\/alcompasrevista.com\/#website","url":"https:\/\/alcompasrevista.com\/","name":"Revista Al Comp\u00e0s","description":"Un proyecto de la Federaci\u00f3n de Sociedades Musicales de la Comunidad Valenciana","publisher":{"@id":"https:\/\/alcompasrevista.com\/#organization"},"potentialAction":[{"@type":"SearchAction","target":{"@type":"EntryPoint","urlTemplate":"https:\/\/alcompasrevista.com\/?s={search_term_string}"},"query-input":{"@type":"PropertyValueSpecification","valueRequired":true,"valueName":"search_term_string"}}],"inLanguage":"va"},{"@type":"Organization","@id":"https:\/\/alcompasrevista.com\/#organization","name":"Revista Al Comp\u00e0s","url":"https:\/\/alcompasrevista.com\/","logo":{"@type":"ImageObject","inLanguage":"va","@id":"https:\/\/alcompasrevista.com\/#\/schema\/logo\/image\/","url":"https:\/\/alcompasrevista.com\/wp-content\/uploads\/2022\/04\/cropped-loog_blanco.png","contentUrl":"https:\/\/alcompasrevista.com\/wp-content\/uploads\/2022\/04\/cropped-loog_blanco.png","width":1612,"height":724,"caption":"Revista Al Comp\u00e0s"},"image":{"@id":"https:\/\/alcompasrevista.com\/#\/schema\/logo\/image\/"}},{"@type":"Person","@id":"https:\/\/alcompasrevista.com\/#\/schema\/person\/4a6d4448e10cc36e6f0eebc02fd69654","name":"Remigi Morant Navasquillo","image":{"@type":"ImageObject","inLanguage":"va","@id":"https:\/\/secure.gravatar.com\/avatar\/5fcf5daacb51c1ce4adf06712c3cc0fe071bcc9205b1dbfff722eb0f5997a9d7?s=96&d=mm&r=g","url":"https:\/\/secure.gravatar.com\/avatar\/5fcf5daacb51c1ce4adf06712c3cc0fe071bcc9205b1dbfff722eb0f5997a9d7?s=96&d=mm&r=g","contentUrl":"https:\/\/secure.gravatar.com\/avatar\/5fcf5daacb51c1ce4adf06712c3cc0fe071bcc9205b1dbfff722eb0f5997a9d7?s=96&d=mm&r=g","caption":"Remigi Morant Navasquillo"},"url":"https:\/\/alcompasrevista.com\/va\/archivos\/author\/remigi-morant-navasquillo"}]}},"_links":{"self":[{"href":"https:\/\/alcompasrevista.com\/va\/wp-json\/wp\/v2\/posts\/2705","targetHints":{"allow":["GET"]}}],"collection":[{"href":"https:\/\/alcompasrevista.com\/va\/wp-json\/wp\/v2\/posts"}],"about":[{"href":"https:\/\/alcompasrevista.com\/va\/wp-json\/wp\/v2\/types\/post"}],"author":[{"embeddable":true,"href":"https:\/\/alcompasrevista.com\/va\/wp-json\/wp\/v2\/users\/860008"}],"replies":[{"embeddable":true,"href":"https:\/\/alcompasrevista.com\/va\/wp-json\/wp\/v2\/comments?post=2705"}],"version-history":[{"count":0,"href":"https:\/\/alcompasrevista.com\/va\/wp-json\/wp\/v2\/posts\/2705\/revisions"}],"wp:attachment":[{"href":"https:\/\/alcompasrevista.com\/va\/wp-json\/wp\/v2\/media?parent=2705"}],"wp:term":[{"taxonomy":"category","embeddable":true,"href":"https:\/\/alcompasrevista.com\/va\/wp-json\/wp\/v2\/categories?post=2705"},{"taxonomy":"post_tag","embeddable":true,"href":"https:\/\/alcompasrevista.com\/va\/wp-json\/wp\/v2\/tags?post=2705"},{"taxonomy":"portada","embeddable":true,"href":"https:\/\/alcompasrevista.com\/va\/wp-json\/wp\/v2\/portada?post=2705"}],"curies":[{"name":"wp","href":"https:\/\/api.w.org\/{rel}","templated":true}]}}