{"id":2691,"date":"2022-04-29T01:03:28","date_gmt":"2022-04-28T23:03:28","guid":{"rendered":"https:\/\/alcompasrevista.com\/el-cicle-de-concerts-de-caixabank-afronta-les-seues-tres-ultimes-cites\/"},"modified":"2022-05-07T18:51:42","modified_gmt":"2022-05-07T16:51:42","slug":"el-cicle-de-concerts-de-caixabank-afronta-les-seues-tres-ultimes-cites","status":"publish","type":"post","link":"https:\/\/alcompasrevista.com\/va\/archivos\/2691","title":{"rendered":"\u00daltimes cites del cicle de concerts de CaixaBank"},"content":{"rendered":"\n<p>El cicle de concerts de CaixaBank en l&#8217;Alqueria Juli\u00e0 \u2013 Casa de la M\u00fasica ha arribat al seu equador i es prepara per a viure els tres \u00faltims concerts.<\/p>\n\n\n\n<p>El 30 d&#8217;abril ser\u00e0 el torn del Ensemble de Clarinets \u2018Entreca\u00f1as\u2019 de la Societat Uni\u00f3 Musical i Art\u00edstica de Saix, a les 12 del migdia.<\/p>\n\n\n\n<p>En el mateix horari el 14 de maig ser\u00e0 el torn del Grup de Vent de la Societat Musical Instructiva Santa Cecilia de Cullera, i finalitzar\u00e0 el cicle el 21 de maig amb el concert del Quintet de Trompetes de la Societat Uni\u00f3 Musical Santa Cecilia de Guadassuar.<\/p>\n\n\n\n<p>Aquesta campanya de concerts organitzada per CaixaBank, <strong>l\u2019Institut<\/strong> Valenci\u00e0 de Cultura i la Federaci\u00f3 de Societats Musicals de la Comunitat Valencianar reuneix en sis cites a grups de cambra formats per una plantilla d&#8217;entre 4 i 10 m\u00fasics.<\/p>\n\n\n\n<p>El cicle va arrancar el passat 26 de mar\u00e7 i per l&#8217;Alqueria Juli\u00e0 \u2013 Casa de la M\u00fasica ja han passat la Big band de la Associaci\u00f3 Va unir Musical Sant Josep de Calassan\u00e7 de Castell\u00f3 de la Plana, el Quintet de Saxos del Ateneu Musical de Sueca i el Grup de Corda de la Societat Musical l\u2019Artesana de Catarroja.<\/p>\n","protected":false},"excerpt":{"rendered":"<p>El cicle de concerts de CaixaBank en l&#8217;Alqueria Juli\u00e0 \u2013 Casa de la M\u00fasica ha arribat al seu equador i es prepara per a viure els tres \u00faltims concerts.<\/p>\n","protected":false},"author":860002,"featured_media":2215,"comment_status":"closed","ping_status":"closed","sticky":false,"template":"","format":"standard","meta":{"footnotes":""},"categories":[29],"tags":[],"portada":[],"class_list":["post-2691","post","type-post","status-publish","format-standard","has-post-thumbnail","hentry","category-noticies-va"],"yoast_head":"<!-- This site is optimized with the Yoast SEO plugin v27.4 - https:\/\/yoast.com\/product\/yoast-seo-wordpress\/ -->\n<title>\u00daltimes cites del cicle de concerts de CaixaBank - Revista Al Comp\u00e0s<\/title>\n<meta name=\"robots\" content=\"index, follow, max-snippet:-1, max-image-preview:large, max-video-preview:-1\" \/>\n<link rel=\"canonical\" href=\"https:\/\/alcompasrevista.com\/archivos\/2176\" \/>\n<meta property=\"og:locale\" content=\"en_US\" \/>\n<meta property=\"og:type\" content=\"article\" \/>\n<meta property=\"og:title\" content=\"\u00daltimes cites del cicle de concerts de CaixaBank - Revista Al Comp\u00e0s\" \/>\n<meta property=\"og:description\" content=\"El cicle de concerts de CaixaBank en l&#039;Alqueria Juli\u00e0 \u2013 Casa de la M\u00fasica ha arribat al seu equador i es prepara per a viure els tres \u00faltims concerts.\" \/>\n<meta property=\"og:url\" content=\"https:\/\/alcompasrevista.com\/archivos\/2176\" \/>\n<meta property=\"og:site_name\" content=\"Revista Al Comp\u00e0s\" \/>\n<meta property=\"article:published_time\" content=\"2022-04-28T23:03:28+00:00\" \/>\n<meta property=\"article:modified_time\" content=\"2022-05-07T16:51:42+00:00\" \/>\n<meta property=\"og:image\" content=\"https:\/\/alcompasrevista.com\/wp-content\/uploads\/2022\/04\/LArtesana-de-Catarroja-3.jpg\" \/>\n\t<meta property=\"og:image:width\" content=\"1616\" \/>\n\t<meta property=\"og:image:height\" content=\"1080\" \/>\n\t<meta property=\"og:image:type\" content=\"image\/jpeg\" \/>\n<meta name=\"author\" content=\"Redacci\u00f3n\" \/>\n<meta name=\"twitter:card\" content=\"summary_large_image\" \/>\n<meta name=\"twitter:label1\" content=\"Written by\" \/>\n\t<meta name=\"twitter:data1\" content=\"Redacci\u00f3\" \/>\n\t<meta name=\"twitter:label2\" content=\"Est. reading time\" \/>\n\t<meta name=\"twitter:data2\" content=\"1 minute\" \/>\n<script type=\"application\/ld+json\" class=\"yoast-schema-graph\">{\"@context\":\"https:\\\/\\\/schema.org\",\"@graph\":[{\"@type\":\"Article\",\"@id\":\"https:\\\/\\\/alcompasrevista.com\\\/archivos\\\/2176#article\",\"isPartOf\":{\"@id\":\"https:\\\/\\\/alcompasrevista.com\\\/archivos\\\/2176\"},\"author\":{\"name\":\"Redacci\u00f3n\",\"@id\":\"https:\\\/\\\/alcompasrevista.com\\\/#\\\/schema\\\/person\\\/c10652a34fa01d238ecd498d150347fc\"},\"headline\":\"\u00daltimes cites del cicle de concerts de CaixaBank\",\"datePublished\":\"2022-04-28T23:03:28+00:00\",\"dateModified\":\"2022-05-07T16:51:42+00:00\",\"mainEntityOfPage\":{\"@id\":\"https:\\\/\\\/alcompasrevista.com\\\/archivos\\\/2176\"},\"wordCount\":210,\"publisher\":{\"@id\":\"https:\\\/\\\/alcompasrevista.com\\\/#organization\"},\"image\":{\"@id\":\"https:\\\/\\\/alcompasrevista.com\\\/archivos\\\/2176#primaryimage\"},\"thumbnailUrl\":\"https:\\\/\\\/alcompasrevista.com\\\/wp-content\\\/uploads\\\/2022\\\/04\\\/LArtesana-de-Catarroja-3.jpg\",\"articleSection\":[\"#Not\u00edcies\"],\"inLanguage\":\"va\"},{\"@type\":\"WebPage\",\"@id\":\"https:\\\/\\\/alcompasrevista.com\\\/archivos\\\/2176\",\"url\":\"https:\\\/\\\/alcompasrevista.com\\\/archivos\\\/2176\",\"name\":\"\u00daltimes cites del cicle de concerts de CaixaBank - Revista Al Comp\u00e0s\",\"isPartOf\":{\"@id\":\"https:\\\/\\\/alcompasrevista.com\\\/#website\"},\"primaryImageOfPage\":{\"@id\":\"https:\\\/\\\/alcompasrevista.com\\\/archivos\\\/2176#primaryimage\"},\"image\":{\"@id\":\"https:\\\/\\\/alcompasrevista.com\\\/archivos\\\/2176#primaryimage\"},\"thumbnailUrl\":\"https:\\\/\\\/alcompasrevista.com\\\/wp-content\\\/uploads\\\/2022\\\/04\\\/LArtesana-de-Catarroja-3.jpg\",\"datePublished\":\"2022-04-28T23:03:28+00:00\",\"dateModified\":\"2022-05-07T16:51:42+00:00\",\"breadcrumb\":{\"@id\":\"https:\\\/\\\/alcompasrevista.com\\\/archivos\\\/2176#breadcrumb\"},\"inLanguage\":\"va\",\"potentialAction\":[{\"@type\":\"ReadAction\",\"target\":[\"https:\\\/\\\/alcompasrevista.com\\\/archivos\\\/2176\"]}]},{\"@type\":\"ImageObject\",\"inLanguage\":\"va\",\"@id\":\"https:\\\/\\\/alcompasrevista.com\\\/archivos\\\/2176#primaryimage\",\"url\":\"https:\\\/\\\/alcompasrevista.com\\\/wp-content\\\/uploads\\\/2022\\\/04\\\/LArtesana-de-Catarroja-3.jpg\",\"contentUrl\":\"https:\\\/\\\/alcompasrevista.com\\\/wp-content\\\/uploads\\\/2022\\\/04\\\/LArtesana-de-Catarroja-3.jpg\",\"width\":1616,\"height\":1080,\"caption\":\"L'Artesana de Catarroja durante su actuaci\u00f3n\"},{\"@type\":\"BreadcrumbList\",\"@id\":\"https:\\\/\\\/alcompasrevista.com\\\/archivos\\\/2176#breadcrumb\",\"itemListElement\":[{\"@type\":\"ListItem\",\"position\":1,\"name\":\"Portada\",\"item\":\"https:\\\/\\\/alcompasrevista.com\\\/va\"},{\"@type\":\"ListItem\",\"position\":2,\"name\":\"\u00daltimes cites del cicle de concerts de CaixaBank\"}]},{\"@type\":\"WebSite\",\"@id\":\"https:\\\/\\\/alcompasrevista.com\\\/#website\",\"url\":\"https:\\\/\\\/alcompasrevista.com\\\/\",\"name\":\"Revista Al Comp\u00e0s\",\"description\":\"Un proyecto de la Federaci\u00f3n de Sociedades Musicales de la Comunidad Valenciana\",\"publisher\":{\"@id\":\"https:\\\/\\\/alcompasrevista.com\\\/#organization\"},\"potentialAction\":[{\"@type\":\"SearchAction\",\"target\":{\"@type\":\"EntryPoint\",\"urlTemplate\":\"https:\\\/\\\/alcompasrevista.com\\\/?s={search_term_string}\"},\"query-input\":{\"@type\":\"PropertyValueSpecification\",\"valueRequired\":true,\"valueName\":\"search_term_string\"}}],\"inLanguage\":\"va\"},{\"@type\":\"Organization\",\"@id\":\"https:\\\/\\\/alcompasrevista.com\\\/#organization\",\"name\":\"Revista Al Comp\u00e0s\",\"url\":\"https:\\\/\\\/alcompasrevista.com\\\/\",\"logo\":{\"@type\":\"ImageObject\",\"inLanguage\":\"va\",\"@id\":\"https:\\\/\\\/alcompasrevista.com\\\/#\\\/schema\\\/logo\\\/image\\\/\",\"url\":\"https:\\\/\\\/alcompasrevista.com\\\/wp-content\\\/uploads\\\/2022\\\/04\\\/cropped-loog_blanco.png\",\"contentUrl\":\"https:\\\/\\\/alcompasrevista.com\\\/wp-content\\\/uploads\\\/2022\\\/04\\\/cropped-loog_blanco.png\",\"width\":1612,\"height\":724,\"caption\":\"Revista Al Comp\u00e0s\"},\"image\":{\"@id\":\"https:\\\/\\\/alcompasrevista.com\\\/#\\\/schema\\\/logo\\\/image\\\/\"}},{\"@type\":\"Person\",\"@id\":\"https:\\\/\\\/alcompasrevista.com\\\/#\\\/schema\\\/person\\\/c10652a34fa01d238ecd498d150347fc\",\"name\":\"Redacci\u00f3n\",\"image\":{\"@type\":\"ImageObject\",\"inLanguage\":\"va\",\"@id\":\"https:\\\/\\\/secure.gravatar.com\\\/avatar\\\/e6a6d0cd2ddec22e0ca7d21b7e49d4a0099fbdc1d476e5412893210bce942ce9?s=96&d=mm&r=g\",\"url\":\"https:\\\/\\\/secure.gravatar.com\\\/avatar\\\/e6a6d0cd2ddec22e0ca7d21b7e49d4a0099fbdc1d476e5412893210bce942ce9?s=96&d=mm&r=g\",\"contentUrl\":\"https:\\\/\\\/secure.gravatar.com\\\/avatar\\\/e6a6d0cd2ddec22e0ca7d21b7e49d4a0099fbdc1d476e5412893210bce942ce9?s=96&d=mm&r=g\",\"caption\":\"Redacci\u00f3n\"},\"url\":\"https:\\\/\\\/alcompasrevista.com\\\/va\\\/archivos\\\/author\\\/vhj_webmaster\"}]}<\/script>\n<!-- \/ Yoast SEO plugin. -->","yoast_head_json":{"title":"\u00daltimes cites del cicle de concerts de CaixaBank - Revista Al Comp\u00e0s","robots":{"index":"index","follow":"follow","max-snippet":"max-snippet:-1","max-image-preview":"max-image-preview:large","max-video-preview":"max-video-preview:-1"},"canonical":"https:\/\/alcompasrevista.com\/archivos\/2176","og_locale":"en_US","og_type":"article","og_title":"\u00daltimes cites del cicle de concerts de CaixaBank - Revista Al Comp\u00e0s","og_description":"El cicle de concerts de CaixaBank en l'Alqueria Juli\u00e0 \u2013 Casa de la M\u00fasica ha arribat al seu equador i es prepara per a viure els tres \u00faltims concerts.","og_url":"https:\/\/alcompasrevista.com\/archivos\/2176","og_site_name":"Revista Al Comp\u00e0s","article_published_time":"2022-04-28T23:03:28+00:00","article_modified_time":"2022-05-07T16:51:42+00:00","og_image":[{"width":1616,"height":1080,"url":"https:\/\/alcompasrevista.com\/wp-content\/uploads\/2022\/04\/LArtesana-de-Catarroja-3.jpg","type":"image\/jpeg"}],"author":"Redacci\u00f3n","twitter_card":"summary_large_image","twitter_misc":{"Written by":"Redacci\u00f3","Est. reading time":"1 minute"},"schema":{"@context":"https:\/\/schema.org","@graph":[{"@type":"Article","@id":"https:\/\/alcompasrevista.com\/archivos\/2176#article","isPartOf":{"@id":"https:\/\/alcompasrevista.com\/archivos\/2176"},"author":{"name":"Redacci\u00f3n","@id":"https:\/\/alcompasrevista.com\/#\/schema\/person\/c10652a34fa01d238ecd498d150347fc"},"headline":"\u00daltimes cites del cicle de concerts de CaixaBank","datePublished":"2022-04-28T23:03:28+00:00","dateModified":"2022-05-07T16:51:42+00:00","mainEntityOfPage":{"@id":"https:\/\/alcompasrevista.com\/archivos\/2176"},"wordCount":210,"publisher":{"@id":"https:\/\/alcompasrevista.com\/#organization"},"image":{"@id":"https:\/\/alcompasrevista.com\/archivos\/2176#primaryimage"},"thumbnailUrl":"https:\/\/alcompasrevista.com\/wp-content\/uploads\/2022\/04\/LArtesana-de-Catarroja-3.jpg","articleSection":["#Not\u00edcies"],"inLanguage":"va"},{"@type":"WebPage","@id":"https:\/\/alcompasrevista.com\/archivos\/2176","url":"https:\/\/alcompasrevista.com\/archivos\/2176","name":"\u00daltimes cites del cicle de concerts de CaixaBank - Revista Al Comp\u00e0s","isPartOf":{"@id":"https:\/\/alcompasrevista.com\/#website"},"primaryImageOfPage":{"@id":"https:\/\/alcompasrevista.com\/archivos\/2176#primaryimage"},"image":{"@id":"https:\/\/alcompasrevista.com\/archivos\/2176#primaryimage"},"thumbnailUrl":"https:\/\/alcompasrevista.com\/wp-content\/uploads\/2022\/04\/LArtesana-de-Catarroja-3.jpg","datePublished":"2022-04-28T23:03:28+00:00","dateModified":"2022-05-07T16:51:42+00:00","breadcrumb":{"@id":"https:\/\/alcompasrevista.com\/archivos\/2176#breadcrumb"},"inLanguage":"va","potentialAction":[{"@type":"ReadAction","target":["https:\/\/alcompasrevista.com\/archivos\/2176"]}]},{"@type":"ImageObject","inLanguage":"va","@id":"https:\/\/alcompasrevista.com\/archivos\/2176#primaryimage","url":"https:\/\/alcompasrevista.com\/wp-content\/uploads\/2022\/04\/LArtesana-de-Catarroja-3.jpg","contentUrl":"https:\/\/alcompasrevista.com\/wp-content\/uploads\/2022\/04\/LArtesana-de-Catarroja-3.jpg","width":1616,"height":1080,"caption":"L'Artesana de Catarroja durante su actuaci\u00f3n"},{"@type":"BreadcrumbList","@id":"https:\/\/alcompasrevista.com\/archivos\/2176#breadcrumb","itemListElement":[{"@type":"ListItem","position":1,"name":"Portada","item":"https:\/\/alcompasrevista.com\/va"},{"@type":"ListItem","position":2,"name":"\u00daltimes cites del cicle de concerts de CaixaBank"}]},{"@type":"WebSite","@id":"https:\/\/alcompasrevista.com\/#website","url":"https:\/\/alcompasrevista.com\/","name":"Revista Al Comp\u00e0s","description":"Un proyecto de la Federaci\u00f3n de Sociedades Musicales de la Comunidad Valenciana","publisher":{"@id":"https:\/\/alcompasrevista.com\/#organization"},"potentialAction":[{"@type":"SearchAction","target":{"@type":"EntryPoint","urlTemplate":"https:\/\/alcompasrevista.com\/?s={search_term_string}"},"query-input":{"@type":"PropertyValueSpecification","valueRequired":true,"valueName":"search_term_string"}}],"inLanguage":"va"},{"@type":"Organization","@id":"https:\/\/alcompasrevista.com\/#organization","name":"Revista Al Comp\u00e0s","url":"https:\/\/alcompasrevista.com\/","logo":{"@type":"ImageObject","inLanguage":"va","@id":"https:\/\/alcompasrevista.com\/#\/schema\/logo\/image\/","url":"https:\/\/alcompasrevista.com\/wp-content\/uploads\/2022\/04\/cropped-loog_blanco.png","contentUrl":"https:\/\/alcompasrevista.com\/wp-content\/uploads\/2022\/04\/cropped-loog_blanco.png","width":1612,"height":724,"caption":"Revista Al Comp\u00e0s"},"image":{"@id":"https:\/\/alcompasrevista.com\/#\/schema\/logo\/image\/"}},{"@type":"Person","@id":"https:\/\/alcompasrevista.com\/#\/schema\/person\/c10652a34fa01d238ecd498d150347fc","name":"Redacci\u00f3n","image":{"@type":"ImageObject","inLanguage":"va","@id":"https:\/\/secure.gravatar.com\/avatar\/e6a6d0cd2ddec22e0ca7d21b7e49d4a0099fbdc1d476e5412893210bce942ce9?s=96&d=mm&r=g","url":"https:\/\/secure.gravatar.com\/avatar\/e6a6d0cd2ddec22e0ca7d21b7e49d4a0099fbdc1d476e5412893210bce942ce9?s=96&d=mm&r=g","contentUrl":"https:\/\/secure.gravatar.com\/avatar\/e6a6d0cd2ddec22e0ca7d21b7e49d4a0099fbdc1d476e5412893210bce942ce9?s=96&d=mm&r=g","caption":"Redacci\u00f3n"},"url":"https:\/\/alcompasrevista.com\/va\/archivos\/author\/vhj_webmaster"}]}},"_links":{"self":[{"href":"https:\/\/alcompasrevista.com\/va\/wp-json\/wp\/v2\/posts\/2691","targetHints":{"allow":["GET"]}}],"collection":[{"href":"https:\/\/alcompasrevista.com\/va\/wp-json\/wp\/v2\/posts"}],"about":[{"href":"https:\/\/alcompasrevista.com\/va\/wp-json\/wp\/v2\/types\/post"}],"author":[{"embeddable":true,"href":"https:\/\/alcompasrevista.com\/va\/wp-json\/wp\/v2\/users\/860002"}],"replies":[{"embeddable":true,"href":"https:\/\/alcompasrevista.com\/va\/wp-json\/wp\/v2\/comments?post=2691"}],"version-history":[{"count":0,"href":"https:\/\/alcompasrevista.com\/va\/wp-json\/wp\/v2\/posts\/2691\/revisions"}],"wp:featuredmedia":[{"embeddable":true,"href":"https:\/\/alcompasrevista.com\/va\/wp-json\/wp\/v2\/media\/2215"}],"wp:attachment":[{"href":"https:\/\/alcompasrevista.com\/va\/wp-json\/wp\/v2\/media?parent=2691"}],"wp:term":[{"taxonomy":"category","embeddable":true,"href":"https:\/\/alcompasrevista.com\/va\/wp-json\/wp\/v2\/categories?post=2691"},{"taxonomy":"post_tag","embeddable":true,"href":"https:\/\/alcompasrevista.com\/va\/wp-json\/wp\/v2\/tags?post=2691"},{"taxonomy":"portada","embeddable":true,"href":"https:\/\/alcompasrevista.com\/va\/wp-json\/wp\/v2\/portada?post=2691"}],"curies":[{"name":"wp","href":"https:\/\/api.w.org\/{rel}","templated":true}]}}