{"id":22339,"date":"2024-12-05T17:38:07","date_gmt":"2024-12-05T16:38:07","guid":{"rendered":"https:\/\/alcompasrevista.com\/?p=22339"},"modified":"2024-12-05T17:38:09","modified_gmt":"2024-12-05T16:38:09","slug":"dia-del-voluntariat-gracies-per-ajudar-nos-a-recuperar-les-nostres-societats-musicals","status":"publish","type":"post","link":"https:\/\/alcompasrevista.com\/va\/archivos\/22339","title":{"rendered":"Dia del Voluntariat: gr\u00e0cies per ajudar-nos a recuperar les nostres societats musicals"},"content":{"rendered":"\n<p>Des que es van desbocar els rius, molts dels nostres municipis viuen en un malson cobert de fang. La cat\u00e0strofe ha ferit tamb\u00e9 a les nostres societats musicals. S&#8217;han perdut sales d&#8217;assaig amb tot el seu instrumental, escoles de m\u00fasica, auditoris i arxius hist\u00f2rics que contenien aut\u00e8ntics tresors, com a partitures centen\u00e0ries.&nbsp;<\/p>\n\n\n\n<p>Enmig del dolor va brollar la solidaritat. Al crit d&#8217;auxili van acudir sense pensar-ho les agrupacions de la Comunitat Valenciana, de tota Espanya i part d&#8217;Europa. Des que va oc\u00f3rrer la trag\u00e8dia hem rebut tamb\u00e9 una emocionant resposta d&#8217;empreses, d&#8217;associacions i de tot el p\u00fablic.<\/p>\n\n\n\n<p>Per combatre al nostre costat el silenci que deixa la cat\u00e0strofe. Per ajudar-nos a recuperar els nostres pobles i les nostres societats musicals. Per fer-nos saber que en esta terra la m\u00fasica mai deixar\u00e0 de sonar.<\/p>\n\n\n\n<p>En este Dia del Voluntariat: gr\u00e0cies, de cor.<\/p>\n\n\n\n<figure class=\"wp-block-embed is-type-video is-provider-youtube wp-block-embed-youtube wp-embed-aspect-16-9 wp-has-aspect-ratio\"><div class=\"wp-block-embed__wrapper\">\n<iframe loading=\"lazy\" title=\"FSMCV Dia del Voluntariado 2024\" width=\"800\" height=\"450\" src=\"https:\/\/www.youtube.com\/embed\/kCmbH_mbOnk?feature=oembed\" frameborder=\"0\" allow=\"accelerometer; autoplay; clipboard-write; encrypted-media; gyroscope; picture-in-picture; web-share\" referrerpolicy=\"strict-origin-when-cross-origin\" allowfullscreen><\/iframe>\n<\/div><\/figure>\n","protected":false},"excerpt":{"rendered":"<p>Des que es van desbocar els rius, molts dels nostres municipis viuen en un malson cobert de fang. La cat\u00e0strofe ha ferit tamb\u00e9 a les nostres societats musicals. S&#8217;han perdut [&hellip;]<\/p>\n","protected":false},"author":860002,"featured_media":22336,"comment_status":"open","ping_status":"open","sticky":false,"template":"","format":"standard","meta":{"footnotes":""},"categories":[28],"tags":[35],"portada":[40],"class_list":["post-22339","post","type-post","status-publish","format-standard","has-post-thumbnail","hentry","category-laterreta-va","tag-portada-va","portada-portada"],"yoast_head":"<!-- This site is optimized with the Yoast SEO plugin v27.4 - https:\/\/yoast.com\/product\/yoast-seo-wordpress\/ -->\n<title>Dia del Voluntariat: gr\u00e0cies per ajudar-nos a recuperar les nostres societats musicals - Revista Al Comp\u00e0s<\/title>\n<meta name=\"robots\" content=\"index, follow, max-snippet:-1, max-image-preview:large, max-video-preview:-1\" \/>\n<link rel=\"canonical\" href=\"https:\/\/alcompasrevista.com\/va\/archivos\/22339\" \/>\n<meta property=\"og:locale\" content=\"en_US\" \/>\n<meta property=\"og:type\" content=\"article\" \/>\n<meta property=\"og:title\" content=\"Dia del Voluntariat: gr\u00e0cies per ajudar-nos a recuperar les nostres societats musicals - Revista Al Comp\u00e0s\" \/>\n<meta property=\"og:description\" content=\"Des que es van desbocar els rius, molts dels nostres municipis viuen en un malson cobert de fang. La cat\u00e0strofe ha ferit tamb\u00e9 a les nostres societats musicals. S&#8217;han perdut [&hellip;]\" \/>\n<meta property=\"og:url\" content=\"https:\/\/alcompasrevista.com\/va\/archivos\/22339\" \/>\n<meta property=\"og:site_name\" content=\"Revista Al Comp\u00e0s\" \/>\n<meta property=\"article:published_time\" content=\"2024-12-05T16:38:07+00:00\" \/>\n<meta property=\"article:modified_time\" content=\"2024-12-05T16:38:09+00:00\" \/>\n<meta property=\"og:image\" content=\"https:\/\/alcompasrevista.com\/wp-content\/uploads\/2024\/12\/Captura-de-pantalla-2024-12-05-a-las-17.29.04.png\" \/>\n\t<meta property=\"og:image:width\" content=\"1440\" \/>\n\t<meta property=\"og:image:height\" content=\"805\" \/>\n\t<meta property=\"og:image:type\" content=\"image\/png\" \/>\n<meta name=\"author\" content=\"Redacci\u00f3n\" \/>\n<meta name=\"twitter:card\" content=\"summary_large_image\" \/>\n<meta name=\"twitter:label1\" content=\"Written by\" \/>\n\t<meta name=\"twitter:data1\" content=\"Redacci\u00f3\" \/>\n\t<meta name=\"twitter:label2\" content=\"Est. reading time\" \/>\n\t<meta name=\"twitter:data2\" content=\"1 minute\" \/>\n<script type=\"application\/ld+json\" class=\"yoast-schema-graph\">{\"@context\":\"https:\\\/\\\/schema.org\",\"@graph\":[{\"@type\":\"Article\",\"@id\":\"https:\\\/\\\/alcompasrevista.com\\\/va\\\/archivos\\\/22339#article\",\"isPartOf\":{\"@id\":\"https:\\\/\\\/alcompasrevista.com\\\/va\\\/archivos\\\/22339\"},\"author\":{\"name\":\"Redacci\u00f3n\",\"@id\":\"https:\\\/\\\/alcompasrevista.com\\\/#\\\/schema\\\/person\\\/c10652a34fa01d238ecd498d150347fc\"},\"headline\":\"Dia del Voluntariat: gr\u00e0cies per ajudar-nos a recuperar les nostres societats musicals\",\"datePublished\":\"2024-12-05T16:38:07+00:00\",\"dateModified\":\"2024-12-05T16:38:09+00:00\",\"mainEntityOfPage\":{\"@id\":\"https:\\\/\\\/alcompasrevista.com\\\/va\\\/archivos\\\/22339\"},\"wordCount\":183,\"commentCount\":0,\"publisher\":{\"@id\":\"https:\\\/\\\/alcompasrevista.com\\\/#organization\"},\"image\":{\"@id\":\"https:\\\/\\\/alcompasrevista.com\\\/va\\\/archivos\\\/22339#primaryimage\"},\"thumbnailUrl\":\"https:\\\/\\\/alcompasrevista.com\\\/wp-content\\\/uploads\\\/2024\\\/12\\\/Captura-de-pantalla-2024-12-05-a-las-17.29.04.png\",\"keywords\":[\"Portada\"],\"articleSection\":[\"#Laterreta\"],\"inLanguage\":\"va\",\"potentialAction\":[{\"@type\":\"CommentAction\",\"name\":\"Comment\",\"target\":[\"https:\\\/\\\/alcompasrevista.com\\\/va\\\/archivos\\\/22339#respond\"]}]},{\"@type\":\"WebPage\",\"@id\":\"https:\\\/\\\/alcompasrevista.com\\\/va\\\/archivos\\\/22339\",\"url\":\"https:\\\/\\\/alcompasrevista.com\\\/va\\\/archivos\\\/22339\",\"name\":\"Dia del Voluntariat: gr\u00e0cies per ajudar-nos a recuperar les nostres societats musicals - Revista Al Comp\u00e0s\",\"isPartOf\":{\"@id\":\"https:\\\/\\\/alcompasrevista.com\\\/#website\"},\"primaryImageOfPage\":{\"@id\":\"https:\\\/\\\/alcompasrevista.com\\\/va\\\/archivos\\\/22339#primaryimage\"},\"image\":{\"@id\":\"https:\\\/\\\/alcompasrevista.com\\\/va\\\/archivos\\\/22339#primaryimage\"},\"thumbnailUrl\":\"https:\\\/\\\/alcompasrevista.com\\\/wp-content\\\/uploads\\\/2024\\\/12\\\/Captura-de-pantalla-2024-12-05-a-las-17.29.04.png\",\"datePublished\":\"2024-12-05T16:38:07+00:00\",\"dateModified\":\"2024-12-05T16:38:09+00:00\",\"breadcrumb\":{\"@id\":\"https:\\\/\\\/alcompasrevista.com\\\/va\\\/archivos\\\/22339#breadcrumb\"},\"inLanguage\":\"va\",\"potentialAction\":[{\"@type\":\"ReadAction\",\"target\":[\"https:\\\/\\\/alcompasrevista.com\\\/va\\\/archivos\\\/22339\"]}]},{\"@type\":\"ImageObject\",\"inLanguage\":\"va\",\"@id\":\"https:\\\/\\\/alcompasrevista.com\\\/va\\\/archivos\\\/22339#primaryimage\",\"url\":\"https:\\\/\\\/alcompasrevista.com\\\/wp-content\\\/uploads\\\/2024\\\/12\\\/Captura-de-pantalla-2024-12-05-a-las-17.29.04.png\",\"contentUrl\":\"https:\\\/\\\/alcompasrevista.com\\\/wp-content\\\/uploads\\\/2024\\\/12\\\/Captura-de-pantalla-2024-12-05-a-las-17.29.04.png\",\"width\":1440,\"height\":805},{\"@type\":\"BreadcrumbList\",\"@id\":\"https:\\\/\\\/alcompasrevista.com\\\/va\\\/archivos\\\/22339#breadcrumb\",\"itemListElement\":[{\"@type\":\"ListItem\",\"position\":1,\"name\":\"Portada\",\"item\":\"https:\\\/\\\/alcompasrevista.com\\\/va\"},{\"@type\":\"ListItem\",\"position\":2,\"name\":\"Dia del Voluntariat: gr\u00e0cies per ajudar-nos a recuperar les nostres societats musicals\"}]},{\"@type\":\"WebSite\",\"@id\":\"https:\\\/\\\/alcompasrevista.com\\\/#website\",\"url\":\"https:\\\/\\\/alcompasrevista.com\\\/\",\"name\":\"Revista Al Comp\u00e0s\",\"description\":\"Un proyecto de la Federaci\u00f3n de Sociedades Musicales de la Comunidad Valenciana\",\"publisher\":{\"@id\":\"https:\\\/\\\/alcompasrevista.com\\\/#organization\"},\"potentialAction\":[{\"@type\":\"SearchAction\",\"target\":{\"@type\":\"EntryPoint\",\"urlTemplate\":\"https:\\\/\\\/alcompasrevista.com\\\/?s={search_term_string}\"},\"query-input\":{\"@type\":\"PropertyValueSpecification\",\"valueRequired\":true,\"valueName\":\"search_term_string\"}}],\"inLanguage\":\"va\"},{\"@type\":\"Organization\",\"@id\":\"https:\\\/\\\/alcompasrevista.com\\\/#organization\",\"name\":\"Revista Al Comp\u00e0s\",\"url\":\"https:\\\/\\\/alcompasrevista.com\\\/\",\"logo\":{\"@type\":\"ImageObject\",\"inLanguage\":\"va\",\"@id\":\"https:\\\/\\\/alcompasrevista.com\\\/#\\\/schema\\\/logo\\\/image\\\/\",\"url\":\"https:\\\/\\\/alcompasrevista.com\\\/wp-content\\\/uploads\\\/2022\\\/04\\\/cropped-loog_blanco.png\",\"contentUrl\":\"https:\\\/\\\/alcompasrevista.com\\\/wp-content\\\/uploads\\\/2022\\\/04\\\/cropped-loog_blanco.png\",\"width\":1612,\"height\":724,\"caption\":\"Revista Al Comp\u00e0s\"},\"image\":{\"@id\":\"https:\\\/\\\/alcompasrevista.com\\\/#\\\/schema\\\/logo\\\/image\\\/\"}},{\"@type\":\"Person\",\"@id\":\"https:\\\/\\\/alcompasrevista.com\\\/#\\\/schema\\\/person\\\/c10652a34fa01d238ecd498d150347fc\",\"name\":\"Redacci\u00f3n\",\"image\":{\"@type\":\"ImageObject\",\"inLanguage\":\"va\",\"@id\":\"https:\\\/\\\/secure.gravatar.com\\\/avatar\\\/e6a6d0cd2ddec22e0ca7d21b7e49d4a0099fbdc1d476e5412893210bce942ce9?s=96&d=mm&r=g\",\"url\":\"https:\\\/\\\/secure.gravatar.com\\\/avatar\\\/e6a6d0cd2ddec22e0ca7d21b7e49d4a0099fbdc1d476e5412893210bce942ce9?s=96&d=mm&r=g\",\"contentUrl\":\"https:\\\/\\\/secure.gravatar.com\\\/avatar\\\/e6a6d0cd2ddec22e0ca7d21b7e49d4a0099fbdc1d476e5412893210bce942ce9?s=96&d=mm&r=g\",\"caption\":\"Redacci\u00f3n\"},\"url\":\"https:\\\/\\\/alcompasrevista.com\\\/va\\\/archivos\\\/author\\\/vhj_webmaster\"}]}<\/script>\n<!-- \/ Yoast SEO plugin. -->","yoast_head_json":{"title":"Dia del Voluntariat: gr\u00e0cies per ajudar-nos a recuperar les nostres societats musicals - Revista Al Comp\u00e0s","robots":{"index":"index","follow":"follow","max-snippet":"max-snippet:-1","max-image-preview":"max-image-preview:large","max-video-preview":"max-video-preview:-1"},"canonical":"https:\/\/alcompasrevista.com\/va\/archivos\/22339","og_locale":"en_US","og_type":"article","og_title":"Dia del Voluntariat: gr\u00e0cies per ajudar-nos a recuperar les nostres societats musicals - Revista Al Comp\u00e0s","og_description":"Des que es van desbocar els rius, molts dels nostres municipis viuen en un malson cobert de fang. La cat\u00e0strofe ha ferit tamb\u00e9 a les nostres societats musicals. S&#8217;han perdut [&hellip;]","og_url":"https:\/\/alcompasrevista.com\/va\/archivos\/22339","og_site_name":"Revista Al Comp\u00e0s","article_published_time":"2024-12-05T16:38:07+00:00","article_modified_time":"2024-12-05T16:38:09+00:00","og_image":[{"width":1440,"height":805,"url":"https:\/\/alcompasrevista.com\/wp-content\/uploads\/2024\/12\/Captura-de-pantalla-2024-12-05-a-las-17.29.04.png","type":"image\/png"}],"author":"Redacci\u00f3n","twitter_card":"summary_large_image","twitter_misc":{"Written by":"Redacci\u00f3","Est. reading time":"1 minute"},"schema":{"@context":"https:\/\/schema.org","@graph":[{"@type":"Article","@id":"https:\/\/alcompasrevista.com\/va\/archivos\/22339#article","isPartOf":{"@id":"https:\/\/alcompasrevista.com\/va\/archivos\/22339"},"author":{"name":"Redacci\u00f3n","@id":"https:\/\/alcompasrevista.com\/#\/schema\/person\/c10652a34fa01d238ecd498d150347fc"},"headline":"Dia del Voluntariat: gr\u00e0cies per ajudar-nos a recuperar les nostres societats musicals","datePublished":"2024-12-05T16:38:07+00:00","dateModified":"2024-12-05T16:38:09+00:00","mainEntityOfPage":{"@id":"https:\/\/alcompasrevista.com\/va\/archivos\/22339"},"wordCount":183,"commentCount":0,"publisher":{"@id":"https:\/\/alcompasrevista.com\/#organization"},"image":{"@id":"https:\/\/alcompasrevista.com\/va\/archivos\/22339#primaryimage"},"thumbnailUrl":"https:\/\/alcompasrevista.com\/wp-content\/uploads\/2024\/12\/Captura-de-pantalla-2024-12-05-a-las-17.29.04.png","keywords":["Portada"],"articleSection":["#Laterreta"],"inLanguage":"va","potentialAction":[{"@type":"CommentAction","name":"Comment","target":["https:\/\/alcompasrevista.com\/va\/archivos\/22339#respond"]}]},{"@type":"WebPage","@id":"https:\/\/alcompasrevista.com\/va\/archivos\/22339","url":"https:\/\/alcompasrevista.com\/va\/archivos\/22339","name":"Dia del Voluntariat: gr\u00e0cies per ajudar-nos a recuperar les nostres societats musicals - Revista Al Comp\u00e0s","isPartOf":{"@id":"https:\/\/alcompasrevista.com\/#website"},"primaryImageOfPage":{"@id":"https:\/\/alcompasrevista.com\/va\/archivos\/22339#primaryimage"},"image":{"@id":"https:\/\/alcompasrevista.com\/va\/archivos\/22339#primaryimage"},"thumbnailUrl":"https:\/\/alcompasrevista.com\/wp-content\/uploads\/2024\/12\/Captura-de-pantalla-2024-12-05-a-las-17.29.04.png","datePublished":"2024-12-05T16:38:07+00:00","dateModified":"2024-12-05T16:38:09+00:00","breadcrumb":{"@id":"https:\/\/alcompasrevista.com\/va\/archivos\/22339#breadcrumb"},"inLanguage":"va","potentialAction":[{"@type":"ReadAction","target":["https:\/\/alcompasrevista.com\/va\/archivos\/22339"]}]},{"@type":"ImageObject","inLanguage":"va","@id":"https:\/\/alcompasrevista.com\/va\/archivos\/22339#primaryimage","url":"https:\/\/alcompasrevista.com\/wp-content\/uploads\/2024\/12\/Captura-de-pantalla-2024-12-05-a-las-17.29.04.png","contentUrl":"https:\/\/alcompasrevista.com\/wp-content\/uploads\/2024\/12\/Captura-de-pantalla-2024-12-05-a-las-17.29.04.png","width":1440,"height":805},{"@type":"BreadcrumbList","@id":"https:\/\/alcompasrevista.com\/va\/archivos\/22339#breadcrumb","itemListElement":[{"@type":"ListItem","position":1,"name":"Portada","item":"https:\/\/alcompasrevista.com\/va"},{"@type":"ListItem","position":2,"name":"Dia del Voluntariat: gr\u00e0cies per ajudar-nos a recuperar les nostres societats musicals"}]},{"@type":"WebSite","@id":"https:\/\/alcompasrevista.com\/#website","url":"https:\/\/alcompasrevista.com\/","name":"Revista Al Comp\u00e0s","description":"Un proyecto de la Federaci\u00f3n de Sociedades Musicales de la Comunidad Valenciana","publisher":{"@id":"https:\/\/alcompasrevista.com\/#organization"},"potentialAction":[{"@type":"SearchAction","target":{"@type":"EntryPoint","urlTemplate":"https:\/\/alcompasrevista.com\/?s={search_term_string}"},"query-input":{"@type":"PropertyValueSpecification","valueRequired":true,"valueName":"search_term_string"}}],"inLanguage":"va"},{"@type":"Organization","@id":"https:\/\/alcompasrevista.com\/#organization","name":"Revista Al Comp\u00e0s","url":"https:\/\/alcompasrevista.com\/","logo":{"@type":"ImageObject","inLanguage":"va","@id":"https:\/\/alcompasrevista.com\/#\/schema\/logo\/image\/","url":"https:\/\/alcompasrevista.com\/wp-content\/uploads\/2022\/04\/cropped-loog_blanco.png","contentUrl":"https:\/\/alcompasrevista.com\/wp-content\/uploads\/2022\/04\/cropped-loog_blanco.png","width":1612,"height":724,"caption":"Revista Al Comp\u00e0s"},"image":{"@id":"https:\/\/alcompasrevista.com\/#\/schema\/logo\/image\/"}},{"@type":"Person","@id":"https:\/\/alcompasrevista.com\/#\/schema\/person\/c10652a34fa01d238ecd498d150347fc","name":"Redacci\u00f3n","image":{"@type":"ImageObject","inLanguage":"va","@id":"https:\/\/secure.gravatar.com\/avatar\/e6a6d0cd2ddec22e0ca7d21b7e49d4a0099fbdc1d476e5412893210bce942ce9?s=96&d=mm&r=g","url":"https:\/\/secure.gravatar.com\/avatar\/e6a6d0cd2ddec22e0ca7d21b7e49d4a0099fbdc1d476e5412893210bce942ce9?s=96&d=mm&r=g","contentUrl":"https:\/\/secure.gravatar.com\/avatar\/e6a6d0cd2ddec22e0ca7d21b7e49d4a0099fbdc1d476e5412893210bce942ce9?s=96&d=mm&r=g","caption":"Redacci\u00f3n"},"url":"https:\/\/alcompasrevista.com\/va\/archivos\/author\/vhj_webmaster"}]}},"_links":{"self":[{"href":"https:\/\/alcompasrevista.com\/va\/wp-json\/wp\/v2\/posts\/22339","targetHints":{"allow":["GET"]}}],"collection":[{"href":"https:\/\/alcompasrevista.com\/va\/wp-json\/wp\/v2\/posts"}],"about":[{"href":"https:\/\/alcompasrevista.com\/va\/wp-json\/wp\/v2\/types\/post"}],"author":[{"embeddable":true,"href":"https:\/\/alcompasrevista.com\/va\/wp-json\/wp\/v2\/users\/860002"}],"replies":[{"embeddable":true,"href":"https:\/\/alcompasrevista.com\/va\/wp-json\/wp\/v2\/comments?post=22339"}],"version-history":[{"count":0,"href":"https:\/\/alcompasrevista.com\/va\/wp-json\/wp\/v2\/posts\/22339\/revisions"}],"wp:featuredmedia":[{"embeddable":true,"href":"https:\/\/alcompasrevista.com\/va\/wp-json\/wp\/v2\/media\/22336"}],"wp:attachment":[{"href":"https:\/\/alcompasrevista.com\/va\/wp-json\/wp\/v2\/media?parent=22339"}],"wp:term":[{"taxonomy":"category","embeddable":true,"href":"https:\/\/alcompasrevista.com\/va\/wp-json\/wp\/v2\/categories?post=22339"},{"taxonomy":"post_tag","embeddable":true,"href":"https:\/\/alcompasrevista.com\/va\/wp-json\/wp\/v2\/tags?post=22339"},{"taxonomy":"portada","embeddable":true,"href":"https:\/\/alcompasrevista.com\/va\/wp-json\/wp\/v2\/portada?post=22339"}],"curies":[{"name":"wp","href":"https:\/\/api.w.org\/{rel}","templated":true}]}}