{"id":22247,"date":"2024-11-26T11:58:01","date_gmt":"2024-11-26T10:58:01","guid":{"rendered":"https:\/\/alcompasrevista.com\/?p=22247"},"modified":"2024-11-26T12:00:47","modified_gmt":"2024-11-26T11:00:47","slug":"la-fumiga-actua-a-alzira-per-les-escoles-de-musica-afectades-per-la-dana","status":"publish","type":"post","link":"https:\/\/alcompasrevista.com\/va\/archivos\/22247","title":{"rendered":"La F\u00famiga actua a Alzira per les escoles de m\u00fasica afectades per la DANA"},"content":{"rendered":"\n<p>El pr\u00f2xim <strong>30 de novembre<\/strong> un mes despr\u00e9s de la trag\u00e8dia, a partir de les <strong>17.00 hores<\/strong> de la vesprada, l&#8217;<strong>avinguda Nou d&#8217;Octubre d&#8217;Alzira<\/strong> acollir\u00e0 el concert solidari <strong>Reconstru\u00efm les Escoles de M\u00fasica<\/strong>, la proposta del grup <strong>La F\u00famiga<\/strong> per a pal\u00b7liar els efectes, devastadors en molts casos, de la DANA en els centres educatius de la xarxa de les societats musicals.<\/p>\n\n\n\n<p>La iniciativa ha sigut organitzada juntament amb l&#8217;Ajuntament d&#8217;Alzira i Pro 21 Cultural, i compta amb la col\u00b7laboraci\u00f3 de la <strong>Federaci\u00f3 de Societats Musicals de la Comunitat Valenciana<\/strong>, que s&#8217;encarregar\u00e0 de vehicular les donacions cap a les escoles de m\u00fasica. El cartell tamb\u00e9 comptar\u00e0 amb la participaci\u00f3 de <strong>Dani Miquel<\/strong>, <strong>Niuss<\/strong>, els germans <strong>Penalba<\/strong> i <strong>Naina<\/strong>.<\/p>\n\n\n\n<p>\u00abEl nostre poble, Alzira no va ser afectat per la DANA i, per tant, est\u00e0vem vivint una vida molt tranquil\u00b7la mentre als pobles del costat tot era un absolut desastre, una cat\u00e0strofe absoluta, i crec que va haver-hi una iniciativa personal de cadasc\u00fa de nosaltres d&#8217;ajudar all\u00e0 on se&#8217;ns necessitara\u00bb.<\/p>\n\n\n\n<p><strong>\u00c0rtur Mart\u00ednez<\/strong>, vocalista i compositor de <strong>La F\u00famiga<\/strong>, recorda com va sorgir esta iniciativa. Ell i la resta de companys de la banda van ser conscients, com tants ve\u00efns de les zones afectades per la DANA, que despr\u00e9s de les p\u00e8rdues humanes, les cases pr\u00f2pies i els negocis, s&#8217;havia d&#8217;afrontar el desastre a una altra mena d&#8217;espais que conformen el teixit cultural, social i tamb\u00e9 emocional dels municipis.<\/p>\n\n\n\n<p>\u00abA nosaltres l&#8217;educaci\u00f3 musical ens va canviar la vida i ens va donar l&#8217;oportunitat de fer una cosa que ens far\u00e0 feli\u00e7os per vida. Molts dels meus companys de La F\u00famiga s\u00f3n professors en diferents escoles. Quan vam vore el que ocorria en la societat musical d&#8217;Algemes\u00ed ens vam posar a contactar amb tots els presidents de totes les societats musicals. Fins i tot an\u00e0vem a visitar-los per a veure com estava l&#8217;escola\u00bb, explica el cantant.<\/p>\n\n\n\n<p>\u00abEstructurar un concert de 5.000 persones no es fa de la nit al dia, per\u00f2 pens\u00e0vem que era el moment de fer-lo quan abans millor. Esperem que siga el primer pas d&#8217;un cam\u00ed perqu\u00e8 les escoles de m\u00fasica, a m\u00e9s de les ajudes institucionals, tinguen un suport addicional m\u00e9s per part de la societat\u00bb, afegeix Mart\u00ednez.<\/p>\n\n\n\n<p>Fins ara s&#8217;ha venut aproximadament la meitat de l&#8217;aforament i <a href=\"https:\/\/www.notikumi.com\/2024\/11\/30\/concert-solidari-per-les-escoles-de-musica\"><strong>les entrades es poden comprar a la plataforma Notikumi<\/strong><\/a> a un preu de 15 euros. Tamb\u00e9 s&#8217;ha habilitat una fila zero disponible per a qui no puga anar al concert per\u00f2 vulga contribuir en la causa.<\/p>\n\n\n\n<figure class=\"wp-block-embed\"><div class=\"wp-block-embed__wrapper\">\nhttps:\/\/www.instagram.com\/reel\/DCmpuJqNHkZ\/?utm_source=ig_web_copy_link&#038;igsh=MzRlODBiNWFlZA==\n<\/div><\/figure>\n","protected":false},"excerpt":{"rendered":"<p>El pr\u00f2xim 30 de novembre un mes despr\u00e9s de la trag\u00e8dia, a partir de les 17.00 hores de la vesprada, l&#8217;avinguda Nou d&#8217;Octubre d&#8217;Alzira acollir\u00e0 el concert solidari Reconstru\u00efm les [&hellip;]<\/p>\n","protected":false},"author":860002,"featured_media":22245,"comment_status":"open","ping_status":"open","sticky":false,"template":"","format":"standard","meta":{"footnotes":""},"categories":[28],"tags":[35],"portada":[40],"class_list":["post-22247","post","type-post","status-publish","format-standard","has-post-thumbnail","hentry","category-laterreta-va","tag-portada-va","portada-portada"],"yoast_head":"<!-- This site is optimized with the Yoast SEO plugin v27.4 - https:\/\/yoast.com\/product\/yoast-seo-wordpress\/ -->\n<title>La F\u00famiga actua a Alzira per les escoles de m\u00fasica afectades per la DANA - Revista Al Comp\u00e0s<\/title>\n<meta name=\"robots\" content=\"index, follow, max-snippet:-1, max-image-preview:large, max-video-preview:-1\" \/>\n<link rel=\"canonical\" href=\"https:\/\/alcompasrevista.com\/va\/archivos\/22247\" \/>\n<meta property=\"og:locale\" content=\"en_US\" \/>\n<meta property=\"og:type\" content=\"article\" \/>\n<meta property=\"og:title\" content=\"La F\u00famiga actua a Alzira per les escoles de m\u00fasica afectades per la DANA - Revista Al Comp\u00e0s\" \/>\n<meta property=\"og:description\" content=\"El pr\u00f2xim 30 de novembre un mes despr\u00e9s de la trag\u00e8dia, a partir de les 17.00 hores de la vesprada, l&#8217;avinguda Nou d&#8217;Octubre d&#8217;Alzira acollir\u00e0 el concert solidari Reconstru\u00efm les [&hellip;]\" \/>\n<meta property=\"og:url\" content=\"https:\/\/alcompasrevista.com\/va\/archivos\/22247\" \/>\n<meta property=\"og:site_name\" content=\"Revista Al Comp\u00e0s\" \/>\n<meta property=\"article:published_time\" content=\"2024-11-26T10:58:01+00:00\" \/>\n<meta property=\"article:modified_time\" content=\"2024-11-26T11:00:47+00:00\" \/>\n<meta property=\"og:image\" content=\"https:\/\/alcompasrevista.com\/wp-content\/uploads\/2024\/11\/Captura-de-pantalla-2024-11-26-a-las-11.42.54-1.png\" \/>\n\t<meta property=\"og:image:width\" content=\"1355\" \/>\n\t<meta property=\"og:image:height\" content=\"795\" \/>\n\t<meta property=\"og:image:type\" content=\"image\/png\" \/>\n<meta name=\"author\" content=\"Redacci\u00f3n\" \/>\n<meta name=\"twitter:card\" content=\"summary_large_image\" \/>\n<meta name=\"twitter:label1\" content=\"Written by\" \/>\n\t<meta name=\"twitter:data1\" content=\"Redacci\u00f3\" \/>\n\t<meta name=\"twitter:label2\" content=\"Est. reading time\" \/>\n\t<meta name=\"twitter:data2\" content=\"3 minutes\" \/>\n<script type=\"application\/ld+json\" class=\"yoast-schema-graph\">{\"@context\":\"https:\\\/\\\/schema.org\",\"@graph\":[{\"@type\":\"Article\",\"@id\":\"https:\\\/\\\/alcompasrevista.com\\\/va\\\/archivos\\\/22247#article\",\"isPartOf\":{\"@id\":\"https:\\\/\\\/alcompasrevista.com\\\/va\\\/archivos\\\/22247\"},\"author\":{\"name\":\"Redacci\u00f3n\",\"@id\":\"https:\\\/\\\/alcompasrevista.com\\\/#\\\/schema\\\/person\\\/c10652a34fa01d238ecd498d150347fc\"},\"headline\":\"La F\u00famiga actua a Alzira per les escoles de m\u00fasica afectades per la DANA\",\"datePublished\":\"2024-11-26T10:58:01+00:00\",\"dateModified\":\"2024-11-26T11:00:47+00:00\",\"mainEntityOfPage\":{\"@id\":\"https:\\\/\\\/alcompasrevista.com\\\/va\\\/archivos\\\/22247\"},\"wordCount\":486,\"commentCount\":0,\"publisher\":{\"@id\":\"https:\\\/\\\/alcompasrevista.com\\\/#organization\"},\"image\":{\"@id\":\"https:\\\/\\\/alcompasrevista.com\\\/va\\\/archivos\\\/22247#primaryimage\"},\"thumbnailUrl\":\"https:\\\/\\\/alcompasrevista.com\\\/wp-content\\\/uploads\\\/2024\\\/11\\\/Captura-de-pantalla-2024-11-26-a-las-11.42.54-1.png\",\"keywords\":[\"Portada\"],\"articleSection\":[\"#Laterreta\"],\"inLanguage\":\"va\",\"potentialAction\":[{\"@type\":\"CommentAction\",\"name\":\"Comment\",\"target\":[\"https:\\\/\\\/alcompasrevista.com\\\/va\\\/archivos\\\/22247#respond\"]}]},{\"@type\":\"WebPage\",\"@id\":\"https:\\\/\\\/alcompasrevista.com\\\/va\\\/archivos\\\/22247\",\"url\":\"https:\\\/\\\/alcompasrevista.com\\\/va\\\/archivos\\\/22247\",\"name\":\"La F\u00famiga actua a Alzira per les escoles de m\u00fasica afectades per la DANA - Revista Al Comp\u00e0s\",\"isPartOf\":{\"@id\":\"https:\\\/\\\/alcompasrevista.com\\\/#website\"},\"primaryImageOfPage\":{\"@id\":\"https:\\\/\\\/alcompasrevista.com\\\/va\\\/archivos\\\/22247#primaryimage\"},\"image\":{\"@id\":\"https:\\\/\\\/alcompasrevista.com\\\/va\\\/archivos\\\/22247#primaryimage\"},\"thumbnailUrl\":\"https:\\\/\\\/alcompasrevista.com\\\/wp-content\\\/uploads\\\/2024\\\/11\\\/Captura-de-pantalla-2024-11-26-a-las-11.42.54-1.png\",\"datePublished\":\"2024-11-26T10:58:01+00:00\",\"dateModified\":\"2024-11-26T11:00:47+00:00\",\"breadcrumb\":{\"@id\":\"https:\\\/\\\/alcompasrevista.com\\\/va\\\/archivos\\\/22247#breadcrumb\"},\"inLanguage\":\"va\",\"potentialAction\":[{\"@type\":\"ReadAction\",\"target\":[\"https:\\\/\\\/alcompasrevista.com\\\/va\\\/archivos\\\/22247\"]}]},{\"@type\":\"ImageObject\",\"inLanguage\":\"va\",\"@id\":\"https:\\\/\\\/alcompasrevista.com\\\/va\\\/archivos\\\/22247#primaryimage\",\"url\":\"https:\\\/\\\/alcompasrevista.com\\\/wp-content\\\/uploads\\\/2024\\\/11\\\/Captura-de-pantalla-2024-11-26-a-las-11.42.54-1.png\",\"contentUrl\":\"https:\\\/\\\/alcompasrevista.com\\\/wp-content\\\/uploads\\\/2024\\\/11\\\/Captura-de-pantalla-2024-11-26-a-las-11.42.54-1.png\",\"width\":1355,\"height\":795},{\"@type\":\"BreadcrumbList\",\"@id\":\"https:\\\/\\\/alcompasrevista.com\\\/va\\\/archivos\\\/22247#breadcrumb\",\"itemListElement\":[{\"@type\":\"ListItem\",\"position\":1,\"name\":\"Portada\",\"item\":\"https:\\\/\\\/alcompasrevista.com\\\/va\"},{\"@type\":\"ListItem\",\"position\":2,\"name\":\"La F\u00famiga actua a Alzira per les escoles de m\u00fasica afectades per la DANA\"}]},{\"@type\":\"WebSite\",\"@id\":\"https:\\\/\\\/alcompasrevista.com\\\/#website\",\"url\":\"https:\\\/\\\/alcompasrevista.com\\\/\",\"name\":\"Revista Al Comp\u00e0s\",\"description\":\"Un proyecto de la Federaci\u00f3n de Sociedades Musicales de la Comunidad Valenciana\",\"publisher\":{\"@id\":\"https:\\\/\\\/alcompasrevista.com\\\/#organization\"},\"potentialAction\":[{\"@type\":\"SearchAction\",\"target\":{\"@type\":\"EntryPoint\",\"urlTemplate\":\"https:\\\/\\\/alcompasrevista.com\\\/?s={search_term_string}\"},\"query-input\":{\"@type\":\"PropertyValueSpecification\",\"valueRequired\":true,\"valueName\":\"search_term_string\"}}],\"inLanguage\":\"va\"},{\"@type\":\"Organization\",\"@id\":\"https:\\\/\\\/alcompasrevista.com\\\/#organization\",\"name\":\"Revista Al Comp\u00e0s\",\"url\":\"https:\\\/\\\/alcompasrevista.com\\\/\",\"logo\":{\"@type\":\"ImageObject\",\"inLanguage\":\"va\",\"@id\":\"https:\\\/\\\/alcompasrevista.com\\\/#\\\/schema\\\/logo\\\/image\\\/\",\"url\":\"https:\\\/\\\/alcompasrevista.com\\\/wp-content\\\/uploads\\\/2022\\\/04\\\/cropped-loog_blanco.png\",\"contentUrl\":\"https:\\\/\\\/alcompasrevista.com\\\/wp-content\\\/uploads\\\/2022\\\/04\\\/cropped-loog_blanco.png\",\"width\":1612,\"height\":724,\"caption\":\"Revista Al Comp\u00e0s\"},\"image\":{\"@id\":\"https:\\\/\\\/alcompasrevista.com\\\/#\\\/schema\\\/logo\\\/image\\\/\"}},{\"@type\":\"Person\",\"@id\":\"https:\\\/\\\/alcompasrevista.com\\\/#\\\/schema\\\/person\\\/c10652a34fa01d238ecd498d150347fc\",\"name\":\"Redacci\u00f3n\",\"image\":{\"@type\":\"ImageObject\",\"inLanguage\":\"va\",\"@id\":\"https:\\\/\\\/secure.gravatar.com\\\/avatar\\\/e6a6d0cd2ddec22e0ca7d21b7e49d4a0099fbdc1d476e5412893210bce942ce9?s=96&d=mm&r=g\",\"url\":\"https:\\\/\\\/secure.gravatar.com\\\/avatar\\\/e6a6d0cd2ddec22e0ca7d21b7e49d4a0099fbdc1d476e5412893210bce942ce9?s=96&d=mm&r=g\",\"contentUrl\":\"https:\\\/\\\/secure.gravatar.com\\\/avatar\\\/e6a6d0cd2ddec22e0ca7d21b7e49d4a0099fbdc1d476e5412893210bce942ce9?s=96&d=mm&r=g\",\"caption\":\"Redacci\u00f3n\"},\"url\":\"https:\\\/\\\/alcompasrevista.com\\\/va\\\/archivos\\\/author\\\/vhj_webmaster\"}]}<\/script>\n<!-- \/ Yoast SEO plugin. -->","yoast_head_json":{"title":"La F\u00famiga actua a Alzira per les escoles de m\u00fasica afectades per la DANA - Revista Al Comp\u00e0s","robots":{"index":"index","follow":"follow","max-snippet":"max-snippet:-1","max-image-preview":"max-image-preview:large","max-video-preview":"max-video-preview:-1"},"canonical":"https:\/\/alcompasrevista.com\/va\/archivos\/22247","og_locale":"en_US","og_type":"article","og_title":"La F\u00famiga actua a Alzira per les escoles de m\u00fasica afectades per la DANA - Revista Al Comp\u00e0s","og_description":"El pr\u00f2xim 30 de novembre un mes despr\u00e9s de la trag\u00e8dia, a partir de les 17.00 hores de la vesprada, l&#8217;avinguda Nou d&#8217;Octubre d&#8217;Alzira acollir\u00e0 el concert solidari Reconstru\u00efm les [&hellip;]","og_url":"https:\/\/alcompasrevista.com\/va\/archivos\/22247","og_site_name":"Revista Al Comp\u00e0s","article_published_time":"2024-11-26T10:58:01+00:00","article_modified_time":"2024-11-26T11:00:47+00:00","og_image":[{"width":1355,"height":795,"url":"https:\/\/alcompasrevista.com\/wp-content\/uploads\/2024\/11\/Captura-de-pantalla-2024-11-26-a-las-11.42.54-1.png","type":"image\/png"}],"author":"Redacci\u00f3n","twitter_card":"summary_large_image","twitter_misc":{"Written by":"Redacci\u00f3","Est. reading time":"3 minutes"},"schema":{"@context":"https:\/\/schema.org","@graph":[{"@type":"Article","@id":"https:\/\/alcompasrevista.com\/va\/archivos\/22247#article","isPartOf":{"@id":"https:\/\/alcompasrevista.com\/va\/archivos\/22247"},"author":{"name":"Redacci\u00f3n","@id":"https:\/\/alcompasrevista.com\/#\/schema\/person\/c10652a34fa01d238ecd498d150347fc"},"headline":"La F\u00famiga actua a Alzira per les escoles de m\u00fasica afectades per la DANA","datePublished":"2024-11-26T10:58:01+00:00","dateModified":"2024-11-26T11:00:47+00:00","mainEntityOfPage":{"@id":"https:\/\/alcompasrevista.com\/va\/archivos\/22247"},"wordCount":486,"commentCount":0,"publisher":{"@id":"https:\/\/alcompasrevista.com\/#organization"},"image":{"@id":"https:\/\/alcompasrevista.com\/va\/archivos\/22247#primaryimage"},"thumbnailUrl":"https:\/\/alcompasrevista.com\/wp-content\/uploads\/2024\/11\/Captura-de-pantalla-2024-11-26-a-las-11.42.54-1.png","keywords":["Portada"],"articleSection":["#Laterreta"],"inLanguage":"va","potentialAction":[{"@type":"CommentAction","name":"Comment","target":["https:\/\/alcompasrevista.com\/va\/archivos\/22247#respond"]}]},{"@type":"WebPage","@id":"https:\/\/alcompasrevista.com\/va\/archivos\/22247","url":"https:\/\/alcompasrevista.com\/va\/archivos\/22247","name":"La F\u00famiga actua a Alzira per les escoles de m\u00fasica afectades per la DANA - Revista Al Comp\u00e0s","isPartOf":{"@id":"https:\/\/alcompasrevista.com\/#website"},"primaryImageOfPage":{"@id":"https:\/\/alcompasrevista.com\/va\/archivos\/22247#primaryimage"},"image":{"@id":"https:\/\/alcompasrevista.com\/va\/archivos\/22247#primaryimage"},"thumbnailUrl":"https:\/\/alcompasrevista.com\/wp-content\/uploads\/2024\/11\/Captura-de-pantalla-2024-11-26-a-las-11.42.54-1.png","datePublished":"2024-11-26T10:58:01+00:00","dateModified":"2024-11-26T11:00:47+00:00","breadcrumb":{"@id":"https:\/\/alcompasrevista.com\/va\/archivos\/22247#breadcrumb"},"inLanguage":"va","potentialAction":[{"@type":"ReadAction","target":["https:\/\/alcompasrevista.com\/va\/archivos\/22247"]}]},{"@type":"ImageObject","inLanguage":"va","@id":"https:\/\/alcompasrevista.com\/va\/archivos\/22247#primaryimage","url":"https:\/\/alcompasrevista.com\/wp-content\/uploads\/2024\/11\/Captura-de-pantalla-2024-11-26-a-las-11.42.54-1.png","contentUrl":"https:\/\/alcompasrevista.com\/wp-content\/uploads\/2024\/11\/Captura-de-pantalla-2024-11-26-a-las-11.42.54-1.png","width":1355,"height":795},{"@type":"BreadcrumbList","@id":"https:\/\/alcompasrevista.com\/va\/archivos\/22247#breadcrumb","itemListElement":[{"@type":"ListItem","position":1,"name":"Portada","item":"https:\/\/alcompasrevista.com\/va"},{"@type":"ListItem","position":2,"name":"La F\u00famiga actua a Alzira per les escoles de m\u00fasica afectades per la DANA"}]},{"@type":"WebSite","@id":"https:\/\/alcompasrevista.com\/#website","url":"https:\/\/alcompasrevista.com\/","name":"Revista Al Comp\u00e0s","description":"Un proyecto de la Federaci\u00f3n de Sociedades Musicales de la Comunidad Valenciana","publisher":{"@id":"https:\/\/alcompasrevista.com\/#organization"},"potentialAction":[{"@type":"SearchAction","target":{"@type":"EntryPoint","urlTemplate":"https:\/\/alcompasrevista.com\/?s={search_term_string}"},"query-input":{"@type":"PropertyValueSpecification","valueRequired":true,"valueName":"search_term_string"}}],"inLanguage":"va"},{"@type":"Organization","@id":"https:\/\/alcompasrevista.com\/#organization","name":"Revista Al Comp\u00e0s","url":"https:\/\/alcompasrevista.com\/","logo":{"@type":"ImageObject","inLanguage":"va","@id":"https:\/\/alcompasrevista.com\/#\/schema\/logo\/image\/","url":"https:\/\/alcompasrevista.com\/wp-content\/uploads\/2022\/04\/cropped-loog_blanco.png","contentUrl":"https:\/\/alcompasrevista.com\/wp-content\/uploads\/2022\/04\/cropped-loog_blanco.png","width":1612,"height":724,"caption":"Revista Al Comp\u00e0s"},"image":{"@id":"https:\/\/alcompasrevista.com\/#\/schema\/logo\/image\/"}},{"@type":"Person","@id":"https:\/\/alcompasrevista.com\/#\/schema\/person\/c10652a34fa01d238ecd498d150347fc","name":"Redacci\u00f3n","image":{"@type":"ImageObject","inLanguage":"va","@id":"https:\/\/secure.gravatar.com\/avatar\/e6a6d0cd2ddec22e0ca7d21b7e49d4a0099fbdc1d476e5412893210bce942ce9?s=96&d=mm&r=g","url":"https:\/\/secure.gravatar.com\/avatar\/e6a6d0cd2ddec22e0ca7d21b7e49d4a0099fbdc1d476e5412893210bce942ce9?s=96&d=mm&r=g","contentUrl":"https:\/\/secure.gravatar.com\/avatar\/e6a6d0cd2ddec22e0ca7d21b7e49d4a0099fbdc1d476e5412893210bce942ce9?s=96&d=mm&r=g","caption":"Redacci\u00f3n"},"url":"https:\/\/alcompasrevista.com\/va\/archivos\/author\/vhj_webmaster"}]}},"_links":{"self":[{"href":"https:\/\/alcompasrevista.com\/va\/wp-json\/wp\/v2\/posts\/22247","targetHints":{"allow":["GET"]}}],"collection":[{"href":"https:\/\/alcompasrevista.com\/va\/wp-json\/wp\/v2\/posts"}],"about":[{"href":"https:\/\/alcompasrevista.com\/va\/wp-json\/wp\/v2\/types\/post"}],"author":[{"embeddable":true,"href":"https:\/\/alcompasrevista.com\/va\/wp-json\/wp\/v2\/users\/860002"}],"replies":[{"embeddable":true,"href":"https:\/\/alcompasrevista.com\/va\/wp-json\/wp\/v2\/comments?post=22247"}],"version-history":[{"count":0,"href":"https:\/\/alcompasrevista.com\/va\/wp-json\/wp\/v2\/posts\/22247\/revisions"}],"wp:featuredmedia":[{"embeddable":true,"href":"https:\/\/alcompasrevista.com\/va\/wp-json\/wp\/v2\/media\/22245"}],"wp:attachment":[{"href":"https:\/\/alcompasrevista.com\/va\/wp-json\/wp\/v2\/media?parent=22247"}],"wp:term":[{"taxonomy":"category","embeddable":true,"href":"https:\/\/alcompasrevista.com\/va\/wp-json\/wp\/v2\/categories?post=22247"},{"taxonomy":"post_tag","embeddable":true,"href":"https:\/\/alcompasrevista.com\/va\/wp-json\/wp\/v2\/tags?post=22247"},{"taxonomy":"portada","embeddable":true,"href":"https:\/\/alcompasrevista.com\/va\/wp-json\/wp\/v2\/portada?post=22247"}],"curies":[{"name":"wp","href":"https:\/\/api.w.org\/{rel}","templated":true}]}}