{"id":21728,"date":"2024-08-22T10:09:01","date_gmt":"2024-08-22T08:09:01","guid":{"rendered":"https:\/\/alcompasrevista.com\/?p=21728"},"modified":"2024-08-22T10:09:03","modified_gmt":"2024-08-22T08:09:03","slug":"concurs-de-composicio-musical-per-a-les-festes-de-moros-i-cristians-75-aniversari-de-la-comparsa-pirates-de-mutxamel","status":"publish","type":"post","link":"https:\/\/alcompasrevista.com\/va\/archivos\/21728","title":{"rendered":"Concurs de Composici\u00f3 Musical per a les Festes de Moros i Cristians: 75 Aniversari de la Comparsa Pirates de Mutxamel"},"content":{"rendered":"\n<p>La Comparsa Pirates de Mutxamel ha llan\u00e7at una convocat\u00f2ria especial amb motiu de la celebraci\u00f3 del seu 75 aniversari. Per a commemorar esta ocasi\u00f3 hist\u00f2rica, s&#8217;ha organitzat un concurs de composici\u00f3 de m\u00fasica festera en la modalitat de Marxa Cristiana, un estil tradicionalment associat a les festes de Moros i Cristians.<\/p>\n\n\n\n<p><br>El concurs compta amb atractius premis que reconeixen la creativitat i el talent en la composici\u00f3 musical. El primer premi estar\u00e0 dotat amb 2.000 euros. A m\u00e9s, s&#8217;atorgaran dos acc\u00e8ssits, amb una dotaci\u00f3 de 250 euros cadascun. Les composicions guanyadores es donaran a con\u00e9ixer en un concert especial a c\u00e0rrec de la Societat Musical Lira Relleuense, on s&#8217;interpretaran les obres finalistes.<\/p>\n\n\n\n<p><br>Els interessats tenen fins al 15 de gener de 2025 per a presentar les seues obres, que hauran de ser originals i in\u00e8dites. Les composicions han de capturar l&#8217;ess\u00e8ncia de la comparsa, transmetent alegria, vitalitat i for\u00e7a, i ser aptes per a desfilar en les festes. Els participants poden presentar tantes composicions com desitgen, seguint les especificacions detallades en les bases del concurs.<\/p>\n\n\n\n<p><br>Les obres s&#8217;han d&#8217;entregar a la Casa de la Cultura de l&#8217;Ajuntament de Mutxamel, juntament amb una plica que continga les dades del concursant i una declaraci\u00f3 jurada d&#8217;originalitat.<\/p>\n\n\n\n<p><br>Este concurs representa una oportunitat \u00fanica per als compositors de contribuir a la rica tradici\u00f3 de les festes de Moros i Cristians, i per a la Comparsa Pirates de Mutxamel de celebrar el seu llegat musical.<\/p>\n\n\n\n<p><br><strong>Proc\u00e9s de Selecci\u00f3<\/strong><br>Un jurat t\u00e8cnic, designat per la Comissi\u00f3 del 75 Aniversari, seleccionar\u00e0 fins a tres obres finalistes. Estes peces seran interpretades en un concert especial, la data i el lloc del qual es confirmaran pr\u00f2ximament. En cas que no es presenten almenys tres obres, el concurs ser\u00e0 declarat nul.<\/p>\n\n\n\n<p><br>El jurat es reserva el dret de declarar desert el primer premi si considera que cap composici\u00f3 complix amb els est\u00e0ndards esperats. En tal cas, s&#8217;atorgaran acc\u00e8ssits a les obres finalistes.<\/p>\n\n\n\n<p><strong>Per a m\u00e9s informaci\u00f3 i consultes:<\/strong><br>Correu electr\u00f2nic: 75aniversariopiratesmutxamel@gmail.com<\/p>\n\n\n\n<figure class=\"wp-block-image size-large\"><img loading=\"lazy\" decoding=\"async\" width=\"1021\" height=\"1024\" src=\"https:\/\/alcompasrevista.com\/wp-content\/uploads\/2024\/08\/Concurso-composicion-Marcha-Cristiana-1021x1024.png\" alt=\"\" class=\"wp-image-21726\" srcset=\"https:\/\/alcompasrevista.com\/wp-content\/uploads\/2024\/08\/Concurso-composicion-Marcha-Cristiana-1021x1024.png 1021w, https:\/\/alcompasrevista.com\/wp-content\/uploads\/2024\/08\/Concurso-composicion-Marcha-Cristiana-300x300.png 300w, https:\/\/alcompasrevista.com\/wp-content\/uploads\/2024\/08\/Concurso-composicion-Marcha-Cristiana-150x150.png 150w, https:\/\/alcompasrevista.com\/wp-content\/uploads\/2024\/08\/Concurso-composicion-Marcha-Cristiana-768x770.png 768w, https:\/\/alcompasrevista.com\/wp-content\/uploads\/2024\/08\/Concurso-composicion-Marcha-Cristiana.png 1338w\" sizes=\"auto, (max-width: 1021px) 100vw, 1021px\" \/><\/figure>\n","protected":false},"excerpt":{"rendered":"<p>La Comparsa Pirates de Mutxamel ha llan\u00e7at una convocat\u00f2ria especial amb motiu de la celebraci\u00f3 del seu 75 aniversari. Per a commemorar esta ocasi\u00f3 hist\u00f2rica, s&#8217;ha organitzat un concurs de [&hellip;]<\/p>\n","protected":false},"author":860002,"featured_media":21726,"comment_status":"open","ping_status":"open","sticky":false,"template":"","format":"standard","meta":{"footnotes":""},"categories":[28],"tags":[372,1162],"portada":[],"class_list":["post-21728","post","type-post","status-publish","format-standard","has-post-thumbnail","hentry","category-laterreta-va","tag-concurs","tag-moros-i-cristians"],"yoast_head":"<!-- This site is optimized with the Yoast SEO plugin v27.4 - https:\/\/yoast.com\/product\/yoast-seo-wordpress\/ -->\n<title>Concurs de Composici\u00f3 Musical per a les Festes de Moros i Cristians: 75 Aniversari de la Comparsa Pirates de Mutxamel - Revista Al Comp\u00e0s<\/title>\n<meta name=\"robots\" content=\"index, follow, max-snippet:-1, max-image-preview:large, max-video-preview:-1\" \/>\n<link rel=\"canonical\" href=\"https:\/\/alcompasrevista.com\/va\/archivos\/21728\" \/>\n<meta property=\"og:locale\" content=\"en_US\" \/>\n<meta property=\"og:type\" content=\"article\" \/>\n<meta property=\"og:title\" content=\"Concurs de Composici\u00f3 Musical per a les Festes de Moros i Cristians: 75 Aniversari de la Comparsa Pirates de Mutxamel - Revista Al Comp\u00e0s\" \/>\n<meta property=\"og:description\" content=\"La Comparsa Pirates de Mutxamel ha llan\u00e7at una convocat\u00f2ria especial amb motiu de la celebraci\u00f3 del seu 75 aniversari. Per a commemorar esta ocasi\u00f3 hist\u00f2rica, s&#8217;ha organitzat un concurs de [&hellip;]\" \/>\n<meta property=\"og:url\" content=\"https:\/\/alcompasrevista.com\/va\/archivos\/21728\" \/>\n<meta property=\"og:site_name\" content=\"Revista Al Comp\u00e0s\" \/>\n<meta property=\"article:published_time\" content=\"2024-08-22T08:09:01+00:00\" \/>\n<meta property=\"article:modified_time\" content=\"2024-08-22T08:09:03+00:00\" \/>\n<meta property=\"og:image\" content=\"https:\/\/alcompasrevista.com\/wp-content\/uploads\/2024\/08\/Concurso-composicion-Marcha-Cristiana.png\" \/>\n\t<meta property=\"og:image:width\" content=\"1338\" \/>\n\t<meta property=\"og:image:height\" content=\"1342\" \/>\n\t<meta property=\"og:image:type\" content=\"image\/png\" \/>\n<meta name=\"author\" content=\"Redacci\u00f3n\" \/>\n<meta name=\"twitter:card\" content=\"summary_large_image\" \/>\n<meta name=\"twitter:label1\" content=\"Written by\" \/>\n\t<meta name=\"twitter:data1\" content=\"Redacci\u00f3\" \/>\n\t<meta name=\"twitter:label2\" content=\"Est. reading time\" \/>\n\t<meta name=\"twitter:data2\" content=\"2 minutes\" \/>\n<script type=\"application\/ld+json\" class=\"yoast-schema-graph\">{\"@context\":\"https:\\\/\\\/schema.org\",\"@graph\":[{\"@type\":\"Article\",\"@id\":\"https:\\\/\\\/alcompasrevista.com\\\/va\\\/archivos\\\/21728#article\",\"isPartOf\":{\"@id\":\"https:\\\/\\\/alcompasrevista.com\\\/va\\\/archivos\\\/21728\"},\"author\":{\"name\":\"Redacci\u00f3n\",\"@id\":\"https:\\\/\\\/alcompasrevista.com\\\/#\\\/schema\\\/person\\\/c10652a34fa01d238ecd498d150347fc\"},\"headline\":\"Concurs de Composici\u00f3 Musical per a les Festes de Moros i Cristians: 75 Aniversari de la Comparsa Pirates de Mutxamel\",\"datePublished\":\"2024-08-22T08:09:01+00:00\",\"dateModified\":\"2024-08-22T08:09:03+00:00\",\"mainEntityOfPage\":{\"@id\":\"https:\\\/\\\/alcompasrevista.com\\\/va\\\/archivos\\\/21728\"},\"wordCount\":373,\"commentCount\":0,\"publisher\":{\"@id\":\"https:\\\/\\\/alcompasrevista.com\\\/#organization\"},\"image\":{\"@id\":\"https:\\\/\\\/alcompasrevista.com\\\/va\\\/archivos\\\/21728#primaryimage\"},\"thumbnailUrl\":\"https:\\\/\\\/alcompasrevista.com\\\/wp-content\\\/uploads\\\/2024\\\/08\\\/Concurso-composicion-Marcha-Cristiana.png\",\"keywords\":[\"concurs\",\"Moros i Cristians\"],\"articleSection\":[\"#Laterreta\"],\"inLanguage\":\"va\",\"potentialAction\":[{\"@type\":\"CommentAction\",\"name\":\"Comment\",\"target\":[\"https:\\\/\\\/alcompasrevista.com\\\/va\\\/archivos\\\/21728#respond\"]}]},{\"@type\":\"WebPage\",\"@id\":\"https:\\\/\\\/alcompasrevista.com\\\/va\\\/archivos\\\/21728\",\"url\":\"https:\\\/\\\/alcompasrevista.com\\\/va\\\/archivos\\\/21728\",\"name\":\"Concurs de Composici\u00f3 Musical per a les Festes de Moros i Cristians: 75 Aniversari de la Comparsa Pirates de Mutxamel - Revista Al Comp\u00e0s\",\"isPartOf\":{\"@id\":\"https:\\\/\\\/alcompasrevista.com\\\/#website\"},\"primaryImageOfPage\":{\"@id\":\"https:\\\/\\\/alcompasrevista.com\\\/va\\\/archivos\\\/21728#primaryimage\"},\"image\":{\"@id\":\"https:\\\/\\\/alcompasrevista.com\\\/va\\\/archivos\\\/21728#primaryimage\"},\"thumbnailUrl\":\"https:\\\/\\\/alcompasrevista.com\\\/wp-content\\\/uploads\\\/2024\\\/08\\\/Concurso-composicion-Marcha-Cristiana.png\",\"datePublished\":\"2024-08-22T08:09:01+00:00\",\"dateModified\":\"2024-08-22T08:09:03+00:00\",\"breadcrumb\":{\"@id\":\"https:\\\/\\\/alcompasrevista.com\\\/va\\\/archivos\\\/21728#breadcrumb\"},\"inLanguage\":\"va\",\"potentialAction\":[{\"@type\":\"ReadAction\",\"target\":[\"https:\\\/\\\/alcompasrevista.com\\\/va\\\/archivos\\\/21728\"]}]},{\"@type\":\"ImageObject\",\"inLanguage\":\"va\",\"@id\":\"https:\\\/\\\/alcompasrevista.com\\\/va\\\/archivos\\\/21728#primaryimage\",\"url\":\"https:\\\/\\\/alcompasrevista.com\\\/wp-content\\\/uploads\\\/2024\\\/08\\\/Concurso-composicion-Marcha-Cristiana.png\",\"contentUrl\":\"https:\\\/\\\/alcompasrevista.com\\\/wp-content\\\/uploads\\\/2024\\\/08\\\/Concurso-composicion-Marcha-Cristiana.png\",\"width\":1338,\"height\":1342},{\"@type\":\"BreadcrumbList\",\"@id\":\"https:\\\/\\\/alcompasrevista.com\\\/va\\\/archivos\\\/21728#breadcrumb\",\"itemListElement\":[{\"@type\":\"ListItem\",\"position\":1,\"name\":\"Portada\",\"item\":\"https:\\\/\\\/alcompasrevista.com\\\/va\"},{\"@type\":\"ListItem\",\"position\":2,\"name\":\"Concurs de Composici\u00f3 Musical per a les Festes de Moros i Cristians: 75 Aniversari de la Comparsa Pirates de Mutxamel\"}]},{\"@type\":\"WebSite\",\"@id\":\"https:\\\/\\\/alcompasrevista.com\\\/#website\",\"url\":\"https:\\\/\\\/alcompasrevista.com\\\/\",\"name\":\"Revista Al Comp\u00e0s\",\"description\":\"Un proyecto de la Federaci\u00f3n de Sociedades Musicales de la Comunidad Valenciana\",\"publisher\":{\"@id\":\"https:\\\/\\\/alcompasrevista.com\\\/#organization\"},\"potentialAction\":[{\"@type\":\"SearchAction\",\"target\":{\"@type\":\"EntryPoint\",\"urlTemplate\":\"https:\\\/\\\/alcompasrevista.com\\\/?s={search_term_string}\"},\"query-input\":{\"@type\":\"PropertyValueSpecification\",\"valueRequired\":true,\"valueName\":\"search_term_string\"}}],\"inLanguage\":\"va\"},{\"@type\":\"Organization\",\"@id\":\"https:\\\/\\\/alcompasrevista.com\\\/#organization\",\"name\":\"Revista Al Comp\u00e0s\",\"url\":\"https:\\\/\\\/alcompasrevista.com\\\/\",\"logo\":{\"@type\":\"ImageObject\",\"inLanguage\":\"va\",\"@id\":\"https:\\\/\\\/alcompasrevista.com\\\/#\\\/schema\\\/logo\\\/image\\\/\",\"url\":\"https:\\\/\\\/alcompasrevista.com\\\/wp-content\\\/uploads\\\/2022\\\/04\\\/cropped-loog_blanco.png\",\"contentUrl\":\"https:\\\/\\\/alcompasrevista.com\\\/wp-content\\\/uploads\\\/2022\\\/04\\\/cropped-loog_blanco.png\",\"width\":1612,\"height\":724,\"caption\":\"Revista Al Comp\u00e0s\"},\"image\":{\"@id\":\"https:\\\/\\\/alcompasrevista.com\\\/#\\\/schema\\\/logo\\\/image\\\/\"}},{\"@type\":\"Person\",\"@id\":\"https:\\\/\\\/alcompasrevista.com\\\/#\\\/schema\\\/person\\\/c10652a34fa01d238ecd498d150347fc\",\"name\":\"Redacci\u00f3n\",\"image\":{\"@type\":\"ImageObject\",\"inLanguage\":\"va\",\"@id\":\"https:\\\/\\\/secure.gravatar.com\\\/avatar\\\/e6a6d0cd2ddec22e0ca7d21b7e49d4a0099fbdc1d476e5412893210bce942ce9?s=96&d=mm&r=g\",\"url\":\"https:\\\/\\\/secure.gravatar.com\\\/avatar\\\/e6a6d0cd2ddec22e0ca7d21b7e49d4a0099fbdc1d476e5412893210bce942ce9?s=96&d=mm&r=g\",\"contentUrl\":\"https:\\\/\\\/secure.gravatar.com\\\/avatar\\\/e6a6d0cd2ddec22e0ca7d21b7e49d4a0099fbdc1d476e5412893210bce942ce9?s=96&d=mm&r=g\",\"caption\":\"Redacci\u00f3n\"},\"url\":\"https:\\\/\\\/alcompasrevista.com\\\/va\\\/archivos\\\/author\\\/vhj_webmaster\"}]}<\/script>\n<!-- \/ Yoast SEO plugin. -->","yoast_head_json":{"title":"Concurs de Composici\u00f3 Musical per a les Festes de Moros i Cristians: 75 Aniversari de la Comparsa Pirates de Mutxamel - Revista Al Comp\u00e0s","robots":{"index":"index","follow":"follow","max-snippet":"max-snippet:-1","max-image-preview":"max-image-preview:large","max-video-preview":"max-video-preview:-1"},"canonical":"https:\/\/alcompasrevista.com\/va\/archivos\/21728","og_locale":"en_US","og_type":"article","og_title":"Concurs de Composici\u00f3 Musical per a les Festes de Moros i Cristians: 75 Aniversari de la Comparsa Pirates de Mutxamel - Revista Al Comp\u00e0s","og_description":"La Comparsa Pirates de Mutxamel ha llan\u00e7at una convocat\u00f2ria especial amb motiu de la celebraci\u00f3 del seu 75 aniversari. Per a commemorar esta ocasi\u00f3 hist\u00f2rica, s&#8217;ha organitzat un concurs de [&hellip;]","og_url":"https:\/\/alcompasrevista.com\/va\/archivos\/21728","og_site_name":"Revista Al Comp\u00e0s","article_published_time":"2024-08-22T08:09:01+00:00","article_modified_time":"2024-08-22T08:09:03+00:00","og_image":[{"width":1338,"height":1342,"url":"https:\/\/alcompasrevista.com\/wp-content\/uploads\/2024\/08\/Concurso-composicion-Marcha-Cristiana.png","type":"image\/png"}],"author":"Redacci\u00f3n","twitter_card":"summary_large_image","twitter_misc":{"Written by":"Redacci\u00f3","Est. reading time":"2 minutes"},"schema":{"@context":"https:\/\/schema.org","@graph":[{"@type":"Article","@id":"https:\/\/alcompasrevista.com\/va\/archivos\/21728#article","isPartOf":{"@id":"https:\/\/alcompasrevista.com\/va\/archivos\/21728"},"author":{"name":"Redacci\u00f3n","@id":"https:\/\/alcompasrevista.com\/#\/schema\/person\/c10652a34fa01d238ecd498d150347fc"},"headline":"Concurs de Composici\u00f3 Musical per a les Festes de Moros i Cristians: 75 Aniversari de la Comparsa Pirates de Mutxamel","datePublished":"2024-08-22T08:09:01+00:00","dateModified":"2024-08-22T08:09:03+00:00","mainEntityOfPage":{"@id":"https:\/\/alcompasrevista.com\/va\/archivos\/21728"},"wordCount":373,"commentCount":0,"publisher":{"@id":"https:\/\/alcompasrevista.com\/#organization"},"image":{"@id":"https:\/\/alcompasrevista.com\/va\/archivos\/21728#primaryimage"},"thumbnailUrl":"https:\/\/alcompasrevista.com\/wp-content\/uploads\/2024\/08\/Concurso-composicion-Marcha-Cristiana.png","keywords":["concurs","Moros i Cristians"],"articleSection":["#Laterreta"],"inLanguage":"va","potentialAction":[{"@type":"CommentAction","name":"Comment","target":["https:\/\/alcompasrevista.com\/va\/archivos\/21728#respond"]}]},{"@type":"WebPage","@id":"https:\/\/alcompasrevista.com\/va\/archivos\/21728","url":"https:\/\/alcompasrevista.com\/va\/archivos\/21728","name":"Concurs de Composici\u00f3 Musical per a les Festes de Moros i Cristians: 75 Aniversari de la Comparsa Pirates de Mutxamel - Revista Al Comp\u00e0s","isPartOf":{"@id":"https:\/\/alcompasrevista.com\/#website"},"primaryImageOfPage":{"@id":"https:\/\/alcompasrevista.com\/va\/archivos\/21728#primaryimage"},"image":{"@id":"https:\/\/alcompasrevista.com\/va\/archivos\/21728#primaryimage"},"thumbnailUrl":"https:\/\/alcompasrevista.com\/wp-content\/uploads\/2024\/08\/Concurso-composicion-Marcha-Cristiana.png","datePublished":"2024-08-22T08:09:01+00:00","dateModified":"2024-08-22T08:09:03+00:00","breadcrumb":{"@id":"https:\/\/alcompasrevista.com\/va\/archivos\/21728#breadcrumb"},"inLanguage":"va","potentialAction":[{"@type":"ReadAction","target":["https:\/\/alcompasrevista.com\/va\/archivos\/21728"]}]},{"@type":"ImageObject","inLanguage":"va","@id":"https:\/\/alcompasrevista.com\/va\/archivos\/21728#primaryimage","url":"https:\/\/alcompasrevista.com\/wp-content\/uploads\/2024\/08\/Concurso-composicion-Marcha-Cristiana.png","contentUrl":"https:\/\/alcompasrevista.com\/wp-content\/uploads\/2024\/08\/Concurso-composicion-Marcha-Cristiana.png","width":1338,"height":1342},{"@type":"BreadcrumbList","@id":"https:\/\/alcompasrevista.com\/va\/archivos\/21728#breadcrumb","itemListElement":[{"@type":"ListItem","position":1,"name":"Portada","item":"https:\/\/alcompasrevista.com\/va"},{"@type":"ListItem","position":2,"name":"Concurs de Composici\u00f3 Musical per a les Festes de Moros i Cristians: 75 Aniversari de la Comparsa Pirates de Mutxamel"}]},{"@type":"WebSite","@id":"https:\/\/alcompasrevista.com\/#website","url":"https:\/\/alcompasrevista.com\/","name":"Revista Al Comp\u00e0s","description":"Un proyecto de la Federaci\u00f3n de Sociedades Musicales de la Comunidad Valenciana","publisher":{"@id":"https:\/\/alcompasrevista.com\/#organization"},"potentialAction":[{"@type":"SearchAction","target":{"@type":"EntryPoint","urlTemplate":"https:\/\/alcompasrevista.com\/?s={search_term_string}"},"query-input":{"@type":"PropertyValueSpecification","valueRequired":true,"valueName":"search_term_string"}}],"inLanguage":"va"},{"@type":"Organization","@id":"https:\/\/alcompasrevista.com\/#organization","name":"Revista Al Comp\u00e0s","url":"https:\/\/alcompasrevista.com\/","logo":{"@type":"ImageObject","inLanguage":"va","@id":"https:\/\/alcompasrevista.com\/#\/schema\/logo\/image\/","url":"https:\/\/alcompasrevista.com\/wp-content\/uploads\/2022\/04\/cropped-loog_blanco.png","contentUrl":"https:\/\/alcompasrevista.com\/wp-content\/uploads\/2022\/04\/cropped-loog_blanco.png","width":1612,"height":724,"caption":"Revista Al Comp\u00e0s"},"image":{"@id":"https:\/\/alcompasrevista.com\/#\/schema\/logo\/image\/"}},{"@type":"Person","@id":"https:\/\/alcompasrevista.com\/#\/schema\/person\/c10652a34fa01d238ecd498d150347fc","name":"Redacci\u00f3n","image":{"@type":"ImageObject","inLanguage":"va","@id":"https:\/\/secure.gravatar.com\/avatar\/e6a6d0cd2ddec22e0ca7d21b7e49d4a0099fbdc1d476e5412893210bce942ce9?s=96&d=mm&r=g","url":"https:\/\/secure.gravatar.com\/avatar\/e6a6d0cd2ddec22e0ca7d21b7e49d4a0099fbdc1d476e5412893210bce942ce9?s=96&d=mm&r=g","contentUrl":"https:\/\/secure.gravatar.com\/avatar\/e6a6d0cd2ddec22e0ca7d21b7e49d4a0099fbdc1d476e5412893210bce942ce9?s=96&d=mm&r=g","caption":"Redacci\u00f3n"},"url":"https:\/\/alcompasrevista.com\/va\/archivos\/author\/vhj_webmaster"}]}},"_links":{"self":[{"href":"https:\/\/alcompasrevista.com\/va\/wp-json\/wp\/v2\/posts\/21728","targetHints":{"allow":["GET"]}}],"collection":[{"href":"https:\/\/alcompasrevista.com\/va\/wp-json\/wp\/v2\/posts"}],"about":[{"href":"https:\/\/alcompasrevista.com\/va\/wp-json\/wp\/v2\/types\/post"}],"author":[{"embeddable":true,"href":"https:\/\/alcompasrevista.com\/va\/wp-json\/wp\/v2\/users\/860002"}],"replies":[{"embeddable":true,"href":"https:\/\/alcompasrevista.com\/va\/wp-json\/wp\/v2\/comments?post=21728"}],"version-history":[{"count":0,"href":"https:\/\/alcompasrevista.com\/va\/wp-json\/wp\/v2\/posts\/21728\/revisions"}],"wp:featuredmedia":[{"embeddable":true,"href":"https:\/\/alcompasrevista.com\/va\/wp-json\/wp\/v2\/media\/21726"}],"wp:attachment":[{"href":"https:\/\/alcompasrevista.com\/va\/wp-json\/wp\/v2\/media?parent=21728"}],"wp:term":[{"taxonomy":"category","embeddable":true,"href":"https:\/\/alcompasrevista.com\/va\/wp-json\/wp\/v2\/categories?post=21728"},{"taxonomy":"post_tag","embeddable":true,"href":"https:\/\/alcompasrevista.com\/va\/wp-json\/wp\/v2\/tags?post=21728"},{"taxonomy":"portada","embeddable":true,"href":"https:\/\/alcompasrevista.com\/va\/wp-json\/wp\/v2\/portada?post=21728"}],"curies":[{"name":"wp","href":"https:\/\/api.w.org\/{rel}","templated":true}]}}