{"id":21645,"date":"2024-07-30T09:51:26","date_gmt":"2024-07-30T07:51:26","guid":{"rendered":"https:\/\/alcompasrevista.com\/?p=21645"},"modified":"2024-07-30T09:51:27","modified_gmt":"2024-07-30T07:51:27","slug":"un-concert-amb-150-musics-clausura-la-tretzena-edicio-de-early-music-morella","status":"publish","type":"post","link":"https:\/\/alcompasrevista.com\/va\/archivos\/21645","title":{"rendered":"Un Concert amb 150 M\u00fasics Clausura la Tretzena Edici\u00f3 de Early Music Morella"},"content":{"rendered":"\n<p>El festival va reunir m\u00e9s de 3.200 espectadors i va comptar amb la participaci\u00f3 de prestigiosos m\u00fasics internacionals.<\/p>\n\n\n\n<p>Early Music Morella, el Curs i Festival Internacional de M\u00fasica Medieval i Renaixentista, va tancar la seua tretzena edici\u00f3 amb un multitudinari concert de clausura que va deixar una petjada inesborrable en els assistents. Celebrat del 19 al 25 de juliol, el festival va reunir m\u00e9s de 3.200 espectadors al llarg dels seus 12 concerts, 4 confer\u00e8ncies, una taula de debat i diverses activitats.<\/p>\n\n\n\n<p>L&#8217;espectacle final, titulat <em>\u2018La dansa de la mort\u2019<\/em>, va ser una celebraci\u00f3 coral i festiva que va combinar cant gregori\u00e0, polifonia, percussi\u00f3 i dansa. El concert va comptar amb la participaci\u00f3 dels Gaiters de Morella, Els Dimonis de Morella i 150 m\u00fasics, inclosos professors i artistes. A m\u00e9s, m\u00e9s de 120 alumnes de pa\u00efsos com Alemanya, Alg\u00e8ria, Xile, Fran\u00e7a, It\u00e0lia, el Jap\u00f3, M\u00e8xic, Portugal i Su\u00efsses, van tindre acc\u00e9s a una formaci\u00f3 d&#8217;excel\u00b7l\u00e8ncia especialitzada en m\u00fasica antiga.<\/p>\n\n\n\n<p>L&#8217;esdeveniment es va dur a terme en el Convent de Sant Francesc i va ser el colof\u00f3 perfecte per a una setmana plena de m\u00fasica i cultura. Sota el lema \u2018Ritual\u2019, la programaci\u00f3 va explorar el m\u00f3n espiritual, les tradicions, els costums, la festa, la llegenda i el folklore. Esta edici\u00f3 va celebrar el 300\u00e9 aniversari de l&#8217;\u00f2rgan de Turull i va precedir el 55\u00e9 Sexenni de Morella.&nbsp;<\/p>\n\n\n\n<p>Les diverses propostes art\u00edstiques, educatives i socials del festival van ser rebudes amb gran entusiasme pel p\u00fablic. Enguany, Early Music Morella va continuar el seu impuls cap a la internacionalitzaci\u00f3 i va renovar el guard\u00f3 de la certificaci\u00f3 EFFE (Europe for Festivals, Festivals for Europe) per a 2024-25, atorgat per l&#8217;Associaci\u00f3 Europea de Festivals (EFA). Este segell de qualitat reconeix als festivals que destaquen per la seua excel\u00b7l\u00e8ncia art\u00edstica i el seu impacte significatiu a nivell local, nacional i internacional.<\/p>\n\n\n\n<p>Early Music Morella s&#8217;ha consolidat com un referent en la m\u00fasica medieval i renaixentista, no sols per la qualitat dels seus concerts i activitats, sin\u00f3 tamb\u00e9 per la seua capacitat per a atraure a un p\u00fablic divers i promoure la cultura i l&#8217;educaci\u00f3 musical. Amb cada edici\u00f3, el festival reafirma el seu comprom\u00eds amb l&#8217;excel\u00b7l\u00e8ncia i la internacionalitzaci\u00f3, oferint una experi\u00e8ncia \u00fanica tant per als participants com per als espectadors.<\/p>\n\n\n\n<p>La tretzena edici\u00f3 de Early Music Morella ha sigut un rotund \u00e8xit i el concert de clausura va ser el fermall d&#8217;or que va tancar una setmana inoblidable, deixant a tots els presents amb el desig de tornar l&#8217;any vinent.<\/p>\n\n\n\n<figure class=\"wp-block-image size-large\"><img loading=\"lazy\" decoding=\"async\" width=\"1024\" height=\"672\" src=\"https:\/\/alcompasrevista.com\/wp-content\/uploads\/2024\/07\/01-La-dansa-de-la-mort-4647-1024x672.jpg\" alt=\"\" class=\"wp-image-21641\" srcset=\"https:\/\/alcompasrevista.com\/wp-content\/uploads\/2024\/07\/01-La-dansa-de-la-mort-4647-1024x672.jpg 1024w, https:\/\/alcompasrevista.com\/wp-content\/uploads\/2024\/07\/01-La-dansa-de-la-mort-4647-300x197.jpg 300w, https:\/\/alcompasrevista.com\/wp-content\/uploads\/2024\/07\/01-La-dansa-de-la-mort-4647-768x504.jpg 768w, https:\/\/alcompasrevista.com\/wp-content\/uploads\/2024\/07\/01-La-dansa-de-la-mort-4647-1536x1009.jpg 1536w, https:\/\/alcompasrevista.com\/wp-content\/uploads\/2024\/07\/01-La-dansa-de-la-mort-4647-2048x1345.jpg 2048w\" sizes=\"auto, (max-width: 1024px) 100vw, 1024px\" \/><\/figure>\n","protected":false},"excerpt":{"rendered":"<p>El festival va reunir m\u00e9s de 3.200 espectadors i va comptar amb la participaci\u00f3 de prestigiosos m\u00fasics internacionals. Early Music Morella, el Curs i Festival Internacional de M\u00fasica Medieval i [&hellip;]<\/p>\n","protected":false},"author":860002,"featured_media":21643,"comment_status":"open","ping_status":"open","sticky":false,"template":"","format":"standard","meta":{"footnotes":""},"categories":[28],"tags":[1142,1143],"portada":[],"class_list":["post-21645","post","type-post","status-publish","format-standard","has-post-thumbnail","hentry","category-laterreta-va","tag-clausura-2","tag-early-music-morella-2"],"yoast_head":"<!-- This site is optimized with the Yoast SEO plugin v27.4 - https:\/\/yoast.com\/product\/yoast-seo-wordpress\/ -->\n<title>Un Concert amb 150 M\u00fasics Clausura la Tretzena Edici\u00f3 de Early Music Morella - Revista Al Comp\u00e0s<\/title>\n<meta name=\"robots\" content=\"index, follow, max-snippet:-1, max-image-preview:large, max-video-preview:-1\" \/>\n<link rel=\"canonical\" href=\"https:\/\/alcompasrevista.com\/va\/archivos\/21645\" \/>\n<meta property=\"og:locale\" content=\"en_US\" \/>\n<meta property=\"og:type\" content=\"article\" \/>\n<meta property=\"og:title\" content=\"Un Concert amb 150 M\u00fasics Clausura la Tretzena Edici\u00f3 de Early Music Morella - Revista Al Comp\u00e0s\" \/>\n<meta property=\"og:description\" content=\"El festival va reunir m\u00e9s de 3.200 espectadors i va comptar amb la participaci\u00f3 de prestigiosos m\u00fasics internacionals. Early Music Morella, el Curs i Festival Internacional de M\u00fasica Medieval i [&hellip;]\" \/>\n<meta property=\"og:url\" content=\"https:\/\/alcompasrevista.com\/va\/archivos\/21645\" \/>\n<meta property=\"og:site_name\" content=\"Revista Al Comp\u00e0s\" \/>\n<meta property=\"article:published_time\" content=\"2024-07-30T07:51:26+00:00\" \/>\n<meta property=\"article:modified_time\" content=\"2024-07-30T07:51:27+00:00\" \/>\n<meta property=\"og:image\" content=\"https:\/\/alcompasrevista.com\/wp-content\/uploads\/2024\/07\/05-AcadeIEmia-CdM-3006-1.jpg\" \/>\n\t<meta property=\"og:image:width\" content=\"2126\" \/>\n\t<meta property=\"og:image:height\" content=\"1253\" \/>\n\t<meta property=\"og:image:type\" content=\"image\/jpeg\" \/>\n<meta name=\"author\" content=\"Redacci\u00f3n\" \/>\n<meta name=\"twitter:card\" content=\"summary_large_image\" \/>\n<meta name=\"twitter:label1\" content=\"Written by\" \/>\n\t<meta name=\"twitter:data1\" content=\"Redacci\u00f3\" \/>\n\t<meta name=\"twitter:label2\" content=\"Est. reading time\" \/>\n\t<meta name=\"twitter:data2\" content=\"3 minutes\" \/>\n<script type=\"application\/ld+json\" class=\"yoast-schema-graph\">{\"@context\":\"https:\\\/\\\/schema.org\",\"@graph\":[{\"@type\":\"Article\",\"@id\":\"https:\\\/\\\/alcompasrevista.com\\\/va\\\/archivos\\\/21645#article\",\"isPartOf\":{\"@id\":\"https:\\\/\\\/alcompasrevista.com\\\/va\\\/archivos\\\/21645\"},\"author\":{\"name\":\"Redacci\u00f3n\",\"@id\":\"https:\\\/\\\/alcompasrevista.com\\\/#\\\/schema\\\/person\\\/c10652a34fa01d238ecd498d150347fc\"},\"headline\":\"Un Concert amb 150 M\u00fasics Clausura la Tretzena Edici\u00f3 de Early Music Morella\",\"datePublished\":\"2024-07-30T07:51:26+00:00\",\"dateModified\":\"2024-07-30T07:51:27+00:00\",\"mainEntityOfPage\":{\"@id\":\"https:\\\/\\\/alcompasrevista.com\\\/va\\\/archivos\\\/21645\"},\"wordCount\":462,\"commentCount\":0,\"publisher\":{\"@id\":\"https:\\\/\\\/alcompasrevista.com\\\/#organization\"},\"image\":{\"@id\":\"https:\\\/\\\/alcompasrevista.com\\\/va\\\/archivos\\\/21645#primaryimage\"},\"thumbnailUrl\":\"https:\\\/\\\/alcompasrevista.com\\\/wp-content\\\/uploads\\\/2024\\\/07\\\/05-AcadeIEmia-CdM-3006-1.jpg\",\"keywords\":[\"Clausura\",\"Early Music Morella\"],\"articleSection\":[\"#Laterreta\"],\"inLanguage\":\"va\",\"potentialAction\":[{\"@type\":\"CommentAction\",\"name\":\"Comment\",\"target\":[\"https:\\\/\\\/alcompasrevista.com\\\/va\\\/archivos\\\/21645#respond\"]}]},{\"@type\":\"WebPage\",\"@id\":\"https:\\\/\\\/alcompasrevista.com\\\/va\\\/archivos\\\/21645\",\"url\":\"https:\\\/\\\/alcompasrevista.com\\\/va\\\/archivos\\\/21645\",\"name\":\"Un Concert amb 150 M\u00fasics Clausura la Tretzena Edici\u00f3 de Early Music Morella - Revista Al Comp\u00e0s\",\"isPartOf\":{\"@id\":\"https:\\\/\\\/alcompasrevista.com\\\/#website\"},\"primaryImageOfPage\":{\"@id\":\"https:\\\/\\\/alcompasrevista.com\\\/va\\\/archivos\\\/21645#primaryimage\"},\"image\":{\"@id\":\"https:\\\/\\\/alcompasrevista.com\\\/va\\\/archivos\\\/21645#primaryimage\"},\"thumbnailUrl\":\"https:\\\/\\\/alcompasrevista.com\\\/wp-content\\\/uploads\\\/2024\\\/07\\\/05-AcadeIEmia-CdM-3006-1.jpg\",\"datePublished\":\"2024-07-30T07:51:26+00:00\",\"dateModified\":\"2024-07-30T07:51:27+00:00\",\"breadcrumb\":{\"@id\":\"https:\\\/\\\/alcompasrevista.com\\\/va\\\/archivos\\\/21645#breadcrumb\"},\"inLanguage\":\"va\",\"potentialAction\":[{\"@type\":\"ReadAction\",\"target\":[\"https:\\\/\\\/alcompasrevista.com\\\/va\\\/archivos\\\/21645\"]}]},{\"@type\":\"ImageObject\",\"inLanguage\":\"va\",\"@id\":\"https:\\\/\\\/alcompasrevista.com\\\/va\\\/archivos\\\/21645#primaryimage\",\"url\":\"https:\\\/\\\/alcompasrevista.com\\\/wp-content\\\/uploads\\\/2024\\\/07\\\/05-AcadeIEmia-CdM-3006-1.jpg\",\"contentUrl\":\"https:\\\/\\\/alcompasrevista.com\\\/wp-content\\\/uploads\\\/2024\\\/07\\\/05-AcadeIEmia-CdM-3006-1.jpg\",\"width\":2126,\"height\":1253},{\"@type\":\"BreadcrumbList\",\"@id\":\"https:\\\/\\\/alcompasrevista.com\\\/va\\\/archivos\\\/21645#breadcrumb\",\"itemListElement\":[{\"@type\":\"ListItem\",\"position\":1,\"name\":\"Portada\",\"item\":\"https:\\\/\\\/alcompasrevista.com\\\/va\"},{\"@type\":\"ListItem\",\"position\":2,\"name\":\"Un Concert amb 150 M\u00fasics Clausura la Tretzena Edici\u00f3 de Early Music Morella\"}]},{\"@type\":\"WebSite\",\"@id\":\"https:\\\/\\\/alcompasrevista.com\\\/#website\",\"url\":\"https:\\\/\\\/alcompasrevista.com\\\/\",\"name\":\"Revista Al Comp\u00e0s\",\"description\":\"Un proyecto de la Federaci\u00f3n de Sociedades Musicales de la Comunidad Valenciana\",\"publisher\":{\"@id\":\"https:\\\/\\\/alcompasrevista.com\\\/#organization\"},\"potentialAction\":[{\"@type\":\"SearchAction\",\"target\":{\"@type\":\"EntryPoint\",\"urlTemplate\":\"https:\\\/\\\/alcompasrevista.com\\\/?s={search_term_string}\"},\"query-input\":{\"@type\":\"PropertyValueSpecification\",\"valueRequired\":true,\"valueName\":\"search_term_string\"}}],\"inLanguage\":\"va\"},{\"@type\":\"Organization\",\"@id\":\"https:\\\/\\\/alcompasrevista.com\\\/#organization\",\"name\":\"Revista Al Comp\u00e0s\",\"url\":\"https:\\\/\\\/alcompasrevista.com\\\/\",\"logo\":{\"@type\":\"ImageObject\",\"inLanguage\":\"va\",\"@id\":\"https:\\\/\\\/alcompasrevista.com\\\/#\\\/schema\\\/logo\\\/image\\\/\",\"url\":\"https:\\\/\\\/alcompasrevista.com\\\/wp-content\\\/uploads\\\/2022\\\/04\\\/cropped-loog_blanco.png\",\"contentUrl\":\"https:\\\/\\\/alcompasrevista.com\\\/wp-content\\\/uploads\\\/2022\\\/04\\\/cropped-loog_blanco.png\",\"width\":1612,\"height\":724,\"caption\":\"Revista Al Comp\u00e0s\"},\"image\":{\"@id\":\"https:\\\/\\\/alcompasrevista.com\\\/#\\\/schema\\\/logo\\\/image\\\/\"}},{\"@type\":\"Person\",\"@id\":\"https:\\\/\\\/alcompasrevista.com\\\/#\\\/schema\\\/person\\\/c10652a34fa01d238ecd498d150347fc\",\"name\":\"Redacci\u00f3n\",\"image\":{\"@type\":\"ImageObject\",\"inLanguage\":\"va\",\"@id\":\"https:\\\/\\\/secure.gravatar.com\\\/avatar\\\/e6a6d0cd2ddec22e0ca7d21b7e49d4a0099fbdc1d476e5412893210bce942ce9?s=96&d=mm&r=g\",\"url\":\"https:\\\/\\\/secure.gravatar.com\\\/avatar\\\/e6a6d0cd2ddec22e0ca7d21b7e49d4a0099fbdc1d476e5412893210bce942ce9?s=96&d=mm&r=g\",\"contentUrl\":\"https:\\\/\\\/secure.gravatar.com\\\/avatar\\\/e6a6d0cd2ddec22e0ca7d21b7e49d4a0099fbdc1d476e5412893210bce942ce9?s=96&d=mm&r=g\",\"caption\":\"Redacci\u00f3n\"},\"url\":\"https:\\\/\\\/alcompasrevista.com\\\/va\\\/archivos\\\/author\\\/vhj_webmaster\"}]}<\/script>\n<!-- \/ Yoast SEO plugin. -->","yoast_head_json":{"title":"Un Concert amb 150 M\u00fasics Clausura la Tretzena Edici\u00f3 de Early Music Morella - Revista Al Comp\u00e0s","robots":{"index":"index","follow":"follow","max-snippet":"max-snippet:-1","max-image-preview":"max-image-preview:large","max-video-preview":"max-video-preview:-1"},"canonical":"https:\/\/alcompasrevista.com\/va\/archivos\/21645","og_locale":"en_US","og_type":"article","og_title":"Un Concert amb 150 M\u00fasics Clausura la Tretzena Edici\u00f3 de Early Music Morella - Revista Al Comp\u00e0s","og_description":"El festival va reunir m\u00e9s de 3.200 espectadors i va comptar amb la participaci\u00f3 de prestigiosos m\u00fasics internacionals. Early Music Morella, el Curs i Festival Internacional de M\u00fasica Medieval i [&hellip;]","og_url":"https:\/\/alcompasrevista.com\/va\/archivos\/21645","og_site_name":"Revista Al Comp\u00e0s","article_published_time":"2024-07-30T07:51:26+00:00","article_modified_time":"2024-07-30T07:51:27+00:00","og_image":[{"width":2126,"height":1253,"url":"https:\/\/alcompasrevista.com\/wp-content\/uploads\/2024\/07\/05-AcadeIEmia-CdM-3006-1.jpg","type":"image\/jpeg"}],"author":"Redacci\u00f3n","twitter_card":"summary_large_image","twitter_misc":{"Written by":"Redacci\u00f3","Est. reading time":"3 minutes"},"schema":{"@context":"https:\/\/schema.org","@graph":[{"@type":"Article","@id":"https:\/\/alcompasrevista.com\/va\/archivos\/21645#article","isPartOf":{"@id":"https:\/\/alcompasrevista.com\/va\/archivos\/21645"},"author":{"name":"Redacci\u00f3n","@id":"https:\/\/alcompasrevista.com\/#\/schema\/person\/c10652a34fa01d238ecd498d150347fc"},"headline":"Un Concert amb 150 M\u00fasics Clausura la Tretzena Edici\u00f3 de Early Music Morella","datePublished":"2024-07-30T07:51:26+00:00","dateModified":"2024-07-30T07:51:27+00:00","mainEntityOfPage":{"@id":"https:\/\/alcompasrevista.com\/va\/archivos\/21645"},"wordCount":462,"commentCount":0,"publisher":{"@id":"https:\/\/alcompasrevista.com\/#organization"},"image":{"@id":"https:\/\/alcompasrevista.com\/va\/archivos\/21645#primaryimage"},"thumbnailUrl":"https:\/\/alcompasrevista.com\/wp-content\/uploads\/2024\/07\/05-AcadeIEmia-CdM-3006-1.jpg","keywords":["Clausura","Early Music Morella"],"articleSection":["#Laterreta"],"inLanguage":"va","potentialAction":[{"@type":"CommentAction","name":"Comment","target":["https:\/\/alcompasrevista.com\/va\/archivos\/21645#respond"]}]},{"@type":"WebPage","@id":"https:\/\/alcompasrevista.com\/va\/archivos\/21645","url":"https:\/\/alcompasrevista.com\/va\/archivos\/21645","name":"Un Concert amb 150 M\u00fasics Clausura la Tretzena Edici\u00f3 de Early Music Morella - Revista Al Comp\u00e0s","isPartOf":{"@id":"https:\/\/alcompasrevista.com\/#website"},"primaryImageOfPage":{"@id":"https:\/\/alcompasrevista.com\/va\/archivos\/21645#primaryimage"},"image":{"@id":"https:\/\/alcompasrevista.com\/va\/archivos\/21645#primaryimage"},"thumbnailUrl":"https:\/\/alcompasrevista.com\/wp-content\/uploads\/2024\/07\/05-AcadeIEmia-CdM-3006-1.jpg","datePublished":"2024-07-30T07:51:26+00:00","dateModified":"2024-07-30T07:51:27+00:00","breadcrumb":{"@id":"https:\/\/alcompasrevista.com\/va\/archivos\/21645#breadcrumb"},"inLanguage":"va","potentialAction":[{"@type":"ReadAction","target":["https:\/\/alcompasrevista.com\/va\/archivos\/21645"]}]},{"@type":"ImageObject","inLanguage":"va","@id":"https:\/\/alcompasrevista.com\/va\/archivos\/21645#primaryimage","url":"https:\/\/alcompasrevista.com\/wp-content\/uploads\/2024\/07\/05-AcadeIEmia-CdM-3006-1.jpg","contentUrl":"https:\/\/alcompasrevista.com\/wp-content\/uploads\/2024\/07\/05-AcadeIEmia-CdM-3006-1.jpg","width":2126,"height":1253},{"@type":"BreadcrumbList","@id":"https:\/\/alcompasrevista.com\/va\/archivos\/21645#breadcrumb","itemListElement":[{"@type":"ListItem","position":1,"name":"Portada","item":"https:\/\/alcompasrevista.com\/va"},{"@type":"ListItem","position":2,"name":"Un Concert amb 150 M\u00fasics Clausura la Tretzena Edici\u00f3 de Early Music Morella"}]},{"@type":"WebSite","@id":"https:\/\/alcompasrevista.com\/#website","url":"https:\/\/alcompasrevista.com\/","name":"Revista Al Comp\u00e0s","description":"Un proyecto de la Federaci\u00f3n de Sociedades Musicales de la Comunidad Valenciana","publisher":{"@id":"https:\/\/alcompasrevista.com\/#organization"},"potentialAction":[{"@type":"SearchAction","target":{"@type":"EntryPoint","urlTemplate":"https:\/\/alcompasrevista.com\/?s={search_term_string}"},"query-input":{"@type":"PropertyValueSpecification","valueRequired":true,"valueName":"search_term_string"}}],"inLanguage":"va"},{"@type":"Organization","@id":"https:\/\/alcompasrevista.com\/#organization","name":"Revista Al Comp\u00e0s","url":"https:\/\/alcompasrevista.com\/","logo":{"@type":"ImageObject","inLanguage":"va","@id":"https:\/\/alcompasrevista.com\/#\/schema\/logo\/image\/","url":"https:\/\/alcompasrevista.com\/wp-content\/uploads\/2022\/04\/cropped-loog_blanco.png","contentUrl":"https:\/\/alcompasrevista.com\/wp-content\/uploads\/2022\/04\/cropped-loog_blanco.png","width":1612,"height":724,"caption":"Revista Al Comp\u00e0s"},"image":{"@id":"https:\/\/alcompasrevista.com\/#\/schema\/logo\/image\/"}},{"@type":"Person","@id":"https:\/\/alcompasrevista.com\/#\/schema\/person\/c10652a34fa01d238ecd498d150347fc","name":"Redacci\u00f3n","image":{"@type":"ImageObject","inLanguage":"va","@id":"https:\/\/secure.gravatar.com\/avatar\/e6a6d0cd2ddec22e0ca7d21b7e49d4a0099fbdc1d476e5412893210bce942ce9?s=96&d=mm&r=g","url":"https:\/\/secure.gravatar.com\/avatar\/e6a6d0cd2ddec22e0ca7d21b7e49d4a0099fbdc1d476e5412893210bce942ce9?s=96&d=mm&r=g","contentUrl":"https:\/\/secure.gravatar.com\/avatar\/e6a6d0cd2ddec22e0ca7d21b7e49d4a0099fbdc1d476e5412893210bce942ce9?s=96&d=mm&r=g","caption":"Redacci\u00f3n"},"url":"https:\/\/alcompasrevista.com\/va\/archivos\/author\/vhj_webmaster"}]}},"_links":{"self":[{"href":"https:\/\/alcompasrevista.com\/va\/wp-json\/wp\/v2\/posts\/21645","targetHints":{"allow":["GET"]}}],"collection":[{"href":"https:\/\/alcompasrevista.com\/va\/wp-json\/wp\/v2\/posts"}],"about":[{"href":"https:\/\/alcompasrevista.com\/va\/wp-json\/wp\/v2\/types\/post"}],"author":[{"embeddable":true,"href":"https:\/\/alcompasrevista.com\/va\/wp-json\/wp\/v2\/users\/860002"}],"replies":[{"embeddable":true,"href":"https:\/\/alcompasrevista.com\/va\/wp-json\/wp\/v2\/comments?post=21645"}],"version-history":[{"count":0,"href":"https:\/\/alcompasrevista.com\/va\/wp-json\/wp\/v2\/posts\/21645\/revisions"}],"wp:featuredmedia":[{"embeddable":true,"href":"https:\/\/alcompasrevista.com\/va\/wp-json\/wp\/v2\/media\/21643"}],"wp:attachment":[{"href":"https:\/\/alcompasrevista.com\/va\/wp-json\/wp\/v2\/media?parent=21645"}],"wp:term":[{"taxonomy":"category","embeddable":true,"href":"https:\/\/alcompasrevista.com\/va\/wp-json\/wp\/v2\/categories?post=21645"},{"taxonomy":"post_tag","embeddable":true,"href":"https:\/\/alcompasrevista.com\/va\/wp-json\/wp\/v2\/tags?post=21645"},{"taxonomy":"portada","embeddable":true,"href":"https:\/\/alcompasrevista.com\/va\/wp-json\/wp\/v2\/portada?post=21645"}],"curies":[{"name":"wp","href":"https:\/\/api.w.org\/{rel}","templated":true}]}}