{"id":21434,"date":"2024-07-08T13:28:13","date_gmt":"2024-07-08T11:28:13","guid":{"rendered":"https:\/\/alcompasrevista.com\/?p=21434"},"modified":"2024-07-08T13:28:16","modified_gmt":"2024-07-08T11:28:16","slug":"valencia-reunix-mes-de-3-200-musics-en-el-certamen-internacional-de-bandes-de-musica","status":"publish","type":"post","link":"https:\/\/alcompasrevista.com\/va\/archivos\/21434","title":{"rendered":"Val\u00e8ncia reunix m\u00e9s de 3.200 m\u00fasics en el Certamen Internacional de Bandes de M\u00fasica"},"content":{"rendered":"\n<p>Del 13 al 21 de juliol de 2024, Val\u00e8ncia es convertir\u00e0 en la capital mundial de la m\u00fasica de vent amb la celebraci\u00f3 de la 136a edici\u00f3 del Certamen Internacional de Bandes de M\u00fasica \u201cCiutat de Val\u00e8ncia\u201d. L&#8217;alcaldessa de Val\u00e8ncia, Mar\u00eda Jos\u00e9 Catal\u00e1, va presentar l&#8217;esdeveniment en el Palau de la M\u00fasica, qualificant-lo com un \u201creferent musical a nivell mundial\u201d i assegurant que esta edici\u00f3 \u201cser\u00e0 excepcional\u201d.&nbsp;<\/p>\n\n\n\n<p>Catal\u00e1 va destacar l&#8217;esfor\u00e7 i la dedicaci\u00f3 de l&#8217;organitzaci\u00f3 i de les societats musicals participants. \u201cEnguany hem duplicat pr\u00e0cticament el seu pressupost, aconseguint quasi els 600.000 euros, la qual cosa suposa el doble de la quantitat dedicada en 2023. A m\u00e9s, hem incrementat en un 45% la dotaci\u00f3 econ\u00f2mica destinada als premis i incentius per participar\u201d, va afirmar l&#8217;alcaldessa.<\/p>\n\n\n\n<p>L&#8217;edici\u00f3 d&#8217;enguany comptar\u00e0 amb la participaci\u00f3 de m\u00e9s de 40 bandes, incloent 21 en concurs, 4 convidades i 17 en actuacions pr\u00e8vies, sumant un total de 3.175 m\u00fasics. S&#8217;espera una aflu\u00e8ncia de p\u00fablic pr\u00f2xima a les 15.000 persones. A m\u00e9s, per primera vegada en la hist\u00f2ria, el certamen ser\u00e0 retransm\u00e9s \u00edntegrament per la televisi\u00f3 auton\u00f2mica \u00c0 Punt, cobrint tota la secci\u00f3 d&#8217;honor.&nbsp;<\/p>\n\n\n\n<p>El certamen es desenvolupar\u00e0 en diversos llocs emblem\u00e0tics de la ciutat, incloent-hi el Palau de la M\u00fasica, que torna a acollir el concurs despr\u00e9s de cinc anys de reformes. La programaci\u00f3 de l&#8217;esdeveniment inclou concerts, confer\u00e8ncies i taules redones que es duran a terme del 13 al 17 de juliol, abans de l&#8217;inici oficial del concurs.&nbsp;<\/p>\n\n\n\n<p>Durant el festival, es reconeixer\u00e0 a persones destacades per la seua contribuci\u00f3 a la m\u00fasica de vent. Enguany, els homenatjats seran: el prestigi\u00f3s director i compositor Salvador Chuli\u00e0 Hern\u00e1ndez i, a t\u00edtol p\u00f2stum, el periodista Octavio Hern\u00e1ndez Bol\u00edn. Chuli\u00e0, conegut pel seu programa \u201cLes nostres Bandes de M\u00fasica\u201d i la seua plataforma web hom\u00f2nima, qui ha sigut un important promotor del certamen i de la m\u00fasica simf\u00f2nica, ha compost m\u00e9s de 400 obres i ha sigut premiat en diversos concursos.&nbsp;<\/p>\n\n\n\n<p>Per a m\u00e9s informaci\u00f3 sobre el certamen i la seua programaci\u00f3, els interessats poden visitar el lloc web oficial en cibm-val\u00e8ncia.<\/p>\n\n\n\n<figure class=\"wp-block-image size-large\"><img loading=\"lazy\" decoding=\"async\" width=\"1024\" height=\"1024\" src=\"https:\/\/alcompasrevista.com\/wp-content\/uploads\/2024\/07\/INSTAGRAM-publicacion-1080x1080-1-1024x1024.png\" alt=\"\" class=\"wp-image-21432\" srcset=\"https:\/\/alcompasrevista.com\/wp-content\/uploads\/2024\/07\/INSTAGRAM-publicacion-1080x1080-1-1024x1024.png 1024w, https:\/\/alcompasrevista.com\/wp-content\/uploads\/2024\/07\/INSTAGRAM-publicacion-1080x1080-1-300x300.png 300w, https:\/\/alcompasrevista.com\/wp-content\/uploads\/2024\/07\/INSTAGRAM-publicacion-1080x1080-1-150x150.png 150w, https:\/\/alcompasrevista.com\/wp-content\/uploads\/2024\/07\/INSTAGRAM-publicacion-1080x1080-1-768x768.png 768w, https:\/\/alcompasrevista.com\/wp-content\/uploads\/2024\/07\/INSTAGRAM-publicacion-1080x1080-1.png 1080w\" sizes=\"auto, (max-width: 1024px) 100vw, 1024px\" \/><\/figure>\n","protected":false},"excerpt":{"rendered":"<p>Del 13 al 21 de juliol de 2024, Val\u00e8ncia es convertir\u00e0 en la capital mundial de la m\u00fasica de vent amb la celebraci\u00f3 de la 136a edici\u00f3 del Certamen Internacional [&hellip;]<\/p>\n","protected":false},"author":860002,"featured_media":21432,"comment_status":"open","ping_status":"open","sticky":false,"template":"","format":"standard","meta":{"footnotes":""},"categories":[28],"tags":[1121,161,406],"portada":[],"class_list":["post-21434","post","type-post","status-publish","format-standard","has-post-thumbnail","hentry","category-laterreta-va","tag-banda","tag-certamen-2","tag-valencia"],"yoast_head":"<!-- This site is optimized with the Yoast SEO plugin v27.4 - https:\/\/yoast.com\/product\/yoast-seo-wordpress\/ -->\n<title>Val\u00e8ncia reunix m\u00e9s de 3.200 m\u00fasics en el Certamen Internacional de Bandes de M\u00fasica - Revista Al Comp\u00e0s<\/title>\n<meta name=\"robots\" content=\"index, follow, max-snippet:-1, max-image-preview:large, max-video-preview:-1\" \/>\n<link rel=\"canonical\" href=\"https:\/\/alcompasrevista.com\/va\/archivos\/21434\" \/>\n<meta property=\"og:locale\" content=\"en_US\" \/>\n<meta property=\"og:type\" content=\"article\" \/>\n<meta property=\"og:title\" content=\"Val\u00e8ncia reunix m\u00e9s de 3.200 m\u00fasics en el Certamen Internacional de Bandes de M\u00fasica - Revista Al Comp\u00e0s\" \/>\n<meta property=\"og:description\" content=\"Del 13 al 21 de juliol de 2024, Val\u00e8ncia es convertir\u00e0 en la capital mundial de la m\u00fasica de vent amb la celebraci\u00f3 de la 136a edici\u00f3 del Certamen Internacional [&hellip;]\" \/>\n<meta property=\"og:url\" content=\"https:\/\/alcompasrevista.com\/va\/archivos\/21434\" \/>\n<meta property=\"og:site_name\" content=\"Revista Al Comp\u00e0s\" \/>\n<meta property=\"article:published_time\" content=\"2024-07-08T11:28:13+00:00\" \/>\n<meta property=\"article:modified_time\" content=\"2024-07-08T11:28:16+00:00\" \/>\n<meta property=\"og:image\" content=\"https:\/\/alcompasrevista.com\/wp-content\/uploads\/2024\/07\/INSTAGRAM-publicacion-1080x1080-1.png\" \/>\n\t<meta property=\"og:image:width\" content=\"1080\" \/>\n\t<meta property=\"og:image:height\" content=\"1080\" \/>\n\t<meta property=\"og:image:type\" content=\"image\/png\" \/>\n<meta name=\"author\" content=\"Redacci\u00f3n\" \/>\n<meta name=\"twitter:card\" content=\"summary_large_image\" \/>\n<meta name=\"twitter:label1\" content=\"Written by\" \/>\n\t<meta name=\"twitter:data1\" content=\"Redacci\u00f3\" \/>\n\t<meta name=\"twitter:label2\" content=\"Est. reading time\" \/>\n\t<meta name=\"twitter:data2\" content=\"2 minutes\" \/>\n<script type=\"application\/ld+json\" class=\"yoast-schema-graph\">{\"@context\":\"https:\\\/\\\/schema.org\",\"@graph\":[{\"@type\":\"Article\",\"@id\":\"https:\\\/\\\/alcompasrevista.com\\\/va\\\/archivos\\\/21434#article\",\"isPartOf\":{\"@id\":\"https:\\\/\\\/alcompasrevista.com\\\/va\\\/archivos\\\/21434\"},\"author\":{\"name\":\"Redacci\u00f3n\",\"@id\":\"https:\\\/\\\/alcompasrevista.com\\\/#\\\/schema\\\/person\\\/c10652a34fa01d238ecd498d150347fc\"},\"headline\":\"Val\u00e8ncia reunix m\u00e9s de 3.200 m\u00fasics en el Certamen Internacional de Bandes de M\u00fasica\",\"datePublished\":\"2024-07-08T11:28:13+00:00\",\"dateModified\":\"2024-07-08T11:28:16+00:00\",\"mainEntityOfPage\":{\"@id\":\"https:\\\/\\\/alcompasrevista.com\\\/va\\\/archivos\\\/21434\"},\"wordCount\":399,\"commentCount\":0,\"publisher\":{\"@id\":\"https:\\\/\\\/alcompasrevista.com\\\/#organization\"},\"image\":{\"@id\":\"https:\\\/\\\/alcompasrevista.com\\\/va\\\/archivos\\\/21434#primaryimage\"},\"thumbnailUrl\":\"https:\\\/\\\/alcompasrevista.com\\\/wp-content\\\/uploads\\\/2024\\\/07\\\/INSTAGRAM-publicacion-1080x1080-1.png\",\"keywords\":[\"Banda\",\"certamen\",\"Val\u00e8ncia\"],\"articleSection\":[\"#Laterreta\"],\"inLanguage\":\"va\",\"potentialAction\":[{\"@type\":\"CommentAction\",\"name\":\"Comment\",\"target\":[\"https:\\\/\\\/alcompasrevista.com\\\/va\\\/archivos\\\/21434#respond\"]}]},{\"@type\":\"WebPage\",\"@id\":\"https:\\\/\\\/alcompasrevista.com\\\/va\\\/archivos\\\/21434\",\"url\":\"https:\\\/\\\/alcompasrevista.com\\\/va\\\/archivos\\\/21434\",\"name\":\"Val\u00e8ncia reunix m\u00e9s de 3.200 m\u00fasics en el Certamen Internacional de Bandes de M\u00fasica - Revista Al Comp\u00e0s\",\"isPartOf\":{\"@id\":\"https:\\\/\\\/alcompasrevista.com\\\/#website\"},\"primaryImageOfPage\":{\"@id\":\"https:\\\/\\\/alcompasrevista.com\\\/va\\\/archivos\\\/21434#primaryimage\"},\"image\":{\"@id\":\"https:\\\/\\\/alcompasrevista.com\\\/va\\\/archivos\\\/21434#primaryimage\"},\"thumbnailUrl\":\"https:\\\/\\\/alcompasrevista.com\\\/wp-content\\\/uploads\\\/2024\\\/07\\\/INSTAGRAM-publicacion-1080x1080-1.png\",\"datePublished\":\"2024-07-08T11:28:13+00:00\",\"dateModified\":\"2024-07-08T11:28:16+00:00\",\"breadcrumb\":{\"@id\":\"https:\\\/\\\/alcompasrevista.com\\\/va\\\/archivos\\\/21434#breadcrumb\"},\"inLanguage\":\"va\",\"potentialAction\":[{\"@type\":\"ReadAction\",\"target\":[\"https:\\\/\\\/alcompasrevista.com\\\/va\\\/archivos\\\/21434\"]}]},{\"@type\":\"ImageObject\",\"inLanguage\":\"va\",\"@id\":\"https:\\\/\\\/alcompasrevista.com\\\/va\\\/archivos\\\/21434#primaryimage\",\"url\":\"https:\\\/\\\/alcompasrevista.com\\\/wp-content\\\/uploads\\\/2024\\\/07\\\/INSTAGRAM-publicacion-1080x1080-1.png\",\"contentUrl\":\"https:\\\/\\\/alcompasrevista.com\\\/wp-content\\\/uploads\\\/2024\\\/07\\\/INSTAGRAM-publicacion-1080x1080-1.png\",\"width\":1080,\"height\":1080},{\"@type\":\"BreadcrumbList\",\"@id\":\"https:\\\/\\\/alcompasrevista.com\\\/va\\\/archivos\\\/21434#breadcrumb\",\"itemListElement\":[{\"@type\":\"ListItem\",\"position\":1,\"name\":\"Portada\",\"item\":\"https:\\\/\\\/alcompasrevista.com\\\/va\"},{\"@type\":\"ListItem\",\"position\":2,\"name\":\"Val\u00e8ncia reunix m\u00e9s de 3.200 m\u00fasics en el Certamen Internacional de Bandes de M\u00fasica\"}]},{\"@type\":\"WebSite\",\"@id\":\"https:\\\/\\\/alcompasrevista.com\\\/#website\",\"url\":\"https:\\\/\\\/alcompasrevista.com\\\/\",\"name\":\"Revista Al Comp\u00e0s\",\"description\":\"Un proyecto de la Federaci\u00f3n de Sociedades Musicales de la Comunidad Valenciana\",\"publisher\":{\"@id\":\"https:\\\/\\\/alcompasrevista.com\\\/#organization\"},\"potentialAction\":[{\"@type\":\"SearchAction\",\"target\":{\"@type\":\"EntryPoint\",\"urlTemplate\":\"https:\\\/\\\/alcompasrevista.com\\\/?s={search_term_string}\"},\"query-input\":{\"@type\":\"PropertyValueSpecification\",\"valueRequired\":true,\"valueName\":\"search_term_string\"}}],\"inLanguage\":\"va\"},{\"@type\":\"Organization\",\"@id\":\"https:\\\/\\\/alcompasrevista.com\\\/#organization\",\"name\":\"Revista Al Comp\u00e0s\",\"url\":\"https:\\\/\\\/alcompasrevista.com\\\/\",\"logo\":{\"@type\":\"ImageObject\",\"inLanguage\":\"va\",\"@id\":\"https:\\\/\\\/alcompasrevista.com\\\/#\\\/schema\\\/logo\\\/image\\\/\",\"url\":\"https:\\\/\\\/alcompasrevista.com\\\/wp-content\\\/uploads\\\/2022\\\/04\\\/cropped-loog_blanco.png\",\"contentUrl\":\"https:\\\/\\\/alcompasrevista.com\\\/wp-content\\\/uploads\\\/2022\\\/04\\\/cropped-loog_blanco.png\",\"width\":1612,\"height\":724,\"caption\":\"Revista Al Comp\u00e0s\"},\"image\":{\"@id\":\"https:\\\/\\\/alcompasrevista.com\\\/#\\\/schema\\\/logo\\\/image\\\/\"}},{\"@type\":\"Person\",\"@id\":\"https:\\\/\\\/alcompasrevista.com\\\/#\\\/schema\\\/person\\\/c10652a34fa01d238ecd498d150347fc\",\"name\":\"Redacci\u00f3n\",\"image\":{\"@type\":\"ImageObject\",\"inLanguage\":\"va\",\"@id\":\"https:\\\/\\\/secure.gravatar.com\\\/avatar\\\/e6a6d0cd2ddec22e0ca7d21b7e49d4a0099fbdc1d476e5412893210bce942ce9?s=96&d=mm&r=g\",\"url\":\"https:\\\/\\\/secure.gravatar.com\\\/avatar\\\/e6a6d0cd2ddec22e0ca7d21b7e49d4a0099fbdc1d476e5412893210bce942ce9?s=96&d=mm&r=g\",\"contentUrl\":\"https:\\\/\\\/secure.gravatar.com\\\/avatar\\\/e6a6d0cd2ddec22e0ca7d21b7e49d4a0099fbdc1d476e5412893210bce942ce9?s=96&d=mm&r=g\",\"caption\":\"Redacci\u00f3n\"},\"url\":\"https:\\\/\\\/alcompasrevista.com\\\/va\\\/archivos\\\/author\\\/vhj_webmaster\"}]}<\/script>\n<!-- \/ Yoast SEO plugin. -->","yoast_head_json":{"title":"Val\u00e8ncia reunix m\u00e9s de 3.200 m\u00fasics en el Certamen Internacional de Bandes de M\u00fasica - Revista Al Comp\u00e0s","robots":{"index":"index","follow":"follow","max-snippet":"max-snippet:-1","max-image-preview":"max-image-preview:large","max-video-preview":"max-video-preview:-1"},"canonical":"https:\/\/alcompasrevista.com\/va\/archivos\/21434","og_locale":"en_US","og_type":"article","og_title":"Val\u00e8ncia reunix m\u00e9s de 3.200 m\u00fasics en el Certamen Internacional de Bandes de M\u00fasica - Revista Al Comp\u00e0s","og_description":"Del 13 al 21 de juliol de 2024, Val\u00e8ncia es convertir\u00e0 en la capital mundial de la m\u00fasica de vent amb la celebraci\u00f3 de la 136a edici\u00f3 del Certamen Internacional [&hellip;]","og_url":"https:\/\/alcompasrevista.com\/va\/archivos\/21434","og_site_name":"Revista Al Comp\u00e0s","article_published_time":"2024-07-08T11:28:13+00:00","article_modified_time":"2024-07-08T11:28:16+00:00","og_image":[{"width":1080,"height":1080,"url":"https:\/\/alcompasrevista.com\/wp-content\/uploads\/2024\/07\/INSTAGRAM-publicacion-1080x1080-1.png","type":"image\/png"}],"author":"Redacci\u00f3n","twitter_card":"summary_large_image","twitter_misc":{"Written by":"Redacci\u00f3","Est. reading time":"2 minutes"},"schema":{"@context":"https:\/\/schema.org","@graph":[{"@type":"Article","@id":"https:\/\/alcompasrevista.com\/va\/archivos\/21434#article","isPartOf":{"@id":"https:\/\/alcompasrevista.com\/va\/archivos\/21434"},"author":{"name":"Redacci\u00f3n","@id":"https:\/\/alcompasrevista.com\/#\/schema\/person\/c10652a34fa01d238ecd498d150347fc"},"headline":"Val\u00e8ncia reunix m\u00e9s de 3.200 m\u00fasics en el Certamen Internacional de Bandes de M\u00fasica","datePublished":"2024-07-08T11:28:13+00:00","dateModified":"2024-07-08T11:28:16+00:00","mainEntityOfPage":{"@id":"https:\/\/alcompasrevista.com\/va\/archivos\/21434"},"wordCount":399,"commentCount":0,"publisher":{"@id":"https:\/\/alcompasrevista.com\/#organization"},"image":{"@id":"https:\/\/alcompasrevista.com\/va\/archivos\/21434#primaryimage"},"thumbnailUrl":"https:\/\/alcompasrevista.com\/wp-content\/uploads\/2024\/07\/INSTAGRAM-publicacion-1080x1080-1.png","keywords":["Banda","certamen","Val\u00e8ncia"],"articleSection":["#Laterreta"],"inLanguage":"va","potentialAction":[{"@type":"CommentAction","name":"Comment","target":["https:\/\/alcompasrevista.com\/va\/archivos\/21434#respond"]}]},{"@type":"WebPage","@id":"https:\/\/alcompasrevista.com\/va\/archivos\/21434","url":"https:\/\/alcompasrevista.com\/va\/archivos\/21434","name":"Val\u00e8ncia reunix m\u00e9s de 3.200 m\u00fasics en el Certamen Internacional de Bandes de M\u00fasica - Revista Al Comp\u00e0s","isPartOf":{"@id":"https:\/\/alcompasrevista.com\/#website"},"primaryImageOfPage":{"@id":"https:\/\/alcompasrevista.com\/va\/archivos\/21434#primaryimage"},"image":{"@id":"https:\/\/alcompasrevista.com\/va\/archivos\/21434#primaryimage"},"thumbnailUrl":"https:\/\/alcompasrevista.com\/wp-content\/uploads\/2024\/07\/INSTAGRAM-publicacion-1080x1080-1.png","datePublished":"2024-07-08T11:28:13+00:00","dateModified":"2024-07-08T11:28:16+00:00","breadcrumb":{"@id":"https:\/\/alcompasrevista.com\/va\/archivos\/21434#breadcrumb"},"inLanguage":"va","potentialAction":[{"@type":"ReadAction","target":["https:\/\/alcompasrevista.com\/va\/archivos\/21434"]}]},{"@type":"ImageObject","inLanguage":"va","@id":"https:\/\/alcompasrevista.com\/va\/archivos\/21434#primaryimage","url":"https:\/\/alcompasrevista.com\/wp-content\/uploads\/2024\/07\/INSTAGRAM-publicacion-1080x1080-1.png","contentUrl":"https:\/\/alcompasrevista.com\/wp-content\/uploads\/2024\/07\/INSTAGRAM-publicacion-1080x1080-1.png","width":1080,"height":1080},{"@type":"BreadcrumbList","@id":"https:\/\/alcompasrevista.com\/va\/archivos\/21434#breadcrumb","itemListElement":[{"@type":"ListItem","position":1,"name":"Portada","item":"https:\/\/alcompasrevista.com\/va"},{"@type":"ListItem","position":2,"name":"Val\u00e8ncia reunix m\u00e9s de 3.200 m\u00fasics en el Certamen Internacional de Bandes de M\u00fasica"}]},{"@type":"WebSite","@id":"https:\/\/alcompasrevista.com\/#website","url":"https:\/\/alcompasrevista.com\/","name":"Revista Al Comp\u00e0s","description":"Un proyecto de la Federaci\u00f3n de Sociedades Musicales de la Comunidad Valenciana","publisher":{"@id":"https:\/\/alcompasrevista.com\/#organization"},"potentialAction":[{"@type":"SearchAction","target":{"@type":"EntryPoint","urlTemplate":"https:\/\/alcompasrevista.com\/?s={search_term_string}"},"query-input":{"@type":"PropertyValueSpecification","valueRequired":true,"valueName":"search_term_string"}}],"inLanguage":"va"},{"@type":"Organization","@id":"https:\/\/alcompasrevista.com\/#organization","name":"Revista Al Comp\u00e0s","url":"https:\/\/alcompasrevista.com\/","logo":{"@type":"ImageObject","inLanguage":"va","@id":"https:\/\/alcompasrevista.com\/#\/schema\/logo\/image\/","url":"https:\/\/alcompasrevista.com\/wp-content\/uploads\/2022\/04\/cropped-loog_blanco.png","contentUrl":"https:\/\/alcompasrevista.com\/wp-content\/uploads\/2022\/04\/cropped-loog_blanco.png","width":1612,"height":724,"caption":"Revista Al Comp\u00e0s"},"image":{"@id":"https:\/\/alcompasrevista.com\/#\/schema\/logo\/image\/"}},{"@type":"Person","@id":"https:\/\/alcompasrevista.com\/#\/schema\/person\/c10652a34fa01d238ecd498d150347fc","name":"Redacci\u00f3n","image":{"@type":"ImageObject","inLanguage":"va","@id":"https:\/\/secure.gravatar.com\/avatar\/e6a6d0cd2ddec22e0ca7d21b7e49d4a0099fbdc1d476e5412893210bce942ce9?s=96&d=mm&r=g","url":"https:\/\/secure.gravatar.com\/avatar\/e6a6d0cd2ddec22e0ca7d21b7e49d4a0099fbdc1d476e5412893210bce942ce9?s=96&d=mm&r=g","contentUrl":"https:\/\/secure.gravatar.com\/avatar\/e6a6d0cd2ddec22e0ca7d21b7e49d4a0099fbdc1d476e5412893210bce942ce9?s=96&d=mm&r=g","caption":"Redacci\u00f3n"},"url":"https:\/\/alcompasrevista.com\/va\/archivos\/author\/vhj_webmaster"}]}},"_links":{"self":[{"href":"https:\/\/alcompasrevista.com\/va\/wp-json\/wp\/v2\/posts\/21434","targetHints":{"allow":["GET"]}}],"collection":[{"href":"https:\/\/alcompasrevista.com\/va\/wp-json\/wp\/v2\/posts"}],"about":[{"href":"https:\/\/alcompasrevista.com\/va\/wp-json\/wp\/v2\/types\/post"}],"author":[{"embeddable":true,"href":"https:\/\/alcompasrevista.com\/va\/wp-json\/wp\/v2\/users\/860002"}],"replies":[{"embeddable":true,"href":"https:\/\/alcompasrevista.com\/va\/wp-json\/wp\/v2\/comments?post=21434"}],"version-history":[{"count":0,"href":"https:\/\/alcompasrevista.com\/va\/wp-json\/wp\/v2\/posts\/21434\/revisions"}],"wp:featuredmedia":[{"embeddable":true,"href":"https:\/\/alcompasrevista.com\/va\/wp-json\/wp\/v2\/media\/21432"}],"wp:attachment":[{"href":"https:\/\/alcompasrevista.com\/va\/wp-json\/wp\/v2\/media?parent=21434"}],"wp:term":[{"taxonomy":"category","embeddable":true,"href":"https:\/\/alcompasrevista.com\/va\/wp-json\/wp\/v2\/categories?post=21434"},{"taxonomy":"post_tag","embeddable":true,"href":"https:\/\/alcompasrevista.com\/va\/wp-json\/wp\/v2\/tags?post=21434"},{"taxonomy":"portada","embeddable":true,"href":"https:\/\/alcompasrevista.com\/va\/wp-json\/wp\/v2\/portada?post=21434"}],"curies":[{"name":"wp","href":"https:\/\/api.w.org\/{rel}","templated":true}]}}