{"id":21202,"date":"2024-06-20T17:07:17","date_gmt":"2024-06-20T15:07:17","guid":{"rendered":"https:\/\/alcompasrevista.com\/?p=21202"},"modified":"2024-06-21T11:23:57","modified_gmt":"2024-06-21T09:23:57","slug":"el-compositor-oscar-navarro-compon-lobertura-rei-felip-vi-amb-motiu-del-x-aniversari-de-la-seua-proclamacio","status":"publish","type":"post","link":"https:\/\/alcompasrevista.com\/va\/archivos\/21202","title":{"rendered":"El compositor\u00a0\u00d2scar\u00a0Navarro ha compost &#8216;l&#8217;OBERTURA REI FELIP VI&#8217; amb motiu del X aniversari de la seua\u00a0proclamaci\u00f3"},"content":{"rendered":"\n<p>El guardonat compositor alacant\u00ed\u00a0\u00d2scar\u00a0Navarro, ha compost l'&#8221;OBERTURA REI FELIP VI&#8221; per petici\u00f3 de la Unitat Musical de la Gu\u00e0rdia Reial, una obra per a banda simf\u00f2nica dedicada a Ses Majestats els\u00a0Reis\u00a0don\u00a0Felip i\u00a0donya\u00a0Let\u00edcia, en commemoraci\u00f3 del des\u00e9 aniversari de la seua proclamaci\u00f3. L&#8217;obra ha estat estrenada per la Unitat Musical de la Gu\u00e0rdia Reial este dimecres 19 de juny al Palau Reial (Porta del Pr\u00edncep).<\/p>\n\n\n\n<p>L'&#8221;OBERTURA REI FELIP VI&#8221; \u00e9s el resultat d&#8217;un enc\u00e0rrec especial de la Gu\u00e0rdia Reial al compositor&nbsp;\u00d3scar&nbsp;Navarro, el talent del qual ha estat \u00e0mpliament reconegut en l&#8217;\u00e0mbit nacional i internacional, amb destacats premis i \u00e8xits en la seua carrera com a compositor, incloent-hi una nominaci\u00f3 als Premis Goya o el prestigi\u00f3s premi &#8220;Hollywood&nbsp;Music&nbsp;in&nbsp;Media&nbsp;Awards&#8221; de Los Angeles, entre molts altres guardons.<\/p>\n\n\n\n<p>La m\u00fasica d&#8217;\u00d3scar&nbsp;Navarro ha ressonat en emblem\u00e0tics escenaris arreu del m\u00f3n, des del Carnegie Hall de Nova York i el Teatre La Scala de Mil\u00e0, fins al Walt Disney Hall de Los Angeles o l&#8217;Auditori Nacional d&#8217;Espanya i el Teatre Reial, establint la seua posici\u00f3 com un dels compositors m\u00e9s destacats de la seua generaci\u00f3.<\/p>\n\n\n\n<p>Durant la pr\u00f2xima temporada 2024\/2025, l'&#8221;OBERTURA REI FELIP VI&#8221; ser\u00e0 interpretada per la Unitat Musical de la Gu\u00e0rdia Reial d&#8217;Espanya en diversos punts de la naci\u00f3. Esta formaci\u00f3 \u00e9s la m\u00e9s representativa de les Forces Armades, i el seu repertori abasta un ampli ventall que va des de la m\u00fasica purament castrense fins a les partitures del m\u00e9s alt nivell. L&#8217;estrena d&#8217;esta nova obra ha estat a c\u00e0rrec d&#8217;esta unitat musical sota la direcci\u00f3 del coronel Fernando&nbsp;Lizana&nbsp;Lozano.<\/p>\n","protected":false},"excerpt":{"rendered":"<p>El guardonat compositor alacant\u00ed\u00a0\u00d2scar\u00a0Navarro, ha compost l&#8217;&#8221;OBERTURA REI FELIP VI&#8221; per petici\u00f3 de la Unitat Musical de la Gu\u00e0rdia Reial, una obra per a banda simf\u00f2nica dedicada a Ses Majestats [&hellip;]<\/p>\n","protected":false},"author":860002,"featured_media":21207,"comment_status":"open","ping_status":"open","sticky":false,"template":"","format":"standard","meta":{"footnotes":""},"categories":[28],"tags":[],"portada":[],"class_list":["post-21202","post","type-post","status-publish","format-standard","has-post-thumbnail","hentry","category-laterreta-va"],"yoast_head":"<!-- This site is optimized with the Yoast SEO plugin v27.4 - https:\/\/yoast.com\/product\/yoast-seo-wordpress\/ -->\n<title>El compositor\u00a0\u00d2scar\u00a0Navarro ha compost &#039;l&#039;OBERTURA REI FELIP VI&#039; amb motiu del X aniversari de la seua\u00a0proclamaci\u00f3 - Revista Al Comp\u00e0s<\/title>\n<meta name=\"description\" content=\"El guardonat compositor alacant\u00ed\u00a0\u00d3scar\u00a0Navarro, ha compost l&#039;&quot;OBERTURA REI FELIP VI&quot; per petici\u00f3 de la Unitat Musical de la Gu\u00e0rdia Reial, una obra per a banda simf\u00f2nica dedicada a Ses Majestats els\u00a0Reis\u00a0don\u00a0Felip i\u00a0donya\u00a0Let\u00edcia, en commemoraci\u00f3 del des\u00e9 aniversari de la seua proclamaci\u00f3. L&#039;obra ha estat estrenada per la Unitat Musical de la Gu\u00e0rdia Reial este dimecres 19 de juny al Palau Reial (Porta del Pr\u00edncep).\" \/>\n<meta name=\"robots\" content=\"index, follow, max-snippet:-1, max-image-preview:large, max-video-preview:-1\" \/>\n<link rel=\"canonical\" href=\"https:\/\/alcompasrevista.com\/va\/archivos\/21202\" \/>\n<meta property=\"og:locale\" content=\"en_US\" \/>\n<meta property=\"og:type\" content=\"article\" \/>\n<meta property=\"og:title\" content=\"El compositor\u00a0\u00d2scar\u00a0Navarro ha compost &#039;l&#039;OBERTURA REI FELIP VI&#039; amb motiu del X aniversari de la seua\u00a0proclamaci\u00f3 - Revista Al Comp\u00e0s\" \/>\n<meta property=\"og:description\" content=\"El guardonat compositor alacant\u00ed\u00a0\u00d3scar\u00a0Navarro, ha compost l&#039;&quot;OBERTURA REI FELIP VI&quot; per petici\u00f3 de la Unitat Musical de la Gu\u00e0rdia Reial, una obra per a banda simf\u00f2nica dedicada a Ses Majestats els\u00a0Reis\u00a0don\u00a0Felip i\u00a0donya\u00a0Let\u00edcia, en commemoraci\u00f3 del des\u00e9 aniversari de la seua proclamaci\u00f3. L&#039;obra ha estat estrenada per la Unitat Musical de la Gu\u00e0rdia Reial este dimecres 19 de juny al Palau Reial (Porta del Pr\u00edncep).\" \/>\n<meta property=\"og:url\" content=\"https:\/\/alcompasrevista.com\/va\/archivos\/21202\" \/>\n<meta property=\"og:site_name\" content=\"Revista Al Comp\u00e0s\" \/>\n<meta property=\"article:published_time\" content=\"2024-06-20T15:07:17+00:00\" \/>\n<meta property=\"article:modified_time\" content=\"2024-06-21T09:23:57+00:00\" \/>\n<meta property=\"og:image\" content=\"https:\/\/alcompasrevista.com\/wp-content\/uploads\/2024\/06\/Diseno-sin-titulo-7.jpg\" \/>\n\t<meta property=\"og:image:width\" content=\"1920\" \/>\n\t<meta property=\"og:image:height\" content=\"1080\" \/>\n\t<meta property=\"og:image:type\" content=\"image\/jpeg\" \/>\n<meta name=\"author\" content=\"Redacci\u00f3n\" \/>\n<meta name=\"twitter:card\" content=\"summary_large_image\" \/>\n<meta name=\"twitter:label1\" content=\"Written by\" \/>\n\t<meta name=\"twitter:data1\" content=\"Redacci\u00f3\" \/>\n\t<meta name=\"twitter:label2\" content=\"Est. reading time\" \/>\n\t<meta name=\"twitter:data2\" content=\"2 minutes\" \/>\n<script type=\"application\/ld+json\" class=\"yoast-schema-graph\">{\"@context\":\"https:\\\/\\\/schema.org\",\"@graph\":[{\"@type\":\"Article\",\"@id\":\"https:\\\/\\\/alcompasrevista.com\\\/va\\\/archivos\\\/21202#article\",\"isPartOf\":{\"@id\":\"https:\\\/\\\/alcompasrevista.com\\\/va\\\/archivos\\\/21202\"},\"author\":{\"name\":\"Redacci\u00f3n\",\"@id\":\"https:\\\/\\\/alcompasrevista.com\\\/#\\\/schema\\\/person\\\/c10652a34fa01d238ecd498d150347fc\"},\"headline\":\"El compositor\u00a0\u00d2scar\u00a0Navarro ha compost &#8216;l&#8217;OBERTURA REI FELIP VI&#8217; amb motiu del X aniversari de la seua\u00a0proclamaci\u00f3\",\"datePublished\":\"2024-06-20T15:07:17+00:00\",\"dateModified\":\"2024-06-21T09:23:57+00:00\",\"mainEntityOfPage\":{\"@id\":\"https:\\\/\\\/alcompasrevista.com\\\/va\\\/archivos\\\/21202\"},\"wordCount\":329,\"commentCount\":0,\"publisher\":{\"@id\":\"https:\\\/\\\/alcompasrevista.com\\\/#organization\"},\"image\":{\"@id\":\"https:\\\/\\\/alcompasrevista.com\\\/va\\\/archivos\\\/21202#primaryimage\"},\"thumbnailUrl\":\"https:\\\/\\\/alcompasrevista.com\\\/wp-content\\\/uploads\\\/2024\\\/06\\\/Diseno-sin-titulo-7.jpg\",\"articleSection\":[\"#Laterreta\"],\"inLanguage\":\"va\",\"potentialAction\":[{\"@type\":\"CommentAction\",\"name\":\"Comment\",\"target\":[\"https:\\\/\\\/alcompasrevista.com\\\/va\\\/archivos\\\/21202#respond\"]}]},{\"@type\":\"WebPage\",\"@id\":\"https:\\\/\\\/alcompasrevista.com\\\/va\\\/archivos\\\/21202\",\"url\":\"https:\\\/\\\/alcompasrevista.com\\\/va\\\/archivos\\\/21202\",\"name\":\"El compositor\u00a0\u00d2scar\u00a0Navarro ha compost 'l'OBERTURA REI FELIP VI' amb motiu del X aniversari de la seua\u00a0proclamaci\u00f3 - Revista Al Comp\u00e0s\",\"isPartOf\":{\"@id\":\"https:\\\/\\\/alcompasrevista.com\\\/#website\"},\"primaryImageOfPage\":{\"@id\":\"https:\\\/\\\/alcompasrevista.com\\\/va\\\/archivos\\\/21202#primaryimage\"},\"image\":{\"@id\":\"https:\\\/\\\/alcompasrevista.com\\\/va\\\/archivos\\\/21202#primaryimage\"},\"thumbnailUrl\":\"https:\\\/\\\/alcompasrevista.com\\\/wp-content\\\/uploads\\\/2024\\\/06\\\/Diseno-sin-titulo-7.jpg\",\"datePublished\":\"2024-06-20T15:07:17+00:00\",\"dateModified\":\"2024-06-21T09:23:57+00:00\",\"description\":\"El guardonat compositor alacant\u00ed\u00a0\u00d3scar\u00a0Navarro, ha compost l'\\\"OBERTURA REI FELIP VI\\\" per petici\u00f3 de la Unitat Musical de la Gu\u00e0rdia Reial, una obra per a banda simf\u00f2nica dedicada a Ses Majestats els\u00a0Reis\u00a0don\u00a0Felip i\u00a0donya\u00a0Let\u00edcia, en commemoraci\u00f3 del des\u00e9 aniversari de la seua proclamaci\u00f3. L'obra ha estat estrenada per la Unitat Musical de la Gu\u00e0rdia Reial este dimecres 19 de juny al Palau Reial (Porta del Pr\u00edncep).\",\"breadcrumb\":{\"@id\":\"https:\\\/\\\/alcompasrevista.com\\\/va\\\/archivos\\\/21202#breadcrumb\"},\"inLanguage\":\"va\",\"potentialAction\":[{\"@type\":\"ReadAction\",\"target\":[\"https:\\\/\\\/alcompasrevista.com\\\/va\\\/archivos\\\/21202\"]}]},{\"@type\":\"ImageObject\",\"inLanguage\":\"va\",\"@id\":\"https:\\\/\\\/alcompasrevista.com\\\/va\\\/archivos\\\/21202#primaryimage\",\"url\":\"https:\\\/\\\/alcompasrevista.com\\\/wp-content\\\/uploads\\\/2024\\\/06\\\/Diseno-sin-titulo-7.jpg\",\"contentUrl\":\"https:\\\/\\\/alcompasrevista.com\\\/wp-content\\\/uploads\\\/2024\\\/06\\\/Diseno-sin-titulo-7.jpg\",\"width\":1920,\"height\":1080},{\"@type\":\"BreadcrumbList\",\"@id\":\"https:\\\/\\\/alcompasrevista.com\\\/va\\\/archivos\\\/21202#breadcrumb\",\"itemListElement\":[{\"@type\":\"ListItem\",\"position\":1,\"name\":\"Portada\",\"item\":\"https:\\\/\\\/alcompasrevista.com\\\/va\"},{\"@type\":\"ListItem\",\"position\":2,\"name\":\"El compositor\u00a0\u00d2scar\u00a0Navarro ha compost &#8216;l&#8217;OBERTURA REI FELIP VI&#8217; amb motiu del X aniversari de la seua\u00a0proclamaci\u00f3\"}]},{\"@type\":\"WebSite\",\"@id\":\"https:\\\/\\\/alcompasrevista.com\\\/#website\",\"url\":\"https:\\\/\\\/alcompasrevista.com\\\/\",\"name\":\"Revista Al Comp\u00e0s\",\"description\":\"Un proyecto de la Federaci\u00f3n de Sociedades Musicales de la Comunidad Valenciana\",\"publisher\":{\"@id\":\"https:\\\/\\\/alcompasrevista.com\\\/#organization\"},\"potentialAction\":[{\"@type\":\"SearchAction\",\"target\":{\"@type\":\"EntryPoint\",\"urlTemplate\":\"https:\\\/\\\/alcompasrevista.com\\\/?s={search_term_string}\"},\"query-input\":{\"@type\":\"PropertyValueSpecification\",\"valueRequired\":true,\"valueName\":\"search_term_string\"}}],\"inLanguage\":\"va\"},{\"@type\":\"Organization\",\"@id\":\"https:\\\/\\\/alcompasrevista.com\\\/#organization\",\"name\":\"Revista Al Comp\u00e0s\",\"url\":\"https:\\\/\\\/alcompasrevista.com\\\/\",\"logo\":{\"@type\":\"ImageObject\",\"inLanguage\":\"va\",\"@id\":\"https:\\\/\\\/alcompasrevista.com\\\/#\\\/schema\\\/logo\\\/image\\\/\",\"url\":\"https:\\\/\\\/alcompasrevista.com\\\/wp-content\\\/uploads\\\/2022\\\/04\\\/cropped-loog_blanco.png\",\"contentUrl\":\"https:\\\/\\\/alcompasrevista.com\\\/wp-content\\\/uploads\\\/2022\\\/04\\\/cropped-loog_blanco.png\",\"width\":1612,\"height\":724,\"caption\":\"Revista Al Comp\u00e0s\"},\"image\":{\"@id\":\"https:\\\/\\\/alcompasrevista.com\\\/#\\\/schema\\\/logo\\\/image\\\/\"}},{\"@type\":\"Person\",\"@id\":\"https:\\\/\\\/alcompasrevista.com\\\/#\\\/schema\\\/person\\\/c10652a34fa01d238ecd498d150347fc\",\"name\":\"Redacci\u00f3n\",\"image\":{\"@type\":\"ImageObject\",\"inLanguage\":\"va\",\"@id\":\"https:\\\/\\\/secure.gravatar.com\\\/avatar\\\/e6a6d0cd2ddec22e0ca7d21b7e49d4a0099fbdc1d476e5412893210bce942ce9?s=96&d=mm&r=g\",\"url\":\"https:\\\/\\\/secure.gravatar.com\\\/avatar\\\/e6a6d0cd2ddec22e0ca7d21b7e49d4a0099fbdc1d476e5412893210bce942ce9?s=96&d=mm&r=g\",\"contentUrl\":\"https:\\\/\\\/secure.gravatar.com\\\/avatar\\\/e6a6d0cd2ddec22e0ca7d21b7e49d4a0099fbdc1d476e5412893210bce942ce9?s=96&d=mm&r=g\",\"caption\":\"Redacci\u00f3n\"},\"url\":\"https:\\\/\\\/alcompasrevista.com\\\/va\\\/archivos\\\/author\\\/vhj_webmaster\"}]}<\/script>\n<!-- \/ Yoast SEO plugin. -->","yoast_head_json":{"title":"El compositor\u00a0\u00d2scar\u00a0Navarro ha compost 'l'OBERTURA REI FELIP VI' amb motiu del X aniversari de la seua\u00a0proclamaci\u00f3 - Revista Al Comp\u00e0s","description":"El guardonat compositor alacant\u00ed\u00a0\u00d3scar\u00a0Navarro, ha compost l'\"OBERTURA REI FELIP VI\" per petici\u00f3 de la Unitat Musical de la Gu\u00e0rdia Reial, una obra per a banda simf\u00f2nica dedicada a Ses Majestats els\u00a0Reis\u00a0don\u00a0Felip i\u00a0donya\u00a0Let\u00edcia, en commemoraci\u00f3 del des\u00e9 aniversari de la seua proclamaci\u00f3. L'obra ha estat estrenada per la Unitat Musical de la Gu\u00e0rdia Reial este dimecres 19 de juny al Palau Reial (Porta del Pr\u00edncep).","robots":{"index":"index","follow":"follow","max-snippet":"max-snippet:-1","max-image-preview":"max-image-preview:large","max-video-preview":"max-video-preview:-1"},"canonical":"https:\/\/alcompasrevista.com\/va\/archivos\/21202","og_locale":"en_US","og_type":"article","og_title":"El compositor\u00a0\u00d2scar\u00a0Navarro ha compost 'l'OBERTURA REI FELIP VI' amb motiu del X aniversari de la seua\u00a0proclamaci\u00f3 - Revista Al Comp\u00e0s","og_description":"El guardonat compositor alacant\u00ed\u00a0\u00d3scar\u00a0Navarro, ha compost l'\"OBERTURA REI FELIP VI\" per petici\u00f3 de la Unitat Musical de la Gu\u00e0rdia Reial, una obra per a banda simf\u00f2nica dedicada a Ses Majestats els\u00a0Reis\u00a0don\u00a0Felip i\u00a0donya\u00a0Let\u00edcia, en commemoraci\u00f3 del des\u00e9 aniversari de la seua proclamaci\u00f3. L'obra ha estat estrenada per la Unitat Musical de la Gu\u00e0rdia Reial este dimecres 19 de juny al Palau Reial (Porta del Pr\u00edncep).","og_url":"https:\/\/alcompasrevista.com\/va\/archivos\/21202","og_site_name":"Revista Al Comp\u00e0s","article_published_time":"2024-06-20T15:07:17+00:00","article_modified_time":"2024-06-21T09:23:57+00:00","og_image":[{"width":1920,"height":1080,"url":"https:\/\/alcompasrevista.com\/wp-content\/uploads\/2024\/06\/Diseno-sin-titulo-7.jpg","type":"image\/jpeg"}],"author":"Redacci\u00f3n","twitter_card":"summary_large_image","twitter_misc":{"Written by":"Redacci\u00f3","Est. reading time":"2 minutes"},"schema":{"@context":"https:\/\/schema.org","@graph":[{"@type":"Article","@id":"https:\/\/alcompasrevista.com\/va\/archivos\/21202#article","isPartOf":{"@id":"https:\/\/alcompasrevista.com\/va\/archivos\/21202"},"author":{"name":"Redacci\u00f3n","@id":"https:\/\/alcompasrevista.com\/#\/schema\/person\/c10652a34fa01d238ecd498d150347fc"},"headline":"El compositor\u00a0\u00d2scar\u00a0Navarro ha compost &#8216;l&#8217;OBERTURA REI FELIP VI&#8217; amb motiu del X aniversari de la seua\u00a0proclamaci\u00f3","datePublished":"2024-06-20T15:07:17+00:00","dateModified":"2024-06-21T09:23:57+00:00","mainEntityOfPage":{"@id":"https:\/\/alcompasrevista.com\/va\/archivos\/21202"},"wordCount":329,"commentCount":0,"publisher":{"@id":"https:\/\/alcompasrevista.com\/#organization"},"image":{"@id":"https:\/\/alcompasrevista.com\/va\/archivos\/21202#primaryimage"},"thumbnailUrl":"https:\/\/alcompasrevista.com\/wp-content\/uploads\/2024\/06\/Diseno-sin-titulo-7.jpg","articleSection":["#Laterreta"],"inLanguage":"va","potentialAction":[{"@type":"CommentAction","name":"Comment","target":["https:\/\/alcompasrevista.com\/va\/archivos\/21202#respond"]}]},{"@type":"WebPage","@id":"https:\/\/alcompasrevista.com\/va\/archivos\/21202","url":"https:\/\/alcompasrevista.com\/va\/archivos\/21202","name":"El compositor\u00a0\u00d2scar\u00a0Navarro ha compost 'l'OBERTURA REI FELIP VI' amb motiu del X aniversari de la seua\u00a0proclamaci\u00f3 - Revista Al Comp\u00e0s","isPartOf":{"@id":"https:\/\/alcompasrevista.com\/#website"},"primaryImageOfPage":{"@id":"https:\/\/alcompasrevista.com\/va\/archivos\/21202#primaryimage"},"image":{"@id":"https:\/\/alcompasrevista.com\/va\/archivos\/21202#primaryimage"},"thumbnailUrl":"https:\/\/alcompasrevista.com\/wp-content\/uploads\/2024\/06\/Diseno-sin-titulo-7.jpg","datePublished":"2024-06-20T15:07:17+00:00","dateModified":"2024-06-21T09:23:57+00:00","description":"El guardonat compositor alacant\u00ed\u00a0\u00d3scar\u00a0Navarro, ha compost l'\"OBERTURA REI FELIP VI\" per petici\u00f3 de la Unitat Musical de la Gu\u00e0rdia Reial, una obra per a banda simf\u00f2nica dedicada a Ses Majestats els\u00a0Reis\u00a0don\u00a0Felip i\u00a0donya\u00a0Let\u00edcia, en commemoraci\u00f3 del des\u00e9 aniversari de la seua proclamaci\u00f3. L'obra ha estat estrenada per la Unitat Musical de la Gu\u00e0rdia Reial este dimecres 19 de juny al Palau Reial (Porta del Pr\u00edncep).","breadcrumb":{"@id":"https:\/\/alcompasrevista.com\/va\/archivos\/21202#breadcrumb"},"inLanguage":"va","potentialAction":[{"@type":"ReadAction","target":["https:\/\/alcompasrevista.com\/va\/archivos\/21202"]}]},{"@type":"ImageObject","inLanguage":"va","@id":"https:\/\/alcompasrevista.com\/va\/archivos\/21202#primaryimage","url":"https:\/\/alcompasrevista.com\/wp-content\/uploads\/2024\/06\/Diseno-sin-titulo-7.jpg","contentUrl":"https:\/\/alcompasrevista.com\/wp-content\/uploads\/2024\/06\/Diseno-sin-titulo-7.jpg","width":1920,"height":1080},{"@type":"BreadcrumbList","@id":"https:\/\/alcompasrevista.com\/va\/archivos\/21202#breadcrumb","itemListElement":[{"@type":"ListItem","position":1,"name":"Portada","item":"https:\/\/alcompasrevista.com\/va"},{"@type":"ListItem","position":2,"name":"El compositor\u00a0\u00d2scar\u00a0Navarro ha compost &#8216;l&#8217;OBERTURA REI FELIP VI&#8217; amb motiu del X aniversari de la seua\u00a0proclamaci\u00f3"}]},{"@type":"WebSite","@id":"https:\/\/alcompasrevista.com\/#website","url":"https:\/\/alcompasrevista.com\/","name":"Revista Al Comp\u00e0s","description":"Un proyecto de la Federaci\u00f3n de Sociedades Musicales de la Comunidad Valenciana","publisher":{"@id":"https:\/\/alcompasrevista.com\/#organization"},"potentialAction":[{"@type":"SearchAction","target":{"@type":"EntryPoint","urlTemplate":"https:\/\/alcompasrevista.com\/?s={search_term_string}"},"query-input":{"@type":"PropertyValueSpecification","valueRequired":true,"valueName":"search_term_string"}}],"inLanguage":"va"},{"@type":"Organization","@id":"https:\/\/alcompasrevista.com\/#organization","name":"Revista Al Comp\u00e0s","url":"https:\/\/alcompasrevista.com\/","logo":{"@type":"ImageObject","inLanguage":"va","@id":"https:\/\/alcompasrevista.com\/#\/schema\/logo\/image\/","url":"https:\/\/alcompasrevista.com\/wp-content\/uploads\/2022\/04\/cropped-loog_blanco.png","contentUrl":"https:\/\/alcompasrevista.com\/wp-content\/uploads\/2022\/04\/cropped-loog_blanco.png","width":1612,"height":724,"caption":"Revista Al Comp\u00e0s"},"image":{"@id":"https:\/\/alcompasrevista.com\/#\/schema\/logo\/image\/"}},{"@type":"Person","@id":"https:\/\/alcompasrevista.com\/#\/schema\/person\/c10652a34fa01d238ecd498d150347fc","name":"Redacci\u00f3n","image":{"@type":"ImageObject","inLanguage":"va","@id":"https:\/\/secure.gravatar.com\/avatar\/e6a6d0cd2ddec22e0ca7d21b7e49d4a0099fbdc1d476e5412893210bce942ce9?s=96&d=mm&r=g","url":"https:\/\/secure.gravatar.com\/avatar\/e6a6d0cd2ddec22e0ca7d21b7e49d4a0099fbdc1d476e5412893210bce942ce9?s=96&d=mm&r=g","contentUrl":"https:\/\/secure.gravatar.com\/avatar\/e6a6d0cd2ddec22e0ca7d21b7e49d4a0099fbdc1d476e5412893210bce942ce9?s=96&d=mm&r=g","caption":"Redacci\u00f3n"},"url":"https:\/\/alcompasrevista.com\/va\/archivos\/author\/vhj_webmaster"}]}},"_links":{"self":[{"href":"https:\/\/alcompasrevista.com\/va\/wp-json\/wp\/v2\/posts\/21202","targetHints":{"allow":["GET"]}}],"collection":[{"href":"https:\/\/alcompasrevista.com\/va\/wp-json\/wp\/v2\/posts"}],"about":[{"href":"https:\/\/alcompasrevista.com\/va\/wp-json\/wp\/v2\/types\/post"}],"author":[{"embeddable":true,"href":"https:\/\/alcompasrevista.com\/va\/wp-json\/wp\/v2\/users\/860002"}],"replies":[{"embeddable":true,"href":"https:\/\/alcompasrevista.com\/va\/wp-json\/wp\/v2\/comments?post=21202"}],"version-history":[{"count":0,"href":"https:\/\/alcompasrevista.com\/va\/wp-json\/wp\/v2\/posts\/21202\/revisions"}],"wp:featuredmedia":[{"embeddable":true,"href":"https:\/\/alcompasrevista.com\/va\/wp-json\/wp\/v2\/media\/21207"}],"wp:attachment":[{"href":"https:\/\/alcompasrevista.com\/va\/wp-json\/wp\/v2\/media?parent=21202"}],"wp:term":[{"taxonomy":"category","embeddable":true,"href":"https:\/\/alcompasrevista.com\/va\/wp-json\/wp\/v2\/categories?post=21202"},{"taxonomy":"post_tag","embeddable":true,"href":"https:\/\/alcompasrevista.com\/va\/wp-json\/wp\/v2\/tags?post=21202"},{"taxonomy":"portada","embeddable":true,"href":"https:\/\/alcompasrevista.com\/va\/wp-json\/wp\/v2\/portada?post=21202"}],"curies":[{"name":"wp","href":"https:\/\/api.w.org\/{rel}","templated":true}]}}