{"id":21128,"date":"2024-06-18T12:49:18","date_gmt":"2024-06-18T10:49:18","guid":{"rendered":"https:\/\/alcompasrevista.com\/?p=21128"},"modified":"2024-06-18T14:13:27","modified_gmt":"2024-06-18T12:13:27","slug":"activitats-comarcals-2024-iv-trobada-joves-musics-a-cofrentes","status":"publish","type":"post","link":"https:\/\/alcompasrevista.com\/va\/archivos\/21128","title":{"rendered":"Activitats Comarcals 2024: IV Trobada Joves M\u00fasics a Cofrentes"},"content":{"rendered":"\n<p>La Vall d&#8217;Ayora-Cofrentes es va omplir de m\u00fasica i talent el passat 8 de juny amb la celebraci\u00f3 de la IV Trobada de Joves M\u00fasics.<\/p>\n\n\n\n<p>Este esdeveniment va reunir els alumnes de les escoles pertanyents a les Societats Musicals de la comarca. Va tindre lloc en la localitat de Zarra, on la Societat Musical Santa Ana de Zarra va actuar com a amfitriona i seu.<\/p>\n\n\n\n<p>Van participar en total set de les huit societats musicals de la comarca: Ateneu Musical de Cortes de Pall\u00e1s, SM Ayorense, La Filharm\u00f2nica de Jarafuel, Entitat Maestro Serrano de Cofrentes, Sant Blas de Teresa de Cofrentes, Santa Ana de Zarra i Uni\u00f3 Musical Jalance.<\/p>\n\n\n\n<figure class=\"wp-block-image size-large\"><img loading=\"lazy\" decoding=\"async\" width=\"1024\" height=\"768\" src=\"https:\/\/alcompasrevista.com\/wp-content\/uploads\/2024\/06\/Encuento-Valle-Cofrenes-Ayora-9-1024x768.jpeg\" alt=\"\" class=\"wp-image-21155\" srcset=\"https:\/\/alcompasrevista.com\/wp-content\/uploads\/2024\/06\/Encuento-Valle-Cofrenes-Ayora-9-1024x768.jpeg 1024w, https:\/\/alcompasrevista.com\/wp-content\/uploads\/2024\/06\/Encuento-Valle-Cofrenes-Ayora-9-300x225.jpeg 300w, https:\/\/alcompasrevista.com\/wp-content\/uploads\/2024\/06\/Encuento-Valle-Cofrenes-Ayora-9-768x576.jpeg 768w, https:\/\/alcompasrevista.com\/wp-content\/uploads\/2024\/06\/Encuento-Valle-Cofrenes-Ayora-9-1536x1152.jpeg 1536w, https:\/\/alcompasrevista.com\/wp-content\/uploads\/2024\/06\/Encuento-Valle-Cofrenes-Ayora-9.jpeg 1600w\" sizes=\"auto, (max-width: 1024px) 100vw, 1024px\" \/><\/figure>\n\n\n\n<p>La trobada va comptar amb la destacada pres\u00e8ncia de Joan Bocanegra, president provincial de la FSMCV, Elvira Piera Teixidor, presidenta comarcal, regidors de diverses poblacions, presidents de les diferents societats musicals i Ra\u00fal Mart\u00ednez Mart\u00ednez, alcalde de Zarra, qui va ser present al llarg de tota la duraci\u00f3 de l&#8217;esdeveniment.<\/p>\n\n\n\n<p>Malgrat una tempesta que va complicar les activitats de la vesprada, els participants van aconseguir realitzar una cercavila pel poble fins que la pluja va tornar amb m\u00e9s for\u00e7a, obligant-los a refugiar-se a la Casa de la Cultura. All\u00ed, Iv\u00e1n Mart\u00ednez Mart\u00ednez, president de la SM Santa Ana de Zarra, al costat de la presidenta comarcal i l&#8217;alcalde de Zarra, van agrair l&#8217;assist\u00e8ncia i van tancar l&#8217;esdeveniment amb la interpretaci\u00f3 de dos pasdobles i un berenar.<\/p>\n\n\n\n<figure class=\"wp-block-image size-large\"><img loading=\"lazy\" decoding=\"async\" width=\"1024\" height=\"768\" src=\"https:\/\/alcompasrevista.com\/wp-content\/uploads\/2024\/06\/Encuento-Valle-Cofrenes-Ayora-6-1024x768.jpeg\" alt=\"\" class=\"wp-image-21158\" srcset=\"https:\/\/alcompasrevista.com\/wp-content\/uploads\/2024\/06\/Encuento-Valle-Cofrenes-Ayora-6-1024x768.jpeg 1024w, https:\/\/alcompasrevista.com\/wp-content\/uploads\/2024\/06\/Encuento-Valle-Cofrenes-Ayora-6-300x225.jpeg 300w, https:\/\/alcompasrevista.com\/wp-content\/uploads\/2024\/06\/Encuento-Valle-Cofrenes-Ayora-6-768x576.jpeg 768w, https:\/\/alcompasrevista.com\/wp-content\/uploads\/2024\/06\/Encuento-Valle-Cofrenes-Ayora-6-1536x1152.jpeg 1536w, https:\/\/alcompasrevista.com\/wp-content\/uploads\/2024\/06\/Encuento-Valle-Cofrenes-Ayora-6.jpeg 1600w\" sizes=\"auto, (max-width: 1024px) 100vw, 1024px\" \/><\/figure>\n\n\n\n<p>Malgrat les dificultats, tots els alumnes van gaudir d&#8217;un dia ple de m\u00fasica i companyonia. Els m\u00e9s xicotets, que encara no toquen instruments, van participar portant pancartes en suport a la m\u00fasica. D&#8217;esta manera, la trobada no sols va enfortir els lla\u00e7os entre les diferents escoles, sin\u00f3 que tamb\u00e9 va promoure l&#8217;amor per la m\u00fasica en tota la comarca.<\/p>\n\n\n\n<figure class=\"wp-block-image size-large\"><img loading=\"lazy\" decoding=\"async\" width=\"1024\" height=\"768\" src=\"https:\/\/alcompasrevista.com\/wp-content\/uploads\/2024\/06\/Encuento-Valle-Cofrenes-Ayora-1024x768.jpeg\" alt=\"\" class=\"wp-image-21161\" srcset=\"https:\/\/alcompasrevista.com\/wp-content\/uploads\/2024\/06\/Encuento-Valle-Cofrenes-Ayora-1024x768.jpeg 1024w, https:\/\/alcompasrevista.com\/wp-content\/uploads\/2024\/06\/Encuento-Valle-Cofrenes-Ayora-300x225.jpeg 300w, https:\/\/alcompasrevista.com\/wp-content\/uploads\/2024\/06\/Encuento-Valle-Cofrenes-Ayora-768x576.jpeg 768w, https:\/\/alcompasrevista.com\/wp-content\/uploads\/2024\/06\/Encuento-Valle-Cofrenes-Ayora-1536x1152.jpeg 1536w, https:\/\/alcompasrevista.com\/wp-content\/uploads\/2024\/06\/Encuento-Valle-Cofrenes-Ayora.jpeg 1600w\" sizes=\"auto, (max-width: 1024px) 100vw, 1024px\" \/><\/figure>\n","protected":false},"excerpt":{"rendered":"<p>La Vall d&#8217;Ayora-Cofrentes es va omplir de m\u00fasica i talent el passat 8 de juny amb la celebraci\u00f3 de la IV Trobada de Joves M\u00fasics. Este esdeveniment va reunir els [&hellip;]<\/p>\n","protected":false},"author":860002,"featured_media":21126,"comment_status":"open","ping_status":"open","sticky":false,"template":"","format":"standard","meta":{"footnotes":""},"categories":[28],"tags":[884,1105,51],"portada":[882,1104,101],"class_list":["post-21128","post","type-post","status-publish","format-standard","has-post-thumbnail","hentry","category-laterreta-va","tag-activitats-comarcals","tag-cofrentes","tag-trobada","portada-activitats-comarcals","portada-cofrentes","portada-trobada"],"yoast_head":"<!-- This site is optimized with the Yoast SEO plugin v27.4 - https:\/\/yoast.com\/product\/yoast-seo-wordpress\/ -->\n<title>Activitats Comarcals 2024: IV Trobada Joves M\u00fasics a Cofrentes - Revista Al Comp\u00e0s<\/title>\n<meta name=\"robots\" content=\"index, follow, max-snippet:-1, max-image-preview:large, max-video-preview:-1\" \/>\n<link rel=\"canonical\" href=\"https:\/\/alcompasrevista.com\/va\/archivos\/21128\" \/>\n<meta property=\"og:locale\" content=\"en_US\" \/>\n<meta property=\"og:type\" content=\"article\" \/>\n<meta property=\"og:title\" content=\"Activitats Comarcals 2024: IV Trobada Joves M\u00fasics a Cofrentes - Revista Al Comp\u00e0s\" \/>\n<meta property=\"og:description\" content=\"La Vall d&#8217;Ayora-Cofrentes es va omplir de m\u00fasica i talent el passat 8 de juny amb la celebraci\u00f3 de la IV Trobada de Joves M\u00fasics. Este esdeveniment va reunir els [&hellip;]\" \/>\n<meta property=\"og:url\" content=\"https:\/\/alcompasrevista.com\/va\/archivos\/21128\" \/>\n<meta property=\"og:site_name\" content=\"Revista Al Comp\u00e0s\" \/>\n<meta property=\"article:published_time\" content=\"2024-06-18T10:49:18+00:00\" \/>\n<meta property=\"article:modified_time\" content=\"2024-06-18T12:13:27+00:00\" \/>\n<meta property=\"og:image\" content=\"https:\/\/alcompasrevista.com\/wp-content\/uploads\/2024\/06\/Encuento-Valle-Cofrenes-Ayora-7.jpeg\" \/>\n\t<meta property=\"og:image:width\" content=\"1600\" \/>\n\t<meta property=\"og:image:height\" content=\"1200\" \/>\n\t<meta property=\"og:image:type\" content=\"image\/jpeg\" \/>\n<meta name=\"author\" content=\"Redacci\u00f3n\" \/>\n<meta name=\"twitter:card\" content=\"summary_large_image\" \/>\n<meta name=\"twitter:label1\" content=\"Written by\" \/>\n\t<meta name=\"twitter:data1\" content=\"Redacci\u00f3\" \/>\n\t<meta name=\"twitter:label2\" content=\"Est. reading time\" \/>\n\t<meta name=\"twitter:data2\" content=\"3 minutes\" \/>\n<script type=\"application\/ld+json\" class=\"yoast-schema-graph\">{\"@context\":\"https:\\\/\\\/schema.org\",\"@graph\":[{\"@type\":\"Article\",\"@id\":\"https:\\\/\\\/alcompasrevista.com\\\/va\\\/archivos\\\/21128#article\",\"isPartOf\":{\"@id\":\"https:\\\/\\\/alcompasrevista.com\\\/va\\\/archivos\\\/21128\"},\"author\":{\"name\":\"Redacci\u00f3n\",\"@id\":\"https:\\\/\\\/alcompasrevista.com\\\/#\\\/schema\\\/person\\\/c10652a34fa01d238ecd498d150347fc\"},\"headline\":\"Activitats Comarcals 2024: IV Trobada Joves M\u00fasics a Cofrentes\",\"datePublished\":\"2024-06-18T10:49:18+00:00\",\"dateModified\":\"2024-06-18T12:13:27+00:00\",\"mainEntityOfPage\":{\"@id\":\"https:\\\/\\\/alcompasrevista.com\\\/va\\\/archivos\\\/21128\"},\"wordCount\":329,\"commentCount\":0,\"publisher\":{\"@id\":\"https:\\\/\\\/alcompasrevista.com\\\/#organization\"},\"image\":{\"@id\":\"https:\\\/\\\/alcompasrevista.com\\\/va\\\/archivos\\\/21128#primaryimage\"},\"thumbnailUrl\":\"https:\\\/\\\/alcompasrevista.com\\\/wp-content\\\/uploads\\\/2024\\\/06\\\/Encuento-Valle-Cofrenes-Ayora-7.jpeg\",\"keywords\":[\"Activitats Comarcals\",\"Cofrentes\",\"Trobada\"],\"articleSection\":[\"#Laterreta\"],\"inLanguage\":\"va\",\"potentialAction\":[{\"@type\":\"CommentAction\",\"name\":\"Comment\",\"target\":[\"https:\\\/\\\/alcompasrevista.com\\\/va\\\/archivos\\\/21128#respond\"]}]},{\"@type\":\"WebPage\",\"@id\":\"https:\\\/\\\/alcompasrevista.com\\\/va\\\/archivos\\\/21128\",\"url\":\"https:\\\/\\\/alcompasrevista.com\\\/va\\\/archivos\\\/21128\",\"name\":\"Activitats Comarcals 2024: IV Trobada Joves M\u00fasics a Cofrentes - Revista Al Comp\u00e0s\",\"isPartOf\":{\"@id\":\"https:\\\/\\\/alcompasrevista.com\\\/#website\"},\"primaryImageOfPage\":{\"@id\":\"https:\\\/\\\/alcompasrevista.com\\\/va\\\/archivos\\\/21128#primaryimage\"},\"image\":{\"@id\":\"https:\\\/\\\/alcompasrevista.com\\\/va\\\/archivos\\\/21128#primaryimage\"},\"thumbnailUrl\":\"https:\\\/\\\/alcompasrevista.com\\\/wp-content\\\/uploads\\\/2024\\\/06\\\/Encuento-Valle-Cofrenes-Ayora-7.jpeg\",\"datePublished\":\"2024-06-18T10:49:18+00:00\",\"dateModified\":\"2024-06-18T12:13:27+00:00\",\"breadcrumb\":{\"@id\":\"https:\\\/\\\/alcompasrevista.com\\\/va\\\/archivos\\\/21128#breadcrumb\"},\"inLanguage\":\"va\",\"potentialAction\":[{\"@type\":\"ReadAction\",\"target\":[\"https:\\\/\\\/alcompasrevista.com\\\/va\\\/archivos\\\/21128\"]}]},{\"@type\":\"ImageObject\",\"inLanguage\":\"va\",\"@id\":\"https:\\\/\\\/alcompasrevista.com\\\/va\\\/archivos\\\/21128#primaryimage\",\"url\":\"https:\\\/\\\/alcompasrevista.com\\\/wp-content\\\/uploads\\\/2024\\\/06\\\/Encuento-Valle-Cofrenes-Ayora-7.jpeg\",\"contentUrl\":\"https:\\\/\\\/alcompasrevista.com\\\/wp-content\\\/uploads\\\/2024\\\/06\\\/Encuento-Valle-Cofrenes-Ayora-7.jpeg\",\"width\":1600,\"height\":1200},{\"@type\":\"BreadcrumbList\",\"@id\":\"https:\\\/\\\/alcompasrevista.com\\\/va\\\/archivos\\\/21128#breadcrumb\",\"itemListElement\":[{\"@type\":\"ListItem\",\"position\":1,\"name\":\"Portada\",\"item\":\"https:\\\/\\\/alcompasrevista.com\\\/va\"},{\"@type\":\"ListItem\",\"position\":2,\"name\":\"Activitats Comarcals 2024: IV Trobada Joves M\u00fasics a Cofrentes\"}]},{\"@type\":\"WebSite\",\"@id\":\"https:\\\/\\\/alcompasrevista.com\\\/#website\",\"url\":\"https:\\\/\\\/alcompasrevista.com\\\/\",\"name\":\"Revista Al Comp\u00e0s\",\"description\":\"Un proyecto de la Federaci\u00f3n de Sociedades Musicales de la Comunidad Valenciana\",\"publisher\":{\"@id\":\"https:\\\/\\\/alcompasrevista.com\\\/#organization\"},\"potentialAction\":[{\"@type\":\"SearchAction\",\"target\":{\"@type\":\"EntryPoint\",\"urlTemplate\":\"https:\\\/\\\/alcompasrevista.com\\\/?s={search_term_string}\"},\"query-input\":{\"@type\":\"PropertyValueSpecification\",\"valueRequired\":true,\"valueName\":\"search_term_string\"}}],\"inLanguage\":\"va\"},{\"@type\":\"Organization\",\"@id\":\"https:\\\/\\\/alcompasrevista.com\\\/#organization\",\"name\":\"Revista Al Comp\u00e0s\",\"url\":\"https:\\\/\\\/alcompasrevista.com\\\/\",\"logo\":{\"@type\":\"ImageObject\",\"inLanguage\":\"va\",\"@id\":\"https:\\\/\\\/alcompasrevista.com\\\/#\\\/schema\\\/logo\\\/image\\\/\",\"url\":\"https:\\\/\\\/alcompasrevista.com\\\/wp-content\\\/uploads\\\/2022\\\/04\\\/cropped-loog_blanco.png\",\"contentUrl\":\"https:\\\/\\\/alcompasrevista.com\\\/wp-content\\\/uploads\\\/2022\\\/04\\\/cropped-loog_blanco.png\",\"width\":1612,\"height\":724,\"caption\":\"Revista Al Comp\u00e0s\"},\"image\":{\"@id\":\"https:\\\/\\\/alcompasrevista.com\\\/#\\\/schema\\\/logo\\\/image\\\/\"}},{\"@type\":\"Person\",\"@id\":\"https:\\\/\\\/alcompasrevista.com\\\/#\\\/schema\\\/person\\\/c10652a34fa01d238ecd498d150347fc\",\"name\":\"Redacci\u00f3n\",\"image\":{\"@type\":\"ImageObject\",\"inLanguage\":\"va\",\"@id\":\"https:\\\/\\\/secure.gravatar.com\\\/avatar\\\/e6a6d0cd2ddec22e0ca7d21b7e49d4a0099fbdc1d476e5412893210bce942ce9?s=96&d=mm&r=g\",\"url\":\"https:\\\/\\\/secure.gravatar.com\\\/avatar\\\/e6a6d0cd2ddec22e0ca7d21b7e49d4a0099fbdc1d476e5412893210bce942ce9?s=96&d=mm&r=g\",\"contentUrl\":\"https:\\\/\\\/secure.gravatar.com\\\/avatar\\\/e6a6d0cd2ddec22e0ca7d21b7e49d4a0099fbdc1d476e5412893210bce942ce9?s=96&d=mm&r=g\",\"caption\":\"Redacci\u00f3n\"},\"url\":\"https:\\\/\\\/alcompasrevista.com\\\/va\\\/archivos\\\/author\\\/vhj_webmaster\"}]}<\/script>\n<!-- \/ Yoast SEO plugin. -->","yoast_head_json":{"title":"Activitats Comarcals 2024: IV Trobada Joves M\u00fasics a Cofrentes - Revista Al Comp\u00e0s","robots":{"index":"index","follow":"follow","max-snippet":"max-snippet:-1","max-image-preview":"max-image-preview:large","max-video-preview":"max-video-preview:-1"},"canonical":"https:\/\/alcompasrevista.com\/va\/archivos\/21128","og_locale":"en_US","og_type":"article","og_title":"Activitats Comarcals 2024: IV Trobada Joves M\u00fasics a Cofrentes - Revista Al Comp\u00e0s","og_description":"La Vall d&#8217;Ayora-Cofrentes es va omplir de m\u00fasica i talent el passat 8 de juny amb la celebraci\u00f3 de la IV Trobada de Joves M\u00fasics. Este esdeveniment va reunir els [&hellip;]","og_url":"https:\/\/alcompasrevista.com\/va\/archivos\/21128","og_site_name":"Revista Al Comp\u00e0s","article_published_time":"2024-06-18T10:49:18+00:00","article_modified_time":"2024-06-18T12:13:27+00:00","og_image":[{"width":1600,"height":1200,"url":"https:\/\/alcompasrevista.com\/wp-content\/uploads\/2024\/06\/Encuento-Valle-Cofrenes-Ayora-7.jpeg","type":"image\/jpeg"}],"author":"Redacci\u00f3n","twitter_card":"summary_large_image","twitter_misc":{"Written by":"Redacci\u00f3","Est. reading time":"3 minutes"},"schema":{"@context":"https:\/\/schema.org","@graph":[{"@type":"Article","@id":"https:\/\/alcompasrevista.com\/va\/archivos\/21128#article","isPartOf":{"@id":"https:\/\/alcompasrevista.com\/va\/archivos\/21128"},"author":{"name":"Redacci\u00f3n","@id":"https:\/\/alcompasrevista.com\/#\/schema\/person\/c10652a34fa01d238ecd498d150347fc"},"headline":"Activitats Comarcals 2024: IV Trobada Joves M\u00fasics a Cofrentes","datePublished":"2024-06-18T10:49:18+00:00","dateModified":"2024-06-18T12:13:27+00:00","mainEntityOfPage":{"@id":"https:\/\/alcompasrevista.com\/va\/archivos\/21128"},"wordCount":329,"commentCount":0,"publisher":{"@id":"https:\/\/alcompasrevista.com\/#organization"},"image":{"@id":"https:\/\/alcompasrevista.com\/va\/archivos\/21128#primaryimage"},"thumbnailUrl":"https:\/\/alcompasrevista.com\/wp-content\/uploads\/2024\/06\/Encuento-Valle-Cofrenes-Ayora-7.jpeg","keywords":["Activitats Comarcals","Cofrentes","Trobada"],"articleSection":["#Laterreta"],"inLanguage":"va","potentialAction":[{"@type":"CommentAction","name":"Comment","target":["https:\/\/alcompasrevista.com\/va\/archivos\/21128#respond"]}]},{"@type":"WebPage","@id":"https:\/\/alcompasrevista.com\/va\/archivos\/21128","url":"https:\/\/alcompasrevista.com\/va\/archivos\/21128","name":"Activitats Comarcals 2024: IV Trobada Joves M\u00fasics a Cofrentes - Revista Al Comp\u00e0s","isPartOf":{"@id":"https:\/\/alcompasrevista.com\/#website"},"primaryImageOfPage":{"@id":"https:\/\/alcompasrevista.com\/va\/archivos\/21128#primaryimage"},"image":{"@id":"https:\/\/alcompasrevista.com\/va\/archivos\/21128#primaryimage"},"thumbnailUrl":"https:\/\/alcompasrevista.com\/wp-content\/uploads\/2024\/06\/Encuento-Valle-Cofrenes-Ayora-7.jpeg","datePublished":"2024-06-18T10:49:18+00:00","dateModified":"2024-06-18T12:13:27+00:00","breadcrumb":{"@id":"https:\/\/alcompasrevista.com\/va\/archivos\/21128#breadcrumb"},"inLanguage":"va","potentialAction":[{"@type":"ReadAction","target":["https:\/\/alcompasrevista.com\/va\/archivos\/21128"]}]},{"@type":"ImageObject","inLanguage":"va","@id":"https:\/\/alcompasrevista.com\/va\/archivos\/21128#primaryimage","url":"https:\/\/alcompasrevista.com\/wp-content\/uploads\/2024\/06\/Encuento-Valle-Cofrenes-Ayora-7.jpeg","contentUrl":"https:\/\/alcompasrevista.com\/wp-content\/uploads\/2024\/06\/Encuento-Valle-Cofrenes-Ayora-7.jpeg","width":1600,"height":1200},{"@type":"BreadcrumbList","@id":"https:\/\/alcompasrevista.com\/va\/archivos\/21128#breadcrumb","itemListElement":[{"@type":"ListItem","position":1,"name":"Portada","item":"https:\/\/alcompasrevista.com\/va"},{"@type":"ListItem","position":2,"name":"Activitats Comarcals 2024: IV Trobada Joves M\u00fasics a Cofrentes"}]},{"@type":"WebSite","@id":"https:\/\/alcompasrevista.com\/#website","url":"https:\/\/alcompasrevista.com\/","name":"Revista Al Comp\u00e0s","description":"Un proyecto de la Federaci\u00f3n de Sociedades Musicales de la Comunidad Valenciana","publisher":{"@id":"https:\/\/alcompasrevista.com\/#organization"},"potentialAction":[{"@type":"SearchAction","target":{"@type":"EntryPoint","urlTemplate":"https:\/\/alcompasrevista.com\/?s={search_term_string}"},"query-input":{"@type":"PropertyValueSpecification","valueRequired":true,"valueName":"search_term_string"}}],"inLanguage":"va"},{"@type":"Organization","@id":"https:\/\/alcompasrevista.com\/#organization","name":"Revista Al Comp\u00e0s","url":"https:\/\/alcompasrevista.com\/","logo":{"@type":"ImageObject","inLanguage":"va","@id":"https:\/\/alcompasrevista.com\/#\/schema\/logo\/image\/","url":"https:\/\/alcompasrevista.com\/wp-content\/uploads\/2022\/04\/cropped-loog_blanco.png","contentUrl":"https:\/\/alcompasrevista.com\/wp-content\/uploads\/2022\/04\/cropped-loog_blanco.png","width":1612,"height":724,"caption":"Revista Al Comp\u00e0s"},"image":{"@id":"https:\/\/alcompasrevista.com\/#\/schema\/logo\/image\/"}},{"@type":"Person","@id":"https:\/\/alcompasrevista.com\/#\/schema\/person\/c10652a34fa01d238ecd498d150347fc","name":"Redacci\u00f3n","image":{"@type":"ImageObject","inLanguage":"va","@id":"https:\/\/secure.gravatar.com\/avatar\/e6a6d0cd2ddec22e0ca7d21b7e49d4a0099fbdc1d476e5412893210bce942ce9?s=96&d=mm&r=g","url":"https:\/\/secure.gravatar.com\/avatar\/e6a6d0cd2ddec22e0ca7d21b7e49d4a0099fbdc1d476e5412893210bce942ce9?s=96&d=mm&r=g","contentUrl":"https:\/\/secure.gravatar.com\/avatar\/e6a6d0cd2ddec22e0ca7d21b7e49d4a0099fbdc1d476e5412893210bce942ce9?s=96&d=mm&r=g","caption":"Redacci\u00f3n"},"url":"https:\/\/alcompasrevista.com\/va\/archivos\/author\/vhj_webmaster"}]}},"_links":{"self":[{"href":"https:\/\/alcompasrevista.com\/va\/wp-json\/wp\/v2\/posts\/21128","targetHints":{"allow":["GET"]}}],"collection":[{"href":"https:\/\/alcompasrevista.com\/va\/wp-json\/wp\/v2\/posts"}],"about":[{"href":"https:\/\/alcompasrevista.com\/va\/wp-json\/wp\/v2\/types\/post"}],"author":[{"embeddable":true,"href":"https:\/\/alcompasrevista.com\/va\/wp-json\/wp\/v2\/users\/860002"}],"replies":[{"embeddable":true,"href":"https:\/\/alcompasrevista.com\/va\/wp-json\/wp\/v2\/comments?post=21128"}],"version-history":[{"count":0,"href":"https:\/\/alcompasrevista.com\/va\/wp-json\/wp\/v2\/posts\/21128\/revisions"}],"wp:featuredmedia":[{"embeddable":true,"href":"https:\/\/alcompasrevista.com\/va\/wp-json\/wp\/v2\/media\/21126"}],"wp:attachment":[{"href":"https:\/\/alcompasrevista.com\/va\/wp-json\/wp\/v2\/media?parent=21128"}],"wp:term":[{"taxonomy":"category","embeddable":true,"href":"https:\/\/alcompasrevista.com\/va\/wp-json\/wp\/v2\/categories?post=21128"},{"taxonomy":"post_tag","embeddable":true,"href":"https:\/\/alcompasrevista.com\/va\/wp-json\/wp\/v2\/tags?post=21128"},{"taxonomy":"portada","embeddable":true,"href":"https:\/\/alcompasrevista.com\/va\/wp-json\/wp\/v2\/portada?post=21128"}],"curies":[{"name":"wp","href":"https:\/\/api.w.org\/{rel}","templated":true}]}}