{"id":20982,"date":"2024-06-05T17:32:52","date_gmt":"2024-06-05T15:32:52","guid":{"rendered":"https:\/\/alcompasrevista.com\/archivos\/20982"},"modified":"2024-06-05T17:45:32","modified_gmt":"2024-06-05T15:45:32","slug":"el-romance-americano-de-andres-valero-castells-el-compositor-que-surgio-de-las-sociedades-musicales","status":"publish","type":"post","link":"https:\/\/alcompasrevista.com\/va\/archivos\/20982","title":{"rendered":"El &#8216;Romance&#8217; americ\u00e0 d&#8217;Andr\u00e9s Valero-Castells, el compositor que va sorgir de les societats musicals"},"content":{"rendered":"\n<p>En la 48a Confer\u00e8ncia Anual del Congr\u00e9s Internacional de Trompeta (International Trumpet Guild), celebrada en Anaheim (Calif\u00f2rnia, els EUA) el presitigioso trompetista espanyol Ad\u00e1n Delgado va interpretar m\u00fasica d&#8217;Andr\u00e9s Valero-Castells. Delgado, solista de l&#8217;Orquestra Nacional d&#8217;Espanya, membre del brassONEquintet des de 2017 i de l&#8217;Orquestra de la Comunitat Valenciana del Palau de les Arts (2008-2009), va oferir un concert que va incloure\u00a0&#8216;Romance&#8217;\u00a0del compositor valenci\u00e0, la tercera vegada que la programaci\u00f3 d&#8217;este gran esdeveniment musical inclou les seues obres. \u00a0\u00a0<\/p>\n\n\n\n<figure class=\"wp-block-image size-large\"><img loading=\"lazy\" decoding=\"async\" width=\"1024\" height=\"650\" src=\"https:\/\/alcompasrevista.com\/wp-content\/uploads\/2024\/06\/03-Carlos-Apellaniz.-Luis-Fernandez-1024x650.jpg\" alt=\"\" class=\"wp-image-20976\" srcset=\"https:\/\/alcompasrevista.com\/wp-content\/uploads\/2024\/06\/03-Carlos-Apellaniz.-Luis-Fernandez-1024x650.jpg 1024w, https:\/\/alcompasrevista.com\/wp-content\/uploads\/2024\/06\/03-Carlos-Apellaniz.-Luis-Fernandez-300x190.jpg 300w, https:\/\/alcompasrevista.com\/wp-content\/uploads\/2024\/06\/03-Carlos-Apellaniz.-Luis-Fernandez-768x487.jpg 768w, https:\/\/alcompasrevista.com\/wp-content\/uploads\/2024\/06\/03-Carlos-Apellaniz.-Luis-Fernandez-1536x974.jpg 1536w, https:\/\/alcompasrevista.com\/wp-content\/uploads\/2024\/06\/03-Carlos-Apellaniz.-Luis-Fernandez.jpg 1772w\" sizes=\"auto, (max-width: 1024px) 100vw, 1024px\" \/><\/figure>\n\n\n\n<p><em>Romance<\/em>\u00a0t\u00e9 la seua g\u00e8nesi en una can\u00e7\u00f3 escrita per a soprano i piano amb text del poeta santander\u00ed Gerardo Diego (1999), la versi\u00f3 per a fliscorni i piano, adaptada per Vicente Valero, va ser obra obligada en dues ocasions en el Concurs de Trompeta Valeriano Mach\u00ed Escampe. Al llarg del temps, ha sigut interpretada per prestigiosos solistes com Jos\u00e9 Ort\u00ed, Luis Gonz\u00e1lez, Germ\u00e1n Asensi, Javier Barber\u00e1, Juan Antonio Mart\u00ednez, Sebasti\u00e1n Gil, Santiago Rosers, Vicente Olmos, Daniel Arlandis o Ernesto Chuli\u00e1; i les seues nombroses versions s&#8217;han tocat en pa\u00efsos com Turquia, Alemanya, Pol\u00f2nia, Panam\u00e0, Portugal i els EUA, entre altres.\u00a0<\/p>\n\n\n\n<p>El Congr\u00e9s Internacional de Trompeta, presidit per Ryan Gardner, \u00e9s una confer\u00e8ncia oberta a qualsevol trompetista i entusiasta de qualsevol edat i nivell musical. En estos dies a la ciutat on es troba el centre tur\u00edstic Disneyland, han actuat rellevants artistes, s&#8217;han impartit classes magistrals per pedagogs de talla mundial, s&#8217;ha pogut escoltar la pr\u00f2xima generaci\u00f3 d&#8217;int\u00e8rprets sobreeixir en les compet\u00e8ncies estudiantils i aprendre a trav\u00e9s de diverses presentacions.<\/p>\n\n\n\n<figure class=\"wp-block-image size-large\"><img loading=\"lazy\" decoding=\"async\" width=\"1024\" height=\"612\" src=\"https:\/\/alcompasrevista.com\/wp-content\/uploads\/2024\/06\/04-Carlos-Apellaniz.-Andres-Valero.-Luis-Fernandez.-8558-1024x612.jpg\" alt=\"\" class=\"wp-image-20978\" srcset=\"https:\/\/alcompasrevista.com\/wp-content\/uploads\/2024\/06\/04-Carlos-Apellaniz.-Andres-Valero.-Luis-Fernandez.-8558-1024x612.jpg 1024w, https:\/\/alcompasrevista.com\/wp-content\/uploads\/2024\/06\/04-Carlos-Apellaniz.-Andres-Valero.-Luis-Fernandez.-8558-300x179.jpg 300w, https:\/\/alcompasrevista.com\/wp-content\/uploads\/2024\/06\/04-Carlos-Apellaniz.-Andres-Valero.-Luis-Fernandez.-8558-768x459.jpg 768w, https:\/\/alcompasrevista.com\/wp-content\/uploads\/2024\/06\/04-Carlos-Apellaniz.-Andres-Valero.-Luis-Fernandez.-8558-1536x917.jpg 1536w, https:\/\/alcompasrevista.com\/wp-content\/uploads\/2024\/06\/04-Carlos-Apellaniz.-Andres-Valero.-Luis-Fernandez.-8558-2048x1223.jpg 2048w\" sizes=\"auto, (max-width: 1024px) 100vw, 1024px\" \/><\/figure>\n\n\n\n<p><strong>Fern\u00e1ndez i Apell\u00e1niz en Lo Rat Penat<\/strong><\/p>\n\n\n\n<p>A m\u00e9s, nombroses composicions de Valero-Castells estan sent interpretades este mes per diverses formacions i m\u00fasics. El clarinetista Luis Fern\u00e1ndez i el pianista Carlos Apell\u00e1niz van tocar&nbsp;<em>Somni d\u2019estiu<\/em>,&nbsp;del<em>Concert&nbsp;Valenci\u00e0<\/em>,&nbsp;dins del Cicle de Concerts de l&#8217;Acad\u00e8mia de la M\u00fasica Valenciana a l&#8217;Auditori de Lo Rat Penat de Val\u00e8ncia, el passat 3 de juny.<\/p>\n\n\n\n<p>El CSMB Percussion Quartet, dirigit per Jes\u00fas Valero interpret\u00e0&nbsp;<em>\u00a1RRRR!<\/em>&nbsp;en el Teatre L\u00f3pez d&#8217;Ayala de Badajoz; el solista de tuba Samuel Hern\u00e1ndez Imbern\u00f3n,&nbsp;<em>Impromptu (tuba, tubae)&nbsp;<\/em>a l&#8217;Auditori del Conservatori Professional de M\u00fasica de Ll\u00edria, el dia 7; el Quartet de Clarinets Gorgutes, integrat per M. G. Garc\u00eda, C. Garc\u00eda, P. R. Ferrer, i J. Bernab\u00e9u,&nbsp;Quartet n\u00famero 2&nbsp;a l&#8217;Auditori del Conservatori Superior de M\u00fasica Joaqu\u00edn Rodrigo de Val\u00e8ncia el dia 10; lloc on s&#8217;interpretar\u00e0&nbsp;<em>Cavall Bernat<\/em>&nbsp;en el recital de m\u00e0ster del trompista Jos\u00e9 Vicente Vila Mu\u00f1oz, acompanyat al piano pel catedr\u00e0tic Antonio Morant Albelda, el dia 11; i l&#8217;\u00faltim dia de juny la soprano Anna Albelda i la pianista Amparo Pous interpretaran&nbsp;<em>Romance<\/em>&nbsp;<em>del Duero<\/em>&nbsp;a l&#8217;Auditori de l&#8217;Ateneu Mercantil de Val\u00e8ncia, tamb\u00e9 dins del Cicle de Concerts de l&#8217;Acad\u00e8mia de la M\u00fasica Valenciana.&nbsp;<\/p>\n\n\n\n<p>D&#8217;altra banda, Valero-Castells gravar\u00e0 com a pianista&nbsp;<em>Tres peces en forma de pera<\/em>&nbsp;d&#8217;Eric Satie i&nbsp;<em>Sonata SR.84<\/em>&nbsp;del Pare Antonio Soler en el Conservatori Superior de M\u00fasica Manuel Massotti de M\u00farcia, el 8 de juny; dirigir\u00e0 a la Banda Simf\u00f2nica Municipal de Castell\u00f3 de la Plana amb un programa que inclour\u00e0 el&nbsp;<em>bachsodoble,&nbsp;Certamen d&#8217;Elda<\/em>, 30 Aniversari;&nbsp;la marxa mora&nbsp;<em>Alferes Andr\u00e9s Cort\u00e9s<\/em>&nbsp;i els pasdobles&nbsp;<em>Manolo Vila Garc\u00eda, 40 anys de Banda a Piles<\/em>,&nbsp;i&nbsp;<em>Lourdes Climent Moreno<\/em>,&nbsp;el 5 de juliol; i formar\u00e0 part del jurat del I Concurs Internacional de Pasdoble Vila de Lorqu\u00ed (M\u00farcia).&nbsp;<\/p>\n\n\n\n<p><strong>Del planter de les societats musicals al m\u00f3n<\/strong><\/p>\n\n\n\n<p>Andr\u00e9s Valero-Castells (Silla, Val\u00e8ncia 1973) \u00e9s catedr\u00e0tic de Composici\u00f3 en el Conservatori Superior de M\u00fasica Joaqu\u00edn Rodrigo de Val\u00e8ncia des de 2004 i ha rebut m\u00e9s de 50 reconeixements internacionals com a director i m\u00fasic. Part de la seua discografia est\u00e0 gravada en pa\u00efsos com Noruega, Fran\u00e7a, Su\u00efssa, Holanda, Portugal, Pol\u00f2nia, els EUA i el Jap\u00f3.&nbsp;<\/p>\n\n\n\n<p>Ha sigut Director Principal Convidat de la Banda i Orquestra Primitiva de Ll\u00edria, i fundador del ensemble Estudi Obert. Va ser director de les bandes del CIM de Mislata, de la SAM de Picassent, de La L\u00edrica de Silla, i de la Banda Jove de l&#8217;Associaci\u00f3 \u00abBunyol, Cullera i Ll\u00edria\u00bb.&nbsp; En la temporada 2015-16 va ser nomenat Director Titular de la Banda Municipal de la Corunya.&nbsp;<\/p>\n\n\n\n<p>Com a convidat ha dirigit entre altres formacions, l&#8217;Orquestra de Val\u00e8ncia, l&#8217;Orquestra Simf\u00f2nica de Gal\u00edcia, Orquestra ADDA Simf\u00f2nica, Orquestra BellesArts, Mediterranean Strings d&#8217;Ankara, les Bandes Municipals de Madrid, Barcelona, Val\u00e8ncia, Alacant, la Corunya, Santiago de Compostel\u00b7la, Vit\u00f2ria-Gasteiz, Simfo-vents Palma, etc, aix\u00ed com la banda de la FSMCV, la de Musikene, l&#8217;Art\u00edstica i l&#8217;Harm\u00f2nica de Bunyol, Uni\u00f3 de Ll\u00edria, Banda de Lal\u00edn, Simf\u00f2nica de Baeza, i el Dia de la M\u00fasica Valenciana.&nbsp;<\/p>\n\n\n\n<p>Ha dirigit estrenes absolutes i nacionals de L. Balada, H. Mertens, M. Daugherty, J. Lord, S. Sciarrino, L. Berio, R. Mira, F. Tamarit, Ll. Barber, N. Garc\u00eda, etc. Ha dirigit ensembles, \u00f2pera en concert i bandes simf\u00f2niques en el Festival Internacional de M\u00fasica Contempor\u00e0nia de Val\u00e8ncia Ensems.&nbsp;<\/p>\n\n\n\n<p>A m\u00e9s la seua versatilitat li ha portat a abordar projectes singulars com la gravaci\u00f3 d&#8217;un DVD per a Sony amb el grup de rock Bar\u00f3n Rojo i el CIM de Mislata.<\/p>\n","protected":false},"excerpt":{"rendered":"<p>En la 48a Confer\u00e8ncia Anual del Congr\u00e9s Internacional de Trompeta (International Trumpet Guild), celebrada en Anaheim (Calif\u00f2rnia, els EUA) el presitigioso trompetista espanyol Ad\u00e1n Delgado va interpretar m\u00fasica d&#8217;Andr\u00e9s Valero-Castells. [&hellip;]<\/p>\n","protected":false},"author":860002,"featured_media":20975,"comment_status":"open","ping_status":"open","sticky":false,"template":"","format":"standard","meta":{"footnotes":""},"categories":[28],"tags":[],"portada":[],"class_list":["post-20982","post","type-post","status-publish","format-standard","has-post-thumbnail","hentry","category-laterreta-va"],"yoast_head":"<!-- This site is optimized with the Yoast SEO plugin v27.4 - https:\/\/yoast.com\/product\/yoast-seo-wordpress\/ -->\n<title>El &#039;Romance&#039; americ\u00e0 d&#039;Andr\u00e9s Valero-Castells, el compositor que va sorgir de les societats musicals - Revista Al Comp\u00e0s<\/title>\n<meta name=\"robots\" content=\"index, follow, max-snippet:-1, max-image-preview:large, max-video-preview:-1\" \/>\n<link rel=\"canonical\" href=\"https:\/\/alcompasrevista.com\/va\/archivos\/20982\" \/>\n<meta property=\"og:locale\" content=\"en_US\" \/>\n<meta property=\"og:type\" content=\"article\" \/>\n<meta property=\"og:title\" content=\"El &#039;Romance&#039; americ\u00e0 d&#039;Andr\u00e9s Valero-Castells, el compositor que va sorgir de les societats musicals - Revista Al Comp\u00e0s\" \/>\n<meta property=\"og:description\" content=\"En la 48a Confer\u00e8ncia Anual del Congr\u00e9s Internacional de Trompeta (International Trumpet Guild), celebrada en Anaheim (Calif\u00f2rnia, els EUA) el presitigioso trompetista espanyol Ad\u00e1n Delgado va interpretar m\u00fasica d&#8217;Andr\u00e9s Valero-Castells. [&hellip;]\" \/>\n<meta property=\"og:url\" content=\"https:\/\/alcompasrevista.com\/va\/archivos\/20982\" \/>\n<meta property=\"og:site_name\" content=\"Revista Al Comp\u00e0s\" \/>\n<meta property=\"article:published_time\" content=\"2024-06-05T15:32:52+00:00\" \/>\n<meta property=\"article:modified_time\" content=\"2024-06-05T15:45:32+00:00\" \/>\n<meta property=\"og:image\" content=\"https:\/\/alcompasrevista.com\/wp-content\/uploads\/2024\/06\/02-Andres-Valero-\u00a9-Raquel-Vedreno-scaled.jpg\" \/>\n\t<meta property=\"og:image:width\" content=\"2560\" \/>\n\t<meta property=\"og:image:height\" content=\"1901\" \/>\n\t<meta property=\"og:image:type\" content=\"image\/jpeg\" \/>\n<meta name=\"author\" content=\"Redacci\u00f3n\" \/>\n<meta name=\"twitter:card\" content=\"summary_large_image\" \/>\n<meta name=\"twitter:label1\" content=\"Written by\" \/>\n\t<meta name=\"twitter:data1\" content=\"Redacci\u00f3\" \/>\n\t<meta name=\"twitter:label2\" content=\"Est. reading time\" \/>\n\t<meta name=\"twitter:data2\" content=\"5 minutes\" \/>\n<script type=\"application\/ld+json\" class=\"yoast-schema-graph\">{\"@context\":\"https:\\\/\\\/schema.org\",\"@graph\":[{\"@type\":\"Article\",\"@id\":\"https:\\\/\\\/alcompasrevista.com\\\/va\\\/archivos\\\/20982#article\",\"isPartOf\":{\"@id\":\"https:\\\/\\\/alcompasrevista.com\\\/va\\\/archivos\\\/20982\"},\"author\":{\"name\":\"Redacci\u00f3n\",\"@id\":\"https:\\\/\\\/alcompasrevista.com\\\/#\\\/schema\\\/person\\\/c10652a34fa01d238ecd498d150347fc\"},\"headline\":\"El &#8216;Romance&#8217; americ\u00e0 d&#8217;Andr\u00e9s Valero-Castells, el compositor que va sorgir de les societats musicals\",\"datePublished\":\"2024-06-05T15:32:52+00:00\",\"dateModified\":\"2024-06-05T15:45:32+00:00\",\"mainEntityOfPage\":{\"@id\":\"https:\\\/\\\/alcompasrevista.com\\\/va\\\/archivos\\\/20982\"},\"wordCount\":987,\"commentCount\":0,\"publisher\":{\"@id\":\"https:\\\/\\\/alcompasrevista.com\\\/#organization\"},\"image\":{\"@id\":\"https:\\\/\\\/alcompasrevista.com\\\/va\\\/archivos\\\/20982#primaryimage\"},\"thumbnailUrl\":\"https:\\\/\\\/alcompasrevista.com\\\/wp-content\\\/uploads\\\/2024\\\/06\\\/02-Andres-Valero-\u00a9-Raquel-Vedreno-scaled.jpg\",\"articleSection\":[\"#Laterreta\"],\"inLanguage\":\"va\",\"potentialAction\":[{\"@type\":\"CommentAction\",\"name\":\"Comment\",\"target\":[\"https:\\\/\\\/alcompasrevista.com\\\/va\\\/archivos\\\/20982#respond\"]}]},{\"@type\":\"WebPage\",\"@id\":\"https:\\\/\\\/alcompasrevista.com\\\/va\\\/archivos\\\/20982\",\"url\":\"https:\\\/\\\/alcompasrevista.com\\\/va\\\/archivos\\\/20982\",\"name\":\"El 'Romance' americ\u00e0 d'Andr\u00e9s Valero-Castells, el compositor que va sorgir de les societats musicals - Revista Al Comp\u00e0s\",\"isPartOf\":{\"@id\":\"https:\\\/\\\/alcompasrevista.com\\\/#website\"},\"primaryImageOfPage\":{\"@id\":\"https:\\\/\\\/alcompasrevista.com\\\/va\\\/archivos\\\/20982#primaryimage\"},\"image\":{\"@id\":\"https:\\\/\\\/alcompasrevista.com\\\/va\\\/archivos\\\/20982#primaryimage\"},\"thumbnailUrl\":\"https:\\\/\\\/alcompasrevista.com\\\/wp-content\\\/uploads\\\/2024\\\/06\\\/02-Andres-Valero-\u00a9-Raquel-Vedreno-scaled.jpg\",\"datePublished\":\"2024-06-05T15:32:52+00:00\",\"dateModified\":\"2024-06-05T15:45:32+00:00\",\"breadcrumb\":{\"@id\":\"https:\\\/\\\/alcompasrevista.com\\\/va\\\/archivos\\\/20982#breadcrumb\"},\"inLanguage\":\"va\",\"potentialAction\":[{\"@type\":\"ReadAction\",\"target\":[\"https:\\\/\\\/alcompasrevista.com\\\/va\\\/archivos\\\/20982\"]}]},{\"@type\":\"ImageObject\",\"inLanguage\":\"va\",\"@id\":\"https:\\\/\\\/alcompasrevista.com\\\/va\\\/archivos\\\/20982#primaryimage\",\"url\":\"https:\\\/\\\/alcompasrevista.com\\\/wp-content\\\/uploads\\\/2024\\\/06\\\/02-Andres-Valero-\u00a9-Raquel-Vedreno-scaled.jpg\",\"contentUrl\":\"https:\\\/\\\/alcompasrevista.com\\\/wp-content\\\/uploads\\\/2024\\\/06\\\/02-Andres-Valero-\u00a9-Raquel-Vedreno-scaled.jpg\",\"width\":2560,\"height\":1901},{\"@type\":\"BreadcrumbList\",\"@id\":\"https:\\\/\\\/alcompasrevista.com\\\/va\\\/archivos\\\/20982#breadcrumb\",\"itemListElement\":[{\"@type\":\"ListItem\",\"position\":1,\"name\":\"Portada\",\"item\":\"https:\\\/\\\/alcompasrevista.com\\\/va\"},{\"@type\":\"ListItem\",\"position\":2,\"name\":\"El &#8216;Romance&#8217; americ\u00e0 d&#8217;Andr\u00e9s Valero-Castells, el compositor que va sorgir de les societats musicals\"}]},{\"@type\":\"WebSite\",\"@id\":\"https:\\\/\\\/alcompasrevista.com\\\/#website\",\"url\":\"https:\\\/\\\/alcompasrevista.com\\\/\",\"name\":\"Revista Al Comp\u00e0s\",\"description\":\"Un proyecto de la Federaci\u00f3n de Sociedades Musicales de la Comunidad Valenciana\",\"publisher\":{\"@id\":\"https:\\\/\\\/alcompasrevista.com\\\/#organization\"},\"potentialAction\":[{\"@type\":\"SearchAction\",\"target\":{\"@type\":\"EntryPoint\",\"urlTemplate\":\"https:\\\/\\\/alcompasrevista.com\\\/?s={search_term_string}\"},\"query-input\":{\"@type\":\"PropertyValueSpecification\",\"valueRequired\":true,\"valueName\":\"search_term_string\"}}],\"inLanguage\":\"va\"},{\"@type\":\"Organization\",\"@id\":\"https:\\\/\\\/alcompasrevista.com\\\/#organization\",\"name\":\"Revista Al Comp\u00e0s\",\"url\":\"https:\\\/\\\/alcompasrevista.com\\\/\",\"logo\":{\"@type\":\"ImageObject\",\"inLanguage\":\"va\",\"@id\":\"https:\\\/\\\/alcompasrevista.com\\\/#\\\/schema\\\/logo\\\/image\\\/\",\"url\":\"https:\\\/\\\/alcompasrevista.com\\\/wp-content\\\/uploads\\\/2022\\\/04\\\/cropped-loog_blanco.png\",\"contentUrl\":\"https:\\\/\\\/alcompasrevista.com\\\/wp-content\\\/uploads\\\/2022\\\/04\\\/cropped-loog_blanco.png\",\"width\":1612,\"height\":724,\"caption\":\"Revista Al Comp\u00e0s\"},\"image\":{\"@id\":\"https:\\\/\\\/alcompasrevista.com\\\/#\\\/schema\\\/logo\\\/image\\\/\"}},{\"@type\":\"Person\",\"@id\":\"https:\\\/\\\/alcompasrevista.com\\\/#\\\/schema\\\/person\\\/c10652a34fa01d238ecd498d150347fc\",\"name\":\"Redacci\u00f3n\",\"image\":{\"@type\":\"ImageObject\",\"inLanguage\":\"va\",\"@id\":\"https:\\\/\\\/secure.gravatar.com\\\/avatar\\\/e6a6d0cd2ddec22e0ca7d21b7e49d4a0099fbdc1d476e5412893210bce942ce9?s=96&d=mm&r=g\",\"url\":\"https:\\\/\\\/secure.gravatar.com\\\/avatar\\\/e6a6d0cd2ddec22e0ca7d21b7e49d4a0099fbdc1d476e5412893210bce942ce9?s=96&d=mm&r=g\",\"contentUrl\":\"https:\\\/\\\/secure.gravatar.com\\\/avatar\\\/e6a6d0cd2ddec22e0ca7d21b7e49d4a0099fbdc1d476e5412893210bce942ce9?s=96&d=mm&r=g\",\"caption\":\"Redacci\u00f3n\"},\"url\":\"https:\\\/\\\/alcompasrevista.com\\\/va\\\/archivos\\\/author\\\/vhj_webmaster\"}]}<\/script>\n<!-- \/ Yoast SEO plugin. -->","yoast_head_json":{"title":"El 'Romance' americ\u00e0 d'Andr\u00e9s Valero-Castells, el compositor que va sorgir de les societats musicals - Revista Al Comp\u00e0s","robots":{"index":"index","follow":"follow","max-snippet":"max-snippet:-1","max-image-preview":"max-image-preview:large","max-video-preview":"max-video-preview:-1"},"canonical":"https:\/\/alcompasrevista.com\/va\/archivos\/20982","og_locale":"en_US","og_type":"article","og_title":"El 'Romance' americ\u00e0 d'Andr\u00e9s Valero-Castells, el compositor que va sorgir de les societats musicals - Revista Al Comp\u00e0s","og_description":"En la 48a Confer\u00e8ncia Anual del Congr\u00e9s Internacional de Trompeta (International Trumpet Guild), celebrada en Anaheim (Calif\u00f2rnia, els EUA) el presitigioso trompetista espanyol Ad\u00e1n Delgado va interpretar m\u00fasica d&#8217;Andr\u00e9s Valero-Castells. [&hellip;]","og_url":"https:\/\/alcompasrevista.com\/va\/archivos\/20982","og_site_name":"Revista Al Comp\u00e0s","article_published_time":"2024-06-05T15:32:52+00:00","article_modified_time":"2024-06-05T15:45:32+00:00","og_image":[{"width":2560,"height":1901,"url":"https:\/\/alcompasrevista.com\/wp-content\/uploads\/2024\/06\/02-Andres-Valero-\u00a9-Raquel-Vedreno-scaled.jpg","type":"image\/jpeg"}],"author":"Redacci\u00f3n","twitter_card":"summary_large_image","twitter_misc":{"Written by":"Redacci\u00f3","Est. reading time":"5 minutes"},"schema":{"@context":"https:\/\/schema.org","@graph":[{"@type":"Article","@id":"https:\/\/alcompasrevista.com\/va\/archivos\/20982#article","isPartOf":{"@id":"https:\/\/alcompasrevista.com\/va\/archivos\/20982"},"author":{"name":"Redacci\u00f3n","@id":"https:\/\/alcompasrevista.com\/#\/schema\/person\/c10652a34fa01d238ecd498d150347fc"},"headline":"El &#8216;Romance&#8217; americ\u00e0 d&#8217;Andr\u00e9s Valero-Castells, el compositor que va sorgir de les societats musicals","datePublished":"2024-06-05T15:32:52+00:00","dateModified":"2024-06-05T15:45:32+00:00","mainEntityOfPage":{"@id":"https:\/\/alcompasrevista.com\/va\/archivos\/20982"},"wordCount":987,"commentCount":0,"publisher":{"@id":"https:\/\/alcompasrevista.com\/#organization"},"image":{"@id":"https:\/\/alcompasrevista.com\/va\/archivos\/20982#primaryimage"},"thumbnailUrl":"https:\/\/alcompasrevista.com\/wp-content\/uploads\/2024\/06\/02-Andres-Valero-\u00a9-Raquel-Vedreno-scaled.jpg","articleSection":["#Laterreta"],"inLanguage":"va","potentialAction":[{"@type":"CommentAction","name":"Comment","target":["https:\/\/alcompasrevista.com\/va\/archivos\/20982#respond"]}]},{"@type":"WebPage","@id":"https:\/\/alcompasrevista.com\/va\/archivos\/20982","url":"https:\/\/alcompasrevista.com\/va\/archivos\/20982","name":"El 'Romance' americ\u00e0 d'Andr\u00e9s Valero-Castells, el compositor que va sorgir de les societats musicals - Revista Al Comp\u00e0s","isPartOf":{"@id":"https:\/\/alcompasrevista.com\/#website"},"primaryImageOfPage":{"@id":"https:\/\/alcompasrevista.com\/va\/archivos\/20982#primaryimage"},"image":{"@id":"https:\/\/alcompasrevista.com\/va\/archivos\/20982#primaryimage"},"thumbnailUrl":"https:\/\/alcompasrevista.com\/wp-content\/uploads\/2024\/06\/02-Andres-Valero-\u00a9-Raquel-Vedreno-scaled.jpg","datePublished":"2024-06-05T15:32:52+00:00","dateModified":"2024-06-05T15:45:32+00:00","breadcrumb":{"@id":"https:\/\/alcompasrevista.com\/va\/archivos\/20982#breadcrumb"},"inLanguage":"va","potentialAction":[{"@type":"ReadAction","target":["https:\/\/alcompasrevista.com\/va\/archivos\/20982"]}]},{"@type":"ImageObject","inLanguage":"va","@id":"https:\/\/alcompasrevista.com\/va\/archivos\/20982#primaryimage","url":"https:\/\/alcompasrevista.com\/wp-content\/uploads\/2024\/06\/02-Andres-Valero-\u00a9-Raquel-Vedreno-scaled.jpg","contentUrl":"https:\/\/alcompasrevista.com\/wp-content\/uploads\/2024\/06\/02-Andres-Valero-\u00a9-Raquel-Vedreno-scaled.jpg","width":2560,"height":1901},{"@type":"BreadcrumbList","@id":"https:\/\/alcompasrevista.com\/va\/archivos\/20982#breadcrumb","itemListElement":[{"@type":"ListItem","position":1,"name":"Portada","item":"https:\/\/alcompasrevista.com\/va"},{"@type":"ListItem","position":2,"name":"El &#8216;Romance&#8217; americ\u00e0 d&#8217;Andr\u00e9s Valero-Castells, el compositor que va sorgir de les societats musicals"}]},{"@type":"WebSite","@id":"https:\/\/alcompasrevista.com\/#website","url":"https:\/\/alcompasrevista.com\/","name":"Revista Al Comp\u00e0s","description":"Un proyecto de la Federaci\u00f3n de Sociedades Musicales de la Comunidad Valenciana","publisher":{"@id":"https:\/\/alcompasrevista.com\/#organization"},"potentialAction":[{"@type":"SearchAction","target":{"@type":"EntryPoint","urlTemplate":"https:\/\/alcompasrevista.com\/?s={search_term_string}"},"query-input":{"@type":"PropertyValueSpecification","valueRequired":true,"valueName":"search_term_string"}}],"inLanguage":"va"},{"@type":"Organization","@id":"https:\/\/alcompasrevista.com\/#organization","name":"Revista Al Comp\u00e0s","url":"https:\/\/alcompasrevista.com\/","logo":{"@type":"ImageObject","inLanguage":"va","@id":"https:\/\/alcompasrevista.com\/#\/schema\/logo\/image\/","url":"https:\/\/alcompasrevista.com\/wp-content\/uploads\/2022\/04\/cropped-loog_blanco.png","contentUrl":"https:\/\/alcompasrevista.com\/wp-content\/uploads\/2022\/04\/cropped-loog_blanco.png","width":1612,"height":724,"caption":"Revista Al Comp\u00e0s"},"image":{"@id":"https:\/\/alcompasrevista.com\/#\/schema\/logo\/image\/"}},{"@type":"Person","@id":"https:\/\/alcompasrevista.com\/#\/schema\/person\/c10652a34fa01d238ecd498d150347fc","name":"Redacci\u00f3n","image":{"@type":"ImageObject","inLanguage":"va","@id":"https:\/\/secure.gravatar.com\/avatar\/e6a6d0cd2ddec22e0ca7d21b7e49d4a0099fbdc1d476e5412893210bce942ce9?s=96&d=mm&r=g","url":"https:\/\/secure.gravatar.com\/avatar\/e6a6d0cd2ddec22e0ca7d21b7e49d4a0099fbdc1d476e5412893210bce942ce9?s=96&d=mm&r=g","contentUrl":"https:\/\/secure.gravatar.com\/avatar\/e6a6d0cd2ddec22e0ca7d21b7e49d4a0099fbdc1d476e5412893210bce942ce9?s=96&d=mm&r=g","caption":"Redacci\u00f3n"},"url":"https:\/\/alcompasrevista.com\/va\/archivos\/author\/vhj_webmaster"}]}},"_links":{"self":[{"href":"https:\/\/alcompasrevista.com\/va\/wp-json\/wp\/v2\/posts\/20982","targetHints":{"allow":["GET"]}}],"collection":[{"href":"https:\/\/alcompasrevista.com\/va\/wp-json\/wp\/v2\/posts"}],"about":[{"href":"https:\/\/alcompasrevista.com\/va\/wp-json\/wp\/v2\/types\/post"}],"author":[{"embeddable":true,"href":"https:\/\/alcompasrevista.com\/va\/wp-json\/wp\/v2\/users\/860002"}],"replies":[{"embeddable":true,"href":"https:\/\/alcompasrevista.com\/va\/wp-json\/wp\/v2\/comments?post=20982"}],"version-history":[{"count":0,"href":"https:\/\/alcompasrevista.com\/va\/wp-json\/wp\/v2\/posts\/20982\/revisions"}],"wp:featuredmedia":[{"embeddable":true,"href":"https:\/\/alcompasrevista.com\/va\/wp-json\/wp\/v2\/media\/20975"}],"wp:attachment":[{"href":"https:\/\/alcompasrevista.com\/va\/wp-json\/wp\/v2\/media?parent=20982"}],"wp:term":[{"taxonomy":"category","embeddable":true,"href":"https:\/\/alcompasrevista.com\/va\/wp-json\/wp\/v2\/categories?post=20982"},{"taxonomy":"post_tag","embeddable":true,"href":"https:\/\/alcompasrevista.com\/va\/wp-json\/wp\/v2\/tags?post=20982"},{"taxonomy":"portada","embeddable":true,"href":"https:\/\/alcompasrevista.com\/va\/wp-json\/wp\/v2\/portada?post=20982"}],"curies":[{"name":"wp","href":"https:\/\/api.w.org\/{rel}","templated":true}]}}