{"id":19968,"date":"2024-04-19T12:06:31","date_gmt":"2024-04-19T10:06:31","guid":{"rendered":"https:\/\/alcompasrevista.com\/?p=19968"},"modified":"2024-04-19T12:06:33","modified_gmt":"2024-04-19T10:06:33","slug":"que-es-la-declaracio-dutilitat-publica-et-contem-el-nou-segell-de-la-fsmcv-en-tres-punts","status":"publish","type":"post","link":"https:\/\/alcompasrevista.com\/va\/archivos\/19968","title":{"rendered":"Qu\u00e8 \u00e9s la declaraci\u00f3 d&#8217;utilitat p\u00fablica? Et contem el nou segell de la FSMCV en tres punts"},"content":{"rendered":"\n<p>Des de 2024, la Federaci\u00f3 de Societats Musicals de la Comunitat Valenciana suma un nou segell que reconeix la seua aportaci\u00f3 social: la declaraci\u00f3 d&#8217;utilitat p\u00fablica. Per\u00f2 qu\u00e8 implica este reconeixement? T&#8217;ho contem en tres punts:<\/p>\n\n\n\n<p><strong>1. El reconeixement a la v\u00e0lua del moviment per a la societat.&nbsp;<\/strong>\u00abEl fet fonamental \u00e9s que l&#8217;Estat considera que les activitats que realitzem resulten d&#8217;inter\u00e9s general i per aix\u00f2 ens atorga una s\u00e8rie de beneficis\u00bb, apunta Daniela Gonz\u00e1lez, presidenta de FSMCV. Eixe \u00e9s el concepte clau en este proc\u00e9s. El Govern concedeix este distintiu a les associacions \u00aben&nbsp;qu\u00e8 els seus fins estatutaris promouen l&#8217;inter\u00e9s general\u00bb, \u00e9s a dir l&#8217;activitat dels quals \u00abno beneficia exclusivament els associats\u00bb.<\/p>\n\n\n\n<p><strong>2.&nbsp;<\/strong><strong>Una oportunitat per a enfortir els canals de mecenatge<\/strong>.&nbsp;\u00abPer exemple, constitueix un punt d&#8217;inflexi\u00f3 per a potenciar la inversi\u00f3 privada en les nostres activitats, un element de gran import\u00e0ncia per a empreses i particulars que inverteixen en l&#8217;entitat\u00bb, explica Gonz\u00e1lez. \u00c9s a dir, este nou segell pot enfortir, alhora que obrir-ne de nous, els canals de mecenatge cap a la FSMCV, permetent projectes relacionats amb les l\u00ednies que ja treballa la Federaci\u00f3, com ara inclusi\u00f3, igualtat, la lluita contra el despoblament&#8230; \u00abQ\u00fcestions on tenim molt a aportar\u00bb, remarca la dirigent.<\/p>\n\n\n\n<p><strong>3. Un comprom\u00eds de transpar\u00e8ncia.<\/strong>&nbsp;A m\u00e9s dels beneficis d&#8217;este nou segell, tamb\u00e9 marca obligacions, fonamentalment el de mantindre una transpar\u00e8ncia extrema amb els comptes de l&#8217;entitat, un comprom\u00eds que la mateixa presidenta apunta que es compleix cada any, amb les puntuals auditories de comptes.<\/p>\n\n\n\n<p>Tot aix\u00f2 forma part de la declaraci\u00f3 dins del registre d&#8217;utilitat p\u00fablica, concedit en les primeres setmanes de l&#8217;any pel Ministeri de l&#8217;Interior. \u00abUna fita hist\u00f2rica\u00bb per a FSMCV, segons assenyala la seua presidenta.<\/p>\n\n\n\n<figure class=\"wp-block-image size-large\"><img loading=\"lazy\" decoding=\"async\" width=\"685\" height=\"1024\" src=\"https:\/\/alcompasrevista.com\/wp-content\/uploads\/2024\/04\/DSC03650-1-685x1024.jpg\" alt=\"\" class=\"wp-image-19969\" srcset=\"https:\/\/alcompasrevista.com\/wp-content\/uploads\/2024\/04\/DSC03650-1-685x1024.jpg 685w, https:\/\/alcompasrevista.com\/wp-content\/uploads\/2024\/04\/DSC03650-1-201x300.jpg 201w, https:\/\/alcompasrevista.com\/wp-content\/uploads\/2024\/04\/DSC03650-1-768x1148.jpg 768w, https:\/\/alcompasrevista.com\/wp-content\/uploads\/2024\/04\/DSC03650-1.jpg 943w\" sizes=\"auto, (max-width: 685px) 100vw, 685px\" \/><\/figure>\n","protected":false},"excerpt":{"rendered":"<p>Des de 2024, la Federaci\u00f3 de Societats Musicals de la Comunitat Valenciana suma un nou segell que reconeix la seua aportaci\u00f3 social: la declaraci\u00f3 d&#8217;utilitat p\u00fablica. Per\u00f2 qu\u00e8 implica este [&hellip;]<\/p>\n","protected":false},"author":860002,"featured_media":19960,"comment_status":"open","ping_status":"open","sticky":false,"template":"","format":"standard","meta":{"footnotes":""},"categories":[31],"tags":[],"portada":[],"class_list":["post-19968","post","type-post","status-publish","format-standard","has-post-thumbnail","hentry","category-reportatges"],"yoast_head":"<!-- This site is optimized with the Yoast SEO plugin v27.4 - https:\/\/yoast.com\/product\/yoast-seo-wordpress\/ -->\n<title>Qu\u00e8 \u00e9s la declaraci\u00f3 d&#039;utilitat p\u00fablica? Et contem el nou segell de la FSMCV en tres punts - Revista Al Comp\u00e0s<\/title>\n<meta name=\"robots\" content=\"index, follow, max-snippet:-1, max-image-preview:large, max-video-preview:-1\" \/>\n<link rel=\"canonical\" href=\"https:\/\/alcompasrevista.com\/va\/archivos\/19968\" \/>\n<meta property=\"og:locale\" content=\"en_US\" \/>\n<meta property=\"og:type\" content=\"article\" \/>\n<meta property=\"og:title\" content=\"Qu\u00e8 \u00e9s la declaraci\u00f3 d&#039;utilitat p\u00fablica? Et contem el nou segell de la FSMCV en tres punts - Revista Al Comp\u00e0s\" \/>\n<meta property=\"og:description\" content=\"Des de 2024, la Federaci\u00f3 de Societats Musicals de la Comunitat Valenciana suma un nou segell que reconeix la seua aportaci\u00f3 social: la declaraci\u00f3 d&#8217;utilitat p\u00fablica. Per\u00f2 qu\u00e8 implica este [&hellip;]\" \/>\n<meta property=\"og:url\" content=\"https:\/\/alcompasrevista.com\/va\/archivos\/19968\" \/>\n<meta property=\"og:site_name\" content=\"Revista Al Comp\u00e0s\" \/>\n<meta property=\"article:published_time\" content=\"2024-04-19T10:06:31+00:00\" \/>\n<meta property=\"article:modified_time\" content=\"2024-04-19T10:06:33+00:00\" \/>\n<meta property=\"og:image\" content=\"https:\/\/alcompasrevista.com\/wp-content\/uploads\/2024\/04\/DSC03683.jpg\" \/>\n\t<meta property=\"og:image:width\" content=\"1616\" \/>\n\t<meta property=\"og:image:height\" content=\"1080\" \/>\n\t<meta property=\"og:image:type\" content=\"image\/jpeg\" \/>\n<meta name=\"author\" content=\"Redacci\u00f3n\" \/>\n<meta name=\"twitter:card\" content=\"summary_large_image\" \/>\n<meta name=\"twitter:label1\" content=\"Written by\" \/>\n\t<meta name=\"twitter:data1\" content=\"Redacci\u00f3\" \/>\n\t<meta name=\"twitter:label2\" content=\"Est. reading time\" \/>\n\t<meta name=\"twitter:data2\" content=\"2 minutes\" \/>\n<script type=\"application\/ld+json\" class=\"yoast-schema-graph\">{\"@context\":\"https:\\\/\\\/schema.org\",\"@graph\":[{\"@type\":\"Article\",\"@id\":\"https:\\\/\\\/alcompasrevista.com\\\/va\\\/archivos\\\/19968#article\",\"isPartOf\":{\"@id\":\"https:\\\/\\\/alcompasrevista.com\\\/va\\\/archivos\\\/19968\"},\"author\":{\"name\":\"Redacci\u00f3n\",\"@id\":\"https:\\\/\\\/alcompasrevista.com\\\/#\\\/schema\\\/person\\\/c10652a34fa01d238ecd498d150347fc\"},\"headline\":\"Qu\u00e8 \u00e9s la declaraci\u00f3 d&#8217;utilitat p\u00fablica? Et contem el nou segell de la FSMCV en tres punts\",\"datePublished\":\"2024-04-19T10:06:31+00:00\",\"dateModified\":\"2024-04-19T10:06:33+00:00\",\"mainEntityOfPage\":{\"@id\":\"https:\\\/\\\/alcompasrevista.com\\\/va\\\/archivos\\\/19968\"},\"wordCount\":336,\"commentCount\":0,\"publisher\":{\"@id\":\"https:\\\/\\\/alcompasrevista.com\\\/#organization\"},\"image\":{\"@id\":\"https:\\\/\\\/alcompasrevista.com\\\/va\\\/archivos\\\/19968#primaryimage\"},\"thumbnailUrl\":\"https:\\\/\\\/alcompasrevista.com\\\/wp-content\\\/uploads\\\/2024\\\/04\\\/DSC03683.jpg\",\"articleSection\":[\"#Reportatges\"],\"inLanguage\":\"va\",\"potentialAction\":[{\"@type\":\"CommentAction\",\"name\":\"Comment\",\"target\":[\"https:\\\/\\\/alcompasrevista.com\\\/va\\\/archivos\\\/19968#respond\"]}]},{\"@type\":\"WebPage\",\"@id\":\"https:\\\/\\\/alcompasrevista.com\\\/va\\\/archivos\\\/19968\",\"url\":\"https:\\\/\\\/alcompasrevista.com\\\/va\\\/archivos\\\/19968\",\"name\":\"Qu\u00e8 \u00e9s la declaraci\u00f3 d'utilitat p\u00fablica? Et contem el nou segell de la FSMCV en tres punts - Revista Al Comp\u00e0s\",\"isPartOf\":{\"@id\":\"https:\\\/\\\/alcompasrevista.com\\\/#website\"},\"primaryImageOfPage\":{\"@id\":\"https:\\\/\\\/alcompasrevista.com\\\/va\\\/archivos\\\/19968#primaryimage\"},\"image\":{\"@id\":\"https:\\\/\\\/alcompasrevista.com\\\/va\\\/archivos\\\/19968#primaryimage\"},\"thumbnailUrl\":\"https:\\\/\\\/alcompasrevista.com\\\/wp-content\\\/uploads\\\/2024\\\/04\\\/DSC03683.jpg\",\"datePublished\":\"2024-04-19T10:06:31+00:00\",\"dateModified\":\"2024-04-19T10:06:33+00:00\",\"breadcrumb\":{\"@id\":\"https:\\\/\\\/alcompasrevista.com\\\/va\\\/archivos\\\/19968#breadcrumb\"},\"inLanguage\":\"va\",\"potentialAction\":[{\"@type\":\"ReadAction\",\"target\":[\"https:\\\/\\\/alcompasrevista.com\\\/va\\\/archivos\\\/19968\"]}]},{\"@type\":\"ImageObject\",\"inLanguage\":\"va\",\"@id\":\"https:\\\/\\\/alcompasrevista.com\\\/va\\\/archivos\\\/19968#primaryimage\",\"url\":\"https:\\\/\\\/alcompasrevista.com\\\/wp-content\\\/uploads\\\/2024\\\/04\\\/DSC03683.jpg\",\"contentUrl\":\"https:\\\/\\\/alcompasrevista.com\\\/wp-content\\\/uploads\\\/2024\\\/04\\\/DSC03683.jpg\",\"width\":1616,\"height\":1080},{\"@type\":\"BreadcrumbList\",\"@id\":\"https:\\\/\\\/alcompasrevista.com\\\/va\\\/archivos\\\/19968#breadcrumb\",\"itemListElement\":[{\"@type\":\"ListItem\",\"position\":1,\"name\":\"Portada\",\"item\":\"https:\\\/\\\/alcompasrevista.com\\\/va\"},{\"@type\":\"ListItem\",\"position\":2,\"name\":\"Qu\u00e8 \u00e9s la declaraci\u00f3 d&#8217;utilitat p\u00fablica? Et contem el nou segell de la FSMCV en tres punts\"}]},{\"@type\":\"WebSite\",\"@id\":\"https:\\\/\\\/alcompasrevista.com\\\/#website\",\"url\":\"https:\\\/\\\/alcompasrevista.com\\\/\",\"name\":\"Revista Al Comp\u00e0s\",\"description\":\"Un proyecto de la Federaci\u00f3n de Sociedades Musicales de la Comunidad Valenciana\",\"publisher\":{\"@id\":\"https:\\\/\\\/alcompasrevista.com\\\/#organization\"},\"potentialAction\":[{\"@type\":\"SearchAction\",\"target\":{\"@type\":\"EntryPoint\",\"urlTemplate\":\"https:\\\/\\\/alcompasrevista.com\\\/?s={search_term_string}\"},\"query-input\":{\"@type\":\"PropertyValueSpecification\",\"valueRequired\":true,\"valueName\":\"search_term_string\"}}],\"inLanguage\":\"va\"},{\"@type\":\"Organization\",\"@id\":\"https:\\\/\\\/alcompasrevista.com\\\/#organization\",\"name\":\"Revista Al Comp\u00e0s\",\"url\":\"https:\\\/\\\/alcompasrevista.com\\\/\",\"logo\":{\"@type\":\"ImageObject\",\"inLanguage\":\"va\",\"@id\":\"https:\\\/\\\/alcompasrevista.com\\\/#\\\/schema\\\/logo\\\/image\\\/\",\"url\":\"https:\\\/\\\/alcompasrevista.com\\\/wp-content\\\/uploads\\\/2022\\\/04\\\/cropped-loog_blanco.png\",\"contentUrl\":\"https:\\\/\\\/alcompasrevista.com\\\/wp-content\\\/uploads\\\/2022\\\/04\\\/cropped-loog_blanco.png\",\"width\":1612,\"height\":724,\"caption\":\"Revista Al Comp\u00e0s\"},\"image\":{\"@id\":\"https:\\\/\\\/alcompasrevista.com\\\/#\\\/schema\\\/logo\\\/image\\\/\"}},{\"@type\":\"Person\",\"@id\":\"https:\\\/\\\/alcompasrevista.com\\\/#\\\/schema\\\/person\\\/c10652a34fa01d238ecd498d150347fc\",\"name\":\"Redacci\u00f3n\",\"image\":{\"@type\":\"ImageObject\",\"inLanguage\":\"va\",\"@id\":\"https:\\\/\\\/secure.gravatar.com\\\/avatar\\\/e6a6d0cd2ddec22e0ca7d21b7e49d4a0099fbdc1d476e5412893210bce942ce9?s=96&d=mm&r=g\",\"url\":\"https:\\\/\\\/secure.gravatar.com\\\/avatar\\\/e6a6d0cd2ddec22e0ca7d21b7e49d4a0099fbdc1d476e5412893210bce942ce9?s=96&d=mm&r=g\",\"contentUrl\":\"https:\\\/\\\/secure.gravatar.com\\\/avatar\\\/e6a6d0cd2ddec22e0ca7d21b7e49d4a0099fbdc1d476e5412893210bce942ce9?s=96&d=mm&r=g\",\"caption\":\"Redacci\u00f3n\"},\"url\":\"https:\\\/\\\/alcompasrevista.com\\\/va\\\/archivos\\\/author\\\/vhj_webmaster\"}]}<\/script>\n<!-- \/ Yoast SEO plugin. -->","yoast_head_json":{"title":"Qu\u00e8 \u00e9s la declaraci\u00f3 d'utilitat p\u00fablica? Et contem el nou segell de la FSMCV en tres punts - Revista Al Comp\u00e0s","robots":{"index":"index","follow":"follow","max-snippet":"max-snippet:-1","max-image-preview":"max-image-preview:large","max-video-preview":"max-video-preview:-1"},"canonical":"https:\/\/alcompasrevista.com\/va\/archivos\/19968","og_locale":"en_US","og_type":"article","og_title":"Qu\u00e8 \u00e9s la declaraci\u00f3 d'utilitat p\u00fablica? Et contem el nou segell de la FSMCV en tres punts - Revista Al Comp\u00e0s","og_description":"Des de 2024, la Federaci\u00f3 de Societats Musicals de la Comunitat Valenciana suma un nou segell que reconeix la seua aportaci\u00f3 social: la declaraci\u00f3 d&#8217;utilitat p\u00fablica. Per\u00f2 qu\u00e8 implica este [&hellip;]","og_url":"https:\/\/alcompasrevista.com\/va\/archivos\/19968","og_site_name":"Revista Al Comp\u00e0s","article_published_time":"2024-04-19T10:06:31+00:00","article_modified_time":"2024-04-19T10:06:33+00:00","og_image":[{"width":1616,"height":1080,"url":"https:\/\/alcompasrevista.com\/wp-content\/uploads\/2024\/04\/DSC03683.jpg","type":"image\/jpeg"}],"author":"Redacci\u00f3n","twitter_card":"summary_large_image","twitter_misc":{"Written by":"Redacci\u00f3","Est. reading time":"2 minutes"},"schema":{"@context":"https:\/\/schema.org","@graph":[{"@type":"Article","@id":"https:\/\/alcompasrevista.com\/va\/archivos\/19968#article","isPartOf":{"@id":"https:\/\/alcompasrevista.com\/va\/archivos\/19968"},"author":{"name":"Redacci\u00f3n","@id":"https:\/\/alcompasrevista.com\/#\/schema\/person\/c10652a34fa01d238ecd498d150347fc"},"headline":"Qu\u00e8 \u00e9s la declaraci\u00f3 d&#8217;utilitat p\u00fablica? Et contem el nou segell de la FSMCV en tres punts","datePublished":"2024-04-19T10:06:31+00:00","dateModified":"2024-04-19T10:06:33+00:00","mainEntityOfPage":{"@id":"https:\/\/alcompasrevista.com\/va\/archivos\/19968"},"wordCount":336,"commentCount":0,"publisher":{"@id":"https:\/\/alcompasrevista.com\/#organization"},"image":{"@id":"https:\/\/alcompasrevista.com\/va\/archivos\/19968#primaryimage"},"thumbnailUrl":"https:\/\/alcompasrevista.com\/wp-content\/uploads\/2024\/04\/DSC03683.jpg","articleSection":["#Reportatges"],"inLanguage":"va","potentialAction":[{"@type":"CommentAction","name":"Comment","target":["https:\/\/alcompasrevista.com\/va\/archivos\/19968#respond"]}]},{"@type":"WebPage","@id":"https:\/\/alcompasrevista.com\/va\/archivos\/19968","url":"https:\/\/alcompasrevista.com\/va\/archivos\/19968","name":"Qu\u00e8 \u00e9s la declaraci\u00f3 d'utilitat p\u00fablica? Et contem el nou segell de la FSMCV en tres punts - Revista Al Comp\u00e0s","isPartOf":{"@id":"https:\/\/alcompasrevista.com\/#website"},"primaryImageOfPage":{"@id":"https:\/\/alcompasrevista.com\/va\/archivos\/19968#primaryimage"},"image":{"@id":"https:\/\/alcompasrevista.com\/va\/archivos\/19968#primaryimage"},"thumbnailUrl":"https:\/\/alcompasrevista.com\/wp-content\/uploads\/2024\/04\/DSC03683.jpg","datePublished":"2024-04-19T10:06:31+00:00","dateModified":"2024-04-19T10:06:33+00:00","breadcrumb":{"@id":"https:\/\/alcompasrevista.com\/va\/archivos\/19968#breadcrumb"},"inLanguage":"va","potentialAction":[{"@type":"ReadAction","target":["https:\/\/alcompasrevista.com\/va\/archivos\/19968"]}]},{"@type":"ImageObject","inLanguage":"va","@id":"https:\/\/alcompasrevista.com\/va\/archivos\/19968#primaryimage","url":"https:\/\/alcompasrevista.com\/wp-content\/uploads\/2024\/04\/DSC03683.jpg","contentUrl":"https:\/\/alcompasrevista.com\/wp-content\/uploads\/2024\/04\/DSC03683.jpg","width":1616,"height":1080},{"@type":"BreadcrumbList","@id":"https:\/\/alcompasrevista.com\/va\/archivos\/19968#breadcrumb","itemListElement":[{"@type":"ListItem","position":1,"name":"Portada","item":"https:\/\/alcompasrevista.com\/va"},{"@type":"ListItem","position":2,"name":"Qu\u00e8 \u00e9s la declaraci\u00f3 d&#8217;utilitat p\u00fablica? Et contem el nou segell de la FSMCV en tres punts"}]},{"@type":"WebSite","@id":"https:\/\/alcompasrevista.com\/#website","url":"https:\/\/alcompasrevista.com\/","name":"Revista Al Comp\u00e0s","description":"Un proyecto de la Federaci\u00f3n de Sociedades Musicales de la Comunidad Valenciana","publisher":{"@id":"https:\/\/alcompasrevista.com\/#organization"},"potentialAction":[{"@type":"SearchAction","target":{"@type":"EntryPoint","urlTemplate":"https:\/\/alcompasrevista.com\/?s={search_term_string}"},"query-input":{"@type":"PropertyValueSpecification","valueRequired":true,"valueName":"search_term_string"}}],"inLanguage":"va"},{"@type":"Organization","@id":"https:\/\/alcompasrevista.com\/#organization","name":"Revista Al Comp\u00e0s","url":"https:\/\/alcompasrevista.com\/","logo":{"@type":"ImageObject","inLanguage":"va","@id":"https:\/\/alcompasrevista.com\/#\/schema\/logo\/image\/","url":"https:\/\/alcompasrevista.com\/wp-content\/uploads\/2022\/04\/cropped-loog_blanco.png","contentUrl":"https:\/\/alcompasrevista.com\/wp-content\/uploads\/2022\/04\/cropped-loog_blanco.png","width":1612,"height":724,"caption":"Revista Al Comp\u00e0s"},"image":{"@id":"https:\/\/alcompasrevista.com\/#\/schema\/logo\/image\/"}},{"@type":"Person","@id":"https:\/\/alcompasrevista.com\/#\/schema\/person\/c10652a34fa01d238ecd498d150347fc","name":"Redacci\u00f3n","image":{"@type":"ImageObject","inLanguage":"va","@id":"https:\/\/secure.gravatar.com\/avatar\/e6a6d0cd2ddec22e0ca7d21b7e49d4a0099fbdc1d476e5412893210bce942ce9?s=96&d=mm&r=g","url":"https:\/\/secure.gravatar.com\/avatar\/e6a6d0cd2ddec22e0ca7d21b7e49d4a0099fbdc1d476e5412893210bce942ce9?s=96&d=mm&r=g","contentUrl":"https:\/\/secure.gravatar.com\/avatar\/e6a6d0cd2ddec22e0ca7d21b7e49d4a0099fbdc1d476e5412893210bce942ce9?s=96&d=mm&r=g","caption":"Redacci\u00f3n"},"url":"https:\/\/alcompasrevista.com\/va\/archivos\/author\/vhj_webmaster"}]}},"_links":{"self":[{"href":"https:\/\/alcompasrevista.com\/va\/wp-json\/wp\/v2\/posts\/19968","targetHints":{"allow":["GET"]}}],"collection":[{"href":"https:\/\/alcompasrevista.com\/va\/wp-json\/wp\/v2\/posts"}],"about":[{"href":"https:\/\/alcompasrevista.com\/va\/wp-json\/wp\/v2\/types\/post"}],"author":[{"embeddable":true,"href":"https:\/\/alcompasrevista.com\/va\/wp-json\/wp\/v2\/users\/860002"}],"replies":[{"embeddable":true,"href":"https:\/\/alcompasrevista.com\/va\/wp-json\/wp\/v2\/comments?post=19968"}],"version-history":[{"count":0,"href":"https:\/\/alcompasrevista.com\/va\/wp-json\/wp\/v2\/posts\/19968\/revisions"}],"wp:featuredmedia":[{"embeddable":true,"href":"https:\/\/alcompasrevista.com\/va\/wp-json\/wp\/v2\/media\/19960"}],"wp:attachment":[{"href":"https:\/\/alcompasrevista.com\/va\/wp-json\/wp\/v2\/media?parent=19968"}],"wp:term":[{"taxonomy":"category","embeddable":true,"href":"https:\/\/alcompasrevista.com\/va\/wp-json\/wp\/v2\/categories?post=19968"},{"taxonomy":"post_tag","embeddable":true,"href":"https:\/\/alcompasrevista.com\/va\/wp-json\/wp\/v2\/tags?post=19968"},{"taxonomy":"portada","embeddable":true,"href":"https:\/\/alcompasrevista.com\/va\/wp-json\/wp\/v2\/portada?post=19968"}],"curies":[{"name":"wp","href":"https:\/\/api.w.org\/{rel}","templated":true}]}}