{"id":19596,"date":"2024-03-07T12:50:36","date_gmt":"2024-03-07T11:50:36","guid":{"rendered":"https:\/\/alcompasrevista.com\/?p=19596"},"modified":"2024-03-07T16:14:40","modified_gmt":"2024-03-07T15:14:40","slug":"el-palau-de-la-musica-celebra-el-dia-de-la-dona-amb-un-simfonic-i-programes-de-tango-i-flamenc-fusio","status":"publish","type":"post","link":"https:\/\/alcompasrevista.com\/va\/archivos\/19596","title":{"rendered":"El Palau de la M\u00fasica celebra el Dia de la Dona amb un simf\u00f2nic i programes de tango i flamenc fusi\u00f3"},"content":{"rendered":"\n<p>El Palau de la M\u00fasica s&#8217;unix en el Dia Internacional de la Dona, el 8 de mar\u00e7, amb tres concerts de diversos formats com s\u00f3n el simf\u00f2nic, el de cambra al voltant del tango i el de flamenc fusi\u00f3. S&#8217;inicia hui dijous 7 de mar\u00e7 amb el concert d&#8217;abonament de l&#8217;Orquestra de Val\u00e8ncia, dirigida per Beatriz Fern\u00e1ndez Aucejo i amb la pianista Alexandra Dovgan. Dem\u00e0, divendres 8 de mar\u00e7, ser\u00e0 el torn de Blanca Paloma, i el dissabte, en cambra, tretze dones interpretaran un espectacular programa de tango.<\/p>\n\n\n\n<p>El director del Palau, Vicente Llimer\u00e1, ha ressaltat que \u00abenguany hem volgut celebrar d&#8217;una altra manera esta data tan especial, afegint al tradicional concert de l&#8217;Orquestra de Val\u00e8ncia, dos programes m\u00e9s amb altres formats i tem\u00e0tiques diferents com s\u00f3n la fusi\u00f3 del flamenc i del tango\u00bb. Respecte al concert de la formaci\u00f3 simf\u00f2nica valenciana, ha afegit que \u00abser\u00e0 dirigit per una de les batutes femenines valencianes m\u00e9s rellevants com \u00e9s Beatriz Fern\u00e1ndez Aucejo, i tindrem l&#8217;al\u00b7licient del debut amb nosaltres d&#8217;Alexandra Dovgan, una jove pianista de t\u00e8cnica aclaparadora i gran pres\u00e8ncia esc\u00e8nica\u00bb.<\/p>\n\n\n\n<figure class=\"wp-block-image\"><img decoding=\"async\" src=\"https:\/\/mail.google.com\/mail\/u\/0?ui=2&amp;ik=c6e2049042&amp;attid=0.1.3&amp;permmsgid=msg-f:1792861449858116341&amp;th=18e185fd5a48eaf5&amp;view=fimg&amp;disp=thd&amp;attbid=ANGjdJ_v3ruoytCKYN3JDqbtX8F-NWRW81-XJfzNY5YYXhRR83cIqOpRYNwaoZbcmq381i3IT-42GSs_dShEC_PlkE4KVlQVlFUQEzr_o2_288FZZqcEbi_jKrcIoK4&amp;ats=2524608000000&amp;sz=w2762-h1452\" alt=\"Mostrando 0306 OV-BFern\u00e1ndez Aucejo -1-. Foto Revelarte.jpg\"\/><\/figure>\n\n\n\n<p>D&#8217;esta manera, hui a la Sala Iturbi a les 19.30 hores, Beatriz Fern\u00e1ndez Aucejo, que acaba de debutar amb l&#8217;Orquestra Nacional d&#8217;Espanya, se situar\u00e0 de nou al capdavant de l&#8217;Orquestra de Val\u00e8ncia per a dirigir la <em>Overture n\u00fam. 2 en Mi bemoll major, op. 24<\/em> de Louise Farrenc, una gran compositora del romanticisme franc\u00e9s, molt estimada i valorada pels seus contemporanis, que compta amb un nombr\u00f3s cat\u00e0leg d&#8217;obres numerades. A m\u00e9s de l&#8217;obra de Louise, s&#8217;interpretar\u00e0 tamb\u00e9<em> El mar de los inmortales<\/em>, de la valenciana \u00c1ngeles L\u00f3pez Artiga, un dels set preludis que consta l&#8217;obra, inspirada en poemes de Vicente Aleixandre. I finalment, el repertori queda complet amb el c\u00e8lebre <em>concert per a piano <\/em>de Schumann que interpretar\u00e0 Alexandra Dovgan i la <em>Simfonia n\u00fam. 7<\/em> de Prok\u00f3fiev.<\/p>\n\n\n\n<figure class=\"wp-block-image\"><img decoding=\"async\" src=\"https:\/\/mail.google.com\/mail\/u\/0?ui=2&amp;ik=c6e2049042&amp;attid=0.1.5&amp;permmsgid=msg-f:1792861449858116341&amp;th=18e185fd5a48eaf5&amp;view=fimg&amp;disp=thd&amp;attbid=ANGjdJ_n1TzBHYkh7txc4TDUPAjEGWMba35Lf-aD9hiKQbo_5gORe9sJuL-n6VFdvp1OdPp5O7A5Pg92guoBYBYuo878FtjqOJxJkuno93_IUQttRJtIDxLi5614Ki8&amp;ats=2524608000000&amp;sz=w2762-h1452\" alt=\"Mostrando 0603 Alexandra-Dovgan-\u00a9-Irina-Schymchak-4.jpg\"\/><\/figure>\n\n\n\n<p>Per a la subdirectora del Palau, Nieves Pascual, es tracta d&#8217;un programa \u00abde gran atractiu que reunix quatre partitures escrites en diferents contextos, entre elles les veus singulars de marcada personalitat art\u00edstica de dos grans compositores com s\u00f3n Louise Farrenc, impulsora de la nova creaci\u00f3 art\u00edstica amb la qual va captivar el Par\u00eds del Romanticisme, i la descripci\u00f3 impressionista de la naturalesa canviant en La Mar de la valenciana L\u00f3pez Artiga\u00bb.<\/p>\n\n\n\n<p>D&#8217;altra banda, dem\u00e0 divendres 8 a les 20.00 hores a la Sala Rodrigo, l&#8217;artista Blanca Paloma es presentar\u00e0 a Val\u00e8ncia, en la qual ser\u00e0 la segona parada d&#8217;una gira que acaba de comen\u00e7ar. Es tracta d&#8217;una cita en la qual es podr\u00e0 gaudir de la seua proposta innovadora del flamenc, amb un espectacle sorprenent en el qual, a m\u00e9s, el p\u00fablic valenci\u00e0 podr\u00e0 escoltar per primera vegada en directe com sona Esc\u00e0ndol i la resta dels temes del seu repertori.<\/p>\n\n\n\n<p>Per a acabar la celebraci\u00f3 d&#8217;este dia, el dissabte, tamb\u00e9 a la Sala Rodrigo, a les 19.30 hores, hi haur\u00e0 una nova cita de \u00abCambra al Palau\u00bb amb el programa en femen\u00ed \u00abGlamourTango, el tango hecho mujer\u00bb. Este estar\u00e0 protagonitzat per dones com Simon van der Weerden al bandone\u00f3n; la violinista de l&#8217;Orquestra de Val\u00e8ncia, Casandra Didu; la contrabajista Mar\u00eda In\u00e9s Rojas; les cantants Inma Matheu i Romina Balestrino i les ballarines Jorgelina Platania, Maika S\u00e1nchez, Natalia Puccioni i Andrea Rios. Totes elles treballaran sota la direcci\u00f3 de la pianista Polly Ferman, que tamb\u00e9 \u00e9s la guionista d&#8217;este espectacle al costat de Carmen Montoro Cavero. En este programa el p\u00fablic podr\u00e0 gaudir de c\u00e8lebres tangos de Piazzolla, Binelli, Pugliese, Bl\u00e1zquez, Demare, Salg\u00e1n i Rodr\u00edguez.<\/p>\n","protected":false},"excerpt":{"rendered":"<p>El Palau de la M\u00fasica s&#8217;unix en el Dia Internacional de la Dona, el 8 de mar\u00e7, amb tres concerts de diversos formats com s\u00f3n el simf\u00f2nic, el de cambra [&hellip;]<\/p>\n","protected":false},"author":860002,"featured_media":19608,"comment_status":"open","ping_status":"open","sticky":false,"template":"","format":"standard","meta":{"footnotes":""},"categories":[29],"tags":[1039,1040],"portada":[1041,741],"class_list":["post-19596","post","type-post","status-publish","format-standard","has-post-thumbnail","hentry","category-noticies-va","tag-dia-de-la-dona","tag-palau-de-la-musica","portada-dia-de-la-dona","portada-palau-de-la-musica"],"yoast_head":"<!-- This site is optimized with the Yoast SEO plugin v27.4 - https:\/\/yoast.com\/product\/yoast-seo-wordpress\/ -->\n<title>El Palau de la M\u00fasica celebra el Dia de la Dona amb un simf\u00f2nic i programes de tango i flamenc fusi\u00f3 - Revista Al Comp\u00e0s<\/title>\n<meta name=\"robots\" content=\"index, follow, max-snippet:-1, max-image-preview:large, max-video-preview:-1\" \/>\n<link rel=\"canonical\" href=\"https:\/\/alcompasrevista.com\/va\/archivos\/19596\" \/>\n<meta property=\"og:locale\" content=\"en_US\" \/>\n<meta property=\"og:type\" content=\"article\" \/>\n<meta property=\"og:title\" content=\"El Palau de la M\u00fasica celebra el Dia de la Dona amb un simf\u00f2nic i programes de tango i flamenc fusi\u00f3 - Revista Al Comp\u00e0s\" \/>\n<meta property=\"og:description\" content=\"El Palau de la M\u00fasica s&#8217;unix en el Dia Internacional de la Dona, el 8 de mar\u00e7, amb tres concerts de diversos formats com s\u00f3n el simf\u00f2nic, el de cambra [&hellip;]\" \/>\n<meta property=\"og:url\" content=\"https:\/\/alcompasrevista.com\/va\/archivos\/19596\" \/>\n<meta property=\"og:site_name\" content=\"Revista Al Comp\u00e0s\" \/>\n<meta property=\"article:published_time\" content=\"2024-03-07T11:50:36+00:00\" \/>\n<meta property=\"article:modified_time\" content=\"2024-03-07T15:14:40+00:00\" \/>\n<meta property=\"og:image\" content=\"https:\/\/alcompasrevista.com\/wp-content\/uploads\/2024\/03\/0603-OV-Fernandez-Aucejo.-Foto-Revelarte.jpg\" \/>\n\t<meta property=\"og:image:width\" content=\"1719\" \/>\n\t<meta property=\"og:image:height\" content=\"911\" \/>\n\t<meta property=\"og:image:type\" content=\"image\/jpeg\" \/>\n<meta name=\"author\" content=\"Redacci\u00f3n\" \/>\n<meta name=\"twitter:card\" content=\"summary_large_image\" \/>\n<meta name=\"twitter:label1\" content=\"Written by\" \/>\n\t<meta name=\"twitter:data1\" content=\"Redacci\u00f3\" \/>\n\t<meta name=\"twitter:label2\" content=\"Est. reading time\" \/>\n\t<meta name=\"twitter:data2\" content=\"4 minutes\" \/>\n<script type=\"application\/ld+json\" class=\"yoast-schema-graph\">{\"@context\":\"https:\\\/\\\/schema.org\",\"@graph\":[{\"@type\":\"Article\",\"@id\":\"https:\\\/\\\/alcompasrevista.com\\\/va\\\/archivos\\\/19596#article\",\"isPartOf\":{\"@id\":\"https:\\\/\\\/alcompasrevista.com\\\/va\\\/archivos\\\/19596\"},\"author\":{\"name\":\"Redacci\u00f3n\",\"@id\":\"https:\\\/\\\/alcompasrevista.com\\\/#\\\/schema\\\/person\\\/c10652a34fa01d238ecd498d150347fc\"},\"headline\":\"El Palau de la M\u00fasica celebra el Dia de la Dona amb un simf\u00f2nic i programes de tango i flamenc fusi\u00f3\",\"datePublished\":\"2024-03-07T11:50:36+00:00\",\"dateModified\":\"2024-03-07T15:14:40+00:00\",\"mainEntityOfPage\":{\"@id\":\"https:\\\/\\\/alcompasrevista.com\\\/va\\\/archivos\\\/19596\"},\"wordCount\":666,\"commentCount\":0,\"publisher\":{\"@id\":\"https:\\\/\\\/alcompasrevista.com\\\/#organization\"},\"image\":{\"@id\":\"https:\\\/\\\/alcompasrevista.com\\\/va\\\/archivos\\\/19596#primaryimage\"},\"thumbnailUrl\":\"https:\\\/\\\/alcompasrevista.com\\\/wp-content\\\/uploads\\\/2024\\\/03\\\/0603-OV-Fernandez-Aucejo.-Foto-Revelarte.jpg\",\"keywords\":[\"Dia de la Dona\",\"Palau de la M\u00fasica\"],\"articleSection\":[\"#Not\u00edcies\"],\"inLanguage\":\"va\",\"potentialAction\":[{\"@type\":\"CommentAction\",\"name\":\"Comment\",\"target\":[\"https:\\\/\\\/alcompasrevista.com\\\/va\\\/archivos\\\/19596#respond\"]}]},{\"@type\":\"WebPage\",\"@id\":\"https:\\\/\\\/alcompasrevista.com\\\/va\\\/archivos\\\/19596\",\"url\":\"https:\\\/\\\/alcompasrevista.com\\\/va\\\/archivos\\\/19596\",\"name\":\"El Palau de la M\u00fasica celebra el Dia de la Dona amb un simf\u00f2nic i programes de tango i flamenc fusi\u00f3 - Revista Al Comp\u00e0s\",\"isPartOf\":{\"@id\":\"https:\\\/\\\/alcompasrevista.com\\\/#website\"},\"primaryImageOfPage\":{\"@id\":\"https:\\\/\\\/alcompasrevista.com\\\/va\\\/archivos\\\/19596#primaryimage\"},\"image\":{\"@id\":\"https:\\\/\\\/alcompasrevista.com\\\/va\\\/archivos\\\/19596#primaryimage\"},\"thumbnailUrl\":\"https:\\\/\\\/alcompasrevista.com\\\/wp-content\\\/uploads\\\/2024\\\/03\\\/0603-OV-Fernandez-Aucejo.-Foto-Revelarte.jpg\",\"datePublished\":\"2024-03-07T11:50:36+00:00\",\"dateModified\":\"2024-03-07T15:14:40+00:00\",\"breadcrumb\":{\"@id\":\"https:\\\/\\\/alcompasrevista.com\\\/va\\\/archivos\\\/19596#breadcrumb\"},\"inLanguage\":\"va\",\"potentialAction\":[{\"@type\":\"ReadAction\",\"target\":[\"https:\\\/\\\/alcompasrevista.com\\\/va\\\/archivos\\\/19596\"]}]},{\"@type\":\"ImageObject\",\"inLanguage\":\"va\",\"@id\":\"https:\\\/\\\/alcompasrevista.com\\\/va\\\/archivos\\\/19596#primaryimage\",\"url\":\"https:\\\/\\\/alcompasrevista.com\\\/wp-content\\\/uploads\\\/2024\\\/03\\\/0603-OV-Fernandez-Aucejo.-Foto-Revelarte.jpg\",\"contentUrl\":\"https:\\\/\\\/alcompasrevista.com\\\/wp-content\\\/uploads\\\/2024\\\/03\\\/0603-OV-Fernandez-Aucejo.-Foto-Revelarte.jpg\",\"width\":1719,\"height\":911},{\"@type\":\"BreadcrumbList\",\"@id\":\"https:\\\/\\\/alcompasrevista.com\\\/va\\\/archivos\\\/19596#breadcrumb\",\"itemListElement\":[{\"@type\":\"ListItem\",\"position\":1,\"name\":\"Portada\",\"item\":\"https:\\\/\\\/alcompasrevista.com\\\/va\"},{\"@type\":\"ListItem\",\"position\":2,\"name\":\"El Palau de la M\u00fasica celebra el Dia de la Dona amb un simf\u00f2nic i programes de tango i flamenc fusi\u00f3\"}]},{\"@type\":\"WebSite\",\"@id\":\"https:\\\/\\\/alcompasrevista.com\\\/#website\",\"url\":\"https:\\\/\\\/alcompasrevista.com\\\/\",\"name\":\"Revista Al Comp\u00e0s\",\"description\":\"Un proyecto de la Federaci\u00f3n de Sociedades Musicales de la Comunidad Valenciana\",\"publisher\":{\"@id\":\"https:\\\/\\\/alcompasrevista.com\\\/#organization\"},\"potentialAction\":[{\"@type\":\"SearchAction\",\"target\":{\"@type\":\"EntryPoint\",\"urlTemplate\":\"https:\\\/\\\/alcompasrevista.com\\\/?s={search_term_string}\"},\"query-input\":{\"@type\":\"PropertyValueSpecification\",\"valueRequired\":true,\"valueName\":\"search_term_string\"}}],\"inLanguage\":\"va\"},{\"@type\":\"Organization\",\"@id\":\"https:\\\/\\\/alcompasrevista.com\\\/#organization\",\"name\":\"Revista Al Comp\u00e0s\",\"url\":\"https:\\\/\\\/alcompasrevista.com\\\/\",\"logo\":{\"@type\":\"ImageObject\",\"inLanguage\":\"va\",\"@id\":\"https:\\\/\\\/alcompasrevista.com\\\/#\\\/schema\\\/logo\\\/image\\\/\",\"url\":\"https:\\\/\\\/alcompasrevista.com\\\/wp-content\\\/uploads\\\/2022\\\/04\\\/cropped-loog_blanco.png\",\"contentUrl\":\"https:\\\/\\\/alcompasrevista.com\\\/wp-content\\\/uploads\\\/2022\\\/04\\\/cropped-loog_blanco.png\",\"width\":1612,\"height\":724,\"caption\":\"Revista Al Comp\u00e0s\"},\"image\":{\"@id\":\"https:\\\/\\\/alcompasrevista.com\\\/#\\\/schema\\\/logo\\\/image\\\/\"}},{\"@type\":\"Person\",\"@id\":\"https:\\\/\\\/alcompasrevista.com\\\/#\\\/schema\\\/person\\\/c10652a34fa01d238ecd498d150347fc\",\"name\":\"Redacci\u00f3n\",\"image\":{\"@type\":\"ImageObject\",\"inLanguage\":\"va\",\"@id\":\"https:\\\/\\\/secure.gravatar.com\\\/avatar\\\/e6a6d0cd2ddec22e0ca7d21b7e49d4a0099fbdc1d476e5412893210bce942ce9?s=96&d=mm&r=g\",\"url\":\"https:\\\/\\\/secure.gravatar.com\\\/avatar\\\/e6a6d0cd2ddec22e0ca7d21b7e49d4a0099fbdc1d476e5412893210bce942ce9?s=96&d=mm&r=g\",\"contentUrl\":\"https:\\\/\\\/secure.gravatar.com\\\/avatar\\\/e6a6d0cd2ddec22e0ca7d21b7e49d4a0099fbdc1d476e5412893210bce942ce9?s=96&d=mm&r=g\",\"caption\":\"Redacci\u00f3n\"},\"url\":\"https:\\\/\\\/alcompasrevista.com\\\/va\\\/archivos\\\/author\\\/vhj_webmaster\"}]}<\/script>\n<!-- \/ Yoast SEO plugin. -->","yoast_head_json":{"title":"El Palau de la M\u00fasica celebra el Dia de la Dona amb un simf\u00f2nic i programes de tango i flamenc fusi\u00f3 - Revista Al Comp\u00e0s","robots":{"index":"index","follow":"follow","max-snippet":"max-snippet:-1","max-image-preview":"max-image-preview:large","max-video-preview":"max-video-preview:-1"},"canonical":"https:\/\/alcompasrevista.com\/va\/archivos\/19596","og_locale":"en_US","og_type":"article","og_title":"El Palau de la M\u00fasica celebra el Dia de la Dona amb un simf\u00f2nic i programes de tango i flamenc fusi\u00f3 - Revista Al Comp\u00e0s","og_description":"El Palau de la M\u00fasica s&#8217;unix en el Dia Internacional de la Dona, el 8 de mar\u00e7, amb tres concerts de diversos formats com s\u00f3n el simf\u00f2nic, el de cambra [&hellip;]","og_url":"https:\/\/alcompasrevista.com\/va\/archivos\/19596","og_site_name":"Revista Al Comp\u00e0s","article_published_time":"2024-03-07T11:50:36+00:00","article_modified_time":"2024-03-07T15:14:40+00:00","og_image":[{"width":1719,"height":911,"url":"https:\/\/alcompasrevista.com\/wp-content\/uploads\/2024\/03\/0603-OV-Fernandez-Aucejo.-Foto-Revelarte.jpg","type":"image\/jpeg"}],"author":"Redacci\u00f3n","twitter_card":"summary_large_image","twitter_misc":{"Written by":"Redacci\u00f3","Est. reading time":"4 minutes"},"schema":{"@context":"https:\/\/schema.org","@graph":[{"@type":"Article","@id":"https:\/\/alcompasrevista.com\/va\/archivos\/19596#article","isPartOf":{"@id":"https:\/\/alcompasrevista.com\/va\/archivos\/19596"},"author":{"name":"Redacci\u00f3n","@id":"https:\/\/alcompasrevista.com\/#\/schema\/person\/c10652a34fa01d238ecd498d150347fc"},"headline":"El Palau de la M\u00fasica celebra el Dia de la Dona amb un simf\u00f2nic i programes de tango i flamenc fusi\u00f3","datePublished":"2024-03-07T11:50:36+00:00","dateModified":"2024-03-07T15:14:40+00:00","mainEntityOfPage":{"@id":"https:\/\/alcompasrevista.com\/va\/archivos\/19596"},"wordCount":666,"commentCount":0,"publisher":{"@id":"https:\/\/alcompasrevista.com\/#organization"},"image":{"@id":"https:\/\/alcompasrevista.com\/va\/archivos\/19596#primaryimage"},"thumbnailUrl":"https:\/\/alcompasrevista.com\/wp-content\/uploads\/2024\/03\/0603-OV-Fernandez-Aucejo.-Foto-Revelarte.jpg","keywords":["Dia de la Dona","Palau de la M\u00fasica"],"articleSection":["#Not\u00edcies"],"inLanguage":"va","potentialAction":[{"@type":"CommentAction","name":"Comment","target":["https:\/\/alcompasrevista.com\/va\/archivos\/19596#respond"]}]},{"@type":"WebPage","@id":"https:\/\/alcompasrevista.com\/va\/archivos\/19596","url":"https:\/\/alcompasrevista.com\/va\/archivos\/19596","name":"El Palau de la M\u00fasica celebra el Dia de la Dona amb un simf\u00f2nic i programes de tango i flamenc fusi\u00f3 - Revista Al Comp\u00e0s","isPartOf":{"@id":"https:\/\/alcompasrevista.com\/#website"},"primaryImageOfPage":{"@id":"https:\/\/alcompasrevista.com\/va\/archivos\/19596#primaryimage"},"image":{"@id":"https:\/\/alcompasrevista.com\/va\/archivos\/19596#primaryimage"},"thumbnailUrl":"https:\/\/alcompasrevista.com\/wp-content\/uploads\/2024\/03\/0603-OV-Fernandez-Aucejo.-Foto-Revelarte.jpg","datePublished":"2024-03-07T11:50:36+00:00","dateModified":"2024-03-07T15:14:40+00:00","breadcrumb":{"@id":"https:\/\/alcompasrevista.com\/va\/archivos\/19596#breadcrumb"},"inLanguage":"va","potentialAction":[{"@type":"ReadAction","target":["https:\/\/alcompasrevista.com\/va\/archivos\/19596"]}]},{"@type":"ImageObject","inLanguage":"va","@id":"https:\/\/alcompasrevista.com\/va\/archivos\/19596#primaryimage","url":"https:\/\/alcompasrevista.com\/wp-content\/uploads\/2024\/03\/0603-OV-Fernandez-Aucejo.-Foto-Revelarte.jpg","contentUrl":"https:\/\/alcompasrevista.com\/wp-content\/uploads\/2024\/03\/0603-OV-Fernandez-Aucejo.-Foto-Revelarte.jpg","width":1719,"height":911},{"@type":"BreadcrumbList","@id":"https:\/\/alcompasrevista.com\/va\/archivos\/19596#breadcrumb","itemListElement":[{"@type":"ListItem","position":1,"name":"Portada","item":"https:\/\/alcompasrevista.com\/va"},{"@type":"ListItem","position":2,"name":"El Palau de la M\u00fasica celebra el Dia de la Dona amb un simf\u00f2nic i programes de tango i flamenc fusi\u00f3"}]},{"@type":"WebSite","@id":"https:\/\/alcompasrevista.com\/#website","url":"https:\/\/alcompasrevista.com\/","name":"Revista Al Comp\u00e0s","description":"Un proyecto de la Federaci\u00f3n de Sociedades Musicales de la Comunidad Valenciana","publisher":{"@id":"https:\/\/alcompasrevista.com\/#organization"},"potentialAction":[{"@type":"SearchAction","target":{"@type":"EntryPoint","urlTemplate":"https:\/\/alcompasrevista.com\/?s={search_term_string}"},"query-input":{"@type":"PropertyValueSpecification","valueRequired":true,"valueName":"search_term_string"}}],"inLanguage":"va"},{"@type":"Organization","@id":"https:\/\/alcompasrevista.com\/#organization","name":"Revista Al Comp\u00e0s","url":"https:\/\/alcompasrevista.com\/","logo":{"@type":"ImageObject","inLanguage":"va","@id":"https:\/\/alcompasrevista.com\/#\/schema\/logo\/image\/","url":"https:\/\/alcompasrevista.com\/wp-content\/uploads\/2022\/04\/cropped-loog_blanco.png","contentUrl":"https:\/\/alcompasrevista.com\/wp-content\/uploads\/2022\/04\/cropped-loog_blanco.png","width":1612,"height":724,"caption":"Revista Al Comp\u00e0s"},"image":{"@id":"https:\/\/alcompasrevista.com\/#\/schema\/logo\/image\/"}},{"@type":"Person","@id":"https:\/\/alcompasrevista.com\/#\/schema\/person\/c10652a34fa01d238ecd498d150347fc","name":"Redacci\u00f3n","image":{"@type":"ImageObject","inLanguage":"va","@id":"https:\/\/secure.gravatar.com\/avatar\/e6a6d0cd2ddec22e0ca7d21b7e49d4a0099fbdc1d476e5412893210bce942ce9?s=96&d=mm&r=g","url":"https:\/\/secure.gravatar.com\/avatar\/e6a6d0cd2ddec22e0ca7d21b7e49d4a0099fbdc1d476e5412893210bce942ce9?s=96&d=mm&r=g","contentUrl":"https:\/\/secure.gravatar.com\/avatar\/e6a6d0cd2ddec22e0ca7d21b7e49d4a0099fbdc1d476e5412893210bce942ce9?s=96&d=mm&r=g","caption":"Redacci\u00f3n"},"url":"https:\/\/alcompasrevista.com\/va\/archivos\/author\/vhj_webmaster"}]}},"_links":{"self":[{"href":"https:\/\/alcompasrevista.com\/va\/wp-json\/wp\/v2\/posts\/19596","targetHints":{"allow":["GET"]}}],"collection":[{"href":"https:\/\/alcompasrevista.com\/va\/wp-json\/wp\/v2\/posts"}],"about":[{"href":"https:\/\/alcompasrevista.com\/va\/wp-json\/wp\/v2\/types\/post"}],"author":[{"embeddable":true,"href":"https:\/\/alcompasrevista.com\/va\/wp-json\/wp\/v2\/users\/860002"}],"replies":[{"embeddable":true,"href":"https:\/\/alcompasrevista.com\/va\/wp-json\/wp\/v2\/comments?post=19596"}],"version-history":[{"count":0,"href":"https:\/\/alcompasrevista.com\/va\/wp-json\/wp\/v2\/posts\/19596\/revisions"}],"wp:featuredmedia":[{"embeddable":true,"href":"https:\/\/alcompasrevista.com\/va\/wp-json\/wp\/v2\/media\/19608"}],"wp:attachment":[{"href":"https:\/\/alcompasrevista.com\/va\/wp-json\/wp\/v2\/media?parent=19596"}],"wp:term":[{"taxonomy":"category","embeddable":true,"href":"https:\/\/alcompasrevista.com\/va\/wp-json\/wp\/v2\/categories?post=19596"},{"taxonomy":"post_tag","embeddable":true,"href":"https:\/\/alcompasrevista.com\/va\/wp-json\/wp\/v2\/tags?post=19596"},{"taxonomy":"portada","embeddable":true,"href":"https:\/\/alcompasrevista.com\/va\/wp-json\/wp\/v2\/portada?post=19596"}],"curies":[{"name":"wp","href":"https:\/\/api.w.org\/{rel}","templated":true}]}}