{"id":19459,"date":"2024-02-28T17:30:28","date_gmt":"2024-02-28T16:30:28","guid":{"rendered":"https:\/\/alcompasrevista.com\/?p=19459"},"modified":"2024-02-28T17:45:17","modified_gmt":"2024-02-28T16:45:17","slug":"el-viatge-cap-a-la-primavera-de-banda-simfonica-de-dones-de-la-fsmcv","status":"publish","type":"post","link":"https:\/\/alcompasrevista.com\/va\/archivos\/19459","title":{"rendered":"El viatge cap a la primavera de la Banda Simf\u00f2nica de Dones de la FSMCV"},"content":{"rendered":"\n<p>La Banda Simf\u00f2nica de Dones de la Federaci\u00f3 de Societats Musicals de la Comunitat Valenciana (FSMCV) comen\u00e7a la seua temporada 2024 amb tres concerts que li portaran a rec\u00f3rrer diversos punts de la geografia valenciana durant el mes de mar\u00e7, celebrats al voltant del Dia Internacional de la Dona.<\/p>\n\n\n\n<figure class=\"wp-block-image size-large\"><img loading=\"lazy\" decoding=\"async\" width=\"1024\" height=\"683\" src=\"https:\/\/alcompasrevista.com\/wp-content\/uploads\/2024\/02\/DSC02466-1-1024x683.jpg\" alt=\"\" class=\"wp-image-19460\" srcset=\"https:\/\/alcompasrevista.com\/wp-content\/uploads\/2024\/02\/DSC02466-1-1024x683.jpg 1024w, https:\/\/alcompasrevista.com\/wp-content\/uploads\/2024\/02\/DSC02466-1-300x200.jpg 300w, https:\/\/alcompasrevista.com\/wp-content\/uploads\/2024\/02\/DSC02466-1-768x512.jpg 768w, https:\/\/alcompasrevista.com\/wp-content\/uploads\/2024\/02\/DSC02466-1-1536x1024.jpg 1536w, https:\/\/alcompasrevista.com\/wp-content\/uploads\/2024\/02\/DSC02466-1.jpg 2048w\" sizes=\"auto, (max-width: 1024px) 100vw, 1024px\" \/><\/figure>\n\n\n\n<p>La primera de les actuacions ser\u00e0 el pr\u00f2xim diumenge, 3 de mar\u00e7 (18.00 hores), a l&#8217;Auditorio Internacional de Torrevieja. Una setmana despr\u00e9s, la formaci\u00f3 visitar\u00e0 la comarca del Comtat per a tocar en el Centre Cultural Polivalent de Muro d&#8217;Alcoi, el 9 de mar\u00e7 (19.30 hores). Tancar\u00e0 este periple el 10 de mar\u00e7 (12.00 hores) a la Casa de la Cultura de Benimodo. Tots els concerts seran oberts al p\u00fablic.<\/p>\n\n\n\n<p>Despr\u00e9s d&#8217;esta primera etapa, la Banda Simf\u00f2nica de Dones de la FSMCV continuar\u00e0 la seua temporada el 14 d&#8217;abril, quan participar\u00e0 com a formaci\u00f3 convidada en el XVI Certamen Internacional de Bandes de M\u00fasica Vila de la S\u00e9nia.<\/p>\n\n\n\n<p>El repertori planteja un viatge musical. \u00abComencem en una en un mat\u00ed de primavera i acabarem en la Mesquita de C\u00f2rdova. El p\u00fablic es quedar\u00e0 amb ganes de m\u00e9s\u00bb, planteja la seua directora, Sof\u00eda Zarzoso, qui debuta al capdavant de la unitat.<\/p>\n\n\n\n<p>El programa musical estar\u00e0 protagonitzat per compositores espanyoles i internacionals. S&#8217;interpretaran les obres\u00a0<em>Chelva<\/em>, de Laura Beele;\u00a0<em>Bajo el puente de las palmas<\/em>, de Mar\u00eda Jos\u00e9 Belenguer;\u00a0<em>Odisea<\/em>, de Sara Galiana;\u00a0<em>Las arenas de Nimes<\/em>, d&#8217;Elvira Checa;\u00a0<em>D\u2019un matin de printemps<\/em>, de Lili Boulanger;\u00a0<em>Pink ribbon<\/em>, de Marta Lozano; i\u00a0<em>La mezquita de C\u00f3rdoba<\/em>, de Julie Guiroux.<\/p>\n\n\n\n<figure class=\"wp-block-image size-large\"><img loading=\"lazy\" decoding=\"async\" width=\"1024\" height=\"683\" src=\"https:\/\/alcompasrevista.com\/wp-content\/uploads\/2024\/02\/DSC02439-1-1024x683.jpg\" alt=\"\" class=\"wp-image-19462\" srcset=\"https:\/\/alcompasrevista.com\/wp-content\/uploads\/2024\/02\/DSC02439-1-1024x683.jpg 1024w, https:\/\/alcompasrevista.com\/wp-content\/uploads\/2024\/02\/DSC02439-1-300x200.jpg 300w, https:\/\/alcompasrevista.com\/wp-content\/uploads\/2024\/02\/DSC02439-1-768x512.jpg 768w, https:\/\/alcompasrevista.com\/wp-content\/uploads\/2024\/02\/DSC02439-1-1536x1024.jpg 1536w, https:\/\/alcompasrevista.com\/wp-content\/uploads\/2024\/02\/DSC02439-1.jpg 2048w\" sizes=\"auto, (max-width: 1024px) 100vw, 1024px\" \/><\/figure>\n\n\n\n<p>Tant la directora com les m\u00fasiques de la formaci\u00f3 remarquen la import\u00e0ncia del projecte per a visibilitzar el paper de la dona en la m\u00fasica. \u00abFem visible que no hi ha instruments d&#8217;homes i dones, sin\u00f3 que tots podem tocar qualsevol instrument\u00bb, apunta Raquel Mateu, trompetista de la formaci\u00f3. \u00abVisibilitzem el nostre projecte i l&#8217;obra de dones compositores\u00bb, afig la clarinetista Neus Ordi\u00f1aga.&nbsp;<\/p>\n\n\n\n<p>Abans de la gira, la unitat s&#8217;ha concentrat per a assajar el repertori en l&#8217;Alqueria Juli\u00e0. \u00abDurant aquests dies es crea molta germanor, compartim hist\u00f2ries molt boniques\u00bb, explica la directora.<\/p>\n\n\n\n<p><em>Fotos de Miguel \u00c1ngel Calvo \/ FSMCV<\/em><\/p>\n\n\n\n<figure class=\"wp-block-embed is-type-video is-provider-youtube wp-block-embed-youtube wp-embed-aspect-16-9 wp-has-aspect-ratio\"><div class=\"wp-block-embed__wrapper\">\n<iframe loading=\"lazy\" title=\"Ensayo de la Banda Sinf\u00f3nica de Mujeres previo a su gira de 2024\" width=\"800\" height=\"450\" src=\"https:\/\/www.youtube.com\/embed\/FYO2VISq2Qs?feature=oembed\" frameborder=\"0\" allow=\"accelerometer; autoplay; clipboard-write; encrypted-media; gyroscope; picture-in-picture; web-share\" allowfullscreen><\/iframe>\n<\/div><\/figure>\n","protected":false},"excerpt":{"rendered":"<p>La Banda Simf\u00f2nica de Dones de la Federaci\u00f3 de Societats Musicals de la Comunitat Valenciana (FSMCV) comen\u00e7a la seua temporada 2024 amb tres concerts que li portaran a rec\u00f3rrer diversos [&hellip;]<\/p>\n","protected":false},"author":860002,"featured_media":19457,"comment_status":"open","ping_status":"open","sticky":false,"template":"","format":"standard","meta":{"footnotes":""},"categories":[28],"tags":[35],"portada":[40],"class_list":["post-19459","post","type-post","status-publish","format-standard","has-post-thumbnail","hentry","category-laterreta-va","tag-portada-va","portada-portada"],"yoast_head":"<!-- This site is optimized with the Yoast SEO plugin v27.4 - https:\/\/yoast.com\/product\/yoast-seo-wordpress\/ -->\n<title>El viatge cap a la primavera de la Banda Simf\u00f2nica de Dones de la FSMCV - Revista Al Comp\u00e0s<\/title>\n<meta name=\"robots\" content=\"index, follow, max-snippet:-1, max-image-preview:large, max-video-preview:-1\" \/>\n<link rel=\"canonical\" href=\"https:\/\/alcompasrevista.com\/va\/archivos\/19459\" \/>\n<meta property=\"og:locale\" content=\"en_US\" \/>\n<meta property=\"og:type\" content=\"article\" \/>\n<meta property=\"og:title\" content=\"El viatge cap a la primavera de la Banda Simf\u00f2nica de Dones de la FSMCV - Revista Al Comp\u00e0s\" \/>\n<meta property=\"og:description\" content=\"La Banda Simf\u00f2nica de Dones de la Federaci\u00f3 de Societats Musicals de la Comunitat Valenciana (FSMCV) comen\u00e7a la seua temporada 2024 amb tres concerts que li portaran a rec\u00f3rrer diversos [&hellip;]\" \/>\n<meta property=\"og:url\" content=\"https:\/\/alcompasrevista.com\/va\/archivos\/19459\" \/>\n<meta property=\"og:site_name\" content=\"Revista Al Comp\u00e0s\" \/>\n<meta property=\"article:published_time\" content=\"2024-02-28T16:30:28+00:00\" \/>\n<meta property=\"article:modified_time\" content=\"2024-02-28T16:45:17+00:00\" \/>\n<meta property=\"og:image\" content=\"https:\/\/alcompasrevista.com\/wp-content\/uploads\/2024\/02\/DSC02454.jpg\" \/>\n\t<meta property=\"og:image:width\" content=\"2048\" \/>\n\t<meta property=\"og:image:height\" content=\"1365\" \/>\n\t<meta property=\"og:image:type\" content=\"image\/jpeg\" \/>\n<meta name=\"author\" content=\"Redacci\u00f3n\" \/>\n<meta name=\"twitter:card\" content=\"summary_large_image\" \/>\n<meta name=\"twitter:label1\" content=\"Written by\" \/>\n\t<meta name=\"twitter:data1\" content=\"Redacci\u00f3\" \/>\n\t<meta name=\"twitter:label2\" content=\"Est. reading time\" \/>\n\t<meta name=\"twitter:data2\" content=\"2 minutes\" \/>\n<script type=\"application\/ld+json\" class=\"yoast-schema-graph\">{\"@context\":\"https:\\\/\\\/schema.org\",\"@graph\":[{\"@type\":\"Article\",\"@id\":\"https:\\\/\\\/alcompasrevista.com\\\/va\\\/archivos\\\/19459#article\",\"isPartOf\":{\"@id\":\"https:\\\/\\\/alcompasrevista.com\\\/va\\\/archivos\\\/19459\"},\"author\":{\"name\":\"Redacci\u00f3n\",\"@id\":\"https:\\\/\\\/alcompasrevista.com\\\/#\\\/schema\\\/person\\\/c10652a34fa01d238ecd498d150347fc\"},\"headline\":\"El viatge cap a la primavera de la Banda Simf\u00f2nica de Dones de la FSMCV\",\"datePublished\":\"2024-02-28T16:30:28+00:00\",\"dateModified\":\"2024-02-28T16:45:17+00:00\",\"mainEntityOfPage\":{\"@id\":\"https:\\\/\\\/alcompasrevista.com\\\/va\\\/archivos\\\/19459\"},\"wordCount\":405,\"commentCount\":0,\"publisher\":{\"@id\":\"https:\\\/\\\/alcompasrevista.com\\\/#organization\"},\"image\":{\"@id\":\"https:\\\/\\\/alcompasrevista.com\\\/va\\\/archivos\\\/19459#primaryimage\"},\"thumbnailUrl\":\"https:\\\/\\\/alcompasrevista.com\\\/wp-content\\\/uploads\\\/2024\\\/02\\\/DSC02454.jpg\",\"keywords\":[\"Portada\"],\"articleSection\":[\"#Laterreta\"],\"inLanguage\":\"va\",\"potentialAction\":[{\"@type\":\"CommentAction\",\"name\":\"Comment\",\"target\":[\"https:\\\/\\\/alcompasrevista.com\\\/va\\\/archivos\\\/19459#respond\"]}]},{\"@type\":\"WebPage\",\"@id\":\"https:\\\/\\\/alcompasrevista.com\\\/va\\\/archivos\\\/19459\",\"url\":\"https:\\\/\\\/alcompasrevista.com\\\/va\\\/archivos\\\/19459\",\"name\":\"El viatge cap a la primavera de la Banda Simf\u00f2nica de Dones de la FSMCV - Revista Al Comp\u00e0s\",\"isPartOf\":{\"@id\":\"https:\\\/\\\/alcompasrevista.com\\\/#website\"},\"primaryImageOfPage\":{\"@id\":\"https:\\\/\\\/alcompasrevista.com\\\/va\\\/archivos\\\/19459#primaryimage\"},\"image\":{\"@id\":\"https:\\\/\\\/alcompasrevista.com\\\/va\\\/archivos\\\/19459#primaryimage\"},\"thumbnailUrl\":\"https:\\\/\\\/alcompasrevista.com\\\/wp-content\\\/uploads\\\/2024\\\/02\\\/DSC02454.jpg\",\"datePublished\":\"2024-02-28T16:30:28+00:00\",\"dateModified\":\"2024-02-28T16:45:17+00:00\",\"breadcrumb\":{\"@id\":\"https:\\\/\\\/alcompasrevista.com\\\/va\\\/archivos\\\/19459#breadcrumb\"},\"inLanguage\":\"va\",\"potentialAction\":[{\"@type\":\"ReadAction\",\"target\":[\"https:\\\/\\\/alcompasrevista.com\\\/va\\\/archivos\\\/19459\"]}]},{\"@type\":\"ImageObject\",\"inLanguage\":\"va\",\"@id\":\"https:\\\/\\\/alcompasrevista.com\\\/va\\\/archivos\\\/19459#primaryimage\",\"url\":\"https:\\\/\\\/alcompasrevista.com\\\/wp-content\\\/uploads\\\/2024\\\/02\\\/DSC02454.jpg\",\"contentUrl\":\"https:\\\/\\\/alcompasrevista.com\\\/wp-content\\\/uploads\\\/2024\\\/02\\\/DSC02454.jpg\",\"width\":2048,\"height\":1365},{\"@type\":\"BreadcrumbList\",\"@id\":\"https:\\\/\\\/alcompasrevista.com\\\/va\\\/archivos\\\/19459#breadcrumb\",\"itemListElement\":[{\"@type\":\"ListItem\",\"position\":1,\"name\":\"Portada\",\"item\":\"https:\\\/\\\/alcompasrevista.com\\\/va\"},{\"@type\":\"ListItem\",\"position\":2,\"name\":\"El viatge cap a la primavera de la Banda Simf\u00f2nica de Dones de la FSMCV\"}]},{\"@type\":\"WebSite\",\"@id\":\"https:\\\/\\\/alcompasrevista.com\\\/#website\",\"url\":\"https:\\\/\\\/alcompasrevista.com\\\/\",\"name\":\"Revista Al Comp\u00e0s\",\"description\":\"Un proyecto de la Federaci\u00f3n de Sociedades Musicales de la Comunidad Valenciana\",\"publisher\":{\"@id\":\"https:\\\/\\\/alcompasrevista.com\\\/#organization\"},\"potentialAction\":[{\"@type\":\"SearchAction\",\"target\":{\"@type\":\"EntryPoint\",\"urlTemplate\":\"https:\\\/\\\/alcompasrevista.com\\\/?s={search_term_string}\"},\"query-input\":{\"@type\":\"PropertyValueSpecification\",\"valueRequired\":true,\"valueName\":\"search_term_string\"}}],\"inLanguage\":\"va\"},{\"@type\":\"Organization\",\"@id\":\"https:\\\/\\\/alcompasrevista.com\\\/#organization\",\"name\":\"Revista Al Comp\u00e0s\",\"url\":\"https:\\\/\\\/alcompasrevista.com\\\/\",\"logo\":{\"@type\":\"ImageObject\",\"inLanguage\":\"va\",\"@id\":\"https:\\\/\\\/alcompasrevista.com\\\/#\\\/schema\\\/logo\\\/image\\\/\",\"url\":\"https:\\\/\\\/alcompasrevista.com\\\/wp-content\\\/uploads\\\/2022\\\/04\\\/cropped-loog_blanco.png\",\"contentUrl\":\"https:\\\/\\\/alcompasrevista.com\\\/wp-content\\\/uploads\\\/2022\\\/04\\\/cropped-loog_blanco.png\",\"width\":1612,\"height\":724,\"caption\":\"Revista Al Comp\u00e0s\"},\"image\":{\"@id\":\"https:\\\/\\\/alcompasrevista.com\\\/#\\\/schema\\\/logo\\\/image\\\/\"}},{\"@type\":\"Person\",\"@id\":\"https:\\\/\\\/alcompasrevista.com\\\/#\\\/schema\\\/person\\\/c10652a34fa01d238ecd498d150347fc\",\"name\":\"Redacci\u00f3n\",\"image\":{\"@type\":\"ImageObject\",\"inLanguage\":\"va\",\"@id\":\"https:\\\/\\\/secure.gravatar.com\\\/avatar\\\/e6a6d0cd2ddec22e0ca7d21b7e49d4a0099fbdc1d476e5412893210bce942ce9?s=96&d=mm&r=g\",\"url\":\"https:\\\/\\\/secure.gravatar.com\\\/avatar\\\/e6a6d0cd2ddec22e0ca7d21b7e49d4a0099fbdc1d476e5412893210bce942ce9?s=96&d=mm&r=g\",\"contentUrl\":\"https:\\\/\\\/secure.gravatar.com\\\/avatar\\\/e6a6d0cd2ddec22e0ca7d21b7e49d4a0099fbdc1d476e5412893210bce942ce9?s=96&d=mm&r=g\",\"caption\":\"Redacci\u00f3n\"},\"url\":\"https:\\\/\\\/alcompasrevista.com\\\/va\\\/archivos\\\/author\\\/vhj_webmaster\"}]}<\/script>\n<!-- \/ Yoast SEO plugin. -->","yoast_head_json":{"title":"El viatge cap a la primavera de la Banda Simf\u00f2nica de Dones de la FSMCV - Revista Al Comp\u00e0s","robots":{"index":"index","follow":"follow","max-snippet":"max-snippet:-1","max-image-preview":"max-image-preview:large","max-video-preview":"max-video-preview:-1"},"canonical":"https:\/\/alcompasrevista.com\/va\/archivos\/19459","og_locale":"en_US","og_type":"article","og_title":"El viatge cap a la primavera de la Banda Simf\u00f2nica de Dones de la FSMCV - Revista Al Comp\u00e0s","og_description":"La Banda Simf\u00f2nica de Dones de la Federaci\u00f3 de Societats Musicals de la Comunitat Valenciana (FSMCV) comen\u00e7a la seua temporada 2024 amb tres concerts que li portaran a rec\u00f3rrer diversos [&hellip;]","og_url":"https:\/\/alcompasrevista.com\/va\/archivos\/19459","og_site_name":"Revista Al Comp\u00e0s","article_published_time":"2024-02-28T16:30:28+00:00","article_modified_time":"2024-02-28T16:45:17+00:00","og_image":[{"width":2048,"height":1365,"url":"https:\/\/alcompasrevista.com\/wp-content\/uploads\/2024\/02\/DSC02454.jpg","type":"image\/jpeg"}],"author":"Redacci\u00f3n","twitter_card":"summary_large_image","twitter_misc":{"Written by":"Redacci\u00f3","Est. reading time":"2 minutes"},"schema":{"@context":"https:\/\/schema.org","@graph":[{"@type":"Article","@id":"https:\/\/alcompasrevista.com\/va\/archivos\/19459#article","isPartOf":{"@id":"https:\/\/alcompasrevista.com\/va\/archivos\/19459"},"author":{"name":"Redacci\u00f3n","@id":"https:\/\/alcompasrevista.com\/#\/schema\/person\/c10652a34fa01d238ecd498d150347fc"},"headline":"El viatge cap a la primavera de la Banda Simf\u00f2nica de Dones de la FSMCV","datePublished":"2024-02-28T16:30:28+00:00","dateModified":"2024-02-28T16:45:17+00:00","mainEntityOfPage":{"@id":"https:\/\/alcompasrevista.com\/va\/archivos\/19459"},"wordCount":405,"commentCount":0,"publisher":{"@id":"https:\/\/alcompasrevista.com\/#organization"},"image":{"@id":"https:\/\/alcompasrevista.com\/va\/archivos\/19459#primaryimage"},"thumbnailUrl":"https:\/\/alcompasrevista.com\/wp-content\/uploads\/2024\/02\/DSC02454.jpg","keywords":["Portada"],"articleSection":["#Laterreta"],"inLanguage":"va","potentialAction":[{"@type":"CommentAction","name":"Comment","target":["https:\/\/alcompasrevista.com\/va\/archivos\/19459#respond"]}]},{"@type":"WebPage","@id":"https:\/\/alcompasrevista.com\/va\/archivos\/19459","url":"https:\/\/alcompasrevista.com\/va\/archivos\/19459","name":"El viatge cap a la primavera de la Banda Simf\u00f2nica de Dones de la FSMCV - Revista Al Comp\u00e0s","isPartOf":{"@id":"https:\/\/alcompasrevista.com\/#website"},"primaryImageOfPage":{"@id":"https:\/\/alcompasrevista.com\/va\/archivos\/19459#primaryimage"},"image":{"@id":"https:\/\/alcompasrevista.com\/va\/archivos\/19459#primaryimage"},"thumbnailUrl":"https:\/\/alcompasrevista.com\/wp-content\/uploads\/2024\/02\/DSC02454.jpg","datePublished":"2024-02-28T16:30:28+00:00","dateModified":"2024-02-28T16:45:17+00:00","breadcrumb":{"@id":"https:\/\/alcompasrevista.com\/va\/archivos\/19459#breadcrumb"},"inLanguage":"va","potentialAction":[{"@type":"ReadAction","target":["https:\/\/alcompasrevista.com\/va\/archivos\/19459"]}]},{"@type":"ImageObject","inLanguage":"va","@id":"https:\/\/alcompasrevista.com\/va\/archivos\/19459#primaryimage","url":"https:\/\/alcompasrevista.com\/wp-content\/uploads\/2024\/02\/DSC02454.jpg","contentUrl":"https:\/\/alcompasrevista.com\/wp-content\/uploads\/2024\/02\/DSC02454.jpg","width":2048,"height":1365},{"@type":"BreadcrumbList","@id":"https:\/\/alcompasrevista.com\/va\/archivos\/19459#breadcrumb","itemListElement":[{"@type":"ListItem","position":1,"name":"Portada","item":"https:\/\/alcompasrevista.com\/va"},{"@type":"ListItem","position":2,"name":"El viatge cap a la primavera de la Banda Simf\u00f2nica de Dones de la FSMCV"}]},{"@type":"WebSite","@id":"https:\/\/alcompasrevista.com\/#website","url":"https:\/\/alcompasrevista.com\/","name":"Revista Al Comp\u00e0s","description":"Un proyecto de la Federaci\u00f3n de Sociedades Musicales de la Comunidad Valenciana","publisher":{"@id":"https:\/\/alcompasrevista.com\/#organization"},"potentialAction":[{"@type":"SearchAction","target":{"@type":"EntryPoint","urlTemplate":"https:\/\/alcompasrevista.com\/?s={search_term_string}"},"query-input":{"@type":"PropertyValueSpecification","valueRequired":true,"valueName":"search_term_string"}}],"inLanguage":"va"},{"@type":"Organization","@id":"https:\/\/alcompasrevista.com\/#organization","name":"Revista Al Comp\u00e0s","url":"https:\/\/alcompasrevista.com\/","logo":{"@type":"ImageObject","inLanguage":"va","@id":"https:\/\/alcompasrevista.com\/#\/schema\/logo\/image\/","url":"https:\/\/alcompasrevista.com\/wp-content\/uploads\/2022\/04\/cropped-loog_blanco.png","contentUrl":"https:\/\/alcompasrevista.com\/wp-content\/uploads\/2022\/04\/cropped-loog_blanco.png","width":1612,"height":724,"caption":"Revista Al Comp\u00e0s"},"image":{"@id":"https:\/\/alcompasrevista.com\/#\/schema\/logo\/image\/"}},{"@type":"Person","@id":"https:\/\/alcompasrevista.com\/#\/schema\/person\/c10652a34fa01d238ecd498d150347fc","name":"Redacci\u00f3n","image":{"@type":"ImageObject","inLanguage":"va","@id":"https:\/\/secure.gravatar.com\/avatar\/e6a6d0cd2ddec22e0ca7d21b7e49d4a0099fbdc1d476e5412893210bce942ce9?s=96&d=mm&r=g","url":"https:\/\/secure.gravatar.com\/avatar\/e6a6d0cd2ddec22e0ca7d21b7e49d4a0099fbdc1d476e5412893210bce942ce9?s=96&d=mm&r=g","contentUrl":"https:\/\/secure.gravatar.com\/avatar\/e6a6d0cd2ddec22e0ca7d21b7e49d4a0099fbdc1d476e5412893210bce942ce9?s=96&d=mm&r=g","caption":"Redacci\u00f3n"},"url":"https:\/\/alcompasrevista.com\/va\/archivos\/author\/vhj_webmaster"}]}},"_links":{"self":[{"href":"https:\/\/alcompasrevista.com\/va\/wp-json\/wp\/v2\/posts\/19459","targetHints":{"allow":["GET"]}}],"collection":[{"href":"https:\/\/alcompasrevista.com\/va\/wp-json\/wp\/v2\/posts"}],"about":[{"href":"https:\/\/alcompasrevista.com\/va\/wp-json\/wp\/v2\/types\/post"}],"author":[{"embeddable":true,"href":"https:\/\/alcompasrevista.com\/va\/wp-json\/wp\/v2\/users\/860002"}],"replies":[{"embeddable":true,"href":"https:\/\/alcompasrevista.com\/va\/wp-json\/wp\/v2\/comments?post=19459"}],"version-history":[{"count":0,"href":"https:\/\/alcompasrevista.com\/va\/wp-json\/wp\/v2\/posts\/19459\/revisions"}],"wp:featuredmedia":[{"embeddable":true,"href":"https:\/\/alcompasrevista.com\/va\/wp-json\/wp\/v2\/media\/19457"}],"wp:attachment":[{"href":"https:\/\/alcompasrevista.com\/va\/wp-json\/wp\/v2\/media?parent=19459"}],"wp:term":[{"taxonomy":"category","embeddable":true,"href":"https:\/\/alcompasrevista.com\/va\/wp-json\/wp\/v2\/categories?post=19459"},{"taxonomy":"post_tag","embeddable":true,"href":"https:\/\/alcompasrevista.com\/va\/wp-json\/wp\/v2\/tags?post=19459"},{"taxonomy":"portada","embeddable":true,"href":"https:\/\/alcompasrevista.com\/va\/wp-json\/wp\/v2\/portada?post=19459"}],"curies":[{"name":"wp","href":"https:\/\/api.w.org\/{rel}","templated":true}]}}