{"id":19294,"date":"2024-02-09T13:42:08","date_gmt":"2024-02-09T12:42:08","guid":{"rendered":"https:\/\/alcompasrevista.com\/?p=19294"},"modified":"2024-02-09T13:58:57","modified_gmt":"2024-02-09T12:58:57","slug":"la-banda-simfonica-dalgemesi-oferira-aquest-diumenge-un-concert-de-sarsueles-pasdobles-i-musica-mexicana","status":"publish","type":"post","link":"https:\/\/alcompasrevista.com\/va\/archivos\/19294","title":{"rendered":"La Banda Simf\u00f2nica d&#8217;Algemes\u00ed celebra el Concert del Soci amb sarsueles, pasdobles i m\u00fasica mexicana"},"content":{"rendered":"\n<p>Un homenatge al Soci. Aix\u00f2 \u00e9s el que pret\u00e9n la Banda Simf\u00f2nica d&#8217;Algemes\u00ed amb el Concert del Soci, que enguany celebra la seua segona edici\u00f3. Un espectacle en agra\u00efment a la tasca totalment desinteressada dels socis d&#8217;esta Societat.<\/p>\n\n\n\n<p>En esta ocasi\u00f3, el concert compta amb la participaci\u00f3 de l&#8217;algemesinenca Cristina Llorens Esteve, timbal-percussi\u00f3 solista de l&#8217;Orquestra de C\u00f2rdova que interpretar\u00e0 junt amb la Banda Simf\u00f2nica d&#8217;Algemes\u00ed la <em>Mexican Suite<\/em> del compositor Kai Stensgaard i la <em>Conga del Fuego Nuevo<\/em>, composici\u00f3 del mexic\u00e0 Arturo Marquez. Completaran el concert una sel\u00b7lecci\u00f3 de sarsueles com <em>El tambor de Granaderos<\/em>, <em>La Revoltosa<\/em> o <em>La leyenda del beso<\/em>, aix\u00ed com els pasdobles <em>Vito<\/em>, <em>Enrique Ponce<\/em> i <em>Ol\u00e9, Manuel Benitez el cordob\u00e9s<\/em>, especialment triats per a l&#8217;ocasi\u00f3 pel director Alberto Ferrer.<\/p>\n\n\n\n<p>Cada Soci de la SMA podr\u00e0 recollir una invitaci\u00f3 gratu\u00efta per al concert a la Secretaria de la Societat Musical en horari de 17h a 20h. Les entrades per al p\u00fablic general tenen un preu de 3\u20ac i tamb\u00e9 podran ser adquirides a la Secretaria de la SMA&nbsp;i una hora abans del concert a les taquilles del Teatre Municipal.<\/p>\n\n\n\n<figure class=\"wp-block-image size-full\"><img loading=\"lazy\" decoding=\"async\" width=\"400\" height=\"565\" src=\"https:\/\/alcompasrevista.com\/wp-content\/uploads\/2024\/02\/CONCERT-SOCI-2024-web.jpeg\" alt=\"\" class=\"wp-image-19292\" srcset=\"https:\/\/alcompasrevista.com\/wp-content\/uploads\/2024\/02\/CONCERT-SOCI-2024-web.jpeg 400w, https:\/\/alcompasrevista.com\/wp-content\/uploads\/2024\/02\/CONCERT-SOCI-2024-web-212x300.jpeg 212w\" sizes=\"auto, (max-width: 400px) 100vw, 400px\" \/><\/figure>\n","protected":false},"excerpt":{"rendered":"<p>Un homenatge al Soci. Aix\u00f2 \u00e9s el que pret\u00e9n la Banda Simf\u00f2nica d&#8217;Algemes\u00ed amb el Concert del Soci, que enguany celebra la seua segona edici\u00f3. Un espectacle en agra\u00efment a [&hellip;]<\/p>\n","protected":false},"author":860002,"featured_media":19289,"comment_status":"open","ping_status":"open","sticky":false,"template":"","format":"standard","meta":{"footnotes":""},"categories":[29],"tags":[286],"portada":[],"class_list":["post-19294","post","type-post","status-publish","format-standard","has-post-thumbnail","hentry","category-noticies-va","tag-concert"],"yoast_head":"<!-- This site is optimized with the Yoast SEO plugin v27.4 - https:\/\/yoast.com\/product\/yoast-seo-wordpress\/ -->\n<title>La Banda Simf\u00f2nica d&#039;Algemes\u00ed celebra el Concert del Soci amb sarsueles, pasdobles i m\u00fasica mexicana - Revista Al Comp\u00e0s<\/title>\n<meta name=\"description\" content=\"Un homenatge al Soci. Aix\u00f2 \u00e9s el que pret\u00e9n la Banda Simf\u00f2nica d&#039;Algemes\u00ed amb el Concert del Soci, que enguany celebra la seua segona edici\u00f3. Un espectacle en agra\u00efment a la llavor totalment desinteressada dels socis d&#039;aquesta Societat, qui s\u00f3n un pilar molt important en la nostra associaci\u00f3 gr\u00e0cies a la seua col\u00b7laboraci\u00f3 altruista any rere any.\" \/>\n<meta name=\"robots\" content=\"index, follow, max-snippet:-1, max-image-preview:large, max-video-preview:-1\" \/>\n<link rel=\"canonical\" href=\"https:\/\/alcompasrevista.com\/va\/archivos\/19294\" \/>\n<meta property=\"og:locale\" content=\"en_US\" \/>\n<meta property=\"og:type\" content=\"article\" \/>\n<meta property=\"og:title\" content=\"La Banda Simf\u00f2nica d&#039;Algemes\u00ed celebra el Concert del Soci amb sarsueles, pasdobles i m\u00fasica mexicana - Revista Al Comp\u00e0s\" \/>\n<meta property=\"og:description\" content=\"Un homenatge al Soci. Aix\u00f2 \u00e9s el que pret\u00e9n la Banda Simf\u00f2nica d&#039;Algemes\u00ed amb el Concert del Soci, que enguany celebra la seua segona edici\u00f3. Un espectacle en agra\u00efment a la llavor totalment desinteressada dels socis d&#039;aquesta Societat, qui s\u00f3n un pilar molt important en la nostra associaci\u00f3 gr\u00e0cies a la seua col\u00b7laboraci\u00f3 altruista any rere any.\" \/>\n<meta property=\"og:url\" content=\"https:\/\/alcompasrevista.com\/va\/archivos\/19294\" \/>\n<meta property=\"og:site_name\" content=\"Revista Al Comp\u00e0s\" \/>\n<meta property=\"article:published_time\" content=\"2024-02-09T12:42:08+00:00\" \/>\n<meta property=\"article:modified_time\" content=\"2024-02-09T12:58:57+00:00\" \/>\n<meta property=\"og:image\" content=\"https:\/\/alcompasrevista.com\/wp-content\/uploads\/2024\/02\/cristina-llorens.jpeg\" \/>\n\t<meta property=\"og:image:width\" content=\"2048\" \/>\n\t<meta property=\"og:image:height\" content=\"1339\" \/>\n\t<meta property=\"og:image:type\" content=\"image\/jpeg\" \/>\n<meta name=\"author\" content=\"Redacci\u00f3n\" \/>\n<meta name=\"twitter:card\" content=\"summary_large_image\" \/>\n<meta name=\"twitter:label1\" content=\"Written by\" \/>\n\t<meta name=\"twitter:data1\" content=\"Redacci\u00f3\" \/>\n\t<meta name=\"twitter:label2\" content=\"Est. reading time\" \/>\n\t<meta name=\"twitter:data2\" content=\"2 minutes\" \/>\n<script type=\"application\/ld+json\" class=\"yoast-schema-graph\">{\"@context\":\"https:\\\/\\\/schema.org\",\"@graph\":[{\"@type\":\"Article\",\"@id\":\"https:\\\/\\\/alcompasrevista.com\\\/va\\\/archivos\\\/19294#article\",\"isPartOf\":{\"@id\":\"https:\\\/\\\/alcompasrevista.com\\\/va\\\/archivos\\\/19294\"},\"author\":{\"name\":\"Redacci\u00f3n\",\"@id\":\"https:\\\/\\\/alcompasrevista.com\\\/#\\\/schema\\\/person\\\/c10652a34fa01d238ecd498d150347fc\"},\"headline\":\"La Banda Simf\u00f2nica d&#8217;Algemes\u00ed celebra el Concert del Soci amb sarsueles, pasdobles i m\u00fasica mexicana\",\"datePublished\":\"2024-02-09T12:42:08+00:00\",\"dateModified\":\"2024-02-09T12:58:57+00:00\",\"mainEntityOfPage\":{\"@id\":\"https:\\\/\\\/alcompasrevista.com\\\/va\\\/archivos\\\/19294\"},\"wordCount\":218,\"commentCount\":0,\"publisher\":{\"@id\":\"https:\\\/\\\/alcompasrevista.com\\\/#organization\"},\"image\":{\"@id\":\"https:\\\/\\\/alcompasrevista.com\\\/va\\\/archivos\\\/19294#primaryimage\"},\"thumbnailUrl\":\"https:\\\/\\\/alcompasrevista.com\\\/wp-content\\\/uploads\\\/2024\\\/02\\\/cristina-llorens.jpeg\",\"keywords\":[\"concert\"],\"articleSection\":[\"#Not\u00edcies\"],\"inLanguage\":\"va\",\"potentialAction\":[{\"@type\":\"CommentAction\",\"name\":\"Comment\",\"target\":[\"https:\\\/\\\/alcompasrevista.com\\\/va\\\/archivos\\\/19294#respond\"]}]},{\"@type\":\"WebPage\",\"@id\":\"https:\\\/\\\/alcompasrevista.com\\\/va\\\/archivos\\\/19294\",\"url\":\"https:\\\/\\\/alcompasrevista.com\\\/va\\\/archivos\\\/19294\",\"name\":\"La Banda Simf\u00f2nica d'Algemes\u00ed celebra el Concert del Soci amb sarsueles, pasdobles i m\u00fasica mexicana - Revista Al Comp\u00e0s\",\"isPartOf\":{\"@id\":\"https:\\\/\\\/alcompasrevista.com\\\/#website\"},\"primaryImageOfPage\":{\"@id\":\"https:\\\/\\\/alcompasrevista.com\\\/va\\\/archivos\\\/19294#primaryimage\"},\"image\":{\"@id\":\"https:\\\/\\\/alcompasrevista.com\\\/va\\\/archivos\\\/19294#primaryimage\"},\"thumbnailUrl\":\"https:\\\/\\\/alcompasrevista.com\\\/wp-content\\\/uploads\\\/2024\\\/02\\\/cristina-llorens.jpeg\",\"datePublished\":\"2024-02-09T12:42:08+00:00\",\"dateModified\":\"2024-02-09T12:58:57+00:00\",\"description\":\"Un homenatge al Soci. Aix\u00f2 \u00e9s el que pret\u00e9n la Banda Simf\u00f2nica d'Algemes\u00ed amb el Concert del Soci, que enguany celebra la seua segona edici\u00f3. Un espectacle en agra\u00efment a la llavor totalment desinteressada dels socis d'aquesta Societat, qui s\u00f3n un pilar molt important en la nostra associaci\u00f3 gr\u00e0cies a la seua col\u00b7laboraci\u00f3 altruista any rere any.\",\"breadcrumb\":{\"@id\":\"https:\\\/\\\/alcompasrevista.com\\\/va\\\/archivos\\\/19294#breadcrumb\"},\"inLanguage\":\"va\",\"potentialAction\":[{\"@type\":\"ReadAction\",\"target\":[\"https:\\\/\\\/alcompasrevista.com\\\/va\\\/archivos\\\/19294\"]}]},{\"@type\":\"ImageObject\",\"inLanguage\":\"va\",\"@id\":\"https:\\\/\\\/alcompasrevista.com\\\/va\\\/archivos\\\/19294#primaryimage\",\"url\":\"https:\\\/\\\/alcompasrevista.com\\\/wp-content\\\/uploads\\\/2024\\\/02\\\/cristina-llorens.jpeg\",\"contentUrl\":\"https:\\\/\\\/alcompasrevista.com\\\/wp-content\\\/uploads\\\/2024\\\/02\\\/cristina-llorens.jpeg\",\"width\":2048,\"height\":1339},{\"@type\":\"BreadcrumbList\",\"@id\":\"https:\\\/\\\/alcompasrevista.com\\\/va\\\/archivos\\\/19294#breadcrumb\",\"itemListElement\":[{\"@type\":\"ListItem\",\"position\":1,\"name\":\"Portada\",\"item\":\"https:\\\/\\\/alcompasrevista.com\\\/va\"},{\"@type\":\"ListItem\",\"position\":2,\"name\":\"La Banda Simf\u00f2nica d&#8217;Algemes\u00ed celebra el Concert del Soci amb sarsueles, pasdobles i m\u00fasica mexicana\"}]},{\"@type\":\"WebSite\",\"@id\":\"https:\\\/\\\/alcompasrevista.com\\\/#website\",\"url\":\"https:\\\/\\\/alcompasrevista.com\\\/\",\"name\":\"Revista Al Comp\u00e0s\",\"description\":\"Un proyecto de la Federaci\u00f3n de Sociedades Musicales de la Comunidad Valenciana\",\"publisher\":{\"@id\":\"https:\\\/\\\/alcompasrevista.com\\\/#organization\"},\"potentialAction\":[{\"@type\":\"SearchAction\",\"target\":{\"@type\":\"EntryPoint\",\"urlTemplate\":\"https:\\\/\\\/alcompasrevista.com\\\/?s={search_term_string}\"},\"query-input\":{\"@type\":\"PropertyValueSpecification\",\"valueRequired\":true,\"valueName\":\"search_term_string\"}}],\"inLanguage\":\"va\"},{\"@type\":\"Organization\",\"@id\":\"https:\\\/\\\/alcompasrevista.com\\\/#organization\",\"name\":\"Revista Al Comp\u00e0s\",\"url\":\"https:\\\/\\\/alcompasrevista.com\\\/\",\"logo\":{\"@type\":\"ImageObject\",\"inLanguage\":\"va\",\"@id\":\"https:\\\/\\\/alcompasrevista.com\\\/#\\\/schema\\\/logo\\\/image\\\/\",\"url\":\"https:\\\/\\\/alcompasrevista.com\\\/wp-content\\\/uploads\\\/2022\\\/04\\\/cropped-loog_blanco.png\",\"contentUrl\":\"https:\\\/\\\/alcompasrevista.com\\\/wp-content\\\/uploads\\\/2022\\\/04\\\/cropped-loog_blanco.png\",\"width\":1612,\"height\":724,\"caption\":\"Revista Al Comp\u00e0s\"},\"image\":{\"@id\":\"https:\\\/\\\/alcompasrevista.com\\\/#\\\/schema\\\/logo\\\/image\\\/\"}},{\"@type\":\"Person\",\"@id\":\"https:\\\/\\\/alcompasrevista.com\\\/#\\\/schema\\\/person\\\/c10652a34fa01d238ecd498d150347fc\",\"name\":\"Redacci\u00f3n\",\"image\":{\"@type\":\"ImageObject\",\"inLanguage\":\"va\",\"@id\":\"https:\\\/\\\/secure.gravatar.com\\\/avatar\\\/e6a6d0cd2ddec22e0ca7d21b7e49d4a0099fbdc1d476e5412893210bce942ce9?s=96&d=mm&r=g\",\"url\":\"https:\\\/\\\/secure.gravatar.com\\\/avatar\\\/e6a6d0cd2ddec22e0ca7d21b7e49d4a0099fbdc1d476e5412893210bce942ce9?s=96&d=mm&r=g\",\"contentUrl\":\"https:\\\/\\\/secure.gravatar.com\\\/avatar\\\/e6a6d0cd2ddec22e0ca7d21b7e49d4a0099fbdc1d476e5412893210bce942ce9?s=96&d=mm&r=g\",\"caption\":\"Redacci\u00f3n\"},\"url\":\"https:\\\/\\\/alcompasrevista.com\\\/va\\\/archivos\\\/author\\\/vhj_webmaster\"}]}<\/script>\n<!-- \/ Yoast SEO plugin. -->","yoast_head_json":{"title":"La Banda Simf\u00f2nica d'Algemes\u00ed celebra el Concert del Soci amb sarsueles, pasdobles i m\u00fasica mexicana - Revista Al Comp\u00e0s","description":"Un homenatge al Soci. Aix\u00f2 \u00e9s el que pret\u00e9n la Banda Simf\u00f2nica d'Algemes\u00ed amb el Concert del Soci, que enguany celebra la seua segona edici\u00f3. Un espectacle en agra\u00efment a la llavor totalment desinteressada dels socis d'aquesta Societat, qui s\u00f3n un pilar molt important en la nostra associaci\u00f3 gr\u00e0cies a la seua col\u00b7laboraci\u00f3 altruista any rere any.","robots":{"index":"index","follow":"follow","max-snippet":"max-snippet:-1","max-image-preview":"max-image-preview:large","max-video-preview":"max-video-preview:-1"},"canonical":"https:\/\/alcompasrevista.com\/va\/archivos\/19294","og_locale":"en_US","og_type":"article","og_title":"La Banda Simf\u00f2nica d'Algemes\u00ed celebra el Concert del Soci amb sarsueles, pasdobles i m\u00fasica mexicana - Revista Al Comp\u00e0s","og_description":"Un homenatge al Soci. Aix\u00f2 \u00e9s el que pret\u00e9n la Banda Simf\u00f2nica d'Algemes\u00ed amb el Concert del Soci, que enguany celebra la seua segona edici\u00f3. Un espectacle en agra\u00efment a la llavor totalment desinteressada dels socis d'aquesta Societat, qui s\u00f3n un pilar molt important en la nostra associaci\u00f3 gr\u00e0cies a la seua col\u00b7laboraci\u00f3 altruista any rere any.","og_url":"https:\/\/alcompasrevista.com\/va\/archivos\/19294","og_site_name":"Revista Al Comp\u00e0s","article_published_time":"2024-02-09T12:42:08+00:00","article_modified_time":"2024-02-09T12:58:57+00:00","og_image":[{"width":2048,"height":1339,"url":"https:\/\/alcompasrevista.com\/wp-content\/uploads\/2024\/02\/cristina-llorens.jpeg","type":"image\/jpeg"}],"author":"Redacci\u00f3n","twitter_card":"summary_large_image","twitter_misc":{"Written by":"Redacci\u00f3","Est. reading time":"2 minutes"},"schema":{"@context":"https:\/\/schema.org","@graph":[{"@type":"Article","@id":"https:\/\/alcompasrevista.com\/va\/archivos\/19294#article","isPartOf":{"@id":"https:\/\/alcompasrevista.com\/va\/archivos\/19294"},"author":{"name":"Redacci\u00f3n","@id":"https:\/\/alcompasrevista.com\/#\/schema\/person\/c10652a34fa01d238ecd498d150347fc"},"headline":"La Banda Simf\u00f2nica d&#8217;Algemes\u00ed celebra el Concert del Soci amb sarsueles, pasdobles i m\u00fasica mexicana","datePublished":"2024-02-09T12:42:08+00:00","dateModified":"2024-02-09T12:58:57+00:00","mainEntityOfPage":{"@id":"https:\/\/alcompasrevista.com\/va\/archivos\/19294"},"wordCount":218,"commentCount":0,"publisher":{"@id":"https:\/\/alcompasrevista.com\/#organization"},"image":{"@id":"https:\/\/alcompasrevista.com\/va\/archivos\/19294#primaryimage"},"thumbnailUrl":"https:\/\/alcompasrevista.com\/wp-content\/uploads\/2024\/02\/cristina-llorens.jpeg","keywords":["concert"],"articleSection":["#Not\u00edcies"],"inLanguage":"va","potentialAction":[{"@type":"CommentAction","name":"Comment","target":["https:\/\/alcompasrevista.com\/va\/archivos\/19294#respond"]}]},{"@type":"WebPage","@id":"https:\/\/alcompasrevista.com\/va\/archivos\/19294","url":"https:\/\/alcompasrevista.com\/va\/archivos\/19294","name":"La Banda Simf\u00f2nica d'Algemes\u00ed celebra el Concert del Soci amb sarsueles, pasdobles i m\u00fasica mexicana - Revista Al Comp\u00e0s","isPartOf":{"@id":"https:\/\/alcompasrevista.com\/#website"},"primaryImageOfPage":{"@id":"https:\/\/alcompasrevista.com\/va\/archivos\/19294#primaryimage"},"image":{"@id":"https:\/\/alcompasrevista.com\/va\/archivos\/19294#primaryimage"},"thumbnailUrl":"https:\/\/alcompasrevista.com\/wp-content\/uploads\/2024\/02\/cristina-llorens.jpeg","datePublished":"2024-02-09T12:42:08+00:00","dateModified":"2024-02-09T12:58:57+00:00","description":"Un homenatge al Soci. Aix\u00f2 \u00e9s el que pret\u00e9n la Banda Simf\u00f2nica d'Algemes\u00ed amb el Concert del Soci, que enguany celebra la seua segona edici\u00f3. Un espectacle en agra\u00efment a la llavor totalment desinteressada dels socis d'aquesta Societat, qui s\u00f3n un pilar molt important en la nostra associaci\u00f3 gr\u00e0cies a la seua col\u00b7laboraci\u00f3 altruista any rere any.","breadcrumb":{"@id":"https:\/\/alcompasrevista.com\/va\/archivos\/19294#breadcrumb"},"inLanguage":"va","potentialAction":[{"@type":"ReadAction","target":["https:\/\/alcompasrevista.com\/va\/archivos\/19294"]}]},{"@type":"ImageObject","inLanguage":"va","@id":"https:\/\/alcompasrevista.com\/va\/archivos\/19294#primaryimage","url":"https:\/\/alcompasrevista.com\/wp-content\/uploads\/2024\/02\/cristina-llorens.jpeg","contentUrl":"https:\/\/alcompasrevista.com\/wp-content\/uploads\/2024\/02\/cristina-llorens.jpeg","width":2048,"height":1339},{"@type":"BreadcrumbList","@id":"https:\/\/alcompasrevista.com\/va\/archivos\/19294#breadcrumb","itemListElement":[{"@type":"ListItem","position":1,"name":"Portada","item":"https:\/\/alcompasrevista.com\/va"},{"@type":"ListItem","position":2,"name":"La Banda Simf\u00f2nica d&#8217;Algemes\u00ed celebra el Concert del Soci amb sarsueles, pasdobles i m\u00fasica mexicana"}]},{"@type":"WebSite","@id":"https:\/\/alcompasrevista.com\/#website","url":"https:\/\/alcompasrevista.com\/","name":"Revista Al Comp\u00e0s","description":"Un proyecto de la Federaci\u00f3n de Sociedades Musicales de la Comunidad Valenciana","publisher":{"@id":"https:\/\/alcompasrevista.com\/#organization"},"potentialAction":[{"@type":"SearchAction","target":{"@type":"EntryPoint","urlTemplate":"https:\/\/alcompasrevista.com\/?s={search_term_string}"},"query-input":{"@type":"PropertyValueSpecification","valueRequired":true,"valueName":"search_term_string"}}],"inLanguage":"va"},{"@type":"Organization","@id":"https:\/\/alcompasrevista.com\/#organization","name":"Revista Al Comp\u00e0s","url":"https:\/\/alcompasrevista.com\/","logo":{"@type":"ImageObject","inLanguage":"va","@id":"https:\/\/alcompasrevista.com\/#\/schema\/logo\/image\/","url":"https:\/\/alcompasrevista.com\/wp-content\/uploads\/2022\/04\/cropped-loog_blanco.png","contentUrl":"https:\/\/alcompasrevista.com\/wp-content\/uploads\/2022\/04\/cropped-loog_blanco.png","width":1612,"height":724,"caption":"Revista Al Comp\u00e0s"},"image":{"@id":"https:\/\/alcompasrevista.com\/#\/schema\/logo\/image\/"}},{"@type":"Person","@id":"https:\/\/alcompasrevista.com\/#\/schema\/person\/c10652a34fa01d238ecd498d150347fc","name":"Redacci\u00f3n","image":{"@type":"ImageObject","inLanguage":"va","@id":"https:\/\/secure.gravatar.com\/avatar\/e6a6d0cd2ddec22e0ca7d21b7e49d4a0099fbdc1d476e5412893210bce942ce9?s=96&d=mm&r=g","url":"https:\/\/secure.gravatar.com\/avatar\/e6a6d0cd2ddec22e0ca7d21b7e49d4a0099fbdc1d476e5412893210bce942ce9?s=96&d=mm&r=g","contentUrl":"https:\/\/secure.gravatar.com\/avatar\/e6a6d0cd2ddec22e0ca7d21b7e49d4a0099fbdc1d476e5412893210bce942ce9?s=96&d=mm&r=g","caption":"Redacci\u00f3n"},"url":"https:\/\/alcompasrevista.com\/va\/archivos\/author\/vhj_webmaster"}]}},"_links":{"self":[{"href":"https:\/\/alcompasrevista.com\/va\/wp-json\/wp\/v2\/posts\/19294","targetHints":{"allow":["GET"]}}],"collection":[{"href":"https:\/\/alcompasrevista.com\/va\/wp-json\/wp\/v2\/posts"}],"about":[{"href":"https:\/\/alcompasrevista.com\/va\/wp-json\/wp\/v2\/types\/post"}],"author":[{"embeddable":true,"href":"https:\/\/alcompasrevista.com\/va\/wp-json\/wp\/v2\/users\/860002"}],"replies":[{"embeddable":true,"href":"https:\/\/alcompasrevista.com\/va\/wp-json\/wp\/v2\/comments?post=19294"}],"version-history":[{"count":0,"href":"https:\/\/alcompasrevista.com\/va\/wp-json\/wp\/v2\/posts\/19294\/revisions"}],"wp:featuredmedia":[{"embeddable":true,"href":"https:\/\/alcompasrevista.com\/va\/wp-json\/wp\/v2\/media\/19289"}],"wp:attachment":[{"href":"https:\/\/alcompasrevista.com\/va\/wp-json\/wp\/v2\/media?parent=19294"}],"wp:term":[{"taxonomy":"category","embeddable":true,"href":"https:\/\/alcompasrevista.com\/va\/wp-json\/wp\/v2\/categories?post=19294"},{"taxonomy":"post_tag","embeddable":true,"href":"https:\/\/alcompasrevista.com\/va\/wp-json\/wp\/v2\/tags?post=19294"},{"taxonomy":"portada","embeddable":true,"href":"https:\/\/alcompasrevista.com\/va\/wp-json\/wp\/v2\/portada?post=19294"}],"curies":[{"name":"wp","href":"https:\/\/api.w.org\/{rel}","templated":true}]}}