{"id":19274,"date":"2024-02-09T11:33:24","date_gmt":"2024-02-09T10:33:24","guid":{"rendered":"https:\/\/alcompasrevista.com\/?p=19274"},"modified":"2024-02-09T13:18:45","modified_gmt":"2024-02-09T12:18:45","slug":"coneix-al-cor-universitari-sant-yago-les-veus-que-acompanyaran-a-la-jove-orquestra-simfonica-de-la-fsmcv-en-els-arts","status":"publish","type":"post","link":"https:\/\/alcompasrevista.com\/va\/archivos\/19274","title":{"rendered":"Les veus que acompanyaran a la Jove Orquestra Simf\u00f2nica de la FSMCV en Les Arts (I): el Coro Universitario Sant Yago"},"content":{"rendered":"\n<p>El Coro Universitario Sant Yago de Val\u00e8ncia ser\u00e0 una de la dos formacions corals que acompanyaran a la Jove Orquestra Simf\u00f2nica de la FSMCV en el concert de Les Arts el pr\u00f2xim 25 de febrer, en el qual interpretaran <em>Carmina Burana<\/em>. Est\u00e0 compost en la seua majoria per estudiants i llicenciats d&#8217;universitats valencianes. Va ser fundat en 1968 i durant m\u00e9s de cinc d\u00e8cades de traject\u00f2ria s&#8217;ha consolidat com una de les corals m\u00e9s importants de la Comunitat Valenciana. Des de 2008, el seu director titular \u00e9s Pau de Luis Alba. En Al Comp\u00e0s parlem amb ell abans d&#8217;este gran concert.<\/p>\n\n\n\n<p><strong>Al Comp\u00e0s. Quants membres t\u00e9 el cor en l&#8217;actualitat?<\/strong><\/p>\n\n\n\n<p><strong>Pau de Luis.<\/strong> El cor t\u00e9 actualment en plantilla uns 50 coralistas, per\u00f2 d&#8217;acord amb Crist\u00f3bal Soler, per a poder fer front a una orquestra de tanta qualitat i tan nombrosa com la federal, ens hem refor\u00e7at amb altres 50 excoralistes, membres del nostre cor en altres \u00e8poques, que s&#8217;han il\u00b7lusionat amb el projecte tant com nosaltres.<\/p>\n\n\n\n<p><strong>AC. Quins perfils integren el cor en l&#8217;actualitat?<\/strong><\/p>\n\n\n\n<p><strong>PL.<\/strong> L&#8217;edat mitjana del cor est\u00e0 entorn dels 25\/30 anys. Comptem amb estudiants universitaris de moltes de les universitats valencianes p\u00fabliques i privades, encara que cada vegada abunda m\u00e9s el perfil de coralista jove que, una vegada titulat, inicia la seua marxa en el m\u00f3n laboral.<\/p>\n\n\n\n<p><strong>AC. Parlem d&#8217;una instituci\u00f3 amb m\u00e9s de cinquanta anys, que tu dirigixes des de 2008. S&#8217;ha transformat molt el cor en els \u00faltims anys?<\/strong><\/p>\n\n\n\n<p><strong>PL.<\/strong> Des que jo ho dirigisc, el cor, m\u00e9s que transformar-se, ha evolucionat. Els objectius del cor i el reconeixement que tenim continua sent el mateix, per\u00f2 han canviat els elements motivacionals que mouen als coralistas. La cerca d&#8217;un repertori innovador i de metodologies de treball diferents han sigut els meus objectius els \u00faltims anys.<\/p>\n\n\n\n<p><strong>AC. Com descriuries al Coro Universitario Sant Yago de 2024?<\/strong><\/p>\n\n\n\n<p><strong>PL.<\/strong> Crec que el Coro Sant Yago actual combina dos elements fonamentals per a la superviv\u00e8ncia de qualsevol formaci\u00f3 coral: un grup de veus de gran qualitat i un ambient social enriquidor.<\/p>\n\n\n\n<p><strong>AC. Com afronteu el concert del 25 de febrer, qu\u00e8 espereu de la uni\u00f3 amb la Jove Orquestra Simf\u00f2nica de FSMCV?<\/strong><\/p>\n\n\n\n<p><strong>PL.<\/strong> Coneixem la gran qualitat de l&#8217;orquestra, la seua enorme motivaci\u00f3 i la gran tasca que el seu director duu a terme al capdavant. El nostre objectiu \u00e9s estar a l&#8217;altura i, si pot ser, que es torne a comptar amb nosaltres en el futur.<\/p>\n\n\n\n<p><strong>AC. Quin creus que \u00e9s major repte del recital en Les Arts per al cor?<\/strong><\/p>\n\n\n\n<p><strong>PL.<\/strong> Va per davant que mai fins ara hav\u00edem cantat en Les Arts. Sempre \u00e9s un repte ac\u00fastic cantar des de les cadires de cor de qualsevol auditori, projectar la nostra massa sonora i no ser tapats per l&#8217;orquestra. El nostre \u00faltim concert en el Palau de la M\u00fasica amb orquestra va ser en 2018, amb motiu del nostre 50 aniversari, i, en termes ac\u00fastics, el resultat va ser molt satisfactori. Estic conven\u00e7ut que tamb\u00e9 ho ser\u00e0 el pr\u00f2xim 25 de febrer en Els Arts.<\/p>\n\n\n\n<p><strong>AC. <em>Carmina Burana<\/em> \u00e9s una de les obres capaces de congregar a m\u00e9s p\u00fablic en un auditori. Quins reptes planteja per al vostre Cor?<\/strong><\/p>\n\n\n\n<p><strong>PL.<\/strong> El <em>Carmina Burana<\/em> \u00e9s una obra amb dos aspectes fonamentals: molts canvis de tempo i passatges extremadament aguts. Crec que el cor est\u00e0 preparat per a afrontar el segon amb garanties, per\u00f2 el primer aspecte \u00e9s m\u00e9s preocupant, perqu\u00e8 dep\u00e9n d&#8217;una perfecta fusi\u00f3 entre cor, orquestra i director. Actitud i atenci\u00f3 m\u00e0xima seran els nostres millors recursos.<\/p>\n\n\n\n<p><strong>AC. En eixe concert conflu\u00efu tres formacions que posen en valor el talent jove dels m\u00fasics i cantants del nostre territori. Quin creus que \u00e9s el nivell coral de la Comunitat Valenciana?<\/strong><\/p>\n\n\n\n<p><strong>PL.<\/strong> Seria agosarat que jo valorara el nivell coral de la Comunitat. Preferisc valorar la tradici\u00f3 coral. La Comunitat compta amb m\u00e9s de 300 formacions corals al llarg del territori, amb una mitjana d&#8217;uns 30 coralistas per formaci\u00f3\u2026 crec que els n\u00fameros parlen per si sols sobre a l&#8217;arrelament d&#8217;esta bonica activitat que suposa unir la teua veu amb el del costat.<\/p>\n","protected":false},"excerpt":{"rendered":"<p>El Coro Universitario Sant Yago de Val\u00e8ncia ser\u00e0 una de la dos formacions corals que acompanyaran a la Jove Orquestra Simf\u00f2nica de la FSMCV en el concert de Les Arts [&hellip;]<\/p>\n","protected":false},"author":860002,"featured_media":19276,"comment_status":"open","ping_status":"open","sticky":false,"template":"","format":"standard","meta":{"footnotes":""},"categories":[28],"tags":[972,966,35],"portada":[40],"class_list":["post-19274","post","type-post","status-publish","format-standard","has-post-thumbnail","hentry","category-laterreta-va","tag-carmina-burana","tag-entrevista","tag-portada-va","portada-portada"],"yoast_head":"<!-- This site is optimized with the Yoast SEO plugin v27.4 - https:\/\/yoast.com\/product\/yoast-seo-wordpress\/ -->\n<title>Les veus que acompanyaran a la Jove Orquestra Simf\u00f2nica de la FSMCV en Les Arts (I): el Coro Universitario Sant Yago - Revista Al Comp\u00e0s<\/title>\n<meta name=\"robots\" content=\"index, follow, max-snippet:-1, max-image-preview:large, max-video-preview:-1\" \/>\n<link rel=\"canonical\" href=\"https:\/\/alcompasrevista.com\/va\/archivos\/19274\" \/>\n<meta property=\"og:locale\" content=\"en_US\" \/>\n<meta property=\"og:type\" content=\"article\" \/>\n<meta property=\"og:title\" content=\"Les veus que acompanyaran a la Jove Orquestra Simf\u00f2nica de la FSMCV en Les Arts (I): el Coro Universitario Sant Yago - Revista Al Comp\u00e0s\" \/>\n<meta property=\"og:description\" content=\"El Coro Universitario Sant Yago de Val\u00e8ncia ser\u00e0 una de la dos formacions corals que acompanyaran a la Jove Orquestra Simf\u00f2nica de la FSMCV en el concert de Les Arts [&hellip;]\" \/>\n<meta property=\"og:url\" content=\"https:\/\/alcompasrevista.com\/va\/archivos\/19274\" \/>\n<meta property=\"og:site_name\" content=\"Revista Al Comp\u00e0s\" \/>\n<meta property=\"article:published_time\" content=\"2024-02-09T10:33:24+00:00\" \/>\n<meta property=\"article:modified_time\" content=\"2024-02-09T12:18:45+00:00\" \/>\n<meta property=\"og:image\" content=\"https:\/\/alcompasrevista.com\/wp-content\/uploads\/2024\/02\/3b66abef-cb0a-47af-aa54-e2869177f59b-scaled.jpg\" \/>\n\t<meta property=\"og:image:width\" content=\"2560\" \/>\n\t<meta property=\"og:image:height\" content=\"1440\" \/>\n\t<meta property=\"og:image:type\" content=\"image\/jpeg\" \/>\n<meta name=\"author\" content=\"Redacci\u00f3n\" \/>\n<meta name=\"twitter:card\" content=\"summary_large_image\" \/>\n<meta name=\"twitter:label1\" content=\"Written by\" \/>\n\t<meta name=\"twitter:data1\" content=\"Redacci\u00f3\" \/>\n\t<meta name=\"twitter:label2\" content=\"Est. reading time\" \/>\n\t<meta name=\"twitter:data2\" content=\"4 minutes\" \/>\n<script type=\"application\/ld+json\" class=\"yoast-schema-graph\">{\"@context\":\"https:\\\/\\\/schema.org\",\"@graph\":[{\"@type\":\"Article\",\"@id\":\"https:\\\/\\\/alcompasrevista.com\\\/va\\\/archivos\\\/19274#article\",\"isPartOf\":{\"@id\":\"https:\\\/\\\/alcompasrevista.com\\\/va\\\/archivos\\\/19274\"},\"author\":{\"name\":\"Redacci\u00f3n\",\"@id\":\"https:\\\/\\\/alcompasrevista.com\\\/#\\\/schema\\\/person\\\/c10652a34fa01d238ecd498d150347fc\"},\"headline\":\"Les veus que acompanyaran a la Jove Orquestra Simf\u00f2nica de la FSMCV en Les Arts (I): el Coro Universitario Sant Yago\",\"datePublished\":\"2024-02-09T10:33:24+00:00\",\"dateModified\":\"2024-02-09T12:18:45+00:00\",\"mainEntityOfPage\":{\"@id\":\"https:\\\/\\\/alcompasrevista.com\\\/va\\\/archivos\\\/19274\"},\"wordCount\":744,\"commentCount\":0,\"publisher\":{\"@id\":\"https:\\\/\\\/alcompasrevista.com\\\/#organization\"},\"image\":{\"@id\":\"https:\\\/\\\/alcompasrevista.com\\\/va\\\/archivos\\\/19274#primaryimage\"},\"thumbnailUrl\":\"https:\\\/\\\/alcompasrevista.com\\\/wp-content\\\/uploads\\\/2024\\\/02\\\/3b66abef-cb0a-47af-aa54-e2869177f59b-scaled.jpg\",\"keywords\":[\"Carmina Burana\",\"entrevista\",\"Portada\"],\"articleSection\":[\"#Laterreta\"],\"inLanguage\":\"va\",\"potentialAction\":[{\"@type\":\"CommentAction\",\"name\":\"Comment\",\"target\":[\"https:\\\/\\\/alcompasrevista.com\\\/va\\\/archivos\\\/19274#respond\"]}]},{\"@type\":\"WebPage\",\"@id\":\"https:\\\/\\\/alcompasrevista.com\\\/va\\\/archivos\\\/19274\",\"url\":\"https:\\\/\\\/alcompasrevista.com\\\/va\\\/archivos\\\/19274\",\"name\":\"Les veus que acompanyaran a la Jove Orquestra Simf\u00f2nica de la FSMCV en Les Arts (I): el Coro Universitario Sant Yago - Revista Al Comp\u00e0s\",\"isPartOf\":{\"@id\":\"https:\\\/\\\/alcompasrevista.com\\\/#website\"},\"primaryImageOfPage\":{\"@id\":\"https:\\\/\\\/alcompasrevista.com\\\/va\\\/archivos\\\/19274#primaryimage\"},\"image\":{\"@id\":\"https:\\\/\\\/alcompasrevista.com\\\/va\\\/archivos\\\/19274#primaryimage\"},\"thumbnailUrl\":\"https:\\\/\\\/alcompasrevista.com\\\/wp-content\\\/uploads\\\/2024\\\/02\\\/3b66abef-cb0a-47af-aa54-e2869177f59b-scaled.jpg\",\"datePublished\":\"2024-02-09T10:33:24+00:00\",\"dateModified\":\"2024-02-09T12:18:45+00:00\",\"breadcrumb\":{\"@id\":\"https:\\\/\\\/alcompasrevista.com\\\/va\\\/archivos\\\/19274#breadcrumb\"},\"inLanguage\":\"va\",\"potentialAction\":[{\"@type\":\"ReadAction\",\"target\":[\"https:\\\/\\\/alcompasrevista.com\\\/va\\\/archivos\\\/19274\"]}]},{\"@type\":\"ImageObject\",\"inLanguage\":\"va\",\"@id\":\"https:\\\/\\\/alcompasrevista.com\\\/va\\\/archivos\\\/19274#primaryimage\",\"url\":\"https:\\\/\\\/alcompasrevista.com\\\/wp-content\\\/uploads\\\/2024\\\/02\\\/3b66abef-cb0a-47af-aa54-e2869177f59b-scaled.jpg\",\"contentUrl\":\"https:\\\/\\\/alcompasrevista.com\\\/wp-content\\\/uploads\\\/2024\\\/02\\\/3b66abef-cb0a-47af-aa54-e2869177f59b-scaled.jpg\",\"width\":2560,\"height\":1440},{\"@type\":\"BreadcrumbList\",\"@id\":\"https:\\\/\\\/alcompasrevista.com\\\/va\\\/archivos\\\/19274#breadcrumb\",\"itemListElement\":[{\"@type\":\"ListItem\",\"position\":1,\"name\":\"Portada\",\"item\":\"https:\\\/\\\/alcompasrevista.com\\\/va\"},{\"@type\":\"ListItem\",\"position\":2,\"name\":\"Les veus que acompanyaran a la Jove Orquestra Simf\u00f2nica de la FSMCV en Les Arts (I): el Coro Universitario Sant Yago\"}]},{\"@type\":\"WebSite\",\"@id\":\"https:\\\/\\\/alcompasrevista.com\\\/#website\",\"url\":\"https:\\\/\\\/alcompasrevista.com\\\/\",\"name\":\"Revista Al Comp\u00e0s\",\"description\":\"Un proyecto de la Federaci\u00f3n de Sociedades Musicales de la Comunidad Valenciana\",\"publisher\":{\"@id\":\"https:\\\/\\\/alcompasrevista.com\\\/#organization\"},\"potentialAction\":[{\"@type\":\"SearchAction\",\"target\":{\"@type\":\"EntryPoint\",\"urlTemplate\":\"https:\\\/\\\/alcompasrevista.com\\\/?s={search_term_string}\"},\"query-input\":{\"@type\":\"PropertyValueSpecification\",\"valueRequired\":true,\"valueName\":\"search_term_string\"}}],\"inLanguage\":\"va\"},{\"@type\":\"Organization\",\"@id\":\"https:\\\/\\\/alcompasrevista.com\\\/#organization\",\"name\":\"Revista Al Comp\u00e0s\",\"url\":\"https:\\\/\\\/alcompasrevista.com\\\/\",\"logo\":{\"@type\":\"ImageObject\",\"inLanguage\":\"va\",\"@id\":\"https:\\\/\\\/alcompasrevista.com\\\/#\\\/schema\\\/logo\\\/image\\\/\",\"url\":\"https:\\\/\\\/alcompasrevista.com\\\/wp-content\\\/uploads\\\/2022\\\/04\\\/cropped-loog_blanco.png\",\"contentUrl\":\"https:\\\/\\\/alcompasrevista.com\\\/wp-content\\\/uploads\\\/2022\\\/04\\\/cropped-loog_blanco.png\",\"width\":1612,\"height\":724,\"caption\":\"Revista Al Comp\u00e0s\"},\"image\":{\"@id\":\"https:\\\/\\\/alcompasrevista.com\\\/#\\\/schema\\\/logo\\\/image\\\/\"}},{\"@type\":\"Person\",\"@id\":\"https:\\\/\\\/alcompasrevista.com\\\/#\\\/schema\\\/person\\\/c10652a34fa01d238ecd498d150347fc\",\"name\":\"Redacci\u00f3n\",\"image\":{\"@type\":\"ImageObject\",\"inLanguage\":\"va\",\"@id\":\"https:\\\/\\\/secure.gravatar.com\\\/avatar\\\/e6a6d0cd2ddec22e0ca7d21b7e49d4a0099fbdc1d476e5412893210bce942ce9?s=96&d=mm&r=g\",\"url\":\"https:\\\/\\\/secure.gravatar.com\\\/avatar\\\/e6a6d0cd2ddec22e0ca7d21b7e49d4a0099fbdc1d476e5412893210bce942ce9?s=96&d=mm&r=g\",\"contentUrl\":\"https:\\\/\\\/secure.gravatar.com\\\/avatar\\\/e6a6d0cd2ddec22e0ca7d21b7e49d4a0099fbdc1d476e5412893210bce942ce9?s=96&d=mm&r=g\",\"caption\":\"Redacci\u00f3n\"},\"url\":\"https:\\\/\\\/alcompasrevista.com\\\/va\\\/archivos\\\/author\\\/vhj_webmaster\"}]}<\/script>\n<!-- \/ Yoast SEO plugin. -->","yoast_head_json":{"title":"Les veus que acompanyaran a la Jove Orquestra Simf\u00f2nica de la FSMCV en Les Arts (I): el Coro Universitario Sant Yago - Revista Al Comp\u00e0s","robots":{"index":"index","follow":"follow","max-snippet":"max-snippet:-1","max-image-preview":"max-image-preview:large","max-video-preview":"max-video-preview:-1"},"canonical":"https:\/\/alcompasrevista.com\/va\/archivos\/19274","og_locale":"en_US","og_type":"article","og_title":"Les veus que acompanyaran a la Jove Orquestra Simf\u00f2nica de la FSMCV en Les Arts (I): el Coro Universitario Sant Yago - Revista Al Comp\u00e0s","og_description":"El Coro Universitario Sant Yago de Val\u00e8ncia ser\u00e0 una de la dos formacions corals que acompanyaran a la Jove Orquestra Simf\u00f2nica de la FSMCV en el concert de Les Arts [&hellip;]","og_url":"https:\/\/alcompasrevista.com\/va\/archivos\/19274","og_site_name":"Revista Al Comp\u00e0s","article_published_time":"2024-02-09T10:33:24+00:00","article_modified_time":"2024-02-09T12:18:45+00:00","og_image":[{"width":2560,"height":1440,"url":"https:\/\/alcompasrevista.com\/wp-content\/uploads\/2024\/02\/3b66abef-cb0a-47af-aa54-e2869177f59b-scaled.jpg","type":"image\/jpeg"}],"author":"Redacci\u00f3n","twitter_card":"summary_large_image","twitter_misc":{"Written by":"Redacci\u00f3","Est. reading time":"4 minutes"},"schema":{"@context":"https:\/\/schema.org","@graph":[{"@type":"Article","@id":"https:\/\/alcompasrevista.com\/va\/archivos\/19274#article","isPartOf":{"@id":"https:\/\/alcompasrevista.com\/va\/archivos\/19274"},"author":{"name":"Redacci\u00f3n","@id":"https:\/\/alcompasrevista.com\/#\/schema\/person\/c10652a34fa01d238ecd498d150347fc"},"headline":"Les veus que acompanyaran a la Jove Orquestra Simf\u00f2nica de la FSMCV en Les Arts (I): el Coro Universitario Sant Yago","datePublished":"2024-02-09T10:33:24+00:00","dateModified":"2024-02-09T12:18:45+00:00","mainEntityOfPage":{"@id":"https:\/\/alcompasrevista.com\/va\/archivos\/19274"},"wordCount":744,"commentCount":0,"publisher":{"@id":"https:\/\/alcompasrevista.com\/#organization"},"image":{"@id":"https:\/\/alcompasrevista.com\/va\/archivos\/19274#primaryimage"},"thumbnailUrl":"https:\/\/alcompasrevista.com\/wp-content\/uploads\/2024\/02\/3b66abef-cb0a-47af-aa54-e2869177f59b-scaled.jpg","keywords":["Carmina Burana","entrevista","Portada"],"articleSection":["#Laterreta"],"inLanguage":"va","potentialAction":[{"@type":"CommentAction","name":"Comment","target":["https:\/\/alcompasrevista.com\/va\/archivos\/19274#respond"]}]},{"@type":"WebPage","@id":"https:\/\/alcompasrevista.com\/va\/archivos\/19274","url":"https:\/\/alcompasrevista.com\/va\/archivos\/19274","name":"Les veus que acompanyaran a la Jove Orquestra Simf\u00f2nica de la FSMCV en Les Arts (I): el Coro Universitario Sant Yago - Revista Al Comp\u00e0s","isPartOf":{"@id":"https:\/\/alcompasrevista.com\/#website"},"primaryImageOfPage":{"@id":"https:\/\/alcompasrevista.com\/va\/archivos\/19274#primaryimage"},"image":{"@id":"https:\/\/alcompasrevista.com\/va\/archivos\/19274#primaryimage"},"thumbnailUrl":"https:\/\/alcompasrevista.com\/wp-content\/uploads\/2024\/02\/3b66abef-cb0a-47af-aa54-e2869177f59b-scaled.jpg","datePublished":"2024-02-09T10:33:24+00:00","dateModified":"2024-02-09T12:18:45+00:00","breadcrumb":{"@id":"https:\/\/alcompasrevista.com\/va\/archivos\/19274#breadcrumb"},"inLanguage":"va","potentialAction":[{"@type":"ReadAction","target":["https:\/\/alcompasrevista.com\/va\/archivos\/19274"]}]},{"@type":"ImageObject","inLanguage":"va","@id":"https:\/\/alcompasrevista.com\/va\/archivos\/19274#primaryimage","url":"https:\/\/alcompasrevista.com\/wp-content\/uploads\/2024\/02\/3b66abef-cb0a-47af-aa54-e2869177f59b-scaled.jpg","contentUrl":"https:\/\/alcompasrevista.com\/wp-content\/uploads\/2024\/02\/3b66abef-cb0a-47af-aa54-e2869177f59b-scaled.jpg","width":2560,"height":1440},{"@type":"BreadcrumbList","@id":"https:\/\/alcompasrevista.com\/va\/archivos\/19274#breadcrumb","itemListElement":[{"@type":"ListItem","position":1,"name":"Portada","item":"https:\/\/alcompasrevista.com\/va"},{"@type":"ListItem","position":2,"name":"Les veus que acompanyaran a la Jove Orquestra Simf\u00f2nica de la FSMCV en Les Arts (I): el Coro Universitario Sant Yago"}]},{"@type":"WebSite","@id":"https:\/\/alcompasrevista.com\/#website","url":"https:\/\/alcompasrevista.com\/","name":"Revista Al Comp\u00e0s","description":"Un proyecto de la Federaci\u00f3n de Sociedades Musicales de la Comunidad Valenciana","publisher":{"@id":"https:\/\/alcompasrevista.com\/#organization"},"potentialAction":[{"@type":"SearchAction","target":{"@type":"EntryPoint","urlTemplate":"https:\/\/alcompasrevista.com\/?s={search_term_string}"},"query-input":{"@type":"PropertyValueSpecification","valueRequired":true,"valueName":"search_term_string"}}],"inLanguage":"va"},{"@type":"Organization","@id":"https:\/\/alcompasrevista.com\/#organization","name":"Revista Al Comp\u00e0s","url":"https:\/\/alcompasrevista.com\/","logo":{"@type":"ImageObject","inLanguage":"va","@id":"https:\/\/alcompasrevista.com\/#\/schema\/logo\/image\/","url":"https:\/\/alcompasrevista.com\/wp-content\/uploads\/2022\/04\/cropped-loog_blanco.png","contentUrl":"https:\/\/alcompasrevista.com\/wp-content\/uploads\/2022\/04\/cropped-loog_blanco.png","width":1612,"height":724,"caption":"Revista Al Comp\u00e0s"},"image":{"@id":"https:\/\/alcompasrevista.com\/#\/schema\/logo\/image\/"}},{"@type":"Person","@id":"https:\/\/alcompasrevista.com\/#\/schema\/person\/c10652a34fa01d238ecd498d150347fc","name":"Redacci\u00f3n","image":{"@type":"ImageObject","inLanguage":"va","@id":"https:\/\/secure.gravatar.com\/avatar\/e6a6d0cd2ddec22e0ca7d21b7e49d4a0099fbdc1d476e5412893210bce942ce9?s=96&d=mm&r=g","url":"https:\/\/secure.gravatar.com\/avatar\/e6a6d0cd2ddec22e0ca7d21b7e49d4a0099fbdc1d476e5412893210bce942ce9?s=96&d=mm&r=g","contentUrl":"https:\/\/secure.gravatar.com\/avatar\/e6a6d0cd2ddec22e0ca7d21b7e49d4a0099fbdc1d476e5412893210bce942ce9?s=96&d=mm&r=g","caption":"Redacci\u00f3n"},"url":"https:\/\/alcompasrevista.com\/va\/archivos\/author\/vhj_webmaster"}]}},"_links":{"self":[{"href":"https:\/\/alcompasrevista.com\/va\/wp-json\/wp\/v2\/posts\/19274","targetHints":{"allow":["GET"]}}],"collection":[{"href":"https:\/\/alcompasrevista.com\/va\/wp-json\/wp\/v2\/posts"}],"about":[{"href":"https:\/\/alcompasrevista.com\/va\/wp-json\/wp\/v2\/types\/post"}],"author":[{"embeddable":true,"href":"https:\/\/alcompasrevista.com\/va\/wp-json\/wp\/v2\/users\/860002"}],"replies":[{"embeddable":true,"href":"https:\/\/alcompasrevista.com\/va\/wp-json\/wp\/v2\/comments?post=19274"}],"version-history":[{"count":0,"href":"https:\/\/alcompasrevista.com\/va\/wp-json\/wp\/v2\/posts\/19274\/revisions"}],"wp:featuredmedia":[{"embeddable":true,"href":"https:\/\/alcompasrevista.com\/va\/wp-json\/wp\/v2\/media\/19276"}],"wp:attachment":[{"href":"https:\/\/alcompasrevista.com\/va\/wp-json\/wp\/v2\/media?parent=19274"}],"wp:term":[{"taxonomy":"category","embeddable":true,"href":"https:\/\/alcompasrevista.com\/va\/wp-json\/wp\/v2\/categories?post=19274"},{"taxonomy":"post_tag","embeddable":true,"href":"https:\/\/alcompasrevista.com\/va\/wp-json\/wp\/v2\/tags?post=19274"},{"taxonomy":"portada","embeddable":true,"href":"https:\/\/alcompasrevista.com\/va\/wp-json\/wp\/v2\/portada?post=19274"}],"curies":[{"name":"wp","href":"https:\/\/api.w.org\/{rel}","templated":true}]}}