{"id":19140,"date":"2024-01-30T14:07:41","date_gmt":"2024-01-30T13:07:41","guid":{"rendered":"https:\/\/alcompasrevista.com\/?p=19140"},"modified":"2024-01-30T15:25:57","modified_gmt":"2024-01-30T14:25:57","slug":"cultura-caixabank-i-la-fsmcv-celebren-el-vi-festival-caixabank-dorquestres-de-la-comunitat-valenciana","status":"publish","type":"post","link":"https:\/\/alcompasrevista.com\/va\/archivos\/19140","title":{"rendered":"Cultura, CaixaBank i la FSMCV celebren el VI Festival CaixaBank d&#8217;Orquestres de la Comunitat Valenciana"},"content":{"rendered":"\n<p>La Vicepresid\u00e8ncia Primera i Conselleria de Cultura i Esport, a trav\u00e9s de l&#8217;Institut Valenci\u00e0 de Cultura, CaixaBank i la Federaci\u00f3 de Societats Musicals de la Comunitat Valenciana (FSMCV) celebren la sisena edici\u00f3 del Festival CaixaBank d&#8217;Orquestres de la Comunitat Valenciana.<\/p>\n\n\n\n<p>Amb la finalitat d&#8217;estimular el moviment orquestral valenci\u00e0, les dos orquestres guanyadores del VI Concurs CaixaBank d&#8217;Orquestres de la Comunitat Valenciana i les dos que han obtingut la segona millor puntuaci\u00f3 en cadascuna de les dues categories d&#8217;aquest certamen participen en el VI Festival CaixaBank d&#8217;Orquestres de la Comunitat Valenciana.<\/p>\n\n\n\n<p>El Concurs CaixaBank d&#8217;Orquestres de la Comunitat Valenciana consta de dos categories: Salvador Giner, per a orquestres d&#8217;entre 30 i 60 m\u00fasics; i Mart\u00edn i Soler, per a orquestres d&#8217;entre 61 i 85 m\u00fasics. La seua sisena edici\u00f3 es va celebrar el diumenge 5 de novembre de 2023 a l&#8217;Auditori del Palau de les Arts de Val\u00e8ncia.<\/p>\n\n\n\n<p>Tant el concurs com el festival s&#8217;emmarquen en el programa CaixaBank Escolta Val\u00e8ncia, que es desenvolupa per a impulsar i recon\u00e9ixer l&#8217;activitat musical a la Comunitat Valenciana i que t\u00e9 en estos esdeveniments dos de les seues accions m\u00e9s importants.<\/p>\n\n\n\n<p><strong>Primer concert a Tavernes de la Valldigna<\/strong><strong><\/strong><\/p>\n\n\n\n<p>El primer concert se celebra el 4 de febrer, a les 12 hores, a l&#8217;Auditori de la Societat Instructiva Uni\u00f3 Musical de Tavernes de la Valldigna. Participen l&#8217;Orquestra Simf\u00f2nica de la Societat Instructiva Uni\u00f3 Musical de Tavernes de la Valldigna, que \u00e9s l&#8217;orquestra guanyadora de la categoria Salvador Giner del VI Concurs CaixaBank d&#8217;Orquestres de la Comunitat Valenciana, i l&#8217;Orquestra del Centre Art\u00edstic Musical de X\u00e0bia, que \u00e9s la que va obtindre la segona millor puntuaci\u00f3 en este certamen.<\/p>\n\n\n\n<p>L&#8217;Orquestra del Centre Art\u00edstic Musical de X\u00e0bia, amb la direcci\u00f3 Joan Antoni Bou Vay\u00e0, interpretar\u00e0 la \u2018Simfonia n\u00fam. 26 en re menor, Lamentatione\u2019 de Joseph Haydn; \u2018Iphigenia in Aulis\u2019 (Obertura) de C.W. Gluck, i \u2018Forrest Gump Suite\u2019 d&#8217;Alan Silvestri, amb arranjaments de Calvin Custer.<\/p>\n\n\n\n<p>A continuaci\u00f3, l&#8217;Orquestra Simf\u00f2nica de la Societat Instructiva Uni\u00f3 Musical de Tavernes de la Valldigna, amb la direcci\u00f3 de Ximo Arias Botias, interpretar\u00e0 l&#8217;\u2018Obertura\u2019, de Ximo Arias Botias, obra encarregada per la Diputaci\u00f3 de Val\u00e8ncia per al projecte \u2018ARA, sons d\u2019inf\u00e0ncia\u2019, i \u2018Simfonia Simple\u2019 de Benjamin Britten.<\/p>\n\n\n\n<p><strong>Segon concert a Ll\u00edria<\/strong><strong><\/strong><\/p>\n\n\n\n<p>El segon concert se celebrar\u00e0 el 17 de febrer, a les 19.30 hores, en el Teatre Banda Primitiva de Ll\u00edria. Participen l&#8217;Orquestra Simf\u00f2nica Primitiva de Ll\u00edria, que \u00e9s l&#8217;orquestra guanyadora en la categoria Mart\u00edn i Soler del VI Concurs CaixaBank d&#8217;Orquestres de la Comunitat Valenciana, i l&#8217;Orquestra Simf\u00f2nica de la Societat Musical l\u2019Art\u00edstica Manisense de Manises, que \u00e9s la que va obtindre la segona millor puntuaci\u00f3 en el certamen.<\/p>\n\n\n\n<p>L&#8217;Orquestra Simf\u00f2nica de la Societat Musical l\u2019Art\u00edstica Manisense de Manises, amb la direcci\u00f3 de Joan F. Miquel Zan\u00f3n, interpretar\u00e0 el pasdoble \u2018Suspiros de Espa\u00f1a\u2019 d&#8217;Antonio \u00c1lvarez Alonso; una selecci\u00f3 de suites de \u2018Carmen\u2019 de Georges Bizet, i la \u2018Marxa Eslava en si bemoll menor, Op. 31\u2019, de Piotr Illich Txaikovski.<\/p>\n\n\n\n<p>A continuaci\u00f3, l&#8217;Orquestra Simf\u00f2nica Primitiva de Ll\u00edria, amb la direcci\u00f3 de Juan Jos\u00e9 Aguado Baena, interpretar\u00e0 \u2018Concierto para dos trompetas y orquesta de c\u00e1mara\u2019 de Francesco Manfredi, amb els solistes Miguel Cerezo Gil i Josep Alam\u00e0 Mart\u00ednez. Amb la direcci\u00f3 de Manuel Galduf, l&#8217;orquestra interpretar\u00e0 \u2018Sinfon\u00eda Sevillana\u2019 de Joaqu\u00edn Turina.<\/p>\n\n\n\n<figure class=\"wp-block-image size-large\"><img loading=\"lazy\" decoding=\"async\" width=\"724\" height=\"1024\" src=\"https:\/\/alcompasrevista.com\/wp-content\/uploads\/2024\/01\/240130_VICE_Foto2_IVC_CaixaBank_Festival-724x1024.jpg\" alt=\"\" class=\"wp-image-19143\" srcset=\"https:\/\/alcompasrevista.com\/wp-content\/uploads\/2024\/01\/240130_VICE_Foto2_IVC_CaixaBank_Festival-724x1024.jpg 724w, https:\/\/alcompasrevista.com\/wp-content\/uploads\/2024\/01\/240130_VICE_Foto2_IVC_CaixaBank_Festival-212x300.jpg 212w, https:\/\/alcompasrevista.com\/wp-content\/uploads\/2024\/01\/240130_VICE_Foto2_IVC_CaixaBank_Festival-768x1086.jpg 768w, https:\/\/alcompasrevista.com\/wp-content\/uploads\/2024\/01\/240130_VICE_Foto2_IVC_CaixaBank_Festival-1086x1536.jpg 1086w, https:\/\/alcompasrevista.com\/wp-content\/uploads\/2024\/01\/240130_VICE_Foto2_IVC_CaixaBank_Festival.jpg 1200w\" sizes=\"auto, (max-width: 724px) 100vw, 724px\" \/><\/figure>\n","protected":false},"excerpt":{"rendered":"<p>La Vicepresid\u00e8ncia Primera i Conselleria de Cultura i Esport, a trav\u00e9s de l&#8217;Institut Valenci\u00e0 de Cultura, CaixaBank i la Federaci\u00f3 de Societats Musicals de la Comunitat Valenciana (FSMCV) celebren la [&hellip;]<\/p>\n","protected":false},"author":860002,"featured_media":19138,"comment_status":"open","ping_status":"open","sticky":false,"template":"","format":"standard","meta":{"footnotes":""},"categories":[29],"tags":[286],"portada":[],"class_list":["post-19140","post","type-post","status-publish","format-standard","has-post-thumbnail","hentry","category-noticies-va","tag-concert"],"yoast_head":"<!-- This site is optimized with the Yoast SEO plugin v27.4 - https:\/\/yoast.com\/product\/yoast-seo-wordpress\/ -->\n<title>Cultura, CaixaBank i la FSMCV celebren el VI Festival CaixaBank d&#039;Orquestres de la Comunitat Valenciana - Revista Al Comp\u00e0s<\/title>\n<meta name=\"description\" content=\"La Vicepresid\u00e8ncia Primera i Conselleria de Cultura i Esport, a trav\u00e9s de l&#039;Institut Valenci\u00e0 de Cultura, CaixaBank i la Federaci\u00f3 de Societats Musicals de la Comunitat Valenciana (FSMCV) celebren la sisena edici\u00f3 del Festival CaixaBank d&#039;Orquestres de la Comunitat Valenciana.\" \/>\n<meta name=\"robots\" content=\"index, follow, max-snippet:-1, max-image-preview:large, max-video-preview:-1\" \/>\n<link rel=\"canonical\" href=\"https:\/\/alcompasrevista.com\/va\/archivos\/19140\" \/>\n<meta property=\"og:locale\" content=\"en_US\" \/>\n<meta property=\"og:type\" content=\"article\" \/>\n<meta property=\"og:title\" content=\"Cultura, CaixaBank i la FSMCV celebren el VI Festival CaixaBank d&#039;Orquestres de la Comunitat Valenciana - Revista Al Comp\u00e0s\" \/>\n<meta property=\"og:description\" content=\"La Vicepresid\u00e8ncia Primera i Conselleria de Cultura i Esport, a trav\u00e9s de l&#039;Institut Valenci\u00e0 de Cultura, CaixaBank i la Federaci\u00f3 de Societats Musicals de la Comunitat Valenciana (FSMCV) celebren la sisena edici\u00f3 del Festival CaixaBank d&#039;Orquestres de la Comunitat Valenciana.\" \/>\n<meta property=\"og:url\" content=\"https:\/\/alcompasrevista.com\/va\/archivos\/19140\" \/>\n<meta property=\"og:site_name\" content=\"Revista Al Comp\u00e0s\" \/>\n<meta property=\"article:published_time\" content=\"2024-01-30T13:07:41+00:00\" \/>\n<meta property=\"article:modified_time\" content=\"2024-01-30T14:25:57+00:00\" \/>\n<meta property=\"og:image\" content=\"https:\/\/alcompasrevista.com\/wp-content\/uploads\/2024\/01\/240130_VICE_Foto1_IVC_CaixaBank_Festival-scaled.jpg\" \/>\n\t<meta property=\"og:image:width\" content=\"2560\" \/>\n\t<meta property=\"og:image:height\" content=\"1710\" \/>\n\t<meta property=\"og:image:type\" content=\"image\/jpeg\" \/>\n<meta name=\"author\" content=\"Redacci\u00f3n\" \/>\n<meta name=\"twitter:card\" content=\"summary_large_image\" \/>\n<meta name=\"twitter:label1\" content=\"Written by\" \/>\n\t<meta name=\"twitter:data1\" content=\"Redacci\u00f3\" \/>\n\t<meta name=\"twitter:label2\" content=\"Est. reading time\" \/>\n\t<meta name=\"twitter:data2\" content=\"3 minutes\" \/>\n<script type=\"application\/ld+json\" class=\"yoast-schema-graph\">{\"@context\":\"https:\\\/\\\/schema.org\",\"@graph\":[{\"@type\":\"Article\",\"@id\":\"https:\\\/\\\/alcompasrevista.com\\\/va\\\/archivos\\\/19140#article\",\"isPartOf\":{\"@id\":\"https:\\\/\\\/alcompasrevista.com\\\/va\\\/archivos\\\/19140\"},\"author\":{\"name\":\"Redacci\u00f3n\",\"@id\":\"https:\\\/\\\/alcompasrevista.com\\\/#\\\/schema\\\/person\\\/c10652a34fa01d238ecd498d150347fc\"},\"headline\":\"Cultura, CaixaBank i la FSMCV celebren el VI Festival CaixaBank d&#8217;Orquestres de la Comunitat Valenciana\",\"datePublished\":\"2024-01-30T13:07:41+00:00\",\"dateModified\":\"2024-01-30T14:25:57+00:00\",\"mainEntityOfPage\":{\"@id\":\"https:\\\/\\\/alcompasrevista.com\\\/va\\\/archivos\\\/19140\"},\"wordCount\":609,\"commentCount\":0,\"publisher\":{\"@id\":\"https:\\\/\\\/alcompasrevista.com\\\/#organization\"},\"image\":{\"@id\":\"https:\\\/\\\/alcompasrevista.com\\\/va\\\/archivos\\\/19140#primaryimage\"},\"thumbnailUrl\":\"https:\\\/\\\/alcompasrevista.com\\\/wp-content\\\/uploads\\\/2024\\\/01\\\/240130_VICE_Foto1_IVC_CaixaBank_Festival-scaled.jpg\",\"keywords\":[\"concert\"],\"articleSection\":[\"#Not\u00edcies\"],\"inLanguage\":\"va\",\"potentialAction\":[{\"@type\":\"CommentAction\",\"name\":\"Comment\",\"target\":[\"https:\\\/\\\/alcompasrevista.com\\\/va\\\/archivos\\\/19140#respond\"]}]},{\"@type\":\"WebPage\",\"@id\":\"https:\\\/\\\/alcompasrevista.com\\\/va\\\/archivos\\\/19140\",\"url\":\"https:\\\/\\\/alcompasrevista.com\\\/va\\\/archivos\\\/19140\",\"name\":\"Cultura, CaixaBank i la FSMCV celebren el VI Festival CaixaBank d'Orquestres de la Comunitat Valenciana - Revista Al Comp\u00e0s\",\"isPartOf\":{\"@id\":\"https:\\\/\\\/alcompasrevista.com\\\/#website\"},\"primaryImageOfPage\":{\"@id\":\"https:\\\/\\\/alcompasrevista.com\\\/va\\\/archivos\\\/19140#primaryimage\"},\"image\":{\"@id\":\"https:\\\/\\\/alcompasrevista.com\\\/va\\\/archivos\\\/19140#primaryimage\"},\"thumbnailUrl\":\"https:\\\/\\\/alcompasrevista.com\\\/wp-content\\\/uploads\\\/2024\\\/01\\\/240130_VICE_Foto1_IVC_CaixaBank_Festival-scaled.jpg\",\"datePublished\":\"2024-01-30T13:07:41+00:00\",\"dateModified\":\"2024-01-30T14:25:57+00:00\",\"description\":\"La Vicepresid\u00e8ncia Primera i Conselleria de Cultura i Esport, a trav\u00e9s de l'Institut Valenci\u00e0 de Cultura, CaixaBank i la Federaci\u00f3 de Societats Musicals de la Comunitat Valenciana (FSMCV) celebren la sisena edici\u00f3 del Festival CaixaBank d'Orquestres de la Comunitat Valenciana.\",\"breadcrumb\":{\"@id\":\"https:\\\/\\\/alcompasrevista.com\\\/va\\\/archivos\\\/19140#breadcrumb\"},\"inLanguage\":\"va\",\"potentialAction\":[{\"@type\":\"ReadAction\",\"target\":[\"https:\\\/\\\/alcompasrevista.com\\\/va\\\/archivos\\\/19140\"]}]},{\"@type\":\"ImageObject\",\"inLanguage\":\"va\",\"@id\":\"https:\\\/\\\/alcompasrevista.com\\\/va\\\/archivos\\\/19140#primaryimage\",\"url\":\"https:\\\/\\\/alcompasrevista.com\\\/wp-content\\\/uploads\\\/2024\\\/01\\\/240130_VICE_Foto1_IVC_CaixaBank_Festival-scaled.jpg\",\"contentUrl\":\"https:\\\/\\\/alcompasrevista.com\\\/wp-content\\\/uploads\\\/2024\\\/01\\\/240130_VICE_Foto1_IVC_CaixaBank_Festival-scaled.jpg\",\"width\":2560,\"height\":1710},{\"@type\":\"BreadcrumbList\",\"@id\":\"https:\\\/\\\/alcompasrevista.com\\\/va\\\/archivos\\\/19140#breadcrumb\",\"itemListElement\":[{\"@type\":\"ListItem\",\"position\":1,\"name\":\"Portada\",\"item\":\"https:\\\/\\\/alcompasrevista.com\\\/va\"},{\"@type\":\"ListItem\",\"position\":2,\"name\":\"Cultura, CaixaBank i la FSMCV celebren el VI Festival CaixaBank d&#8217;Orquestres de la Comunitat Valenciana\"}]},{\"@type\":\"WebSite\",\"@id\":\"https:\\\/\\\/alcompasrevista.com\\\/#website\",\"url\":\"https:\\\/\\\/alcompasrevista.com\\\/\",\"name\":\"Revista Al Comp\u00e0s\",\"description\":\"Un proyecto de la Federaci\u00f3n de Sociedades Musicales de la Comunidad Valenciana\",\"publisher\":{\"@id\":\"https:\\\/\\\/alcompasrevista.com\\\/#organization\"},\"potentialAction\":[{\"@type\":\"SearchAction\",\"target\":{\"@type\":\"EntryPoint\",\"urlTemplate\":\"https:\\\/\\\/alcompasrevista.com\\\/?s={search_term_string}\"},\"query-input\":{\"@type\":\"PropertyValueSpecification\",\"valueRequired\":true,\"valueName\":\"search_term_string\"}}],\"inLanguage\":\"va\"},{\"@type\":\"Organization\",\"@id\":\"https:\\\/\\\/alcompasrevista.com\\\/#organization\",\"name\":\"Revista Al Comp\u00e0s\",\"url\":\"https:\\\/\\\/alcompasrevista.com\\\/\",\"logo\":{\"@type\":\"ImageObject\",\"inLanguage\":\"va\",\"@id\":\"https:\\\/\\\/alcompasrevista.com\\\/#\\\/schema\\\/logo\\\/image\\\/\",\"url\":\"https:\\\/\\\/alcompasrevista.com\\\/wp-content\\\/uploads\\\/2022\\\/04\\\/cropped-loog_blanco.png\",\"contentUrl\":\"https:\\\/\\\/alcompasrevista.com\\\/wp-content\\\/uploads\\\/2022\\\/04\\\/cropped-loog_blanco.png\",\"width\":1612,\"height\":724,\"caption\":\"Revista Al Comp\u00e0s\"},\"image\":{\"@id\":\"https:\\\/\\\/alcompasrevista.com\\\/#\\\/schema\\\/logo\\\/image\\\/\"}},{\"@type\":\"Person\",\"@id\":\"https:\\\/\\\/alcompasrevista.com\\\/#\\\/schema\\\/person\\\/c10652a34fa01d238ecd498d150347fc\",\"name\":\"Redacci\u00f3n\",\"image\":{\"@type\":\"ImageObject\",\"inLanguage\":\"va\",\"@id\":\"https:\\\/\\\/secure.gravatar.com\\\/avatar\\\/e6a6d0cd2ddec22e0ca7d21b7e49d4a0099fbdc1d476e5412893210bce942ce9?s=96&d=mm&r=g\",\"url\":\"https:\\\/\\\/secure.gravatar.com\\\/avatar\\\/e6a6d0cd2ddec22e0ca7d21b7e49d4a0099fbdc1d476e5412893210bce942ce9?s=96&d=mm&r=g\",\"contentUrl\":\"https:\\\/\\\/secure.gravatar.com\\\/avatar\\\/e6a6d0cd2ddec22e0ca7d21b7e49d4a0099fbdc1d476e5412893210bce942ce9?s=96&d=mm&r=g\",\"caption\":\"Redacci\u00f3n\"},\"url\":\"https:\\\/\\\/alcompasrevista.com\\\/va\\\/archivos\\\/author\\\/vhj_webmaster\"}]}<\/script>\n<!-- \/ Yoast SEO plugin. -->","yoast_head_json":{"title":"Cultura, CaixaBank i la FSMCV celebren el VI Festival CaixaBank d'Orquestres de la Comunitat Valenciana - Revista Al Comp\u00e0s","description":"La Vicepresid\u00e8ncia Primera i Conselleria de Cultura i Esport, a trav\u00e9s de l'Institut Valenci\u00e0 de Cultura, CaixaBank i la Federaci\u00f3 de Societats Musicals de la Comunitat Valenciana (FSMCV) celebren la sisena edici\u00f3 del Festival CaixaBank d'Orquestres de la Comunitat Valenciana.","robots":{"index":"index","follow":"follow","max-snippet":"max-snippet:-1","max-image-preview":"max-image-preview:large","max-video-preview":"max-video-preview:-1"},"canonical":"https:\/\/alcompasrevista.com\/va\/archivos\/19140","og_locale":"en_US","og_type":"article","og_title":"Cultura, CaixaBank i la FSMCV celebren el VI Festival CaixaBank d'Orquestres de la Comunitat Valenciana - Revista Al Comp\u00e0s","og_description":"La Vicepresid\u00e8ncia Primera i Conselleria de Cultura i Esport, a trav\u00e9s de l'Institut Valenci\u00e0 de Cultura, CaixaBank i la Federaci\u00f3 de Societats Musicals de la Comunitat Valenciana (FSMCV) celebren la sisena edici\u00f3 del Festival CaixaBank d'Orquestres de la Comunitat Valenciana.","og_url":"https:\/\/alcompasrevista.com\/va\/archivos\/19140","og_site_name":"Revista Al Comp\u00e0s","article_published_time":"2024-01-30T13:07:41+00:00","article_modified_time":"2024-01-30T14:25:57+00:00","og_image":[{"width":2560,"height":1710,"url":"https:\/\/alcompasrevista.com\/wp-content\/uploads\/2024\/01\/240130_VICE_Foto1_IVC_CaixaBank_Festival-scaled.jpg","type":"image\/jpeg"}],"author":"Redacci\u00f3n","twitter_card":"summary_large_image","twitter_misc":{"Written by":"Redacci\u00f3","Est. reading time":"3 minutes"},"schema":{"@context":"https:\/\/schema.org","@graph":[{"@type":"Article","@id":"https:\/\/alcompasrevista.com\/va\/archivos\/19140#article","isPartOf":{"@id":"https:\/\/alcompasrevista.com\/va\/archivos\/19140"},"author":{"name":"Redacci\u00f3n","@id":"https:\/\/alcompasrevista.com\/#\/schema\/person\/c10652a34fa01d238ecd498d150347fc"},"headline":"Cultura, CaixaBank i la FSMCV celebren el VI Festival CaixaBank d&#8217;Orquestres de la Comunitat Valenciana","datePublished":"2024-01-30T13:07:41+00:00","dateModified":"2024-01-30T14:25:57+00:00","mainEntityOfPage":{"@id":"https:\/\/alcompasrevista.com\/va\/archivos\/19140"},"wordCount":609,"commentCount":0,"publisher":{"@id":"https:\/\/alcompasrevista.com\/#organization"},"image":{"@id":"https:\/\/alcompasrevista.com\/va\/archivos\/19140#primaryimage"},"thumbnailUrl":"https:\/\/alcompasrevista.com\/wp-content\/uploads\/2024\/01\/240130_VICE_Foto1_IVC_CaixaBank_Festival-scaled.jpg","keywords":["concert"],"articleSection":["#Not\u00edcies"],"inLanguage":"va","potentialAction":[{"@type":"CommentAction","name":"Comment","target":["https:\/\/alcompasrevista.com\/va\/archivos\/19140#respond"]}]},{"@type":"WebPage","@id":"https:\/\/alcompasrevista.com\/va\/archivos\/19140","url":"https:\/\/alcompasrevista.com\/va\/archivos\/19140","name":"Cultura, CaixaBank i la FSMCV celebren el VI Festival CaixaBank d'Orquestres de la Comunitat Valenciana - Revista Al Comp\u00e0s","isPartOf":{"@id":"https:\/\/alcompasrevista.com\/#website"},"primaryImageOfPage":{"@id":"https:\/\/alcompasrevista.com\/va\/archivos\/19140#primaryimage"},"image":{"@id":"https:\/\/alcompasrevista.com\/va\/archivos\/19140#primaryimage"},"thumbnailUrl":"https:\/\/alcompasrevista.com\/wp-content\/uploads\/2024\/01\/240130_VICE_Foto1_IVC_CaixaBank_Festival-scaled.jpg","datePublished":"2024-01-30T13:07:41+00:00","dateModified":"2024-01-30T14:25:57+00:00","description":"La Vicepresid\u00e8ncia Primera i Conselleria de Cultura i Esport, a trav\u00e9s de l'Institut Valenci\u00e0 de Cultura, CaixaBank i la Federaci\u00f3 de Societats Musicals de la Comunitat Valenciana (FSMCV) celebren la sisena edici\u00f3 del Festival CaixaBank d'Orquestres de la Comunitat Valenciana.","breadcrumb":{"@id":"https:\/\/alcompasrevista.com\/va\/archivos\/19140#breadcrumb"},"inLanguage":"va","potentialAction":[{"@type":"ReadAction","target":["https:\/\/alcompasrevista.com\/va\/archivos\/19140"]}]},{"@type":"ImageObject","inLanguage":"va","@id":"https:\/\/alcompasrevista.com\/va\/archivos\/19140#primaryimage","url":"https:\/\/alcompasrevista.com\/wp-content\/uploads\/2024\/01\/240130_VICE_Foto1_IVC_CaixaBank_Festival-scaled.jpg","contentUrl":"https:\/\/alcompasrevista.com\/wp-content\/uploads\/2024\/01\/240130_VICE_Foto1_IVC_CaixaBank_Festival-scaled.jpg","width":2560,"height":1710},{"@type":"BreadcrumbList","@id":"https:\/\/alcompasrevista.com\/va\/archivos\/19140#breadcrumb","itemListElement":[{"@type":"ListItem","position":1,"name":"Portada","item":"https:\/\/alcompasrevista.com\/va"},{"@type":"ListItem","position":2,"name":"Cultura, CaixaBank i la FSMCV celebren el VI Festival CaixaBank d&#8217;Orquestres de la Comunitat Valenciana"}]},{"@type":"WebSite","@id":"https:\/\/alcompasrevista.com\/#website","url":"https:\/\/alcompasrevista.com\/","name":"Revista Al Comp\u00e0s","description":"Un proyecto de la Federaci\u00f3n de Sociedades Musicales de la Comunidad Valenciana","publisher":{"@id":"https:\/\/alcompasrevista.com\/#organization"},"potentialAction":[{"@type":"SearchAction","target":{"@type":"EntryPoint","urlTemplate":"https:\/\/alcompasrevista.com\/?s={search_term_string}"},"query-input":{"@type":"PropertyValueSpecification","valueRequired":true,"valueName":"search_term_string"}}],"inLanguage":"va"},{"@type":"Organization","@id":"https:\/\/alcompasrevista.com\/#organization","name":"Revista Al Comp\u00e0s","url":"https:\/\/alcompasrevista.com\/","logo":{"@type":"ImageObject","inLanguage":"va","@id":"https:\/\/alcompasrevista.com\/#\/schema\/logo\/image\/","url":"https:\/\/alcompasrevista.com\/wp-content\/uploads\/2022\/04\/cropped-loog_blanco.png","contentUrl":"https:\/\/alcompasrevista.com\/wp-content\/uploads\/2022\/04\/cropped-loog_blanco.png","width":1612,"height":724,"caption":"Revista Al Comp\u00e0s"},"image":{"@id":"https:\/\/alcompasrevista.com\/#\/schema\/logo\/image\/"}},{"@type":"Person","@id":"https:\/\/alcompasrevista.com\/#\/schema\/person\/c10652a34fa01d238ecd498d150347fc","name":"Redacci\u00f3n","image":{"@type":"ImageObject","inLanguage":"va","@id":"https:\/\/secure.gravatar.com\/avatar\/e6a6d0cd2ddec22e0ca7d21b7e49d4a0099fbdc1d476e5412893210bce942ce9?s=96&d=mm&r=g","url":"https:\/\/secure.gravatar.com\/avatar\/e6a6d0cd2ddec22e0ca7d21b7e49d4a0099fbdc1d476e5412893210bce942ce9?s=96&d=mm&r=g","contentUrl":"https:\/\/secure.gravatar.com\/avatar\/e6a6d0cd2ddec22e0ca7d21b7e49d4a0099fbdc1d476e5412893210bce942ce9?s=96&d=mm&r=g","caption":"Redacci\u00f3n"},"url":"https:\/\/alcompasrevista.com\/va\/archivos\/author\/vhj_webmaster"}]}},"_links":{"self":[{"href":"https:\/\/alcompasrevista.com\/va\/wp-json\/wp\/v2\/posts\/19140","targetHints":{"allow":["GET"]}}],"collection":[{"href":"https:\/\/alcompasrevista.com\/va\/wp-json\/wp\/v2\/posts"}],"about":[{"href":"https:\/\/alcompasrevista.com\/va\/wp-json\/wp\/v2\/types\/post"}],"author":[{"embeddable":true,"href":"https:\/\/alcompasrevista.com\/va\/wp-json\/wp\/v2\/users\/860002"}],"replies":[{"embeddable":true,"href":"https:\/\/alcompasrevista.com\/va\/wp-json\/wp\/v2\/comments?post=19140"}],"version-history":[{"count":0,"href":"https:\/\/alcompasrevista.com\/va\/wp-json\/wp\/v2\/posts\/19140\/revisions"}],"wp:featuredmedia":[{"embeddable":true,"href":"https:\/\/alcompasrevista.com\/va\/wp-json\/wp\/v2\/media\/19138"}],"wp:attachment":[{"href":"https:\/\/alcompasrevista.com\/va\/wp-json\/wp\/v2\/media?parent=19140"}],"wp:term":[{"taxonomy":"category","embeddable":true,"href":"https:\/\/alcompasrevista.com\/va\/wp-json\/wp\/v2\/categories?post=19140"},{"taxonomy":"post_tag","embeddable":true,"href":"https:\/\/alcompasrevista.com\/va\/wp-json\/wp\/v2\/tags?post=19140"},{"taxonomy":"portada","embeddable":true,"href":"https:\/\/alcompasrevista.com\/va\/wp-json\/wp\/v2\/portada?post=19140"}],"curies":[{"name":"wp","href":"https:\/\/api.w.org\/{rel}","templated":true}]}}