{"id":19034,"date":"2024-01-23T13:27:59","date_gmt":"2024-01-23T12:27:59","guid":{"rendered":"https:\/\/alcompasrevista.com\/?p=19034"},"modified":"2024-01-25T16:34:56","modified_gmt":"2024-01-25T15:34:56","slug":"la-union-musical-de-sax-celebra-el-seu-57-concert-de-musica-festera","status":"publish","type":"post","link":"https:\/\/alcompasrevista.com\/va\/archivos\/19034","title":{"rendered":"La Uni\u00f3n Musical de Sax celebra el seu 57 concert de M\u00fasica Festera"},"content":{"rendered":"\n<p>La Uni\u00f3n Musical i Art\u00edstica de Sax oferir\u00e0 divendres que ve 26 de gener el seu tradicional concert de M\u00fasica Festera, que tindr\u00e0 lloc a les 22:00h en el Teatro Municipal Cervantes de Sax.<\/p>\n\n\n\n<p>Sota la batuta del director Jos\u00e9 Antonio Antol\u00edn Polo, els m\u00fasics de la banda simf\u00f2nica interpretaran un total de 12 pasdobles dedicats a cadascuna de les huit comparses, a la Majordomia de Sant Blas, als diferents c\u00e0rrecs festers, a l&#8217;Ajuntament de Sax i al poble saixenc.<\/p>\n\n\n\n<p>En la primera part s&#8217;escoltaran les seg\u00fcents obres: <em>Castillo de Sax<\/em>, <em>Merche Cascales, 150 Aniversario Garibaldinos de Sax, De Sax a Alag\u00f3n, Cardonas de Sax <\/em>i<em> Bellesa i alegria.<\/em><\/p>\n\n\n\n<p>El concert conclour\u00e0 amb la interpretaci\u00f3 en la segona part dels pasdobles: <em>Encina \u201cSentimiento festero\u201d, Tito presidente, Tres plumas, Insignia de oro, Primavera <\/em>i <em>\u00a1\u00a1Viva San Blas!!<\/em><\/p>\n","protected":false},"excerpt":{"rendered":"<p>La Uni\u00f3n Musical i Art\u00edstica de Sax oferir\u00e0 divendres que ve 26 de gener el seu tradicional concert de M\u00fasica Festera, que tindr\u00e0 lloc a les 22:00h en el Teatro [&hellip;]<\/p>\n","protected":false},"author":860002,"featured_media":19032,"comment_status":"open","ping_status":"open","sticky":false,"template":"","format":"standard","meta":{"footnotes":""},"categories":[29],"tags":[286],"portada":[],"class_list":["post-19034","post","type-post","status-publish","format-standard","has-post-thumbnail","hentry","category-noticies-va","tag-concert"],"yoast_head":"<!-- This site is optimized with the Yoast SEO plugin v27.4 - https:\/\/yoast.com\/product\/yoast-seo-wordpress\/ -->\n<title>La Uni\u00f3n Musical de Sax celebra el seu 57 concert de M\u00fasica Festera - Revista Al Comp\u00e0s<\/title>\n<meta name=\"description\" content=\"La Uni\u00f3 Musical i Art\u00edstica de Sax oferir\u00e0 divendres que ve 26 de gener el seu tradicional concert de M\u00fasica Festera, que tindr\u00e0 lloc a les 22:00h en el Teatro Municipal Cervantes de Sax.\" \/>\n<meta name=\"robots\" content=\"index, follow, max-snippet:-1, max-image-preview:large, max-video-preview:-1\" \/>\n<link rel=\"canonical\" href=\"https:\/\/alcompasrevista.com\/va\/archivos\/19034\" \/>\n<meta property=\"og:locale\" content=\"en_US\" \/>\n<meta property=\"og:type\" content=\"article\" \/>\n<meta property=\"og:title\" content=\"La Uni\u00f3n Musical de Sax celebra el seu 57 concert de M\u00fasica Festera - Revista Al Comp\u00e0s\" \/>\n<meta property=\"og:description\" content=\"La Uni\u00f3 Musical i Art\u00edstica de Sax oferir\u00e0 divendres que ve 26 de gener el seu tradicional concert de M\u00fasica Festera, que tindr\u00e0 lloc a les 22:00h en el Teatro Municipal Cervantes de Sax.\" \/>\n<meta property=\"og:url\" content=\"https:\/\/alcompasrevista.com\/va\/archivos\/19034\" \/>\n<meta property=\"og:site_name\" content=\"Revista Al Comp\u00e0s\" \/>\n<meta property=\"article:published_time\" content=\"2024-01-23T12:27:59+00:00\" \/>\n<meta property=\"article:modified_time\" content=\"2024-01-25T15:34:56+00:00\" \/>\n<meta property=\"og:image\" content=\"https:\/\/alcompasrevista.com\/wp-content\/uploads\/2024\/01\/Cartel.jpeg\" \/>\n\t<meta property=\"og:image:width\" content=\"1131\" \/>\n\t<meta property=\"og:image:height\" content=\"1600\" \/>\n\t<meta property=\"og:image:type\" content=\"image\/jpeg\" \/>\n<meta name=\"author\" content=\"Redacci\u00f3n\" \/>\n<meta name=\"twitter:card\" content=\"summary_large_image\" \/>\n<meta name=\"twitter:label1\" content=\"Written by\" \/>\n\t<meta name=\"twitter:data1\" content=\"Redacci\u00f3\" \/>\n\t<meta name=\"twitter:label2\" content=\"Est. reading time\" \/>\n\t<meta name=\"twitter:data2\" content=\"1 minute\" \/>\n<script type=\"application\/ld+json\" class=\"yoast-schema-graph\">{\"@context\":\"https:\\\/\\\/schema.org\",\"@graph\":[{\"@type\":\"Article\",\"@id\":\"https:\\\/\\\/alcompasrevista.com\\\/va\\\/archivos\\\/19034#article\",\"isPartOf\":{\"@id\":\"https:\\\/\\\/alcompasrevista.com\\\/va\\\/archivos\\\/19034\"},\"author\":{\"name\":\"Redacci\u00f3n\",\"@id\":\"https:\\\/\\\/alcompasrevista.com\\\/#\\\/schema\\\/person\\\/c10652a34fa01d238ecd498d150347fc\"},\"headline\":\"La Uni\u00f3n Musical de Sax celebra el seu 57 concert de M\u00fasica Festera\",\"datePublished\":\"2024-01-23T12:27:59+00:00\",\"dateModified\":\"2024-01-25T15:34:56+00:00\",\"mainEntityOfPage\":{\"@id\":\"https:\\\/\\\/alcompasrevista.com\\\/va\\\/archivos\\\/19034\"},\"wordCount\":158,\"commentCount\":0,\"publisher\":{\"@id\":\"https:\\\/\\\/alcompasrevista.com\\\/#organization\"},\"image\":{\"@id\":\"https:\\\/\\\/alcompasrevista.com\\\/va\\\/archivos\\\/19034#primaryimage\"},\"thumbnailUrl\":\"https:\\\/\\\/alcompasrevista.com\\\/wp-content\\\/uploads\\\/2024\\\/01\\\/Cartel.jpeg\",\"keywords\":[\"concert\"],\"articleSection\":[\"#Not\u00edcies\"],\"inLanguage\":\"va\",\"potentialAction\":[{\"@type\":\"CommentAction\",\"name\":\"Comment\",\"target\":[\"https:\\\/\\\/alcompasrevista.com\\\/va\\\/archivos\\\/19034#respond\"]}]},{\"@type\":\"WebPage\",\"@id\":\"https:\\\/\\\/alcompasrevista.com\\\/va\\\/archivos\\\/19034\",\"url\":\"https:\\\/\\\/alcompasrevista.com\\\/va\\\/archivos\\\/19034\",\"name\":\"La Uni\u00f3n Musical de Sax celebra el seu 57 concert de M\u00fasica Festera - Revista Al Comp\u00e0s\",\"isPartOf\":{\"@id\":\"https:\\\/\\\/alcompasrevista.com\\\/#website\"},\"primaryImageOfPage\":{\"@id\":\"https:\\\/\\\/alcompasrevista.com\\\/va\\\/archivos\\\/19034#primaryimage\"},\"image\":{\"@id\":\"https:\\\/\\\/alcompasrevista.com\\\/va\\\/archivos\\\/19034#primaryimage\"},\"thumbnailUrl\":\"https:\\\/\\\/alcompasrevista.com\\\/wp-content\\\/uploads\\\/2024\\\/01\\\/Cartel.jpeg\",\"datePublished\":\"2024-01-23T12:27:59+00:00\",\"dateModified\":\"2024-01-25T15:34:56+00:00\",\"description\":\"La Uni\u00f3 Musical i Art\u00edstica de Sax oferir\u00e0 divendres que ve 26 de gener el seu tradicional concert de M\u00fasica Festera, que tindr\u00e0 lloc a les 22:00h en el Teatro Municipal Cervantes de Sax.\",\"breadcrumb\":{\"@id\":\"https:\\\/\\\/alcompasrevista.com\\\/va\\\/archivos\\\/19034#breadcrumb\"},\"inLanguage\":\"va\",\"potentialAction\":[{\"@type\":\"ReadAction\",\"target\":[\"https:\\\/\\\/alcompasrevista.com\\\/va\\\/archivos\\\/19034\"]}]},{\"@type\":\"ImageObject\",\"inLanguage\":\"va\",\"@id\":\"https:\\\/\\\/alcompasrevista.com\\\/va\\\/archivos\\\/19034#primaryimage\",\"url\":\"https:\\\/\\\/alcompasrevista.com\\\/wp-content\\\/uploads\\\/2024\\\/01\\\/Cartel.jpeg\",\"contentUrl\":\"https:\\\/\\\/alcompasrevista.com\\\/wp-content\\\/uploads\\\/2024\\\/01\\\/Cartel.jpeg\",\"width\":1131,\"height\":1600},{\"@type\":\"BreadcrumbList\",\"@id\":\"https:\\\/\\\/alcompasrevista.com\\\/va\\\/archivos\\\/19034#breadcrumb\",\"itemListElement\":[{\"@type\":\"ListItem\",\"position\":1,\"name\":\"Portada\",\"item\":\"https:\\\/\\\/alcompasrevista.com\\\/va\"},{\"@type\":\"ListItem\",\"position\":2,\"name\":\"La Uni\u00f3n Musical de Sax celebra el seu 57 concert de M\u00fasica Festera\"}]},{\"@type\":\"WebSite\",\"@id\":\"https:\\\/\\\/alcompasrevista.com\\\/#website\",\"url\":\"https:\\\/\\\/alcompasrevista.com\\\/\",\"name\":\"Revista Al Comp\u00e0s\",\"description\":\"Un proyecto de la Federaci\u00f3n de Sociedades Musicales de la Comunidad Valenciana\",\"publisher\":{\"@id\":\"https:\\\/\\\/alcompasrevista.com\\\/#organization\"},\"potentialAction\":[{\"@type\":\"SearchAction\",\"target\":{\"@type\":\"EntryPoint\",\"urlTemplate\":\"https:\\\/\\\/alcompasrevista.com\\\/?s={search_term_string}\"},\"query-input\":{\"@type\":\"PropertyValueSpecification\",\"valueRequired\":true,\"valueName\":\"search_term_string\"}}],\"inLanguage\":\"va\"},{\"@type\":\"Organization\",\"@id\":\"https:\\\/\\\/alcompasrevista.com\\\/#organization\",\"name\":\"Revista Al Comp\u00e0s\",\"url\":\"https:\\\/\\\/alcompasrevista.com\\\/\",\"logo\":{\"@type\":\"ImageObject\",\"inLanguage\":\"va\",\"@id\":\"https:\\\/\\\/alcompasrevista.com\\\/#\\\/schema\\\/logo\\\/image\\\/\",\"url\":\"https:\\\/\\\/alcompasrevista.com\\\/wp-content\\\/uploads\\\/2022\\\/04\\\/cropped-loog_blanco.png\",\"contentUrl\":\"https:\\\/\\\/alcompasrevista.com\\\/wp-content\\\/uploads\\\/2022\\\/04\\\/cropped-loog_blanco.png\",\"width\":1612,\"height\":724,\"caption\":\"Revista Al Comp\u00e0s\"},\"image\":{\"@id\":\"https:\\\/\\\/alcompasrevista.com\\\/#\\\/schema\\\/logo\\\/image\\\/\"}},{\"@type\":\"Person\",\"@id\":\"https:\\\/\\\/alcompasrevista.com\\\/#\\\/schema\\\/person\\\/c10652a34fa01d238ecd498d150347fc\",\"name\":\"Redacci\u00f3n\",\"image\":{\"@type\":\"ImageObject\",\"inLanguage\":\"va\",\"@id\":\"https:\\\/\\\/secure.gravatar.com\\\/avatar\\\/e6a6d0cd2ddec22e0ca7d21b7e49d4a0099fbdc1d476e5412893210bce942ce9?s=96&d=mm&r=g\",\"url\":\"https:\\\/\\\/secure.gravatar.com\\\/avatar\\\/e6a6d0cd2ddec22e0ca7d21b7e49d4a0099fbdc1d476e5412893210bce942ce9?s=96&d=mm&r=g\",\"contentUrl\":\"https:\\\/\\\/secure.gravatar.com\\\/avatar\\\/e6a6d0cd2ddec22e0ca7d21b7e49d4a0099fbdc1d476e5412893210bce942ce9?s=96&d=mm&r=g\",\"caption\":\"Redacci\u00f3n\"},\"url\":\"https:\\\/\\\/alcompasrevista.com\\\/va\\\/archivos\\\/author\\\/vhj_webmaster\"}]}<\/script>\n<!-- \/ Yoast SEO plugin. -->","yoast_head_json":{"title":"La Uni\u00f3n Musical de Sax celebra el seu 57 concert de M\u00fasica Festera - Revista Al Comp\u00e0s","description":"La Uni\u00f3 Musical i Art\u00edstica de Sax oferir\u00e0 divendres que ve 26 de gener el seu tradicional concert de M\u00fasica Festera, que tindr\u00e0 lloc a les 22:00h en el Teatro Municipal Cervantes de Sax.","robots":{"index":"index","follow":"follow","max-snippet":"max-snippet:-1","max-image-preview":"max-image-preview:large","max-video-preview":"max-video-preview:-1"},"canonical":"https:\/\/alcompasrevista.com\/va\/archivos\/19034","og_locale":"en_US","og_type":"article","og_title":"La Uni\u00f3n Musical de Sax celebra el seu 57 concert de M\u00fasica Festera - Revista Al Comp\u00e0s","og_description":"La Uni\u00f3 Musical i Art\u00edstica de Sax oferir\u00e0 divendres que ve 26 de gener el seu tradicional concert de M\u00fasica Festera, que tindr\u00e0 lloc a les 22:00h en el Teatro Municipal Cervantes de Sax.","og_url":"https:\/\/alcompasrevista.com\/va\/archivos\/19034","og_site_name":"Revista Al Comp\u00e0s","article_published_time":"2024-01-23T12:27:59+00:00","article_modified_time":"2024-01-25T15:34:56+00:00","og_image":[{"width":1131,"height":1600,"url":"https:\/\/alcompasrevista.com\/wp-content\/uploads\/2024\/01\/Cartel.jpeg","type":"image\/jpeg"}],"author":"Redacci\u00f3n","twitter_card":"summary_large_image","twitter_misc":{"Written by":"Redacci\u00f3","Est. reading time":"1 minute"},"schema":{"@context":"https:\/\/schema.org","@graph":[{"@type":"Article","@id":"https:\/\/alcompasrevista.com\/va\/archivos\/19034#article","isPartOf":{"@id":"https:\/\/alcompasrevista.com\/va\/archivos\/19034"},"author":{"name":"Redacci\u00f3n","@id":"https:\/\/alcompasrevista.com\/#\/schema\/person\/c10652a34fa01d238ecd498d150347fc"},"headline":"La Uni\u00f3n Musical de Sax celebra el seu 57 concert de M\u00fasica Festera","datePublished":"2024-01-23T12:27:59+00:00","dateModified":"2024-01-25T15:34:56+00:00","mainEntityOfPage":{"@id":"https:\/\/alcompasrevista.com\/va\/archivos\/19034"},"wordCount":158,"commentCount":0,"publisher":{"@id":"https:\/\/alcompasrevista.com\/#organization"},"image":{"@id":"https:\/\/alcompasrevista.com\/va\/archivos\/19034#primaryimage"},"thumbnailUrl":"https:\/\/alcompasrevista.com\/wp-content\/uploads\/2024\/01\/Cartel.jpeg","keywords":["concert"],"articleSection":["#Not\u00edcies"],"inLanguage":"va","potentialAction":[{"@type":"CommentAction","name":"Comment","target":["https:\/\/alcompasrevista.com\/va\/archivos\/19034#respond"]}]},{"@type":"WebPage","@id":"https:\/\/alcompasrevista.com\/va\/archivos\/19034","url":"https:\/\/alcompasrevista.com\/va\/archivos\/19034","name":"La Uni\u00f3n Musical de Sax celebra el seu 57 concert de M\u00fasica Festera - Revista Al Comp\u00e0s","isPartOf":{"@id":"https:\/\/alcompasrevista.com\/#website"},"primaryImageOfPage":{"@id":"https:\/\/alcompasrevista.com\/va\/archivos\/19034#primaryimage"},"image":{"@id":"https:\/\/alcompasrevista.com\/va\/archivos\/19034#primaryimage"},"thumbnailUrl":"https:\/\/alcompasrevista.com\/wp-content\/uploads\/2024\/01\/Cartel.jpeg","datePublished":"2024-01-23T12:27:59+00:00","dateModified":"2024-01-25T15:34:56+00:00","description":"La Uni\u00f3 Musical i Art\u00edstica de Sax oferir\u00e0 divendres que ve 26 de gener el seu tradicional concert de M\u00fasica Festera, que tindr\u00e0 lloc a les 22:00h en el Teatro Municipal Cervantes de Sax.","breadcrumb":{"@id":"https:\/\/alcompasrevista.com\/va\/archivos\/19034#breadcrumb"},"inLanguage":"va","potentialAction":[{"@type":"ReadAction","target":["https:\/\/alcompasrevista.com\/va\/archivos\/19034"]}]},{"@type":"ImageObject","inLanguage":"va","@id":"https:\/\/alcompasrevista.com\/va\/archivos\/19034#primaryimage","url":"https:\/\/alcompasrevista.com\/wp-content\/uploads\/2024\/01\/Cartel.jpeg","contentUrl":"https:\/\/alcompasrevista.com\/wp-content\/uploads\/2024\/01\/Cartel.jpeg","width":1131,"height":1600},{"@type":"BreadcrumbList","@id":"https:\/\/alcompasrevista.com\/va\/archivos\/19034#breadcrumb","itemListElement":[{"@type":"ListItem","position":1,"name":"Portada","item":"https:\/\/alcompasrevista.com\/va"},{"@type":"ListItem","position":2,"name":"La Uni\u00f3n Musical de Sax celebra el seu 57 concert de M\u00fasica Festera"}]},{"@type":"WebSite","@id":"https:\/\/alcompasrevista.com\/#website","url":"https:\/\/alcompasrevista.com\/","name":"Revista Al Comp\u00e0s","description":"Un proyecto de la Federaci\u00f3n de Sociedades Musicales de la Comunidad Valenciana","publisher":{"@id":"https:\/\/alcompasrevista.com\/#organization"},"potentialAction":[{"@type":"SearchAction","target":{"@type":"EntryPoint","urlTemplate":"https:\/\/alcompasrevista.com\/?s={search_term_string}"},"query-input":{"@type":"PropertyValueSpecification","valueRequired":true,"valueName":"search_term_string"}}],"inLanguage":"va"},{"@type":"Organization","@id":"https:\/\/alcompasrevista.com\/#organization","name":"Revista Al Comp\u00e0s","url":"https:\/\/alcompasrevista.com\/","logo":{"@type":"ImageObject","inLanguage":"va","@id":"https:\/\/alcompasrevista.com\/#\/schema\/logo\/image\/","url":"https:\/\/alcompasrevista.com\/wp-content\/uploads\/2022\/04\/cropped-loog_blanco.png","contentUrl":"https:\/\/alcompasrevista.com\/wp-content\/uploads\/2022\/04\/cropped-loog_blanco.png","width":1612,"height":724,"caption":"Revista Al Comp\u00e0s"},"image":{"@id":"https:\/\/alcompasrevista.com\/#\/schema\/logo\/image\/"}},{"@type":"Person","@id":"https:\/\/alcompasrevista.com\/#\/schema\/person\/c10652a34fa01d238ecd498d150347fc","name":"Redacci\u00f3n","image":{"@type":"ImageObject","inLanguage":"va","@id":"https:\/\/secure.gravatar.com\/avatar\/e6a6d0cd2ddec22e0ca7d21b7e49d4a0099fbdc1d476e5412893210bce942ce9?s=96&d=mm&r=g","url":"https:\/\/secure.gravatar.com\/avatar\/e6a6d0cd2ddec22e0ca7d21b7e49d4a0099fbdc1d476e5412893210bce942ce9?s=96&d=mm&r=g","contentUrl":"https:\/\/secure.gravatar.com\/avatar\/e6a6d0cd2ddec22e0ca7d21b7e49d4a0099fbdc1d476e5412893210bce942ce9?s=96&d=mm&r=g","caption":"Redacci\u00f3n"},"url":"https:\/\/alcompasrevista.com\/va\/archivos\/author\/vhj_webmaster"}]}},"_links":{"self":[{"href":"https:\/\/alcompasrevista.com\/va\/wp-json\/wp\/v2\/posts\/19034","targetHints":{"allow":["GET"]}}],"collection":[{"href":"https:\/\/alcompasrevista.com\/va\/wp-json\/wp\/v2\/posts"}],"about":[{"href":"https:\/\/alcompasrevista.com\/va\/wp-json\/wp\/v2\/types\/post"}],"author":[{"embeddable":true,"href":"https:\/\/alcompasrevista.com\/va\/wp-json\/wp\/v2\/users\/860002"}],"replies":[{"embeddable":true,"href":"https:\/\/alcompasrevista.com\/va\/wp-json\/wp\/v2\/comments?post=19034"}],"version-history":[{"count":0,"href":"https:\/\/alcompasrevista.com\/va\/wp-json\/wp\/v2\/posts\/19034\/revisions"}],"wp:featuredmedia":[{"embeddable":true,"href":"https:\/\/alcompasrevista.com\/va\/wp-json\/wp\/v2\/media\/19032"}],"wp:attachment":[{"href":"https:\/\/alcompasrevista.com\/va\/wp-json\/wp\/v2\/media?parent=19034"}],"wp:term":[{"taxonomy":"category","embeddable":true,"href":"https:\/\/alcompasrevista.com\/va\/wp-json\/wp\/v2\/categories?post=19034"},{"taxonomy":"post_tag","embeddable":true,"href":"https:\/\/alcompasrevista.com\/va\/wp-json\/wp\/v2\/tags?post=19034"},{"taxonomy":"portada","embeddable":true,"href":"https:\/\/alcompasrevista.com\/va\/wp-json\/wp\/v2\/portada?post=19034"}],"curies":[{"name":"wp","href":"https:\/\/api.w.org\/{rel}","templated":true}]}}