{"id":18953,"date":"2024-01-15T10:55:02","date_gmt":"2024-01-15T09:55:02","guid":{"rendered":"https:\/\/alcompasrevista.com\/?p=18953"},"modified":"2024-01-15T17:03:24","modified_gmt":"2024-01-15T16:03:24","slug":"la-banda-de-denia-llanca-dos-cursos-per-al-professorat-musical","status":"publish","type":"post","link":"https:\/\/alcompasrevista.com\/va\/archivos\/18953","title":{"rendered":"La Banda de D\u00e9nia llan\u00e7a dos cursos per al professorat musical"},"content":{"rendered":"\n<p>Els professors de m\u00fasica exerceixen un paper fonamental en la formaci\u00f3 dels seus estudiants, i comptar amb coneixements s\u00f2lids en t\u00e8cniques de gravaci\u00f3 de so els permetr\u00e0 millorar la qualitat de les produccions musicals, facilitar l&#8217;an\u00e0lisi i l&#8217;avaluaci\u00f3 d&#8217;interpretacions, i promoure la difusi\u00f3 del talent dels seus alumnes. <\/p>\n\n\n\n<p>En este sentit, la Banda de D\u00e9nia ofereix dos cursos orientats al professorat musical. El productor Jaume Faraig imparteix el seu curs sobre t\u00e8cniques de gravaci\u00f3 de so per a professors de m\u00fasica els dies 20 i 21 de gener. Este curs brindar\u00e0 als professors les eines i habilitats necess\u00e0ries per a utilitzar de manera efectiva les t\u00e8cniques de gravaci\u00f3 de so en la seua pr\u00e0ctica pedag\u00f2gica.<\/p>\n\n\n\n<p>Per altra banda, la m\u00fasica i especialista <strong>Paola Anselmi imparteix seues jornades seguint la metodologia de m\u00fasica in Culla el \u00a017 i\u00a0 18 de febrer.<\/strong> &#8216;M\u00fasica in Culla&#8217; \u00e9s una metodologia educativa relativa a l&#8217;aprenentatge musical \u2013motriu\u2013 expressiu dels xiquets en l&#8217;etapa neonatal i preescolar.<\/p>\n\n\n\n<p>Inscripci\u00f3 del curs de Jaume Faraig: <a href=\"https:\/\/forms.gle\/tJQaSaiLZuRV6dxw9\">https:\/\/forms.gle\/tJQaSaiLZuRV6dxw9<\/a><\/p>\n\n\n\n<p>Inscripci\u00f3 del curs de Paola Anselmi: <a href=\"https:\/\/forms.gle\/GDuZ2fj1vufR3NiK8\">https:\/\/forms.gle\/GDuZ2fj1vufR3NiK8<\/a><\/p>\n\n\n\n<figure class=\"wp-block-image size-large\"><img loading=\"lazy\" decoding=\"async\" width=\"1024\" height=\"1024\" src=\"https:\/\/alcompasrevista.com\/wp-content\/uploads\/2024\/01\/218459051_4152182248198567_1621242588629588849_n-1024x1024.jpg\" alt=\"\" class=\"wp-image-18948\" srcset=\"https:\/\/alcompasrevista.com\/wp-content\/uploads\/2024\/01\/218459051_4152182248198567_1621242588629588849_n-1024x1024.jpg 1024w, https:\/\/alcompasrevista.com\/wp-content\/uploads\/2024\/01\/218459051_4152182248198567_1621242588629588849_n-300x300.jpg 300w, https:\/\/alcompasrevista.com\/wp-content\/uploads\/2024\/01\/218459051_4152182248198567_1621242588629588849_n-150x150.jpg 150w, https:\/\/alcompasrevista.com\/wp-content\/uploads\/2024\/01\/218459051_4152182248198567_1621242588629588849_n-768x768.jpg 768w, https:\/\/alcompasrevista.com\/wp-content\/uploads\/2024\/01\/218459051_4152182248198567_1621242588629588849_n.jpg 1080w\" sizes=\"auto, (max-width: 1024px) 100vw, 1024px\" \/><\/figure>\n","protected":false},"excerpt":{"rendered":"<p>Els professors de m\u00fasica exerceixen un paper fonamental en la formaci\u00f3 dels seus estudiants, i comptar amb coneixements s\u00f2lids en t\u00e8cniques de gravaci\u00f3 de so els permetr\u00e0 millorar la qualitat [&hellip;]<\/p>\n","protected":false},"author":860002,"featured_media":18952,"comment_status":"open","ping_status":"open","sticky":false,"template":"","format":"standard","meta":{"footnotes":""},"categories":[29],"tags":[905],"portada":[],"class_list":["post-18953","post","type-post","status-publish","format-standard","has-post-thumbnail","hentry","category-noticies-va","tag-curs"],"yoast_head":"<!-- This site is optimized with the Yoast SEO plugin v27.4 - https:\/\/yoast.com\/product\/yoast-seo-wordpress\/ -->\n<title>La Banda de D\u00e9nia llan\u00e7a dos cursos per al professorat musical - Revista Al Comp\u00e0s<\/title>\n<meta name=\"description\" content=\"Durant la nostra trobada viurem junts activitats, jocs, lectures, experi\u00e8ncies i reflexions entorn a l&#039;educaci\u00f3 musical per a la primera inf\u00e0ncia on la paraula clau sempre \u00e9s &#039;EL JOC&#039;.\" \/>\n<meta name=\"robots\" content=\"index, follow, max-snippet:-1, max-image-preview:large, max-video-preview:-1\" \/>\n<link rel=\"canonical\" href=\"https:\/\/alcompasrevista.com\/va\/archivos\/18953\" \/>\n<meta property=\"og:locale\" content=\"en_US\" \/>\n<meta property=\"og:type\" content=\"article\" \/>\n<meta property=\"og:title\" content=\"La Banda de D\u00e9nia llan\u00e7a dos cursos per al professorat musical - Revista Al Comp\u00e0s\" \/>\n<meta property=\"og:description\" content=\"Durant la nostra trobada viurem junts activitats, jocs, lectures, experi\u00e8ncies i reflexions entorn a l&#039;educaci\u00f3 musical per a la primera inf\u00e0ncia on la paraula clau sempre \u00e9s &#039;EL JOC&#039;.\" \/>\n<meta property=\"og:url\" content=\"https:\/\/alcompasrevista.com\/va\/archivos\/18953\" \/>\n<meta property=\"og:site_name\" content=\"Revista Al Comp\u00e0s\" \/>\n<meta property=\"article:published_time\" content=\"2024-01-15T09:55:02+00:00\" \/>\n<meta property=\"article:modified_time\" content=\"2024-01-15T16:03:24+00:00\" \/>\n<meta property=\"og:image\" content=\"https:\/\/alcompasrevista.com\/wp-content\/uploads\/2024\/01\/Mix-2.jpg\" \/>\n\t<meta property=\"og:image:width\" content=\"1000\" \/>\n\t<meta property=\"og:image:height\" content=\"766\" \/>\n\t<meta property=\"og:image:type\" content=\"image\/jpeg\" \/>\n<meta name=\"author\" content=\"Redacci\u00f3n\" \/>\n<meta name=\"twitter:card\" content=\"summary_large_image\" \/>\n<meta name=\"twitter:label1\" content=\"Written by\" \/>\n\t<meta name=\"twitter:data1\" content=\"Redacci\u00f3\" \/>\n\t<meta name=\"twitter:label2\" content=\"Est. reading time\" \/>\n\t<meta name=\"twitter:data2\" content=\"2 minutes\" \/>\n<script type=\"application\/ld+json\" class=\"yoast-schema-graph\">{\"@context\":\"https:\\\/\\\/schema.org\",\"@graph\":[{\"@type\":\"Article\",\"@id\":\"https:\\\/\\\/alcompasrevista.com\\\/va\\\/archivos\\\/18953#article\",\"isPartOf\":{\"@id\":\"https:\\\/\\\/alcompasrevista.com\\\/va\\\/archivos\\\/18953\"},\"author\":{\"name\":\"Redacci\u00f3n\",\"@id\":\"https:\\\/\\\/alcompasrevista.com\\\/#\\\/schema\\\/person\\\/c10652a34fa01d238ecd498d150347fc\"},\"headline\":\"La Banda de D\u00e9nia llan\u00e7a dos cursos per al professorat musical\",\"datePublished\":\"2024-01-15T09:55:02+00:00\",\"dateModified\":\"2024-01-15T16:03:24+00:00\",\"mainEntityOfPage\":{\"@id\":\"https:\\\/\\\/alcompasrevista.com\\\/va\\\/archivos\\\/18953\"},\"wordCount\":212,\"commentCount\":0,\"publisher\":{\"@id\":\"https:\\\/\\\/alcompasrevista.com\\\/#organization\"},\"image\":{\"@id\":\"https:\\\/\\\/alcompasrevista.com\\\/va\\\/archivos\\\/18953#primaryimage\"},\"thumbnailUrl\":\"https:\\\/\\\/alcompasrevista.com\\\/wp-content\\\/uploads\\\/2024\\\/01\\\/Mix-2.jpg\",\"keywords\":[\"Curs\"],\"articleSection\":[\"#Not\u00edcies\"],\"inLanguage\":\"va\",\"potentialAction\":[{\"@type\":\"CommentAction\",\"name\":\"Comment\",\"target\":[\"https:\\\/\\\/alcompasrevista.com\\\/va\\\/archivos\\\/18953#respond\"]}]},{\"@type\":\"WebPage\",\"@id\":\"https:\\\/\\\/alcompasrevista.com\\\/va\\\/archivos\\\/18953\",\"url\":\"https:\\\/\\\/alcompasrevista.com\\\/va\\\/archivos\\\/18953\",\"name\":\"La Banda de D\u00e9nia llan\u00e7a dos cursos per al professorat musical - Revista Al Comp\u00e0s\",\"isPartOf\":{\"@id\":\"https:\\\/\\\/alcompasrevista.com\\\/#website\"},\"primaryImageOfPage\":{\"@id\":\"https:\\\/\\\/alcompasrevista.com\\\/va\\\/archivos\\\/18953#primaryimage\"},\"image\":{\"@id\":\"https:\\\/\\\/alcompasrevista.com\\\/va\\\/archivos\\\/18953#primaryimage\"},\"thumbnailUrl\":\"https:\\\/\\\/alcompasrevista.com\\\/wp-content\\\/uploads\\\/2024\\\/01\\\/Mix-2.jpg\",\"datePublished\":\"2024-01-15T09:55:02+00:00\",\"dateModified\":\"2024-01-15T16:03:24+00:00\",\"description\":\"Durant la nostra trobada viurem junts activitats, jocs, lectures, experi\u00e8ncies i reflexions entorn a l'educaci\u00f3 musical per a la primera inf\u00e0ncia on la paraula clau sempre \u00e9s 'EL JOC'.\",\"breadcrumb\":{\"@id\":\"https:\\\/\\\/alcompasrevista.com\\\/va\\\/archivos\\\/18953#breadcrumb\"},\"inLanguage\":\"va\",\"potentialAction\":[{\"@type\":\"ReadAction\",\"target\":[\"https:\\\/\\\/alcompasrevista.com\\\/va\\\/archivos\\\/18953\"]}]},{\"@type\":\"ImageObject\",\"inLanguage\":\"va\",\"@id\":\"https:\\\/\\\/alcompasrevista.com\\\/va\\\/archivos\\\/18953#primaryimage\",\"url\":\"https:\\\/\\\/alcompasrevista.com\\\/wp-content\\\/uploads\\\/2024\\\/01\\\/Mix-2.jpg\",\"contentUrl\":\"https:\\\/\\\/alcompasrevista.com\\\/wp-content\\\/uploads\\\/2024\\\/01\\\/Mix-2.jpg\",\"width\":1000,\"height\":766},{\"@type\":\"BreadcrumbList\",\"@id\":\"https:\\\/\\\/alcompasrevista.com\\\/va\\\/archivos\\\/18953#breadcrumb\",\"itemListElement\":[{\"@type\":\"ListItem\",\"position\":1,\"name\":\"Portada\",\"item\":\"https:\\\/\\\/alcompasrevista.com\\\/va\"},{\"@type\":\"ListItem\",\"position\":2,\"name\":\"La Banda de D\u00e9nia llan\u00e7a dos cursos per al professorat musical\"}]},{\"@type\":\"WebSite\",\"@id\":\"https:\\\/\\\/alcompasrevista.com\\\/#website\",\"url\":\"https:\\\/\\\/alcompasrevista.com\\\/\",\"name\":\"Revista Al Comp\u00e0s\",\"description\":\"Un proyecto de la Federaci\u00f3n de Sociedades Musicales de la Comunidad Valenciana\",\"publisher\":{\"@id\":\"https:\\\/\\\/alcompasrevista.com\\\/#organization\"},\"potentialAction\":[{\"@type\":\"SearchAction\",\"target\":{\"@type\":\"EntryPoint\",\"urlTemplate\":\"https:\\\/\\\/alcompasrevista.com\\\/?s={search_term_string}\"},\"query-input\":{\"@type\":\"PropertyValueSpecification\",\"valueRequired\":true,\"valueName\":\"search_term_string\"}}],\"inLanguage\":\"va\"},{\"@type\":\"Organization\",\"@id\":\"https:\\\/\\\/alcompasrevista.com\\\/#organization\",\"name\":\"Revista Al Comp\u00e0s\",\"url\":\"https:\\\/\\\/alcompasrevista.com\\\/\",\"logo\":{\"@type\":\"ImageObject\",\"inLanguage\":\"va\",\"@id\":\"https:\\\/\\\/alcompasrevista.com\\\/#\\\/schema\\\/logo\\\/image\\\/\",\"url\":\"https:\\\/\\\/alcompasrevista.com\\\/wp-content\\\/uploads\\\/2022\\\/04\\\/cropped-loog_blanco.png\",\"contentUrl\":\"https:\\\/\\\/alcompasrevista.com\\\/wp-content\\\/uploads\\\/2022\\\/04\\\/cropped-loog_blanco.png\",\"width\":1612,\"height\":724,\"caption\":\"Revista Al Comp\u00e0s\"},\"image\":{\"@id\":\"https:\\\/\\\/alcompasrevista.com\\\/#\\\/schema\\\/logo\\\/image\\\/\"}},{\"@type\":\"Person\",\"@id\":\"https:\\\/\\\/alcompasrevista.com\\\/#\\\/schema\\\/person\\\/c10652a34fa01d238ecd498d150347fc\",\"name\":\"Redacci\u00f3n\",\"image\":{\"@type\":\"ImageObject\",\"inLanguage\":\"va\",\"@id\":\"https:\\\/\\\/secure.gravatar.com\\\/avatar\\\/e6a6d0cd2ddec22e0ca7d21b7e49d4a0099fbdc1d476e5412893210bce942ce9?s=96&d=mm&r=g\",\"url\":\"https:\\\/\\\/secure.gravatar.com\\\/avatar\\\/e6a6d0cd2ddec22e0ca7d21b7e49d4a0099fbdc1d476e5412893210bce942ce9?s=96&d=mm&r=g\",\"contentUrl\":\"https:\\\/\\\/secure.gravatar.com\\\/avatar\\\/e6a6d0cd2ddec22e0ca7d21b7e49d4a0099fbdc1d476e5412893210bce942ce9?s=96&d=mm&r=g\",\"caption\":\"Redacci\u00f3n\"},\"url\":\"https:\\\/\\\/alcompasrevista.com\\\/va\\\/archivos\\\/author\\\/vhj_webmaster\"}]}<\/script>\n<!-- \/ Yoast SEO plugin. -->","yoast_head_json":{"title":"La Banda de D\u00e9nia llan\u00e7a dos cursos per al professorat musical - Revista Al Comp\u00e0s","description":"Durant la nostra trobada viurem junts activitats, jocs, lectures, experi\u00e8ncies i reflexions entorn a l'educaci\u00f3 musical per a la primera inf\u00e0ncia on la paraula clau sempre \u00e9s 'EL JOC'.","robots":{"index":"index","follow":"follow","max-snippet":"max-snippet:-1","max-image-preview":"max-image-preview:large","max-video-preview":"max-video-preview:-1"},"canonical":"https:\/\/alcompasrevista.com\/va\/archivos\/18953","og_locale":"en_US","og_type":"article","og_title":"La Banda de D\u00e9nia llan\u00e7a dos cursos per al professorat musical - Revista Al Comp\u00e0s","og_description":"Durant la nostra trobada viurem junts activitats, jocs, lectures, experi\u00e8ncies i reflexions entorn a l'educaci\u00f3 musical per a la primera inf\u00e0ncia on la paraula clau sempre \u00e9s 'EL JOC'.","og_url":"https:\/\/alcompasrevista.com\/va\/archivos\/18953","og_site_name":"Revista Al Comp\u00e0s","article_published_time":"2024-01-15T09:55:02+00:00","article_modified_time":"2024-01-15T16:03:24+00:00","og_image":[{"width":1000,"height":766,"url":"https:\/\/alcompasrevista.com\/wp-content\/uploads\/2024\/01\/Mix-2.jpg","type":"image\/jpeg"}],"author":"Redacci\u00f3n","twitter_card":"summary_large_image","twitter_misc":{"Written by":"Redacci\u00f3","Est. reading time":"2 minutes"},"schema":{"@context":"https:\/\/schema.org","@graph":[{"@type":"Article","@id":"https:\/\/alcompasrevista.com\/va\/archivos\/18953#article","isPartOf":{"@id":"https:\/\/alcompasrevista.com\/va\/archivos\/18953"},"author":{"name":"Redacci\u00f3n","@id":"https:\/\/alcompasrevista.com\/#\/schema\/person\/c10652a34fa01d238ecd498d150347fc"},"headline":"La Banda de D\u00e9nia llan\u00e7a dos cursos per al professorat musical","datePublished":"2024-01-15T09:55:02+00:00","dateModified":"2024-01-15T16:03:24+00:00","mainEntityOfPage":{"@id":"https:\/\/alcompasrevista.com\/va\/archivos\/18953"},"wordCount":212,"commentCount":0,"publisher":{"@id":"https:\/\/alcompasrevista.com\/#organization"},"image":{"@id":"https:\/\/alcompasrevista.com\/va\/archivos\/18953#primaryimage"},"thumbnailUrl":"https:\/\/alcompasrevista.com\/wp-content\/uploads\/2024\/01\/Mix-2.jpg","keywords":["Curs"],"articleSection":["#Not\u00edcies"],"inLanguage":"va","potentialAction":[{"@type":"CommentAction","name":"Comment","target":["https:\/\/alcompasrevista.com\/va\/archivos\/18953#respond"]}]},{"@type":"WebPage","@id":"https:\/\/alcompasrevista.com\/va\/archivos\/18953","url":"https:\/\/alcompasrevista.com\/va\/archivos\/18953","name":"La Banda de D\u00e9nia llan\u00e7a dos cursos per al professorat musical - Revista Al Comp\u00e0s","isPartOf":{"@id":"https:\/\/alcompasrevista.com\/#website"},"primaryImageOfPage":{"@id":"https:\/\/alcompasrevista.com\/va\/archivos\/18953#primaryimage"},"image":{"@id":"https:\/\/alcompasrevista.com\/va\/archivos\/18953#primaryimage"},"thumbnailUrl":"https:\/\/alcompasrevista.com\/wp-content\/uploads\/2024\/01\/Mix-2.jpg","datePublished":"2024-01-15T09:55:02+00:00","dateModified":"2024-01-15T16:03:24+00:00","description":"Durant la nostra trobada viurem junts activitats, jocs, lectures, experi\u00e8ncies i reflexions entorn a l'educaci\u00f3 musical per a la primera inf\u00e0ncia on la paraula clau sempre \u00e9s 'EL JOC'.","breadcrumb":{"@id":"https:\/\/alcompasrevista.com\/va\/archivos\/18953#breadcrumb"},"inLanguage":"va","potentialAction":[{"@type":"ReadAction","target":["https:\/\/alcompasrevista.com\/va\/archivos\/18953"]}]},{"@type":"ImageObject","inLanguage":"va","@id":"https:\/\/alcompasrevista.com\/va\/archivos\/18953#primaryimage","url":"https:\/\/alcompasrevista.com\/wp-content\/uploads\/2024\/01\/Mix-2.jpg","contentUrl":"https:\/\/alcompasrevista.com\/wp-content\/uploads\/2024\/01\/Mix-2.jpg","width":1000,"height":766},{"@type":"BreadcrumbList","@id":"https:\/\/alcompasrevista.com\/va\/archivos\/18953#breadcrumb","itemListElement":[{"@type":"ListItem","position":1,"name":"Portada","item":"https:\/\/alcompasrevista.com\/va"},{"@type":"ListItem","position":2,"name":"La Banda de D\u00e9nia llan\u00e7a dos cursos per al professorat musical"}]},{"@type":"WebSite","@id":"https:\/\/alcompasrevista.com\/#website","url":"https:\/\/alcompasrevista.com\/","name":"Revista Al Comp\u00e0s","description":"Un proyecto de la Federaci\u00f3n de Sociedades Musicales de la Comunidad Valenciana","publisher":{"@id":"https:\/\/alcompasrevista.com\/#organization"},"potentialAction":[{"@type":"SearchAction","target":{"@type":"EntryPoint","urlTemplate":"https:\/\/alcompasrevista.com\/?s={search_term_string}"},"query-input":{"@type":"PropertyValueSpecification","valueRequired":true,"valueName":"search_term_string"}}],"inLanguage":"va"},{"@type":"Organization","@id":"https:\/\/alcompasrevista.com\/#organization","name":"Revista Al Comp\u00e0s","url":"https:\/\/alcompasrevista.com\/","logo":{"@type":"ImageObject","inLanguage":"va","@id":"https:\/\/alcompasrevista.com\/#\/schema\/logo\/image\/","url":"https:\/\/alcompasrevista.com\/wp-content\/uploads\/2022\/04\/cropped-loog_blanco.png","contentUrl":"https:\/\/alcompasrevista.com\/wp-content\/uploads\/2022\/04\/cropped-loog_blanco.png","width":1612,"height":724,"caption":"Revista Al Comp\u00e0s"},"image":{"@id":"https:\/\/alcompasrevista.com\/#\/schema\/logo\/image\/"}},{"@type":"Person","@id":"https:\/\/alcompasrevista.com\/#\/schema\/person\/c10652a34fa01d238ecd498d150347fc","name":"Redacci\u00f3n","image":{"@type":"ImageObject","inLanguage":"va","@id":"https:\/\/secure.gravatar.com\/avatar\/e6a6d0cd2ddec22e0ca7d21b7e49d4a0099fbdc1d476e5412893210bce942ce9?s=96&d=mm&r=g","url":"https:\/\/secure.gravatar.com\/avatar\/e6a6d0cd2ddec22e0ca7d21b7e49d4a0099fbdc1d476e5412893210bce942ce9?s=96&d=mm&r=g","contentUrl":"https:\/\/secure.gravatar.com\/avatar\/e6a6d0cd2ddec22e0ca7d21b7e49d4a0099fbdc1d476e5412893210bce942ce9?s=96&d=mm&r=g","caption":"Redacci\u00f3n"},"url":"https:\/\/alcompasrevista.com\/va\/archivos\/author\/vhj_webmaster"}]}},"_links":{"self":[{"href":"https:\/\/alcompasrevista.com\/va\/wp-json\/wp\/v2\/posts\/18953","targetHints":{"allow":["GET"]}}],"collection":[{"href":"https:\/\/alcompasrevista.com\/va\/wp-json\/wp\/v2\/posts"}],"about":[{"href":"https:\/\/alcompasrevista.com\/va\/wp-json\/wp\/v2\/types\/post"}],"author":[{"embeddable":true,"href":"https:\/\/alcompasrevista.com\/va\/wp-json\/wp\/v2\/users\/860002"}],"replies":[{"embeddable":true,"href":"https:\/\/alcompasrevista.com\/va\/wp-json\/wp\/v2\/comments?post=18953"}],"version-history":[{"count":0,"href":"https:\/\/alcompasrevista.com\/va\/wp-json\/wp\/v2\/posts\/18953\/revisions"}],"wp:featuredmedia":[{"embeddable":true,"href":"https:\/\/alcompasrevista.com\/va\/wp-json\/wp\/v2\/media\/18952"}],"wp:attachment":[{"href":"https:\/\/alcompasrevista.com\/va\/wp-json\/wp\/v2\/media?parent=18953"}],"wp:term":[{"taxonomy":"category","embeddable":true,"href":"https:\/\/alcompasrevista.com\/va\/wp-json\/wp\/v2\/categories?post=18953"},{"taxonomy":"post_tag","embeddable":true,"href":"https:\/\/alcompasrevista.com\/va\/wp-json\/wp\/v2\/tags?post=18953"},{"taxonomy":"portada","embeddable":true,"href":"https:\/\/alcompasrevista.com\/va\/wp-json\/wp\/v2\/portada?post=18953"}],"curies":[{"name":"wp","href":"https:\/\/api.w.org\/{rel}","templated":true}]}}