{"id":18669,"date":"2023-12-14T15:50:34","date_gmt":"2023-12-14T14:50:34","guid":{"rendered":"https:\/\/alcompasrevista.com\/?p=18669"},"modified":"2023-12-14T16:29:33","modified_gmt":"2023-12-14T15:29:33","slug":"fsmcv-obri-el-termini-per-a-presentar-propostes-a-la-direccio-musical-de-les-seues-unitats-artistiques","status":"publish","type":"post","link":"https:\/\/alcompasrevista.com\/va\/archivos\/18669","title":{"rendered":"FSMCV obri el termini per a presentar propostes a la direcci\u00f3 musical de les seues unitats art\u00edstiques"},"content":{"rendered":"\n<p>La Federaci\u00f3 de Societats Musicals de la Comunitat Valenciana obri el termini de recepci\u00f3 de propostes per a la direcci\u00f3 art\u00edstica de la Jove Banda Simf\u00f2nica i per a la direcci\u00f3 art\u00edstica de la Banda Simf\u00f2nica de Dones.<\/p>\n\n\n\n<p>Les persones interessades poden enviar el seu Curriculum Vitae actualitzat i la seua proposta o projecte, indicant la unitat de dest\u00ed preferida. El termini est\u00e0 obert fins el pr\u00f2xim dia 31 de desembre de 2023, i les sol\u00b7licituds han d&#8217;enviar- se a la seg\u00fcent adre\u00e7a: fsmcv@fsmcv.org.<\/p>\n\n\n\n<p>Es valoraran aspectes com la vinculaci\u00f3 activa de les i els aspirants al moviment band\u00edstic o orquestral de les societats musicals de la Comunitat Valenciana, estar inscrit o inscrita en el Fitxer de Persones Relacionades amb la Federaci\u00f3 i l&#8217;alineaci\u00f3 del CV del candidat o candidata amb les activitats de la Federaci\u00f3 i els seus associats. <\/p>\n\n\n\n<p>En este sentit, s&#8217;avaluar\u00e0 que la proposta continga un projecte social, educatiu, cultural i art\u00edstic que represente al col\u00b7lectiu, aix\u00ed com els valors del voluntariat i professionalitat que comporta la realitat de les societats musicals. Tamb\u00e9 es tindr\u00e0 en compte a les persones que anteriorment a este anunci hagen fet arribar la seua proposta per a estos mateixos fins.<\/p>\n","protected":false},"excerpt":{"rendered":"<p>La Federaci\u00f3 de Societats Musicals de la Comunitat Valenciana obri el termini de recepci\u00f3 de propostes per a la direcci\u00f3 art\u00edstica de la Jove Banda Simf\u00f2nica i per a la [&hellip;]<\/p>\n","protected":false},"author":860002,"featured_media":18667,"comment_status":"open","ping_status":"open","sticky":false,"template":"","format":"standard","meta":{"footnotes":""},"categories":[29],"tags":[],"portada":[],"class_list":["post-18669","post","type-post","status-publish","format-standard","has-post-thumbnail","hentry","category-noticies-va"],"yoast_head":"<!-- This site is optimized with the Yoast SEO plugin v27.4 - https:\/\/yoast.com\/product\/yoast-seo-wordpress\/ -->\n<title>FSMCV obri el termini per a presentar propostes a la direcci\u00f3 musical de les seues unitats art\u00edstiques - Revista Al Comp\u00e0s<\/title>\n<meta name=\"description\" content=\"La Federaci\u00f3 de Societats Musicals de la Comunitat Valenciana obri el termini de recepci\u00f3 de propostes per a la direcci\u00f3 art\u00edstica de la Jove Banda Simf\u00f2nica i per a la direcci\u00f3 art\u00edstica de la Banda Simf\u00f2nica de Dones.\" \/>\n<meta name=\"robots\" content=\"index, follow, max-snippet:-1, max-image-preview:large, max-video-preview:-1\" \/>\n<link rel=\"canonical\" href=\"https:\/\/alcompasrevista.com\/va\/archivos\/18669\" \/>\n<meta property=\"og:locale\" content=\"en_US\" \/>\n<meta property=\"og:type\" content=\"article\" \/>\n<meta property=\"og:title\" content=\"FSMCV obri el termini per a presentar propostes a la direcci\u00f3 musical de les seues unitats art\u00edstiques - Revista Al Comp\u00e0s\" \/>\n<meta property=\"og:description\" content=\"La Federaci\u00f3 de Societats Musicals de la Comunitat Valenciana obri el termini de recepci\u00f3 de propostes per a la direcci\u00f3 art\u00edstica de la Jove Banda Simf\u00f2nica i per a la direcci\u00f3 art\u00edstica de la Banda Simf\u00f2nica de Dones.\" \/>\n<meta property=\"og:url\" content=\"https:\/\/alcompasrevista.com\/va\/archivos\/18669\" \/>\n<meta property=\"og:site_name\" content=\"Revista Al Comp\u00e0s\" \/>\n<meta property=\"article:published_time\" content=\"2023-12-14T14:50:34+00:00\" \/>\n<meta property=\"article:modified_time\" content=\"2023-12-14T15:29:33+00:00\" \/>\n<meta property=\"og:image\" content=\"https:\/\/alcompasrevista.com\/wp-content\/uploads\/2023\/12\/DSC07190-1-copia.jpg\" \/>\n\t<meta property=\"og:image:width\" content=\"1492\" \/>\n\t<meta property=\"og:image:height\" content=\"997\" \/>\n\t<meta property=\"og:image:type\" content=\"image\/jpeg\" \/>\n<meta name=\"author\" content=\"Redacci\u00f3n\" \/>\n<meta name=\"twitter:card\" content=\"summary_large_image\" \/>\n<meta name=\"twitter:label1\" content=\"Written by\" \/>\n\t<meta name=\"twitter:data1\" content=\"Redacci\u00f3\" \/>\n\t<meta name=\"twitter:label2\" content=\"Est. reading time\" \/>\n\t<meta name=\"twitter:data2\" content=\"1 minute\" \/>\n<script type=\"application\/ld+json\" class=\"yoast-schema-graph\">{\"@context\":\"https:\\\/\\\/schema.org\",\"@graph\":[{\"@type\":\"Article\",\"@id\":\"https:\\\/\\\/alcompasrevista.com\\\/va\\\/archivos\\\/18669#article\",\"isPartOf\":{\"@id\":\"https:\\\/\\\/alcompasrevista.com\\\/va\\\/archivos\\\/18669\"},\"author\":{\"name\":\"Redacci\u00f3n\",\"@id\":\"https:\\\/\\\/alcompasrevista.com\\\/#\\\/schema\\\/person\\\/c10652a34fa01d238ecd498d150347fc\"},\"headline\":\"FSMCV obri el termini per a presentar propostes a la direcci\u00f3 musical de les seues unitats art\u00edstiques\",\"datePublished\":\"2023-12-14T14:50:34+00:00\",\"dateModified\":\"2023-12-14T15:29:33+00:00\",\"mainEntityOfPage\":{\"@id\":\"https:\\\/\\\/alcompasrevista.com\\\/va\\\/archivos\\\/18669\"},\"wordCount\":231,\"commentCount\":0,\"publisher\":{\"@id\":\"https:\\\/\\\/alcompasrevista.com\\\/#organization\"},\"image\":{\"@id\":\"https:\\\/\\\/alcompasrevista.com\\\/va\\\/archivos\\\/18669#primaryimage\"},\"thumbnailUrl\":\"https:\\\/\\\/alcompasrevista.com\\\/wp-content\\\/uploads\\\/2023\\\/12\\\/DSC07190-1-copia.jpg\",\"articleSection\":[\"#Not\u00edcies\"],\"inLanguage\":\"va\",\"potentialAction\":[{\"@type\":\"CommentAction\",\"name\":\"Comment\",\"target\":[\"https:\\\/\\\/alcompasrevista.com\\\/va\\\/archivos\\\/18669#respond\"]}]},{\"@type\":\"WebPage\",\"@id\":\"https:\\\/\\\/alcompasrevista.com\\\/va\\\/archivos\\\/18669\",\"url\":\"https:\\\/\\\/alcompasrevista.com\\\/va\\\/archivos\\\/18669\",\"name\":\"FSMCV obri el termini per a presentar propostes a la direcci\u00f3 musical de les seues unitats art\u00edstiques - Revista Al Comp\u00e0s\",\"isPartOf\":{\"@id\":\"https:\\\/\\\/alcompasrevista.com\\\/#website\"},\"primaryImageOfPage\":{\"@id\":\"https:\\\/\\\/alcompasrevista.com\\\/va\\\/archivos\\\/18669#primaryimage\"},\"image\":{\"@id\":\"https:\\\/\\\/alcompasrevista.com\\\/va\\\/archivos\\\/18669#primaryimage\"},\"thumbnailUrl\":\"https:\\\/\\\/alcompasrevista.com\\\/wp-content\\\/uploads\\\/2023\\\/12\\\/DSC07190-1-copia.jpg\",\"datePublished\":\"2023-12-14T14:50:34+00:00\",\"dateModified\":\"2023-12-14T15:29:33+00:00\",\"description\":\"La Federaci\u00f3 de Societats Musicals de la Comunitat Valenciana obri el termini de recepci\u00f3 de propostes per a la direcci\u00f3 art\u00edstica de la Jove Banda Simf\u00f2nica i per a la direcci\u00f3 art\u00edstica de la Banda Simf\u00f2nica de Dones.\",\"breadcrumb\":{\"@id\":\"https:\\\/\\\/alcompasrevista.com\\\/va\\\/archivos\\\/18669#breadcrumb\"},\"inLanguage\":\"va\",\"potentialAction\":[{\"@type\":\"ReadAction\",\"target\":[\"https:\\\/\\\/alcompasrevista.com\\\/va\\\/archivos\\\/18669\"]}]},{\"@type\":\"ImageObject\",\"inLanguage\":\"va\",\"@id\":\"https:\\\/\\\/alcompasrevista.com\\\/va\\\/archivos\\\/18669#primaryimage\",\"url\":\"https:\\\/\\\/alcompasrevista.com\\\/wp-content\\\/uploads\\\/2023\\\/12\\\/DSC07190-1-copia.jpg\",\"contentUrl\":\"https:\\\/\\\/alcompasrevista.com\\\/wp-content\\\/uploads\\\/2023\\\/12\\\/DSC07190-1-copia.jpg\",\"width\":1492,\"height\":997},{\"@type\":\"BreadcrumbList\",\"@id\":\"https:\\\/\\\/alcompasrevista.com\\\/va\\\/archivos\\\/18669#breadcrumb\",\"itemListElement\":[{\"@type\":\"ListItem\",\"position\":1,\"name\":\"Portada\",\"item\":\"https:\\\/\\\/alcompasrevista.com\\\/va\"},{\"@type\":\"ListItem\",\"position\":2,\"name\":\"FSMCV obri el termini per a presentar propostes a la direcci\u00f3 musical de les seues unitats art\u00edstiques\"}]},{\"@type\":\"WebSite\",\"@id\":\"https:\\\/\\\/alcompasrevista.com\\\/#website\",\"url\":\"https:\\\/\\\/alcompasrevista.com\\\/\",\"name\":\"Revista Al Comp\u00e0s\",\"description\":\"Un proyecto de la Federaci\u00f3n de Sociedades Musicales de la Comunidad Valenciana\",\"publisher\":{\"@id\":\"https:\\\/\\\/alcompasrevista.com\\\/#organization\"},\"potentialAction\":[{\"@type\":\"SearchAction\",\"target\":{\"@type\":\"EntryPoint\",\"urlTemplate\":\"https:\\\/\\\/alcompasrevista.com\\\/?s={search_term_string}\"},\"query-input\":{\"@type\":\"PropertyValueSpecification\",\"valueRequired\":true,\"valueName\":\"search_term_string\"}}],\"inLanguage\":\"va\"},{\"@type\":\"Organization\",\"@id\":\"https:\\\/\\\/alcompasrevista.com\\\/#organization\",\"name\":\"Revista Al Comp\u00e0s\",\"url\":\"https:\\\/\\\/alcompasrevista.com\\\/\",\"logo\":{\"@type\":\"ImageObject\",\"inLanguage\":\"va\",\"@id\":\"https:\\\/\\\/alcompasrevista.com\\\/#\\\/schema\\\/logo\\\/image\\\/\",\"url\":\"https:\\\/\\\/alcompasrevista.com\\\/wp-content\\\/uploads\\\/2022\\\/04\\\/cropped-loog_blanco.png\",\"contentUrl\":\"https:\\\/\\\/alcompasrevista.com\\\/wp-content\\\/uploads\\\/2022\\\/04\\\/cropped-loog_blanco.png\",\"width\":1612,\"height\":724,\"caption\":\"Revista Al Comp\u00e0s\"},\"image\":{\"@id\":\"https:\\\/\\\/alcompasrevista.com\\\/#\\\/schema\\\/logo\\\/image\\\/\"}},{\"@type\":\"Person\",\"@id\":\"https:\\\/\\\/alcompasrevista.com\\\/#\\\/schema\\\/person\\\/c10652a34fa01d238ecd498d150347fc\",\"name\":\"Redacci\u00f3n\",\"image\":{\"@type\":\"ImageObject\",\"inLanguage\":\"va\",\"@id\":\"https:\\\/\\\/secure.gravatar.com\\\/avatar\\\/e6a6d0cd2ddec22e0ca7d21b7e49d4a0099fbdc1d476e5412893210bce942ce9?s=96&d=mm&r=g\",\"url\":\"https:\\\/\\\/secure.gravatar.com\\\/avatar\\\/e6a6d0cd2ddec22e0ca7d21b7e49d4a0099fbdc1d476e5412893210bce942ce9?s=96&d=mm&r=g\",\"contentUrl\":\"https:\\\/\\\/secure.gravatar.com\\\/avatar\\\/e6a6d0cd2ddec22e0ca7d21b7e49d4a0099fbdc1d476e5412893210bce942ce9?s=96&d=mm&r=g\",\"caption\":\"Redacci\u00f3n\"},\"url\":\"https:\\\/\\\/alcompasrevista.com\\\/va\\\/archivos\\\/author\\\/vhj_webmaster\"}]}<\/script>\n<!-- \/ Yoast SEO plugin. -->","yoast_head_json":{"title":"FSMCV obri el termini per a presentar propostes a la direcci\u00f3 musical de les seues unitats art\u00edstiques - Revista Al Comp\u00e0s","description":"La Federaci\u00f3 de Societats Musicals de la Comunitat Valenciana obri el termini de recepci\u00f3 de propostes per a la direcci\u00f3 art\u00edstica de la Jove Banda Simf\u00f2nica i per a la direcci\u00f3 art\u00edstica de la Banda Simf\u00f2nica de Dones.","robots":{"index":"index","follow":"follow","max-snippet":"max-snippet:-1","max-image-preview":"max-image-preview:large","max-video-preview":"max-video-preview:-1"},"canonical":"https:\/\/alcompasrevista.com\/va\/archivos\/18669","og_locale":"en_US","og_type":"article","og_title":"FSMCV obri el termini per a presentar propostes a la direcci\u00f3 musical de les seues unitats art\u00edstiques - Revista Al Comp\u00e0s","og_description":"La Federaci\u00f3 de Societats Musicals de la Comunitat Valenciana obri el termini de recepci\u00f3 de propostes per a la direcci\u00f3 art\u00edstica de la Jove Banda Simf\u00f2nica i per a la direcci\u00f3 art\u00edstica de la Banda Simf\u00f2nica de Dones.","og_url":"https:\/\/alcompasrevista.com\/va\/archivos\/18669","og_site_name":"Revista Al Comp\u00e0s","article_published_time":"2023-12-14T14:50:34+00:00","article_modified_time":"2023-12-14T15:29:33+00:00","og_image":[{"width":1492,"height":997,"url":"https:\/\/alcompasrevista.com\/wp-content\/uploads\/2023\/12\/DSC07190-1-copia.jpg","type":"image\/jpeg"}],"author":"Redacci\u00f3n","twitter_card":"summary_large_image","twitter_misc":{"Written by":"Redacci\u00f3","Est. reading time":"1 minute"},"schema":{"@context":"https:\/\/schema.org","@graph":[{"@type":"Article","@id":"https:\/\/alcompasrevista.com\/va\/archivos\/18669#article","isPartOf":{"@id":"https:\/\/alcompasrevista.com\/va\/archivos\/18669"},"author":{"name":"Redacci\u00f3n","@id":"https:\/\/alcompasrevista.com\/#\/schema\/person\/c10652a34fa01d238ecd498d150347fc"},"headline":"FSMCV obri el termini per a presentar propostes a la direcci\u00f3 musical de les seues unitats art\u00edstiques","datePublished":"2023-12-14T14:50:34+00:00","dateModified":"2023-12-14T15:29:33+00:00","mainEntityOfPage":{"@id":"https:\/\/alcompasrevista.com\/va\/archivos\/18669"},"wordCount":231,"commentCount":0,"publisher":{"@id":"https:\/\/alcompasrevista.com\/#organization"},"image":{"@id":"https:\/\/alcompasrevista.com\/va\/archivos\/18669#primaryimage"},"thumbnailUrl":"https:\/\/alcompasrevista.com\/wp-content\/uploads\/2023\/12\/DSC07190-1-copia.jpg","articleSection":["#Not\u00edcies"],"inLanguage":"va","potentialAction":[{"@type":"CommentAction","name":"Comment","target":["https:\/\/alcompasrevista.com\/va\/archivos\/18669#respond"]}]},{"@type":"WebPage","@id":"https:\/\/alcompasrevista.com\/va\/archivos\/18669","url":"https:\/\/alcompasrevista.com\/va\/archivos\/18669","name":"FSMCV obri el termini per a presentar propostes a la direcci\u00f3 musical de les seues unitats art\u00edstiques - Revista Al Comp\u00e0s","isPartOf":{"@id":"https:\/\/alcompasrevista.com\/#website"},"primaryImageOfPage":{"@id":"https:\/\/alcompasrevista.com\/va\/archivos\/18669#primaryimage"},"image":{"@id":"https:\/\/alcompasrevista.com\/va\/archivos\/18669#primaryimage"},"thumbnailUrl":"https:\/\/alcompasrevista.com\/wp-content\/uploads\/2023\/12\/DSC07190-1-copia.jpg","datePublished":"2023-12-14T14:50:34+00:00","dateModified":"2023-12-14T15:29:33+00:00","description":"La Federaci\u00f3 de Societats Musicals de la Comunitat Valenciana obri el termini de recepci\u00f3 de propostes per a la direcci\u00f3 art\u00edstica de la Jove Banda Simf\u00f2nica i per a la direcci\u00f3 art\u00edstica de la Banda Simf\u00f2nica de Dones.","breadcrumb":{"@id":"https:\/\/alcompasrevista.com\/va\/archivos\/18669#breadcrumb"},"inLanguage":"va","potentialAction":[{"@type":"ReadAction","target":["https:\/\/alcompasrevista.com\/va\/archivos\/18669"]}]},{"@type":"ImageObject","inLanguage":"va","@id":"https:\/\/alcompasrevista.com\/va\/archivos\/18669#primaryimage","url":"https:\/\/alcompasrevista.com\/wp-content\/uploads\/2023\/12\/DSC07190-1-copia.jpg","contentUrl":"https:\/\/alcompasrevista.com\/wp-content\/uploads\/2023\/12\/DSC07190-1-copia.jpg","width":1492,"height":997},{"@type":"BreadcrumbList","@id":"https:\/\/alcompasrevista.com\/va\/archivos\/18669#breadcrumb","itemListElement":[{"@type":"ListItem","position":1,"name":"Portada","item":"https:\/\/alcompasrevista.com\/va"},{"@type":"ListItem","position":2,"name":"FSMCV obri el termini per a presentar propostes a la direcci\u00f3 musical de les seues unitats art\u00edstiques"}]},{"@type":"WebSite","@id":"https:\/\/alcompasrevista.com\/#website","url":"https:\/\/alcompasrevista.com\/","name":"Revista Al Comp\u00e0s","description":"Un proyecto de la Federaci\u00f3n de Sociedades Musicales de la Comunidad Valenciana","publisher":{"@id":"https:\/\/alcompasrevista.com\/#organization"},"potentialAction":[{"@type":"SearchAction","target":{"@type":"EntryPoint","urlTemplate":"https:\/\/alcompasrevista.com\/?s={search_term_string}"},"query-input":{"@type":"PropertyValueSpecification","valueRequired":true,"valueName":"search_term_string"}}],"inLanguage":"va"},{"@type":"Organization","@id":"https:\/\/alcompasrevista.com\/#organization","name":"Revista Al Comp\u00e0s","url":"https:\/\/alcompasrevista.com\/","logo":{"@type":"ImageObject","inLanguage":"va","@id":"https:\/\/alcompasrevista.com\/#\/schema\/logo\/image\/","url":"https:\/\/alcompasrevista.com\/wp-content\/uploads\/2022\/04\/cropped-loog_blanco.png","contentUrl":"https:\/\/alcompasrevista.com\/wp-content\/uploads\/2022\/04\/cropped-loog_blanco.png","width":1612,"height":724,"caption":"Revista Al Comp\u00e0s"},"image":{"@id":"https:\/\/alcompasrevista.com\/#\/schema\/logo\/image\/"}},{"@type":"Person","@id":"https:\/\/alcompasrevista.com\/#\/schema\/person\/c10652a34fa01d238ecd498d150347fc","name":"Redacci\u00f3n","image":{"@type":"ImageObject","inLanguage":"va","@id":"https:\/\/secure.gravatar.com\/avatar\/e6a6d0cd2ddec22e0ca7d21b7e49d4a0099fbdc1d476e5412893210bce942ce9?s=96&d=mm&r=g","url":"https:\/\/secure.gravatar.com\/avatar\/e6a6d0cd2ddec22e0ca7d21b7e49d4a0099fbdc1d476e5412893210bce942ce9?s=96&d=mm&r=g","contentUrl":"https:\/\/secure.gravatar.com\/avatar\/e6a6d0cd2ddec22e0ca7d21b7e49d4a0099fbdc1d476e5412893210bce942ce9?s=96&d=mm&r=g","caption":"Redacci\u00f3n"},"url":"https:\/\/alcompasrevista.com\/va\/archivos\/author\/vhj_webmaster"}]}},"_links":{"self":[{"href":"https:\/\/alcompasrevista.com\/va\/wp-json\/wp\/v2\/posts\/18669","targetHints":{"allow":["GET"]}}],"collection":[{"href":"https:\/\/alcompasrevista.com\/va\/wp-json\/wp\/v2\/posts"}],"about":[{"href":"https:\/\/alcompasrevista.com\/va\/wp-json\/wp\/v2\/types\/post"}],"author":[{"embeddable":true,"href":"https:\/\/alcompasrevista.com\/va\/wp-json\/wp\/v2\/users\/860002"}],"replies":[{"embeddable":true,"href":"https:\/\/alcompasrevista.com\/va\/wp-json\/wp\/v2\/comments?post=18669"}],"version-history":[{"count":0,"href":"https:\/\/alcompasrevista.com\/va\/wp-json\/wp\/v2\/posts\/18669\/revisions"}],"wp:featuredmedia":[{"embeddable":true,"href":"https:\/\/alcompasrevista.com\/va\/wp-json\/wp\/v2\/media\/18667"}],"wp:attachment":[{"href":"https:\/\/alcompasrevista.com\/va\/wp-json\/wp\/v2\/media?parent=18669"}],"wp:term":[{"taxonomy":"category","embeddable":true,"href":"https:\/\/alcompasrevista.com\/va\/wp-json\/wp\/v2\/categories?post=18669"},{"taxonomy":"post_tag","embeddable":true,"href":"https:\/\/alcompasrevista.com\/va\/wp-json\/wp\/v2\/tags?post=18669"},{"taxonomy":"portada","embeddable":true,"href":"https:\/\/alcompasrevista.com\/va\/wp-json\/wp\/v2\/portada?post=18669"}],"curies":[{"name":"wp","href":"https:\/\/api.w.org\/{rel}","templated":true}]}}