{"id":18603,"date":"2023-12-12T15:57:59","date_gmt":"2023-12-12T14:57:59","guid":{"rendered":"https:\/\/alcompasrevista.com\/?p=18603"},"modified":"2023-12-12T17:32:09","modified_gmt":"2023-12-12T16:32:09","slug":"la-fsmcv-caixabank-i-el-ivc-celebren-la-sisena-edicio-del-cicle-de-concerts-caixabank-dorquestres-de-la-comunitat-valenciana","status":"publish","type":"post","link":"https:\/\/alcompasrevista.com\/va\/archivos\/18603","title":{"rendered":"La FSMCV, CaixaBank i el IVC celebren la sisena edici\u00f3 del &#8216;Cicle de Concerts CaixaBank d&#8217;Orquestres de la Comunitat Valenciana&#8217;"},"content":{"rendered":"\n<p>CaixaBank, la Federaci\u00f3 de Societats Musicals de la Comunitat Valenciana (FSMCV) i l&#8217;Institut Valenci\u00e0 de Cultura (IVC) llancen la sisena edici\u00f3 del \u2018Cicle de concerts CaixaBank d&#8217;Orquestres de la Comunitat Valenciana\u2019 dirigit a les societats musicals.<\/p>\n\n\n\n<p>La nova temporada d&#8217;este circuit de concerts comen\u00e7a este cap de setmana i s&#8217;estendr\u00e0 fins a maig de 2024 al llarg de tota la Comunitat Valenciana. Estar\u00e0 protagonitzat per orquestres de societats musicals federades que van participar o van ser seleccionades en el &#8216;Concurs d&#8217;Orquestres CaixaBank&#8217; 2022 i 2023.<\/p>\n\n\n\n<p>La campanya compta amb un pressupost de 18.000 euros com a part del programa &#8216;CaixaBank Escolta Val\u00e8ncia&#8217;, sufragat \u00edntegrament per l&#8217;entitat financera. Cada orquestra participant en el cicle rebr\u00e0 una ajuda econ\u00f2mica de 1.500 euros per a l&#8217;organitzaci\u00f3 del concert.<\/p>\n\n\n\n<p>D&#8217;esta manera, el \u2018Cicle de Concerts CaixaBank d&#8217;Orquestres de la Comunitat Valenciana\u2019 renova l&#8217;impuls al moviment orquestral en el col\u00b7lectiu de les societats musicals, acostant este tipus de formacions a municipis de tota la Comunitat Valenciana, enriquint l&#8217;oferta cultural del territori.<\/p>\n\n\n\n<p>La sisena edici\u00f3 del cicle comen\u00e7a dissabte que ve, 16 de desembre amb els concerts de la Societat Musical La Primitiva Setabense i la Uni\u00f3 Musical d&#8217;Alaqu\u00e0s. Un dia despr\u00e9s, diumenge 17, actuar\u00e0 l&#8217;Ateneo Musical y de Ense\u00f1anza &#8220;Banda Primitiva&#8221; de Ll\u00edria. El programa es reprendr\u00e0 en 2024 amb la Uni\u00f3 Musical de Ll\u00edria, el 26 de gener; el 24 de febrer actuar\u00e0 la Uni\u00f3 Musical de Torrent i, el 23 de mar\u00e7, ser\u00e0 el torn del Centre Art\u00edstic Musical de X\u00e0bia. <\/p>\n\n\n\n<p>Per altra banda, la Sociedad Musical La Primitiva de Rafelbunyol actuar\u00e0 el 27 d&#8217;abril, per a concloure el cicle amb una cita doble el 4 de maig, a c\u00e0rrec de la Societat Musical L&#8217;Art\u00edstica Manisense i la Sociedad Musical Instructiva Santa Cecilia de Cullera. Tots els concerts se celebraran als auditoris de les respectives societats musicals, amb entrada gratu\u00efta per a tots els p\u00fablics.<\/p>\n\n\n\n<figure class=\"wp-block-image size-large\"><img loading=\"lazy\" decoding=\"async\" width=\"718\" height=\"1024\" src=\"https:\/\/alcompasrevista.com\/wp-content\/uploads\/2023\/12\/cartel_val_VI-Cicle-CaixaBank-dOrquestres-718x1024.jpg\" alt=\"\" class=\"wp-image-18604\" srcset=\"https:\/\/alcompasrevista.com\/wp-content\/uploads\/2023\/12\/cartel_val_VI-Cicle-CaixaBank-dOrquestres-718x1024.jpg 718w, https:\/\/alcompasrevista.com\/wp-content\/uploads\/2023\/12\/cartel_val_VI-Cicle-CaixaBank-dOrquestres-210x300.jpg 210w, https:\/\/alcompasrevista.com\/wp-content\/uploads\/2023\/12\/cartel_val_VI-Cicle-CaixaBank-dOrquestres-768x1095.jpg 768w, https:\/\/alcompasrevista.com\/wp-content\/uploads\/2023\/12\/cartel_val_VI-Cicle-CaixaBank-dOrquestres-1077x1536.jpg 1077w, https:\/\/alcompasrevista.com\/wp-content\/uploads\/2023\/12\/cartel_val_VI-Cicle-CaixaBank-dOrquestres-1436x2048.jpg 1436w, https:\/\/alcompasrevista.com\/wp-content\/uploads\/2023\/12\/cartel_val_VI-Cicle-CaixaBank-dOrquestres-scaled.jpg 1795w\" sizes=\"auto, (max-width: 718px) 100vw, 718px\" \/><\/figure>\n","protected":false},"excerpt":{"rendered":"<p>CaixaBank, la Federaci\u00f3 de Societats Musicals de la Comunitat Valenciana (FSMCV) i l&#8217;Institut Valenci\u00e0 de Cultura (IVC) llancen la sisena edici\u00f3 del \u2018Cicle de concerts CaixaBank d&#8217;Orquestres de la Comunitat [&hellip;]<\/p>\n","protected":false},"author":860002,"featured_media":18602,"comment_status":"open","ping_status":"open","sticky":false,"template":"","format":"standard","meta":{"footnotes":""},"categories":[29],"tags":[286],"portada":[],"class_list":["post-18603","post","type-post","status-publish","format-standard","has-post-thumbnail","hentry","category-noticies-va","tag-concert"],"yoast_head":"<!-- This site is optimized with the Yoast SEO plugin v27.4 - https:\/\/yoast.com\/product\/yoast-seo-wordpress\/ -->\n<title>La FSMCV, CaixaBank i el IVC celebren la sisena edici\u00f3 del &#039;Cicle de Concerts CaixaBank d&#039;Orquestres de la Comunitat Valenciana&#039; - Revista Al Comp\u00e0s<\/title>\n<meta name=\"description\" content=\"CaixaBank, la Federaci\u00f3 de Societats Musicals de la Comunitat Valenciana (FSMCV) i l&#039;Institut Valenci\u00e0 de Cultura (IVC) llancen la sisena edici\u00f3 del \u2018Cicle de concerts CaixaBank d&#039;Orquestres de la Comunitat Valenciana\u2019 dirigit a les societats musicals.\" \/>\n<meta name=\"robots\" content=\"index, follow, max-snippet:-1, max-image-preview:large, max-video-preview:-1\" \/>\n<link rel=\"canonical\" href=\"https:\/\/alcompasrevista.com\/va\/archivos\/18603\" \/>\n<meta property=\"og:locale\" content=\"en_US\" \/>\n<meta property=\"og:type\" content=\"article\" \/>\n<meta property=\"og:title\" content=\"La FSMCV, CaixaBank i el IVC celebren la sisena edici\u00f3 del &#039;Cicle de Concerts CaixaBank d&#039;Orquestres de la Comunitat Valenciana&#039; - Revista Al Comp\u00e0s\" \/>\n<meta property=\"og:description\" content=\"CaixaBank, la Federaci\u00f3 de Societats Musicals de la Comunitat Valenciana (FSMCV) i l&#039;Institut Valenci\u00e0 de Cultura (IVC) llancen la sisena edici\u00f3 del \u2018Cicle de concerts CaixaBank d&#039;Orquestres de la Comunitat Valenciana\u2019 dirigit a les societats musicals.\" \/>\n<meta property=\"og:url\" content=\"https:\/\/alcompasrevista.com\/va\/archivos\/18603\" \/>\n<meta property=\"og:site_name\" content=\"Revista Al Comp\u00e0s\" \/>\n<meta property=\"article:published_time\" content=\"2023-12-12T14:57:59+00:00\" \/>\n<meta property=\"article:modified_time\" content=\"2023-12-12T16:32:09+00:00\" \/>\n<meta property=\"og:image\" content=\"https:\/\/alcompasrevista.com\/wp-content\/uploads\/2023\/12\/DSC03427.jpg\" \/>\n\t<meta property=\"og:image:width\" content=\"1616\" \/>\n\t<meta property=\"og:image:height\" content=\"1080\" \/>\n\t<meta property=\"og:image:type\" content=\"image\/jpeg\" \/>\n<meta name=\"author\" content=\"Redacci\u00f3n\" \/>\n<meta name=\"twitter:card\" content=\"summary_large_image\" \/>\n<meta name=\"twitter:label1\" content=\"Written by\" \/>\n\t<meta name=\"twitter:data1\" content=\"Redacci\u00f3\" \/>\n\t<meta name=\"twitter:label2\" content=\"Est. reading time\" \/>\n\t<meta name=\"twitter:data2\" content=\"2 minutes\" \/>\n<script type=\"application\/ld+json\" class=\"yoast-schema-graph\">{\"@context\":\"https:\\\/\\\/schema.org\",\"@graph\":[{\"@type\":\"Article\",\"@id\":\"https:\\\/\\\/alcompasrevista.com\\\/va\\\/archivos\\\/18603#article\",\"isPartOf\":{\"@id\":\"https:\\\/\\\/alcompasrevista.com\\\/va\\\/archivos\\\/18603\"},\"author\":{\"name\":\"Redacci\u00f3n\",\"@id\":\"https:\\\/\\\/alcompasrevista.com\\\/#\\\/schema\\\/person\\\/c10652a34fa01d238ecd498d150347fc\"},\"headline\":\"La FSMCV, CaixaBank i el IVC celebren la sisena edici\u00f3 del &#8216;Cicle de Concerts CaixaBank d&#8217;Orquestres de la Comunitat Valenciana&#8217;\",\"datePublished\":\"2023-12-12T14:57:59+00:00\",\"dateModified\":\"2023-12-12T16:32:09+00:00\",\"mainEntityOfPage\":{\"@id\":\"https:\\\/\\\/alcompasrevista.com\\\/va\\\/archivos\\\/18603\"},\"wordCount\":351,\"commentCount\":0,\"publisher\":{\"@id\":\"https:\\\/\\\/alcompasrevista.com\\\/#organization\"},\"image\":{\"@id\":\"https:\\\/\\\/alcompasrevista.com\\\/va\\\/archivos\\\/18603#primaryimage\"},\"thumbnailUrl\":\"https:\\\/\\\/alcompasrevista.com\\\/wp-content\\\/uploads\\\/2023\\\/12\\\/DSC03427.jpg\",\"keywords\":[\"concert\"],\"articleSection\":[\"#Not\u00edcies\"],\"inLanguage\":\"va\",\"potentialAction\":[{\"@type\":\"CommentAction\",\"name\":\"Comment\",\"target\":[\"https:\\\/\\\/alcompasrevista.com\\\/va\\\/archivos\\\/18603#respond\"]}]},{\"@type\":\"WebPage\",\"@id\":\"https:\\\/\\\/alcompasrevista.com\\\/va\\\/archivos\\\/18603\",\"url\":\"https:\\\/\\\/alcompasrevista.com\\\/va\\\/archivos\\\/18603\",\"name\":\"La FSMCV, CaixaBank i el IVC celebren la sisena edici\u00f3 del 'Cicle de Concerts CaixaBank d'Orquestres de la Comunitat Valenciana' - Revista Al Comp\u00e0s\",\"isPartOf\":{\"@id\":\"https:\\\/\\\/alcompasrevista.com\\\/#website\"},\"primaryImageOfPage\":{\"@id\":\"https:\\\/\\\/alcompasrevista.com\\\/va\\\/archivos\\\/18603#primaryimage\"},\"image\":{\"@id\":\"https:\\\/\\\/alcompasrevista.com\\\/va\\\/archivos\\\/18603#primaryimage\"},\"thumbnailUrl\":\"https:\\\/\\\/alcompasrevista.com\\\/wp-content\\\/uploads\\\/2023\\\/12\\\/DSC03427.jpg\",\"datePublished\":\"2023-12-12T14:57:59+00:00\",\"dateModified\":\"2023-12-12T16:32:09+00:00\",\"description\":\"CaixaBank, la Federaci\u00f3 de Societats Musicals de la Comunitat Valenciana (FSMCV) i l'Institut Valenci\u00e0 de Cultura (IVC) llancen la sisena edici\u00f3 del \u2018Cicle de concerts CaixaBank d'Orquestres de la Comunitat Valenciana\u2019 dirigit a les societats musicals.\",\"breadcrumb\":{\"@id\":\"https:\\\/\\\/alcompasrevista.com\\\/va\\\/archivos\\\/18603#breadcrumb\"},\"inLanguage\":\"va\",\"potentialAction\":[{\"@type\":\"ReadAction\",\"target\":[\"https:\\\/\\\/alcompasrevista.com\\\/va\\\/archivos\\\/18603\"]}]},{\"@type\":\"ImageObject\",\"inLanguage\":\"va\",\"@id\":\"https:\\\/\\\/alcompasrevista.com\\\/va\\\/archivos\\\/18603#primaryimage\",\"url\":\"https:\\\/\\\/alcompasrevista.com\\\/wp-content\\\/uploads\\\/2023\\\/12\\\/DSC03427.jpg\",\"contentUrl\":\"https:\\\/\\\/alcompasrevista.com\\\/wp-content\\\/uploads\\\/2023\\\/12\\\/DSC03427.jpg\",\"width\":1616,\"height\":1080},{\"@type\":\"BreadcrumbList\",\"@id\":\"https:\\\/\\\/alcompasrevista.com\\\/va\\\/archivos\\\/18603#breadcrumb\",\"itemListElement\":[{\"@type\":\"ListItem\",\"position\":1,\"name\":\"Portada\",\"item\":\"https:\\\/\\\/alcompasrevista.com\\\/va\"},{\"@type\":\"ListItem\",\"position\":2,\"name\":\"La FSMCV, CaixaBank i el IVC celebren la sisena edici\u00f3 del &#8216;Cicle de Concerts CaixaBank d&#8217;Orquestres de la Comunitat Valenciana&#8217;\"}]},{\"@type\":\"WebSite\",\"@id\":\"https:\\\/\\\/alcompasrevista.com\\\/#website\",\"url\":\"https:\\\/\\\/alcompasrevista.com\\\/\",\"name\":\"Revista Al Comp\u00e0s\",\"description\":\"Un proyecto de la Federaci\u00f3n de Sociedades Musicales de la Comunidad Valenciana\",\"publisher\":{\"@id\":\"https:\\\/\\\/alcompasrevista.com\\\/#organization\"},\"potentialAction\":[{\"@type\":\"SearchAction\",\"target\":{\"@type\":\"EntryPoint\",\"urlTemplate\":\"https:\\\/\\\/alcompasrevista.com\\\/?s={search_term_string}\"},\"query-input\":{\"@type\":\"PropertyValueSpecification\",\"valueRequired\":true,\"valueName\":\"search_term_string\"}}],\"inLanguage\":\"va\"},{\"@type\":\"Organization\",\"@id\":\"https:\\\/\\\/alcompasrevista.com\\\/#organization\",\"name\":\"Revista Al Comp\u00e0s\",\"url\":\"https:\\\/\\\/alcompasrevista.com\\\/\",\"logo\":{\"@type\":\"ImageObject\",\"inLanguage\":\"va\",\"@id\":\"https:\\\/\\\/alcompasrevista.com\\\/#\\\/schema\\\/logo\\\/image\\\/\",\"url\":\"https:\\\/\\\/alcompasrevista.com\\\/wp-content\\\/uploads\\\/2022\\\/04\\\/cropped-loog_blanco.png\",\"contentUrl\":\"https:\\\/\\\/alcompasrevista.com\\\/wp-content\\\/uploads\\\/2022\\\/04\\\/cropped-loog_blanco.png\",\"width\":1612,\"height\":724,\"caption\":\"Revista Al Comp\u00e0s\"},\"image\":{\"@id\":\"https:\\\/\\\/alcompasrevista.com\\\/#\\\/schema\\\/logo\\\/image\\\/\"}},{\"@type\":\"Person\",\"@id\":\"https:\\\/\\\/alcompasrevista.com\\\/#\\\/schema\\\/person\\\/c10652a34fa01d238ecd498d150347fc\",\"name\":\"Redacci\u00f3n\",\"image\":{\"@type\":\"ImageObject\",\"inLanguage\":\"va\",\"@id\":\"https:\\\/\\\/secure.gravatar.com\\\/avatar\\\/e6a6d0cd2ddec22e0ca7d21b7e49d4a0099fbdc1d476e5412893210bce942ce9?s=96&d=mm&r=g\",\"url\":\"https:\\\/\\\/secure.gravatar.com\\\/avatar\\\/e6a6d0cd2ddec22e0ca7d21b7e49d4a0099fbdc1d476e5412893210bce942ce9?s=96&d=mm&r=g\",\"contentUrl\":\"https:\\\/\\\/secure.gravatar.com\\\/avatar\\\/e6a6d0cd2ddec22e0ca7d21b7e49d4a0099fbdc1d476e5412893210bce942ce9?s=96&d=mm&r=g\",\"caption\":\"Redacci\u00f3n\"},\"url\":\"https:\\\/\\\/alcompasrevista.com\\\/va\\\/archivos\\\/author\\\/vhj_webmaster\"}]}<\/script>\n<!-- \/ Yoast SEO plugin. -->","yoast_head_json":{"title":"La FSMCV, CaixaBank i el IVC celebren la sisena edici\u00f3 del 'Cicle de Concerts CaixaBank d'Orquestres de la Comunitat Valenciana' - Revista Al Comp\u00e0s","description":"CaixaBank, la Federaci\u00f3 de Societats Musicals de la Comunitat Valenciana (FSMCV) i l'Institut Valenci\u00e0 de Cultura (IVC) llancen la sisena edici\u00f3 del \u2018Cicle de concerts CaixaBank d'Orquestres de la Comunitat Valenciana\u2019 dirigit a les societats musicals.","robots":{"index":"index","follow":"follow","max-snippet":"max-snippet:-1","max-image-preview":"max-image-preview:large","max-video-preview":"max-video-preview:-1"},"canonical":"https:\/\/alcompasrevista.com\/va\/archivos\/18603","og_locale":"en_US","og_type":"article","og_title":"La FSMCV, CaixaBank i el IVC celebren la sisena edici\u00f3 del 'Cicle de Concerts CaixaBank d'Orquestres de la Comunitat Valenciana' - Revista Al Comp\u00e0s","og_description":"CaixaBank, la Federaci\u00f3 de Societats Musicals de la Comunitat Valenciana (FSMCV) i l'Institut Valenci\u00e0 de Cultura (IVC) llancen la sisena edici\u00f3 del \u2018Cicle de concerts CaixaBank d'Orquestres de la Comunitat Valenciana\u2019 dirigit a les societats musicals.","og_url":"https:\/\/alcompasrevista.com\/va\/archivos\/18603","og_site_name":"Revista Al Comp\u00e0s","article_published_time":"2023-12-12T14:57:59+00:00","article_modified_time":"2023-12-12T16:32:09+00:00","og_image":[{"width":1616,"height":1080,"url":"https:\/\/alcompasrevista.com\/wp-content\/uploads\/2023\/12\/DSC03427.jpg","type":"image\/jpeg"}],"author":"Redacci\u00f3n","twitter_card":"summary_large_image","twitter_misc":{"Written by":"Redacci\u00f3","Est. reading time":"2 minutes"},"schema":{"@context":"https:\/\/schema.org","@graph":[{"@type":"Article","@id":"https:\/\/alcompasrevista.com\/va\/archivos\/18603#article","isPartOf":{"@id":"https:\/\/alcompasrevista.com\/va\/archivos\/18603"},"author":{"name":"Redacci\u00f3n","@id":"https:\/\/alcompasrevista.com\/#\/schema\/person\/c10652a34fa01d238ecd498d150347fc"},"headline":"La FSMCV, CaixaBank i el IVC celebren la sisena edici\u00f3 del &#8216;Cicle de Concerts CaixaBank d&#8217;Orquestres de la Comunitat Valenciana&#8217;","datePublished":"2023-12-12T14:57:59+00:00","dateModified":"2023-12-12T16:32:09+00:00","mainEntityOfPage":{"@id":"https:\/\/alcompasrevista.com\/va\/archivos\/18603"},"wordCount":351,"commentCount":0,"publisher":{"@id":"https:\/\/alcompasrevista.com\/#organization"},"image":{"@id":"https:\/\/alcompasrevista.com\/va\/archivos\/18603#primaryimage"},"thumbnailUrl":"https:\/\/alcompasrevista.com\/wp-content\/uploads\/2023\/12\/DSC03427.jpg","keywords":["concert"],"articleSection":["#Not\u00edcies"],"inLanguage":"va","potentialAction":[{"@type":"CommentAction","name":"Comment","target":["https:\/\/alcompasrevista.com\/va\/archivos\/18603#respond"]}]},{"@type":"WebPage","@id":"https:\/\/alcompasrevista.com\/va\/archivos\/18603","url":"https:\/\/alcompasrevista.com\/va\/archivos\/18603","name":"La FSMCV, CaixaBank i el IVC celebren la sisena edici\u00f3 del 'Cicle de Concerts CaixaBank d'Orquestres de la Comunitat Valenciana' - Revista Al Comp\u00e0s","isPartOf":{"@id":"https:\/\/alcompasrevista.com\/#website"},"primaryImageOfPage":{"@id":"https:\/\/alcompasrevista.com\/va\/archivos\/18603#primaryimage"},"image":{"@id":"https:\/\/alcompasrevista.com\/va\/archivos\/18603#primaryimage"},"thumbnailUrl":"https:\/\/alcompasrevista.com\/wp-content\/uploads\/2023\/12\/DSC03427.jpg","datePublished":"2023-12-12T14:57:59+00:00","dateModified":"2023-12-12T16:32:09+00:00","description":"CaixaBank, la Federaci\u00f3 de Societats Musicals de la Comunitat Valenciana (FSMCV) i l'Institut Valenci\u00e0 de Cultura (IVC) llancen la sisena edici\u00f3 del \u2018Cicle de concerts CaixaBank d'Orquestres de la Comunitat Valenciana\u2019 dirigit a les societats musicals.","breadcrumb":{"@id":"https:\/\/alcompasrevista.com\/va\/archivos\/18603#breadcrumb"},"inLanguage":"va","potentialAction":[{"@type":"ReadAction","target":["https:\/\/alcompasrevista.com\/va\/archivos\/18603"]}]},{"@type":"ImageObject","inLanguage":"va","@id":"https:\/\/alcompasrevista.com\/va\/archivos\/18603#primaryimage","url":"https:\/\/alcompasrevista.com\/wp-content\/uploads\/2023\/12\/DSC03427.jpg","contentUrl":"https:\/\/alcompasrevista.com\/wp-content\/uploads\/2023\/12\/DSC03427.jpg","width":1616,"height":1080},{"@type":"BreadcrumbList","@id":"https:\/\/alcompasrevista.com\/va\/archivos\/18603#breadcrumb","itemListElement":[{"@type":"ListItem","position":1,"name":"Portada","item":"https:\/\/alcompasrevista.com\/va"},{"@type":"ListItem","position":2,"name":"La FSMCV, CaixaBank i el IVC celebren la sisena edici\u00f3 del &#8216;Cicle de Concerts CaixaBank d&#8217;Orquestres de la Comunitat Valenciana&#8217;"}]},{"@type":"WebSite","@id":"https:\/\/alcompasrevista.com\/#website","url":"https:\/\/alcompasrevista.com\/","name":"Revista Al Comp\u00e0s","description":"Un proyecto de la Federaci\u00f3n de Sociedades Musicales de la Comunidad Valenciana","publisher":{"@id":"https:\/\/alcompasrevista.com\/#organization"},"potentialAction":[{"@type":"SearchAction","target":{"@type":"EntryPoint","urlTemplate":"https:\/\/alcompasrevista.com\/?s={search_term_string}"},"query-input":{"@type":"PropertyValueSpecification","valueRequired":true,"valueName":"search_term_string"}}],"inLanguage":"va"},{"@type":"Organization","@id":"https:\/\/alcompasrevista.com\/#organization","name":"Revista Al Comp\u00e0s","url":"https:\/\/alcompasrevista.com\/","logo":{"@type":"ImageObject","inLanguage":"va","@id":"https:\/\/alcompasrevista.com\/#\/schema\/logo\/image\/","url":"https:\/\/alcompasrevista.com\/wp-content\/uploads\/2022\/04\/cropped-loog_blanco.png","contentUrl":"https:\/\/alcompasrevista.com\/wp-content\/uploads\/2022\/04\/cropped-loog_blanco.png","width":1612,"height":724,"caption":"Revista Al Comp\u00e0s"},"image":{"@id":"https:\/\/alcompasrevista.com\/#\/schema\/logo\/image\/"}},{"@type":"Person","@id":"https:\/\/alcompasrevista.com\/#\/schema\/person\/c10652a34fa01d238ecd498d150347fc","name":"Redacci\u00f3n","image":{"@type":"ImageObject","inLanguage":"va","@id":"https:\/\/secure.gravatar.com\/avatar\/e6a6d0cd2ddec22e0ca7d21b7e49d4a0099fbdc1d476e5412893210bce942ce9?s=96&d=mm&r=g","url":"https:\/\/secure.gravatar.com\/avatar\/e6a6d0cd2ddec22e0ca7d21b7e49d4a0099fbdc1d476e5412893210bce942ce9?s=96&d=mm&r=g","contentUrl":"https:\/\/secure.gravatar.com\/avatar\/e6a6d0cd2ddec22e0ca7d21b7e49d4a0099fbdc1d476e5412893210bce942ce9?s=96&d=mm&r=g","caption":"Redacci\u00f3n"},"url":"https:\/\/alcompasrevista.com\/va\/archivos\/author\/vhj_webmaster"}]}},"_links":{"self":[{"href":"https:\/\/alcompasrevista.com\/va\/wp-json\/wp\/v2\/posts\/18603","targetHints":{"allow":["GET"]}}],"collection":[{"href":"https:\/\/alcompasrevista.com\/va\/wp-json\/wp\/v2\/posts"}],"about":[{"href":"https:\/\/alcompasrevista.com\/va\/wp-json\/wp\/v2\/types\/post"}],"author":[{"embeddable":true,"href":"https:\/\/alcompasrevista.com\/va\/wp-json\/wp\/v2\/users\/860002"}],"replies":[{"embeddable":true,"href":"https:\/\/alcompasrevista.com\/va\/wp-json\/wp\/v2\/comments?post=18603"}],"version-history":[{"count":0,"href":"https:\/\/alcompasrevista.com\/va\/wp-json\/wp\/v2\/posts\/18603\/revisions"}],"wp:featuredmedia":[{"embeddable":true,"href":"https:\/\/alcompasrevista.com\/va\/wp-json\/wp\/v2\/media\/18602"}],"wp:attachment":[{"href":"https:\/\/alcompasrevista.com\/va\/wp-json\/wp\/v2\/media?parent=18603"}],"wp:term":[{"taxonomy":"category","embeddable":true,"href":"https:\/\/alcompasrevista.com\/va\/wp-json\/wp\/v2\/categories?post=18603"},{"taxonomy":"post_tag","embeddable":true,"href":"https:\/\/alcompasrevista.com\/va\/wp-json\/wp\/v2\/tags?post=18603"},{"taxonomy":"portada","embeddable":true,"href":"https:\/\/alcompasrevista.com\/va\/wp-json\/wp\/v2\/portada?post=18603"}],"curies":[{"name":"wp","href":"https:\/\/api.w.org\/{rel}","templated":true}]}}