{"id":18235,"date":"2023-11-28T10:47:05","date_gmt":"2023-11-28T09:47:05","guid":{"rendered":"https:\/\/alcompasrevista.com\/?p=18235"},"modified":"2023-11-28T10:47:08","modified_gmt":"2023-11-28T09:47:08","slug":"santa-cecilia-2023-en-quatre-moviments","status":"publish","type":"post","link":"https:\/\/alcompasrevista.com\/va\/archivos\/18235","title":{"rendered":"Santa Cec\u00edlia 2023 en quatre moviments"},"content":{"rendered":"\n<p>Acaben els dies centrals de Santa Cec\u00edlia, setmanes en qu\u00e8 les societats musicals han commemorat la patrona dels m\u00fasics per auditoris i carrers. \u00abEsta festivitat reflecteix l&#8217;ess\u00e8ncia de la nostra tradici\u00f3, el que demostra que la societat musical \u00e9s com una gran fam\u00edlia\u00bb, apunta Daniela Gonz\u00e1lez, presidenta de la Federaci\u00f3 de Societats Musicals de la Comunitat Valenciana.<\/p>\n\n\n\n<p>El calendari de concerts s&#8217;ha multiplicat a tota la Comunitat Valenciana per a celebrar a la patrona dels m\u00fasics. \u00abAl mes de novembre no hi ha poble en tota la Comunitat Valenciana on no hi haja una actuaci\u00f3 especial. \u00c9s tamb\u00e9 la demostraci\u00f3 del poder vertebrador d&#8217;este moviment musical\u00bb, explica Gonz\u00e1lez. Estes s\u00f3n les quatre fites fonamentals de l&#8217;edici\u00f3 que ja acaba de Santa Cec\u00edlia.&nbsp;<\/p>\n\n\n\n<p><strong>Primer moviment: una simfonia en quatre ciutats<\/strong><\/p>\n\n\n\n<p>Prova de la seua for\u00e7a cohesionadora, el diumenge previ a la festivitat es va celebrar el gran concert per Santa Cec\u00edlia organitzat per la Generalitat Valenciana juntament amb la FSMCV.&nbsp;60 bandes i m\u00e9s de 2.000 m\u00fasics actuaren&nbsp;simult\u00e0niament en obert per al p\u00fablic, en quatre ciutats: en la Ciutat de les Arts de Val\u00e8ncia, l&#8217;esplanada del Port d&#8217;Alacant, la pla\u00e7a del Centre de Congressos d&#8217;Elx i la Pla\u00e7a Major de Castell\u00f3.<\/p>\n\n\n\n<p><strong>Segon moviment: Premis Euterpe-\u00c1ngel Asunci\u00f3n&nbsp;<\/strong><\/p>\n\n\n\n<p>El mateix dia 22, al Palau de la Generalitat, el President Carlos Maz\u00f3n atorg\u00e0 els guardons dels Premis Euterpe-\u00c1ngel Asunci\u00f3n, que cada any reconeixen a persones, agrupacions, col\u00b7lectius i institucions que tenen una import\u00e0ncia significativa per al moviment musical valenci\u00e0: per la dedicaci\u00f3 a la seua societat musical, per la participaci\u00f3 en activitats, per destacar amb projectes d&#8217;inclusi\u00f3 o per alguna aportaci\u00f3 especial.<\/p>\n\n\n\n<p><strong>Tercer moviment: una felicitaci\u00f3 amb el cor<\/strong><\/p>\n\n\n\n<p>La Federaci\u00f3 de Societats Musicals de la Comunitat Valenciana va felicitar a totes i tots els m\u00fasics amb un v\u00eddeo on es relata el moment en qu\u00e8 la banda acull als nous membres, en la tradicional desfilada per Santa Cec\u00edlia. \u00abDespr\u00e9s d&#8217;anys estudiant, estic molt orgullosa d&#8217;entrar\u00bb, conta al v\u00eddeo Sof\u00eda, protagonista de la campanya divulgada a trav\u00e9s de les xarxes socials i la web de FSMCV, i obra de la productora Quatre Films durant el dia de Santa Cec\u00edlia celebrat per l&#8217;Associaci\u00f3 Musical Art\u00edstica Nulense.<\/p>\n\n\n\n<p><strong>Quart moviment: una tradici\u00f3 que mira al futur<\/strong><\/p>\n\n\n\n<p>El v\u00eddeo en q\u00fcesti\u00f3\u00a0conta una de les tradicions m\u00e9s arrelades a les societats musicals: l&#8217;arreplegada de nous m\u00fasics per Santa Cec\u00edlia. Durant les setmanes que han envoltat el dia de la patrona dels m\u00fasics, en cada municipi de la Comunitat Valenciana la banda de m\u00fasica ha eixit en desfilada pels carrers, parant davant de les cases de les i els joves que, des d&#8217;eixe moment, s&#8217;uneixen oficialment a la formaci\u00f3. \u00abLa banda \u00e9s com una fam\u00edlia. Em sembla bonic que vinga per a arreplegar a un nou membre\u00bb, explicava Sof\u00eda al v\u00eddeo.<\/p>\n\n\n\n<figure class=\"wp-block-embed is-type-video is-provider-youtube wp-block-embed-youtube wp-embed-aspect-16-9 wp-has-aspect-ratio\"><div class=\"wp-block-embed__wrapper\">\n<iframe loading=\"lazy\" title=\"FELI\u00c7 DIA DE SANTA CEC\u00cdLIA 2023 \/ FELIZ D\u00cdA DE SANTA CECILIA 2023\" width=\"800\" height=\"450\" src=\"https:\/\/www.youtube.com\/embed\/1u9yJ31OK9k?feature=oembed\" frameborder=\"0\" allow=\"accelerometer; autoplay; clipboard-write; encrypted-media; gyroscope; picture-in-picture; web-share\" allowfullscreen><\/iframe>\n<\/div><\/figure>\n","protected":false},"excerpt":{"rendered":"<p>Acaben els dies centrals de Santa Cec\u00edlia, setmanes en qu\u00e8 les societats musicals han commemorat la patrona dels m\u00fasics per auditoris i carrers. \u00abEsta festivitat reflecteix l&#8217;ess\u00e8ncia de la nostra [&hellip;]<\/p>\n","protected":false},"author":860002,"featured_media":18232,"comment_status":"open","ping_status":"open","sticky":false,"template":"","format":"standard","meta":{"footnotes":""},"categories":[28],"tags":[],"portada":[],"class_list":["post-18235","post","type-post","status-publish","format-standard","has-post-thumbnail","hentry","category-laterreta-va"],"yoast_head":"<!-- This site is optimized with the Yoast SEO plugin v27.4 - https:\/\/yoast.com\/product\/yoast-seo-wordpress\/ -->\n<title>Santa Cec\u00edlia 2023 en quatre moviments - Revista Al Comp\u00e0s<\/title>\n<meta name=\"robots\" content=\"index, follow, max-snippet:-1, max-image-preview:large, max-video-preview:-1\" \/>\n<link rel=\"canonical\" href=\"https:\/\/alcompasrevista.com\/va\/archivos\/18235\" \/>\n<meta property=\"og:locale\" content=\"en_US\" \/>\n<meta property=\"og:type\" content=\"article\" \/>\n<meta property=\"og:title\" content=\"Santa Cec\u00edlia 2023 en quatre moviments - Revista Al Comp\u00e0s\" \/>\n<meta property=\"og:description\" content=\"Acaben els dies centrals de Santa Cec\u00edlia, setmanes en qu\u00e8 les societats musicals han commemorat la patrona dels m\u00fasics per auditoris i carrers. \u00abEsta festivitat reflecteix l&#8217;ess\u00e8ncia de la nostra [&hellip;]\" \/>\n<meta property=\"og:url\" content=\"https:\/\/alcompasrevista.com\/va\/archivos\/18235\" \/>\n<meta property=\"og:site_name\" content=\"Revista Al Comp\u00e0s\" \/>\n<meta property=\"article:published_time\" content=\"2023-11-28T09:47:05+00:00\" \/>\n<meta property=\"article:modified_time\" content=\"2023-11-28T09:47:08+00:00\" \/>\n<meta property=\"og:image\" content=\"https:\/\/alcompasrevista.com\/wp-content\/uploads\/2023\/11\/QF_Santa-Cecilia-5.png\" \/>\n\t<meta property=\"og:image:width\" content=\"1433\" \/>\n\t<meta property=\"og:image:height\" content=\"801\" \/>\n\t<meta property=\"og:image:type\" content=\"image\/png\" \/>\n<meta name=\"author\" content=\"Redacci\u00f3n\" \/>\n<meta name=\"twitter:card\" content=\"summary_large_image\" \/>\n<meta name=\"twitter:label1\" content=\"Written by\" \/>\n\t<meta name=\"twitter:data1\" content=\"Redacci\u00f3\" \/>\n\t<meta name=\"twitter:label2\" content=\"Est. reading time\" \/>\n\t<meta name=\"twitter:data2\" content=\"3 minutes\" \/>\n<script type=\"application\/ld+json\" class=\"yoast-schema-graph\">{\"@context\":\"https:\\\/\\\/schema.org\",\"@graph\":[{\"@type\":\"Article\",\"@id\":\"https:\\\/\\\/alcompasrevista.com\\\/va\\\/archivos\\\/18235#article\",\"isPartOf\":{\"@id\":\"https:\\\/\\\/alcompasrevista.com\\\/va\\\/archivos\\\/18235\"},\"author\":{\"name\":\"Redacci\u00f3n\",\"@id\":\"https:\\\/\\\/alcompasrevista.com\\\/#\\\/schema\\\/person\\\/c10652a34fa01d238ecd498d150347fc\"},\"headline\":\"Santa Cec\u00edlia 2023 en quatre moviments\",\"datePublished\":\"2023-11-28T09:47:05+00:00\",\"dateModified\":\"2023-11-28T09:47:08+00:00\",\"mainEntityOfPage\":{\"@id\":\"https:\\\/\\\/alcompasrevista.com\\\/va\\\/archivos\\\/18235\"},\"wordCount\":541,\"commentCount\":0,\"publisher\":{\"@id\":\"https:\\\/\\\/alcompasrevista.com\\\/#organization\"},\"image\":{\"@id\":\"https:\\\/\\\/alcompasrevista.com\\\/va\\\/archivos\\\/18235#primaryimage\"},\"thumbnailUrl\":\"https:\\\/\\\/alcompasrevista.com\\\/wp-content\\\/uploads\\\/2023\\\/11\\\/QF_Santa-Cecilia-5.png\",\"articleSection\":[\"#Laterreta\"],\"inLanguage\":\"va\",\"potentialAction\":[{\"@type\":\"CommentAction\",\"name\":\"Comment\",\"target\":[\"https:\\\/\\\/alcompasrevista.com\\\/va\\\/archivos\\\/18235#respond\"]}]},{\"@type\":\"WebPage\",\"@id\":\"https:\\\/\\\/alcompasrevista.com\\\/va\\\/archivos\\\/18235\",\"url\":\"https:\\\/\\\/alcompasrevista.com\\\/va\\\/archivos\\\/18235\",\"name\":\"Santa Cec\u00edlia 2023 en quatre moviments - Revista Al Comp\u00e0s\",\"isPartOf\":{\"@id\":\"https:\\\/\\\/alcompasrevista.com\\\/#website\"},\"primaryImageOfPage\":{\"@id\":\"https:\\\/\\\/alcompasrevista.com\\\/va\\\/archivos\\\/18235#primaryimage\"},\"image\":{\"@id\":\"https:\\\/\\\/alcompasrevista.com\\\/va\\\/archivos\\\/18235#primaryimage\"},\"thumbnailUrl\":\"https:\\\/\\\/alcompasrevista.com\\\/wp-content\\\/uploads\\\/2023\\\/11\\\/QF_Santa-Cecilia-5.png\",\"datePublished\":\"2023-11-28T09:47:05+00:00\",\"dateModified\":\"2023-11-28T09:47:08+00:00\",\"breadcrumb\":{\"@id\":\"https:\\\/\\\/alcompasrevista.com\\\/va\\\/archivos\\\/18235#breadcrumb\"},\"inLanguage\":\"va\",\"potentialAction\":[{\"@type\":\"ReadAction\",\"target\":[\"https:\\\/\\\/alcompasrevista.com\\\/va\\\/archivos\\\/18235\"]}]},{\"@type\":\"ImageObject\",\"inLanguage\":\"va\",\"@id\":\"https:\\\/\\\/alcompasrevista.com\\\/va\\\/archivos\\\/18235#primaryimage\",\"url\":\"https:\\\/\\\/alcompasrevista.com\\\/wp-content\\\/uploads\\\/2023\\\/11\\\/QF_Santa-Cecilia-5.png\",\"contentUrl\":\"https:\\\/\\\/alcompasrevista.com\\\/wp-content\\\/uploads\\\/2023\\\/11\\\/QF_Santa-Cecilia-5.png\",\"width\":1433,\"height\":801},{\"@type\":\"BreadcrumbList\",\"@id\":\"https:\\\/\\\/alcompasrevista.com\\\/va\\\/archivos\\\/18235#breadcrumb\",\"itemListElement\":[{\"@type\":\"ListItem\",\"position\":1,\"name\":\"Portada\",\"item\":\"https:\\\/\\\/alcompasrevista.com\\\/va\"},{\"@type\":\"ListItem\",\"position\":2,\"name\":\"Santa Cec\u00edlia 2023 en quatre moviments\"}]},{\"@type\":\"WebSite\",\"@id\":\"https:\\\/\\\/alcompasrevista.com\\\/#website\",\"url\":\"https:\\\/\\\/alcompasrevista.com\\\/\",\"name\":\"Revista Al Comp\u00e0s\",\"description\":\"Un proyecto de la Federaci\u00f3n de Sociedades Musicales de la Comunidad Valenciana\",\"publisher\":{\"@id\":\"https:\\\/\\\/alcompasrevista.com\\\/#organization\"},\"potentialAction\":[{\"@type\":\"SearchAction\",\"target\":{\"@type\":\"EntryPoint\",\"urlTemplate\":\"https:\\\/\\\/alcompasrevista.com\\\/?s={search_term_string}\"},\"query-input\":{\"@type\":\"PropertyValueSpecification\",\"valueRequired\":true,\"valueName\":\"search_term_string\"}}],\"inLanguage\":\"va\"},{\"@type\":\"Organization\",\"@id\":\"https:\\\/\\\/alcompasrevista.com\\\/#organization\",\"name\":\"Revista Al Comp\u00e0s\",\"url\":\"https:\\\/\\\/alcompasrevista.com\\\/\",\"logo\":{\"@type\":\"ImageObject\",\"inLanguage\":\"va\",\"@id\":\"https:\\\/\\\/alcompasrevista.com\\\/#\\\/schema\\\/logo\\\/image\\\/\",\"url\":\"https:\\\/\\\/alcompasrevista.com\\\/wp-content\\\/uploads\\\/2022\\\/04\\\/cropped-loog_blanco.png\",\"contentUrl\":\"https:\\\/\\\/alcompasrevista.com\\\/wp-content\\\/uploads\\\/2022\\\/04\\\/cropped-loog_blanco.png\",\"width\":1612,\"height\":724,\"caption\":\"Revista Al Comp\u00e0s\"},\"image\":{\"@id\":\"https:\\\/\\\/alcompasrevista.com\\\/#\\\/schema\\\/logo\\\/image\\\/\"}},{\"@type\":\"Person\",\"@id\":\"https:\\\/\\\/alcompasrevista.com\\\/#\\\/schema\\\/person\\\/c10652a34fa01d238ecd498d150347fc\",\"name\":\"Redacci\u00f3n\",\"image\":{\"@type\":\"ImageObject\",\"inLanguage\":\"va\",\"@id\":\"https:\\\/\\\/secure.gravatar.com\\\/avatar\\\/e6a6d0cd2ddec22e0ca7d21b7e49d4a0099fbdc1d476e5412893210bce942ce9?s=96&d=mm&r=g\",\"url\":\"https:\\\/\\\/secure.gravatar.com\\\/avatar\\\/e6a6d0cd2ddec22e0ca7d21b7e49d4a0099fbdc1d476e5412893210bce942ce9?s=96&d=mm&r=g\",\"contentUrl\":\"https:\\\/\\\/secure.gravatar.com\\\/avatar\\\/e6a6d0cd2ddec22e0ca7d21b7e49d4a0099fbdc1d476e5412893210bce942ce9?s=96&d=mm&r=g\",\"caption\":\"Redacci\u00f3n\"},\"url\":\"https:\\\/\\\/alcompasrevista.com\\\/va\\\/archivos\\\/author\\\/vhj_webmaster\"}]}<\/script>\n<!-- \/ Yoast SEO plugin. -->","yoast_head_json":{"title":"Santa Cec\u00edlia 2023 en quatre moviments - Revista Al Comp\u00e0s","robots":{"index":"index","follow":"follow","max-snippet":"max-snippet:-1","max-image-preview":"max-image-preview:large","max-video-preview":"max-video-preview:-1"},"canonical":"https:\/\/alcompasrevista.com\/va\/archivos\/18235","og_locale":"en_US","og_type":"article","og_title":"Santa Cec\u00edlia 2023 en quatre moviments - Revista Al Comp\u00e0s","og_description":"Acaben els dies centrals de Santa Cec\u00edlia, setmanes en qu\u00e8 les societats musicals han commemorat la patrona dels m\u00fasics per auditoris i carrers. \u00abEsta festivitat reflecteix l&#8217;ess\u00e8ncia de la nostra [&hellip;]","og_url":"https:\/\/alcompasrevista.com\/va\/archivos\/18235","og_site_name":"Revista Al Comp\u00e0s","article_published_time":"2023-11-28T09:47:05+00:00","article_modified_time":"2023-11-28T09:47:08+00:00","og_image":[{"width":1433,"height":801,"url":"https:\/\/alcompasrevista.com\/wp-content\/uploads\/2023\/11\/QF_Santa-Cecilia-5.png","type":"image\/png"}],"author":"Redacci\u00f3n","twitter_card":"summary_large_image","twitter_misc":{"Written by":"Redacci\u00f3","Est. reading time":"3 minutes"},"schema":{"@context":"https:\/\/schema.org","@graph":[{"@type":"Article","@id":"https:\/\/alcompasrevista.com\/va\/archivos\/18235#article","isPartOf":{"@id":"https:\/\/alcompasrevista.com\/va\/archivos\/18235"},"author":{"name":"Redacci\u00f3n","@id":"https:\/\/alcompasrevista.com\/#\/schema\/person\/c10652a34fa01d238ecd498d150347fc"},"headline":"Santa Cec\u00edlia 2023 en quatre moviments","datePublished":"2023-11-28T09:47:05+00:00","dateModified":"2023-11-28T09:47:08+00:00","mainEntityOfPage":{"@id":"https:\/\/alcompasrevista.com\/va\/archivos\/18235"},"wordCount":541,"commentCount":0,"publisher":{"@id":"https:\/\/alcompasrevista.com\/#organization"},"image":{"@id":"https:\/\/alcompasrevista.com\/va\/archivos\/18235#primaryimage"},"thumbnailUrl":"https:\/\/alcompasrevista.com\/wp-content\/uploads\/2023\/11\/QF_Santa-Cecilia-5.png","articleSection":["#Laterreta"],"inLanguage":"va","potentialAction":[{"@type":"CommentAction","name":"Comment","target":["https:\/\/alcompasrevista.com\/va\/archivos\/18235#respond"]}]},{"@type":"WebPage","@id":"https:\/\/alcompasrevista.com\/va\/archivos\/18235","url":"https:\/\/alcompasrevista.com\/va\/archivos\/18235","name":"Santa Cec\u00edlia 2023 en quatre moviments - Revista Al Comp\u00e0s","isPartOf":{"@id":"https:\/\/alcompasrevista.com\/#website"},"primaryImageOfPage":{"@id":"https:\/\/alcompasrevista.com\/va\/archivos\/18235#primaryimage"},"image":{"@id":"https:\/\/alcompasrevista.com\/va\/archivos\/18235#primaryimage"},"thumbnailUrl":"https:\/\/alcompasrevista.com\/wp-content\/uploads\/2023\/11\/QF_Santa-Cecilia-5.png","datePublished":"2023-11-28T09:47:05+00:00","dateModified":"2023-11-28T09:47:08+00:00","breadcrumb":{"@id":"https:\/\/alcompasrevista.com\/va\/archivos\/18235#breadcrumb"},"inLanguage":"va","potentialAction":[{"@type":"ReadAction","target":["https:\/\/alcompasrevista.com\/va\/archivos\/18235"]}]},{"@type":"ImageObject","inLanguage":"va","@id":"https:\/\/alcompasrevista.com\/va\/archivos\/18235#primaryimage","url":"https:\/\/alcompasrevista.com\/wp-content\/uploads\/2023\/11\/QF_Santa-Cecilia-5.png","contentUrl":"https:\/\/alcompasrevista.com\/wp-content\/uploads\/2023\/11\/QF_Santa-Cecilia-5.png","width":1433,"height":801},{"@type":"BreadcrumbList","@id":"https:\/\/alcompasrevista.com\/va\/archivos\/18235#breadcrumb","itemListElement":[{"@type":"ListItem","position":1,"name":"Portada","item":"https:\/\/alcompasrevista.com\/va"},{"@type":"ListItem","position":2,"name":"Santa Cec\u00edlia 2023 en quatre moviments"}]},{"@type":"WebSite","@id":"https:\/\/alcompasrevista.com\/#website","url":"https:\/\/alcompasrevista.com\/","name":"Revista Al Comp\u00e0s","description":"Un proyecto de la Federaci\u00f3n de Sociedades Musicales de la Comunidad Valenciana","publisher":{"@id":"https:\/\/alcompasrevista.com\/#organization"},"potentialAction":[{"@type":"SearchAction","target":{"@type":"EntryPoint","urlTemplate":"https:\/\/alcompasrevista.com\/?s={search_term_string}"},"query-input":{"@type":"PropertyValueSpecification","valueRequired":true,"valueName":"search_term_string"}}],"inLanguage":"va"},{"@type":"Organization","@id":"https:\/\/alcompasrevista.com\/#organization","name":"Revista Al Comp\u00e0s","url":"https:\/\/alcompasrevista.com\/","logo":{"@type":"ImageObject","inLanguage":"va","@id":"https:\/\/alcompasrevista.com\/#\/schema\/logo\/image\/","url":"https:\/\/alcompasrevista.com\/wp-content\/uploads\/2022\/04\/cropped-loog_blanco.png","contentUrl":"https:\/\/alcompasrevista.com\/wp-content\/uploads\/2022\/04\/cropped-loog_blanco.png","width":1612,"height":724,"caption":"Revista Al Comp\u00e0s"},"image":{"@id":"https:\/\/alcompasrevista.com\/#\/schema\/logo\/image\/"}},{"@type":"Person","@id":"https:\/\/alcompasrevista.com\/#\/schema\/person\/c10652a34fa01d238ecd498d150347fc","name":"Redacci\u00f3n","image":{"@type":"ImageObject","inLanguage":"va","@id":"https:\/\/secure.gravatar.com\/avatar\/e6a6d0cd2ddec22e0ca7d21b7e49d4a0099fbdc1d476e5412893210bce942ce9?s=96&d=mm&r=g","url":"https:\/\/secure.gravatar.com\/avatar\/e6a6d0cd2ddec22e0ca7d21b7e49d4a0099fbdc1d476e5412893210bce942ce9?s=96&d=mm&r=g","contentUrl":"https:\/\/secure.gravatar.com\/avatar\/e6a6d0cd2ddec22e0ca7d21b7e49d4a0099fbdc1d476e5412893210bce942ce9?s=96&d=mm&r=g","caption":"Redacci\u00f3n"},"url":"https:\/\/alcompasrevista.com\/va\/archivos\/author\/vhj_webmaster"}]}},"_links":{"self":[{"href":"https:\/\/alcompasrevista.com\/va\/wp-json\/wp\/v2\/posts\/18235","targetHints":{"allow":["GET"]}}],"collection":[{"href":"https:\/\/alcompasrevista.com\/va\/wp-json\/wp\/v2\/posts"}],"about":[{"href":"https:\/\/alcompasrevista.com\/va\/wp-json\/wp\/v2\/types\/post"}],"author":[{"embeddable":true,"href":"https:\/\/alcompasrevista.com\/va\/wp-json\/wp\/v2\/users\/860002"}],"replies":[{"embeddable":true,"href":"https:\/\/alcompasrevista.com\/va\/wp-json\/wp\/v2\/comments?post=18235"}],"version-history":[{"count":0,"href":"https:\/\/alcompasrevista.com\/va\/wp-json\/wp\/v2\/posts\/18235\/revisions"}],"wp:featuredmedia":[{"embeddable":true,"href":"https:\/\/alcompasrevista.com\/va\/wp-json\/wp\/v2\/media\/18232"}],"wp:attachment":[{"href":"https:\/\/alcompasrevista.com\/va\/wp-json\/wp\/v2\/media?parent=18235"}],"wp:term":[{"taxonomy":"category","embeddable":true,"href":"https:\/\/alcompasrevista.com\/va\/wp-json\/wp\/v2\/categories?post=18235"},{"taxonomy":"post_tag","embeddable":true,"href":"https:\/\/alcompasrevista.com\/va\/wp-json\/wp\/v2\/tags?post=18235"},{"taxonomy":"portada","embeddable":true,"href":"https:\/\/alcompasrevista.com\/va\/wp-json\/wp\/v2\/portada?post=18235"}],"curies":[{"name":"wp","href":"https:\/\/api.w.org\/{rel}","templated":true}]}}