{"id":18156,"date":"2023-11-23T12:51:54","date_gmt":"2023-11-23T11:51:54","guid":{"rendered":"https:\/\/alcompasrevista.com\/?p=18156"},"modified":"2023-11-23T16:41:03","modified_gmt":"2023-11-23T15:41:03","slug":"sis-societats-musicals-protagonitzen-la-nova-temporada-de-bandes-a-les-arts","status":"publish","type":"post","link":"https:\/\/alcompasrevista.com\/va\/archivos\/18156","title":{"rendered":"Sis societats musicals protagonitzen la nova temporada de &#8216;Bandes a Les Arts&#8217;"},"content":{"rendered":"\n<p>La Federaci\u00f3 de Societats Musicals de la Comunitat Valenciana (FSMCV) i el Palau de les Arts Reina Sofia comencen la temporada n\u00famero dotze de &#8216;Bandes a Les Arts&#8217;, el cicle que presenta a formacions federades de tot el territori en l&#8217;emblem\u00e0tic auditori de Val\u00e8ncia, vinculant-les amb la tem\u00e0tica programada per Les Arts.<\/p>\n\n\n\n<p>Sis noves agrupacions participen en esta edici\u00f3, que se celebrar\u00e0 en l&#8217;escenari de l&#8217;Auditori. Com \u00e9s habitual els concerts seran en diumenge, en un programa doble amb recital al mat\u00ed (12.00) i a la vesprada (17.00). Les primeres bandes a actuar ho faran este pr\u00f2xim diumenge, 26 de novembre, i seran l&#8217;Associaci\u00f3 Uni\u00f3 Musical Bocairent i la Uni\u00f3n Art\u00edstica Musical de Montroi.<\/p>\n\n\n\n<p>Despr\u00e9s d&#8217;elles, el cicle s&#8217;estendr\u00e0 fins a la primavera de 2023. El 28 de gener pujaran a l&#8217;escenari de Les Arts les formacions de la Societat Musical La Nova de X\u00e0tiva (12.00) i de la Uni\u00f3 Musical Lira Borriolenca (17.00). Finalment, el 9 de juny tancaran el cicle la Uni\u00f3n Musical Vallduxense (12.00) i el Centre Instructiu Musical Alfafar (17.00).<\/p>\n\n\n\n<p>Estes agrupacions seran les protagonistes de la nova temporada d&#8217;un cicle que celebra onze edicions d&#8217;alian\u00e7a entre el Palau de les Arts i la Federaci\u00f3 de Societats Musicals de la Comunitat Valenciana. &#8216;Bandes a Les Arts&#8217;, permet oferir concerts oberts a tots els p\u00fablics per part de les societats musicals de la Comunitat Valenciana emmarcats en la temporada de Les Arts. Els concerts s\u00f3n gratu\u00efts i les entrades es poden reservar en la web o adquirir en la taquilla de Les Arts.<\/p>\n\n\n\n<p><strong>Un repertori vinculat a Les Arts<\/strong><\/p>\n\n\n\n<p>Les societats musicals participants interpreten un repertori relacionat amb les propostes art\u00edstiques de Les Arts. Per a participar, les agrupacions interessades han presentat un projecte en el qual s&#8217;ha valorat tant la qualitat de la proposta com la integraci\u00f3 del repertori dins de la programaci\u00f3 l\u00edrica de l&#8217;auditori, coincidint amb els compositors programats per a cada temporada. Juntament amb aix\u00f2, s&#8217;han tingut en compte altres factors com l&#8217;inter\u00e8s musical del repertori complet, la innovaci\u00f3 de la proposta i l&#8217;aportaci\u00f3 de valors associats al col\u00b7lectiu de societats musicals.<\/p>\n","protected":false},"excerpt":{"rendered":"<p>La Federaci\u00f3 de Societats Musicals de la Comunitat Valenciana (FSMCV) i el Palau de les Arts Reina Sofia comencen la temporada n\u00famero dotze de &#8216;Bandes a Les Arts&#8217;, el cicle [&hellip;]<\/p>\n","protected":false},"author":860002,"featured_media":18154,"comment_status":"open","ping_status":"open","sticky":false,"template":"","format":"standard","meta":{"footnotes":""},"categories":[29],"tags":[286],"portada":[],"class_list":["post-18156","post","type-post","status-publish","format-standard","has-post-thumbnail","hentry","category-noticies-va","tag-concert"],"yoast_head":"<!-- This site is optimized with the Yoast SEO plugin v27.4 - https:\/\/yoast.com\/product\/yoast-seo-wordpress\/ -->\n<title>Sis societats musicals protagonitzen la nova temporada de &#039;Bandes a Les Arts&#039; - Revista Al Comp\u00e0s<\/title>\n<meta name=\"description\" content=\"La Federaci\u00f3 de Societats Musicals de la Comunitat Valenciana (FSMCV) i el Palau de les Arts Reina Sofia comencen la temporada n\u00famero dotze de &#039;Bandes a Les Arts&#039;, el cicle que presenta a formacions federades de tot el territori en l&#039;emblem\u00e0tic auditori de Val\u00e8ncia, vinculant-les amb la tem\u00e0tica programada per Les Arts.\" \/>\n<meta name=\"robots\" content=\"index, follow, max-snippet:-1, max-image-preview:large, max-video-preview:-1\" \/>\n<link rel=\"canonical\" href=\"https:\/\/alcompasrevista.com\/va\/archivos\/18156\" \/>\n<meta property=\"og:locale\" content=\"en_US\" \/>\n<meta property=\"og:type\" content=\"article\" \/>\n<meta property=\"og:title\" content=\"Sis societats musicals protagonitzen la nova temporada de &#039;Bandes a Les Arts&#039; - Revista Al Comp\u00e0s\" \/>\n<meta property=\"og:description\" content=\"La Federaci\u00f3 de Societats Musicals de la Comunitat Valenciana (FSMCV) i el Palau de les Arts Reina Sofia comencen la temporada n\u00famero dotze de &#039;Bandes a Les Arts&#039;, el cicle que presenta a formacions federades de tot el territori en l&#039;emblem\u00e0tic auditori de Val\u00e8ncia, vinculant-les amb la tem\u00e0tica programada per Les Arts.\" \/>\n<meta property=\"og:url\" content=\"https:\/\/alcompasrevista.com\/va\/archivos\/18156\" \/>\n<meta property=\"og:site_name\" content=\"Revista Al Comp\u00e0s\" \/>\n<meta property=\"article:published_time\" content=\"2023-11-23T11:51:54+00:00\" \/>\n<meta property=\"article:modified_time\" content=\"2023-11-23T15:41:03+00:00\" \/>\n<meta property=\"og:image\" content=\"https:\/\/alcompasrevista.com\/wp-content\/uploads\/2023\/11\/bb0c6424-d1e1-4576-af43-1deb993dfc7c.png\" \/>\n\t<meta property=\"og:image:width\" content=\"1079\" \/>\n\t<meta property=\"og:image:height\" content=\"607\" \/>\n\t<meta property=\"og:image:type\" content=\"image\/png\" \/>\n<meta name=\"author\" content=\"Redacci\u00f3n\" \/>\n<meta name=\"twitter:card\" content=\"summary_large_image\" \/>\n<meta name=\"twitter:label1\" content=\"Written by\" \/>\n\t<meta name=\"twitter:data1\" content=\"Redacci\u00f3\" \/>\n\t<meta name=\"twitter:label2\" content=\"Est. reading time\" \/>\n\t<meta name=\"twitter:data2\" content=\"2 minutes\" \/>\n<script type=\"application\/ld+json\" class=\"yoast-schema-graph\">{\"@context\":\"https:\\\/\\\/schema.org\",\"@graph\":[{\"@type\":\"Article\",\"@id\":\"https:\\\/\\\/alcompasrevista.com\\\/va\\\/archivos\\\/18156#article\",\"isPartOf\":{\"@id\":\"https:\\\/\\\/alcompasrevista.com\\\/va\\\/archivos\\\/18156\"},\"author\":{\"name\":\"Redacci\u00f3n\",\"@id\":\"https:\\\/\\\/alcompasrevista.com\\\/#\\\/schema\\\/person\\\/c10652a34fa01d238ecd498d150347fc\"},\"headline\":\"Sis societats musicals protagonitzen la nova temporada de &#8216;Bandes a Les Arts&#8217;\",\"datePublished\":\"2023-11-23T11:51:54+00:00\",\"dateModified\":\"2023-11-23T15:41:03+00:00\",\"mainEntityOfPage\":{\"@id\":\"https:\\\/\\\/alcompasrevista.com\\\/va\\\/archivos\\\/18156\"},\"wordCount\":383,\"commentCount\":0,\"publisher\":{\"@id\":\"https:\\\/\\\/alcompasrevista.com\\\/#organization\"},\"image\":{\"@id\":\"https:\\\/\\\/alcompasrevista.com\\\/va\\\/archivos\\\/18156#primaryimage\"},\"thumbnailUrl\":\"https:\\\/\\\/alcompasrevista.com\\\/wp-content\\\/uploads\\\/2023\\\/11\\\/bb0c6424-d1e1-4576-af43-1deb993dfc7c.png\",\"keywords\":[\"concert\"],\"articleSection\":[\"#Not\u00edcies\"],\"inLanguage\":\"va\",\"potentialAction\":[{\"@type\":\"CommentAction\",\"name\":\"Comment\",\"target\":[\"https:\\\/\\\/alcompasrevista.com\\\/va\\\/archivos\\\/18156#respond\"]}]},{\"@type\":\"WebPage\",\"@id\":\"https:\\\/\\\/alcompasrevista.com\\\/va\\\/archivos\\\/18156\",\"url\":\"https:\\\/\\\/alcompasrevista.com\\\/va\\\/archivos\\\/18156\",\"name\":\"Sis societats musicals protagonitzen la nova temporada de 'Bandes a Les Arts' - Revista Al Comp\u00e0s\",\"isPartOf\":{\"@id\":\"https:\\\/\\\/alcompasrevista.com\\\/#website\"},\"primaryImageOfPage\":{\"@id\":\"https:\\\/\\\/alcompasrevista.com\\\/va\\\/archivos\\\/18156#primaryimage\"},\"image\":{\"@id\":\"https:\\\/\\\/alcompasrevista.com\\\/va\\\/archivos\\\/18156#primaryimage\"},\"thumbnailUrl\":\"https:\\\/\\\/alcompasrevista.com\\\/wp-content\\\/uploads\\\/2023\\\/11\\\/bb0c6424-d1e1-4576-af43-1deb993dfc7c.png\",\"datePublished\":\"2023-11-23T11:51:54+00:00\",\"dateModified\":\"2023-11-23T15:41:03+00:00\",\"description\":\"La Federaci\u00f3 de Societats Musicals de la Comunitat Valenciana (FSMCV) i el Palau de les Arts Reina Sofia comencen la temporada n\u00famero dotze de 'Bandes a Les Arts', el cicle que presenta a formacions federades de tot el territori en l'emblem\u00e0tic auditori de Val\u00e8ncia, vinculant-les amb la tem\u00e0tica programada per Les Arts.\",\"breadcrumb\":{\"@id\":\"https:\\\/\\\/alcompasrevista.com\\\/va\\\/archivos\\\/18156#breadcrumb\"},\"inLanguage\":\"va\",\"potentialAction\":[{\"@type\":\"ReadAction\",\"target\":[\"https:\\\/\\\/alcompasrevista.com\\\/va\\\/archivos\\\/18156\"]}]},{\"@type\":\"ImageObject\",\"inLanguage\":\"va\",\"@id\":\"https:\\\/\\\/alcompasrevista.com\\\/va\\\/archivos\\\/18156#primaryimage\",\"url\":\"https:\\\/\\\/alcompasrevista.com\\\/wp-content\\\/uploads\\\/2023\\\/11\\\/bb0c6424-d1e1-4576-af43-1deb993dfc7c.png\",\"contentUrl\":\"https:\\\/\\\/alcompasrevista.com\\\/wp-content\\\/uploads\\\/2023\\\/11\\\/bb0c6424-d1e1-4576-af43-1deb993dfc7c.png\",\"width\":1079,\"height\":607},{\"@type\":\"BreadcrumbList\",\"@id\":\"https:\\\/\\\/alcompasrevista.com\\\/va\\\/archivos\\\/18156#breadcrumb\",\"itemListElement\":[{\"@type\":\"ListItem\",\"position\":1,\"name\":\"Portada\",\"item\":\"https:\\\/\\\/alcompasrevista.com\\\/va\"},{\"@type\":\"ListItem\",\"position\":2,\"name\":\"Sis societats musicals protagonitzen la nova temporada de &#8216;Bandes a Les Arts&#8217;\"}]},{\"@type\":\"WebSite\",\"@id\":\"https:\\\/\\\/alcompasrevista.com\\\/#website\",\"url\":\"https:\\\/\\\/alcompasrevista.com\\\/\",\"name\":\"Revista Al Comp\u00e0s\",\"description\":\"Un proyecto de la Federaci\u00f3n de Sociedades Musicales de la Comunidad Valenciana\",\"publisher\":{\"@id\":\"https:\\\/\\\/alcompasrevista.com\\\/#organization\"},\"potentialAction\":[{\"@type\":\"SearchAction\",\"target\":{\"@type\":\"EntryPoint\",\"urlTemplate\":\"https:\\\/\\\/alcompasrevista.com\\\/?s={search_term_string}\"},\"query-input\":{\"@type\":\"PropertyValueSpecification\",\"valueRequired\":true,\"valueName\":\"search_term_string\"}}],\"inLanguage\":\"va\"},{\"@type\":\"Organization\",\"@id\":\"https:\\\/\\\/alcompasrevista.com\\\/#organization\",\"name\":\"Revista Al Comp\u00e0s\",\"url\":\"https:\\\/\\\/alcompasrevista.com\\\/\",\"logo\":{\"@type\":\"ImageObject\",\"inLanguage\":\"va\",\"@id\":\"https:\\\/\\\/alcompasrevista.com\\\/#\\\/schema\\\/logo\\\/image\\\/\",\"url\":\"https:\\\/\\\/alcompasrevista.com\\\/wp-content\\\/uploads\\\/2022\\\/04\\\/cropped-loog_blanco.png\",\"contentUrl\":\"https:\\\/\\\/alcompasrevista.com\\\/wp-content\\\/uploads\\\/2022\\\/04\\\/cropped-loog_blanco.png\",\"width\":1612,\"height\":724,\"caption\":\"Revista Al Comp\u00e0s\"},\"image\":{\"@id\":\"https:\\\/\\\/alcompasrevista.com\\\/#\\\/schema\\\/logo\\\/image\\\/\"}},{\"@type\":\"Person\",\"@id\":\"https:\\\/\\\/alcompasrevista.com\\\/#\\\/schema\\\/person\\\/c10652a34fa01d238ecd498d150347fc\",\"name\":\"Redacci\u00f3n\",\"image\":{\"@type\":\"ImageObject\",\"inLanguage\":\"va\",\"@id\":\"https:\\\/\\\/secure.gravatar.com\\\/avatar\\\/e6a6d0cd2ddec22e0ca7d21b7e49d4a0099fbdc1d476e5412893210bce942ce9?s=96&d=mm&r=g\",\"url\":\"https:\\\/\\\/secure.gravatar.com\\\/avatar\\\/e6a6d0cd2ddec22e0ca7d21b7e49d4a0099fbdc1d476e5412893210bce942ce9?s=96&d=mm&r=g\",\"contentUrl\":\"https:\\\/\\\/secure.gravatar.com\\\/avatar\\\/e6a6d0cd2ddec22e0ca7d21b7e49d4a0099fbdc1d476e5412893210bce942ce9?s=96&d=mm&r=g\",\"caption\":\"Redacci\u00f3n\"},\"url\":\"https:\\\/\\\/alcompasrevista.com\\\/va\\\/archivos\\\/author\\\/vhj_webmaster\"}]}<\/script>\n<!-- \/ Yoast SEO plugin. -->","yoast_head_json":{"title":"Sis societats musicals protagonitzen la nova temporada de 'Bandes a Les Arts' - Revista Al Comp\u00e0s","description":"La Federaci\u00f3 de Societats Musicals de la Comunitat Valenciana (FSMCV) i el Palau de les Arts Reina Sofia comencen la temporada n\u00famero dotze de 'Bandes a Les Arts', el cicle que presenta a formacions federades de tot el territori en l'emblem\u00e0tic auditori de Val\u00e8ncia, vinculant-les amb la tem\u00e0tica programada per Les Arts.","robots":{"index":"index","follow":"follow","max-snippet":"max-snippet:-1","max-image-preview":"max-image-preview:large","max-video-preview":"max-video-preview:-1"},"canonical":"https:\/\/alcompasrevista.com\/va\/archivos\/18156","og_locale":"en_US","og_type":"article","og_title":"Sis societats musicals protagonitzen la nova temporada de 'Bandes a Les Arts' - Revista Al Comp\u00e0s","og_description":"La Federaci\u00f3 de Societats Musicals de la Comunitat Valenciana (FSMCV) i el Palau de les Arts Reina Sofia comencen la temporada n\u00famero dotze de 'Bandes a Les Arts', el cicle que presenta a formacions federades de tot el territori en l'emblem\u00e0tic auditori de Val\u00e8ncia, vinculant-les amb la tem\u00e0tica programada per Les Arts.","og_url":"https:\/\/alcompasrevista.com\/va\/archivos\/18156","og_site_name":"Revista Al Comp\u00e0s","article_published_time":"2023-11-23T11:51:54+00:00","article_modified_time":"2023-11-23T15:41:03+00:00","og_image":[{"width":1079,"height":607,"url":"https:\/\/alcompasrevista.com\/wp-content\/uploads\/2023\/11\/bb0c6424-d1e1-4576-af43-1deb993dfc7c.png","type":"image\/png"}],"author":"Redacci\u00f3n","twitter_card":"summary_large_image","twitter_misc":{"Written by":"Redacci\u00f3","Est. reading time":"2 minutes"},"schema":{"@context":"https:\/\/schema.org","@graph":[{"@type":"Article","@id":"https:\/\/alcompasrevista.com\/va\/archivos\/18156#article","isPartOf":{"@id":"https:\/\/alcompasrevista.com\/va\/archivos\/18156"},"author":{"name":"Redacci\u00f3n","@id":"https:\/\/alcompasrevista.com\/#\/schema\/person\/c10652a34fa01d238ecd498d150347fc"},"headline":"Sis societats musicals protagonitzen la nova temporada de &#8216;Bandes a Les Arts&#8217;","datePublished":"2023-11-23T11:51:54+00:00","dateModified":"2023-11-23T15:41:03+00:00","mainEntityOfPage":{"@id":"https:\/\/alcompasrevista.com\/va\/archivos\/18156"},"wordCount":383,"commentCount":0,"publisher":{"@id":"https:\/\/alcompasrevista.com\/#organization"},"image":{"@id":"https:\/\/alcompasrevista.com\/va\/archivos\/18156#primaryimage"},"thumbnailUrl":"https:\/\/alcompasrevista.com\/wp-content\/uploads\/2023\/11\/bb0c6424-d1e1-4576-af43-1deb993dfc7c.png","keywords":["concert"],"articleSection":["#Not\u00edcies"],"inLanguage":"va","potentialAction":[{"@type":"CommentAction","name":"Comment","target":["https:\/\/alcompasrevista.com\/va\/archivos\/18156#respond"]}]},{"@type":"WebPage","@id":"https:\/\/alcompasrevista.com\/va\/archivos\/18156","url":"https:\/\/alcompasrevista.com\/va\/archivos\/18156","name":"Sis societats musicals protagonitzen la nova temporada de 'Bandes a Les Arts' - Revista Al Comp\u00e0s","isPartOf":{"@id":"https:\/\/alcompasrevista.com\/#website"},"primaryImageOfPage":{"@id":"https:\/\/alcompasrevista.com\/va\/archivos\/18156#primaryimage"},"image":{"@id":"https:\/\/alcompasrevista.com\/va\/archivos\/18156#primaryimage"},"thumbnailUrl":"https:\/\/alcompasrevista.com\/wp-content\/uploads\/2023\/11\/bb0c6424-d1e1-4576-af43-1deb993dfc7c.png","datePublished":"2023-11-23T11:51:54+00:00","dateModified":"2023-11-23T15:41:03+00:00","description":"La Federaci\u00f3 de Societats Musicals de la Comunitat Valenciana (FSMCV) i el Palau de les Arts Reina Sofia comencen la temporada n\u00famero dotze de 'Bandes a Les Arts', el cicle que presenta a formacions federades de tot el territori en l'emblem\u00e0tic auditori de Val\u00e8ncia, vinculant-les amb la tem\u00e0tica programada per Les Arts.","breadcrumb":{"@id":"https:\/\/alcompasrevista.com\/va\/archivos\/18156#breadcrumb"},"inLanguage":"va","potentialAction":[{"@type":"ReadAction","target":["https:\/\/alcompasrevista.com\/va\/archivos\/18156"]}]},{"@type":"ImageObject","inLanguage":"va","@id":"https:\/\/alcompasrevista.com\/va\/archivos\/18156#primaryimage","url":"https:\/\/alcompasrevista.com\/wp-content\/uploads\/2023\/11\/bb0c6424-d1e1-4576-af43-1deb993dfc7c.png","contentUrl":"https:\/\/alcompasrevista.com\/wp-content\/uploads\/2023\/11\/bb0c6424-d1e1-4576-af43-1deb993dfc7c.png","width":1079,"height":607},{"@type":"BreadcrumbList","@id":"https:\/\/alcompasrevista.com\/va\/archivos\/18156#breadcrumb","itemListElement":[{"@type":"ListItem","position":1,"name":"Portada","item":"https:\/\/alcompasrevista.com\/va"},{"@type":"ListItem","position":2,"name":"Sis societats musicals protagonitzen la nova temporada de &#8216;Bandes a Les Arts&#8217;"}]},{"@type":"WebSite","@id":"https:\/\/alcompasrevista.com\/#website","url":"https:\/\/alcompasrevista.com\/","name":"Revista Al Comp\u00e0s","description":"Un proyecto de la Federaci\u00f3n de Sociedades Musicales de la Comunidad Valenciana","publisher":{"@id":"https:\/\/alcompasrevista.com\/#organization"},"potentialAction":[{"@type":"SearchAction","target":{"@type":"EntryPoint","urlTemplate":"https:\/\/alcompasrevista.com\/?s={search_term_string}"},"query-input":{"@type":"PropertyValueSpecification","valueRequired":true,"valueName":"search_term_string"}}],"inLanguage":"va"},{"@type":"Organization","@id":"https:\/\/alcompasrevista.com\/#organization","name":"Revista Al Comp\u00e0s","url":"https:\/\/alcompasrevista.com\/","logo":{"@type":"ImageObject","inLanguage":"va","@id":"https:\/\/alcompasrevista.com\/#\/schema\/logo\/image\/","url":"https:\/\/alcompasrevista.com\/wp-content\/uploads\/2022\/04\/cropped-loog_blanco.png","contentUrl":"https:\/\/alcompasrevista.com\/wp-content\/uploads\/2022\/04\/cropped-loog_blanco.png","width":1612,"height":724,"caption":"Revista Al Comp\u00e0s"},"image":{"@id":"https:\/\/alcompasrevista.com\/#\/schema\/logo\/image\/"}},{"@type":"Person","@id":"https:\/\/alcompasrevista.com\/#\/schema\/person\/c10652a34fa01d238ecd498d150347fc","name":"Redacci\u00f3n","image":{"@type":"ImageObject","inLanguage":"va","@id":"https:\/\/secure.gravatar.com\/avatar\/e6a6d0cd2ddec22e0ca7d21b7e49d4a0099fbdc1d476e5412893210bce942ce9?s=96&d=mm&r=g","url":"https:\/\/secure.gravatar.com\/avatar\/e6a6d0cd2ddec22e0ca7d21b7e49d4a0099fbdc1d476e5412893210bce942ce9?s=96&d=mm&r=g","contentUrl":"https:\/\/secure.gravatar.com\/avatar\/e6a6d0cd2ddec22e0ca7d21b7e49d4a0099fbdc1d476e5412893210bce942ce9?s=96&d=mm&r=g","caption":"Redacci\u00f3n"},"url":"https:\/\/alcompasrevista.com\/va\/archivos\/author\/vhj_webmaster"}]}},"_links":{"self":[{"href":"https:\/\/alcompasrevista.com\/va\/wp-json\/wp\/v2\/posts\/18156","targetHints":{"allow":["GET"]}}],"collection":[{"href":"https:\/\/alcompasrevista.com\/va\/wp-json\/wp\/v2\/posts"}],"about":[{"href":"https:\/\/alcompasrevista.com\/va\/wp-json\/wp\/v2\/types\/post"}],"author":[{"embeddable":true,"href":"https:\/\/alcompasrevista.com\/va\/wp-json\/wp\/v2\/users\/860002"}],"replies":[{"embeddable":true,"href":"https:\/\/alcompasrevista.com\/va\/wp-json\/wp\/v2\/comments?post=18156"}],"version-history":[{"count":0,"href":"https:\/\/alcompasrevista.com\/va\/wp-json\/wp\/v2\/posts\/18156\/revisions"}],"wp:featuredmedia":[{"embeddable":true,"href":"https:\/\/alcompasrevista.com\/va\/wp-json\/wp\/v2\/media\/18154"}],"wp:attachment":[{"href":"https:\/\/alcompasrevista.com\/va\/wp-json\/wp\/v2\/media?parent=18156"}],"wp:term":[{"taxonomy":"category","embeddable":true,"href":"https:\/\/alcompasrevista.com\/va\/wp-json\/wp\/v2\/categories?post=18156"},{"taxonomy":"post_tag","embeddable":true,"href":"https:\/\/alcompasrevista.com\/va\/wp-json\/wp\/v2\/tags?post=18156"},{"taxonomy":"portada","embeddable":true,"href":"https:\/\/alcompasrevista.com\/va\/wp-json\/wp\/v2\/portada?post=18156"}],"curies":[{"name":"wp","href":"https:\/\/api.w.org\/{rel}","templated":true}]}}