{"id":17995,"date":"2023-11-20T16:50:12","date_gmt":"2023-11-20T15:50:12","guid":{"rendered":"https:\/\/alcompasrevista.com\/?p=17995"},"modified":"2023-11-23T11:31:07","modified_gmt":"2023-11-23T10:31:07","slug":"compte-enrere-per-a-renaissence-una-obra-innovadora-de-la-ma-de-dos-compositors-valencians","status":"publish","type":"post","link":"https:\/\/alcompasrevista.com\/va\/archivos\/17995","title":{"rendered":"La Banda Simf\u00f2nica de la Societat Joventut Musical d\u2019Albal estrena &#8216;Renaissance&#8217;, una obra innovadora de dos compositors valencians"},"content":{"rendered":"\n<p>En el m\u00f3n de les bandes de m\u00fasica sempre es pot innovar i apostar per nous camins sonors. Este \u00e9s el punt d&#8217;inici des del qual han partit Carlos Riera (Sueca 1990) i Javier Quilis (Alzira 1974) per a crear <em>Renaissance<\/em>, una obra que transportar\u00e0 al p\u00fablic al Renaixement i que incorpora elements sonors nous.<\/p>\n\n\n\n<p>L&#8217;estrena de l&#8217;obra tindr\u00e0 lloc el pr\u00f2xim dia 25 de novembre, en l&#8217;Auditori de la Casa de la Cultura d&#8217;Albal, en el concert de Santa Cec\u00edlia realitzat per la Banda Simf\u00f2nica de la Societat Joventut Musical d\u2019Albal, sota la direcci\u00f3 de Carlos Riera.<\/p>\n\n\n\n<p>L&#8217;obra ha estat un enc\u00e0rrec realitzat per la Societat Joventut Musical d&#8217;Albal, en col\u00b7laboraci\u00f3 amb l&#8217;Ajuntament d&#8217;Albal. \u00abEl nostre director Carlos Riera ens va plantejar un projecte avantguardista per al tancament de la temporada, alguna cosa que mai s&#8217;hagu\u00e9s realitzat en el m\u00f3n band\u00edstic i que posara a la nostra societat i la nostra ciutat al capdavant de la innovaci\u00f3 sonora. Creiem que el resultat no deixar\u00e0 indiferent a ning\u00fa\u00bb, comenta el president de la societat musical, Daniel Rein\u00f3n.<\/p>\n\n\n\n<p>En la posada en escena participaran la banda simf\u00f2nica de la SJMA amb el seu director titular Carlos Riera a la batuta, aix\u00ed com una sonoritzaci\u00f3 i il\u00b7luminaci\u00f3 i <em>videomapping<\/em> realitzada per l&#8217;empresa TM2 Produccions. Aix\u00ed mateix, l&#8217;obra compta amb narrador, la locuci\u00f3 del qual ha estat realitzada per Stephen Wallace.<\/p>\n\n\n\n<p>\u00abSom compositors de bandes sonores, per tant, vam voler afrontar aquest projecte com si d&#8217;una pel\u00b7l\u00edcula es tractara. Amb una hist\u00f2ria guionitzada i un narrador que anir\u00e0 introduint les diferents peces musicals, afegint tamb\u00e9 efectes de so, il\u00b7luminaci\u00f3 etc. L&#8217;objectiu \u00e9s submergir-nos a la Flor\u00e8ncia renaixentista de la m\u00e0 de Lorenzo Di Fiore, el nostre protagonista principal. Un personatge imaginari dins d&#8217;una \u00e8poca real\u00bb, comenten els autors.<\/p>\n\n\n\n<p>Per\u00f2 potser la novetat m\u00e9s destacable \u00e9s la sonoritat que empraran. \u00abNo vol\u00edem fer una obra convencional. Com ocorre amb la m\u00fasica de cinema, vol\u00edem combinar diferents paletes sonores per a crear una immersi\u00f3 total de l&#8217;oient en la hist\u00f2ria. I aix\u00ed ho vam fer. Apostem per la banda simf\u00f2nica com a element principal, a la qual sumarem una orquestra virtual i sintetitzadors pregravats. L&#8217;objectiu \u00e9s crear una immersi\u00f3 el m\u00e9s completa possible durant l&#8217;execuci\u00f3 de l&#8217;obra i beneficiar-se de tots dos mons: el simf\u00f2nic i el virtual\u00bb, apunten els compositors.<\/p>\n\n\n\n<p>Despr\u00e9s de la seua estrena, els compositors tenen intenci\u00f3 de poder realitzar m\u00e9s representacions de la mateixa en diferents ubicacions. Marques relacionades amb l&#8217;\u00e0udio, la tecnologia musical i la il\u00b7luminaci\u00f3 mostren el seu inter\u00e8s per participar en esta obra musical.<\/p>\n","protected":false},"excerpt":{"rendered":"<p>En el m\u00f3n de les bandes de m\u00fasica sempre es pot innovar i apostar per nous camins sonors. Este \u00e9s el punt d&#8217;inici des del qual han partit Carlos Riera [&hellip;]<\/p>\n","protected":false},"author":860002,"featured_media":17994,"comment_status":"open","ping_status":"open","sticky":false,"template":"","format":"standard","meta":{"footnotes":""},"categories":[29],"tags":[286],"portada":[],"class_list":["post-17995","post","type-post","status-publish","format-standard","has-post-thumbnail","hentry","category-noticies-va","tag-concert"],"yoast_head":"<!-- This site is optimized with the Yoast SEO plugin v27.4 - https:\/\/yoast.com\/product\/yoast-seo-wordpress\/ -->\n<title>La Banda Simf\u00f2nica de la Societat Joventut Musical d\u2019Albal estrena &#039;Renaissance&#039;, una obra innovadora de dos compositors valencians - Revista Al Comp\u00e0s<\/title>\n<meta name=\"description\" content=\"En el m\u00f3n de les bandes de m\u00fasica sempre es pot innovar i apostar per nouscamins sonors. Aquest \u00e9s el punt d&#039;inici des del qual han partit Carlos Riera (Sueca1990) i Javier Quilis (Alzira 1974) per a crear \u201cRenaissance\u201d, una obra que enstransportar\u00e0 al Renaixement i que incorpora elements sonors nous.\" \/>\n<meta name=\"robots\" content=\"index, follow, max-snippet:-1, max-image-preview:large, max-video-preview:-1\" \/>\n<link rel=\"canonical\" href=\"https:\/\/alcompasrevista.com\/va\/archivos\/17995\" \/>\n<meta property=\"og:locale\" content=\"en_US\" \/>\n<meta property=\"og:type\" content=\"article\" \/>\n<meta property=\"og:title\" content=\"La Banda Simf\u00f2nica de la Societat Joventut Musical d\u2019Albal estrena &#039;Renaissance&#039;, una obra innovadora de dos compositors valencians - Revista Al Comp\u00e0s\" \/>\n<meta property=\"og:description\" content=\"En el m\u00f3n de les bandes de m\u00fasica sempre es pot innovar i apostar per nouscamins sonors. Aquest \u00e9s el punt d&#039;inici des del qual han partit Carlos Riera (Sueca1990) i Javier Quilis (Alzira 1974) per a crear \u201cRenaissance\u201d, una obra que enstransportar\u00e0 al Renaixement i que incorpora elements sonors nous.\" \/>\n<meta property=\"og:url\" content=\"https:\/\/alcompasrevista.com\/va\/archivos\/17995\" \/>\n<meta property=\"og:site_name\" content=\"Revista Al Comp\u00e0s\" \/>\n<meta property=\"article:published_time\" content=\"2023-11-20T15:50:12+00:00\" \/>\n<meta property=\"article:modified_time\" content=\"2023-11-23T10:31:07+00:00\" \/>\n<meta property=\"og:image\" content=\"https:\/\/alcompasrevista.com\/wp-content\/uploads\/2023\/11\/Captura-de-Pantalla-2023-11-20-a-las-16.25.37.png\" \/>\n\t<meta property=\"og:image:width\" content=\"1440\" \/>\n\t<meta property=\"og:image:height\" content=\"655\" \/>\n\t<meta property=\"og:image:type\" content=\"image\/png\" \/>\n<meta name=\"author\" content=\"Redacci\u00f3n\" \/>\n<meta name=\"twitter:card\" content=\"summary_large_image\" \/>\n<meta name=\"twitter:label1\" content=\"Written by\" \/>\n\t<meta name=\"twitter:data1\" content=\"Redacci\u00f3\" \/>\n\t<meta name=\"twitter:label2\" content=\"Est. reading time\" \/>\n\t<meta name=\"twitter:data2\" content=\"2 minutes\" \/>\n<script type=\"application\/ld+json\" class=\"yoast-schema-graph\">{\"@context\":\"https:\\\/\\\/schema.org\",\"@graph\":[{\"@type\":\"Article\",\"@id\":\"https:\\\/\\\/alcompasrevista.com\\\/va\\\/archivos\\\/17995#article\",\"isPartOf\":{\"@id\":\"https:\\\/\\\/alcompasrevista.com\\\/va\\\/archivos\\\/17995\"},\"author\":{\"name\":\"Redacci\u00f3n\",\"@id\":\"https:\\\/\\\/alcompasrevista.com\\\/#\\\/schema\\\/person\\\/c10652a34fa01d238ecd498d150347fc\"},\"headline\":\"La Banda Simf\u00f2nica de la Societat Joventut Musical d\u2019Albal estrena &#8216;Renaissance&#8217;, una obra innovadora de dos compositors valencians\",\"datePublished\":\"2023-11-20T15:50:12+00:00\",\"dateModified\":\"2023-11-23T10:31:07+00:00\",\"mainEntityOfPage\":{\"@id\":\"https:\\\/\\\/alcompasrevista.com\\\/va\\\/archivos\\\/17995\"},\"wordCount\":495,\"commentCount\":0,\"publisher\":{\"@id\":\"https:\\\/\\\/alcompasrevista.com\\\/#organization\"},\"image\":{\"@id\":\"https:\\\/\\\/alcompasrevista.com\\\/va\\\/archivos\\\/17995#primaryimage\"},\"thumbnailUrl\":\"https:\\\/\\\/alcompasrevista.com\\\/wp-content\\\/uploads\\\/2023\\\/11\\\/Captura-de-Pantalla-2023-11-20-a-las-16.25.37.png\",\"keywords\":[\"concert\"],\"articleSection\":[\"#Not\u00edcies\"],\"inLanguage\":\"va\",\"potentialAction\":[{\"@type\":\"CommentAction\",\"name\":\"Comment\",\"target\":[\"https:\\\/\\\/alcompasrevista.com\\\/va\\\/archivos\\\/17995#respond\"]}]},{\"@type\":\"WebPage\",\"@id\":\"https:\\\/\\\/alcompasrevista.com\\\/va\\\/archivos\\\/17995\",\"url\":\"https:\\\/\\\/alcompasrevista.com\\\/va\\\/archivos\\\/17995\",\"name\":\"La Banda Simf\u00f2nica de la Societat Joventut Musical d\u2019Albal estrena 'Renaissance', una obra innovadora de dos compositors valencians - Revista Al Comp\u00e0s\",\"isPartOf\":{\"@id\":\"https:\\\/\\\/alcompasrevista.com\\\/#website\"},\"primaryImageOfPage\":{\"@id\":\"https:\\\/\\\/alcompasrevista.com\\\/va\\\/archivos\\\/17995#primaryimage\"},\"image\":{\"@id\":\"https:\\\/\\\/alcompasrevista.com\\\/va\\\/archivos\\\/17995#primaryimage\"},\"thumbnailUrl\":\"https:\\\/\\\/alcompasrevista.com\\\/wp-content\\\/uploads\\\/2023\\\/11\\\/Captura-de-Pantalla-2023-11-20-a-las-16.25.37.png\",\"datePublished\":\"2023-11-20T15:50:12+00:00\",\"dateModified\":\"2023-11-23T10:31:07+00:00\",\"description\":\"En el m\u00f3n de les bandes de m\u00fasica sempre es pot innovar i apostar per nouscamins sonors. Aquest \u00e9s el punt d'inici des del qual han partit Carlos Riera (Sueca1990) i Javier Quilis (Alzira 1974) per a crear \u201cRenaissance\u201d, una obra que enstransportar\u00e0 al Renaixement i que incorpora elements sonors nous.\",\"breadcrumb\":{\"@id\":\"https:\\\/\\\/alcompasrevista.com\\\/va\\\/archivos\\\/17995#breadcrumb\"},\"inLanguage\":\"va\",\"potentialAction\":[{\"@type\":\"ReadAction\",\"target\":[\"https:\\\/\\\/alcompasrevista.com\\\/va\\\/archivos\\\/17995\"]}]},{\"@type\":\"ImageObject\",\"inLanguage\":\"va\",\"@id\":\"https:\\\/\\\/alcompasrevista.com\\\/va\\\/archivos\\\/17995#primaryimage\",\"url\":\"https:\\\/\\\/alcompasrevista.com\\\/wp-content\\\/uploads\\\/2023\\\/11\\\/Captura-de-Pantalla-2023-11-20-a-las-16.25.37.png\",\"contentUrl\":\"https:\\\/\\\/alcompasrevista.com\\\/wp-content\\\/uploads\\\/2023\\\/11\\\/Captura-de-Pantalla-2023-11-20-a-las-16.25.37.png\",\"width\":1440,\"height\":655},{\"@type\":\"BreadcrumbList\",\"@id\":\"https:\\\/\\\/alcompasrevista.com\\\/va\\\/archivos\\\/17995#breadcrumb\",\"itemListElement\":[{\"@type\":\"ListItem\",\"position\":1,\"name\":\"Portada\",\"item\":\"https:\\\/\\\/alcompasrevista.com\\\/va\"},{\"@type\":\"ListItem\",\"position\":2,\"name\":\"La Banda Simf\u00f2nica de la Societat Joventut Musical d\u2019Albal estrena &#8216;Renaissance&#8217;, una obra innovadora de dos compositors valencians\"}]},{\"@type\":\"WebSite\",\"@id\":\"https:\\\/\\\/alcompasrevista.com\\\/#website\",\"url\":\"https:\\\/\\\/alcompasrevista.com\\\/\",\"name\":\"Revista Al Comp\u00e0s\",\"description\":\"Un proyecto de la Federaci\u00f3n de Sociedades Musicales de la Comunidad Valenciana\",\"publisher\":{\"@id\":\"https:\\\/\\\/alcompasrevista.com\\\/#organization\"},\"potentialAction\":[{\"@type\":\"SearchAction\",\"target\":{\"@type\":\"EntryPoint\",\"urlTemplate\":\"https:\\\/\\\/alcompasrevista.com\\\/?s={search_term_string}\"},\"query-input\":{\"@type\":\"PropertyValueSpecification\",\"valueRequired\":true,\"valueName\":\"search_term_string\"}}],\"inLanguage\":\"va\"},{\"@type\":\"Organization\",\"@id\":\"https:\\\/\\\/alcompasrevista.com\\\/#organization\",\"name\":\"Revista Al Comp\u00e0s\",\"url\":\"https:\\\/\\\/alcompasrevista.com\\\/\",\"logo\":{\"@type\":\"ImageObject\",\"inLanguage\":\"va\",\"@id\":\"https:\\\/\\\/alcompasrevista.com\\\/#\\\/schema\\\/logo\\\/image\\\/\",\"url\":\"https:\\\/\\\/alcompasrevista.com\\\/wp-content\\\/uploads\\\/2022\\\/04\\\/cropped-loog_blanco.png\",\"contentUrl\":\"https:\\\/\\\/alcompasrevista.com\\\/wp-content\\\/uploads\\\/2022\\\/04\\\/cropped-loog_blanco.png\",\"width\":1612,\"height\":724,\"caption\":\"Revista Al Comp\u00e0s\"},\"image\":{\"@id\":\"https:\\\/\\\/alcompasrevista.com\\\/#\\\/schema\\\/logo\\\/image\\\/\"}},{\"@type\":\"Person\",\"@id\":\"https:\\\/\\\/alcompasrevista.com\\\/#\\\/schema\\\/person\\\/c10652a34fa01d238ecd498d150347fc\",\"name\":\"Redacci\u00f3n\",\"image\":{\"@type\":\"ImageObject\",\"inLanguage\":\"va\",\"@id\":\"https:\\\/\\\/secure.gravatar.com\\\/avatar\\\/e6a6d0cd2ddec22e0ca7d21b7e49d4a0099fbdc1d476e5412893210bce942ce9?s=96&d=mm&r=g\",\"url\":\"https:\\\/\\\/secure.gravatar.com\\\/avatar\\\/e6a6d0cd2ddec22e0ca7d21b7e49d4a0099fbdc1d476e5412893210bce942ce9?s=96&d=mm&r=g\",\"contentUrl\":\"https:\\\/\\\/secure.gravatar.com\\\/avatar\\\/e6a6d0cd2ddec22e0ca7d21b7e49d4a0099fbdc1d476e5412893210bce942ce9?s=96&d=mm&r=g\",\"caption\":\"Redacci\u00f3n\"},\"url\":\"https:\\\/\\\/alcompasrevista.com\\\/va\\\/archivos\\\/author\\\/vhj_webmaster\"}]}<\/script>\n<!-- \/ Yoast SEO plugin. -->","yoast_head_json":{"title":"La Banda Simf\u00f2nica de la Societat Joventut Musical d\u2019Albal estrena 'Renaissance', una obra innovadora de dos compositors valencians - Revista Al Comp\u00e0s","description":"En el m\u00f3n de les bandes de m\u00fasica sempre es pot innovar i apostar per nouscamins sonors. Aquest \u00e9s el punt d'inici des del qual han partit Carlos Riera (Sueca1990) i Javier Quilis (Alzira 1974) per a crear \u201cRenaissance\u201d, una obra que enstransportar\u00e0 al Renaixement i que incorpora elements sonors nous.","robots":{"index":"index","follow":"follow","max-snippet":"max-snippet:-1","max-image-preview":"max-image-preview:large","max-video-preview":"max-video-preview:-1"},"canonical":"https:\/\/alcompasrevista.com\/va\/archivos\/17995","og_locale":"en_US","og_type":"article","og_title":"La Banda Simf\u00f2nica de la Societat Joventut Musical d\u2019Albal estrena 'Renaissance', una obra innovadora de dos compositors valencians - Revista Al Comp\u00e0s","og_description":"En el m\u00f3n de les bandes de m\u00fasica sempre es pot innovar i apostar per nouscamins sonors. Aquest \u00e9s el punt d'inici des del qual han partit Carlos Riera (Sueca1990) i Javier Quilis (Alzira 1974) per a crear \u201cRenaissance\u201d, una obra que enstransportar\u00e0 al Renaixement i que incorpora elements sonors nous.","og_url":"https:\/\/alcompasrevista.com\/va\/archivos\/17995","og_site_name":"Revista Al Comp\u00e0s","article_published_time":"2023-11-20T15:50:12+00:00","article_modified_time":"2023-11-23T10:31:07+00:00","og_image":[{"width":1440,"height":655,"url":"https:\/\/alcompasrevista.com\/wp-content\/uploads\/2023\/11\/Captura-de-Pantalla-2023-11-20-a-las-16.25.37.png","type":"image\/png"}],"author":"Redacci\u00f3n","twitter_card":"summary_large_image","twitter_misc":{"Written by":"Redacci\u00f3","Est. reading time":"2 minutes"},"schema":{"@context":"https:\/\/schema.org","@graph":[{"@type":"Article","@id":"https:\/\/alcompasrevista.com\/va\/archivos\/17995#article","isPartOf":{"@id":"https:\/\/alcompasrevista.com\/va\/archivos\/17995"},"author":{"name":"Redacci\u00f3n","@id":"https:\/\/alcompasrevista.com\/#\/schema\/person\/c10652a34fa01d238ecd498d150347fc"},"headline":"La Banda Simf\u00f2nica de la Societat Joventut Musical d\u2019Albal estrena &#8216;Renaissance&#8217;, una obra innovadora de dos compositors valencians","datePublished":"2023-11-20T15:50:12+00:00","dateModified":"2023-11-23T10:31:07+00:00","mainEntityOfPage":{"@id":"https:\/\/alcompasrevista.com\/va\/archivos\/17995"},"wordCount":495,"commentCount":0,"publisher":{"@id":"https:\/\/alcompasrevista.com\/#organization"},"image":{"@id":"https:\/\/alcompasrevista.com\/va\/archivos\/17995#primaryimage"},"thumbnailUrl":"https:\/\/alcompasrevista.com\/wp-content\/uploads\/2023\/11\/Captura-de-Pantalla-2023-11-20-a-las-16.25.37.png","keywords":["concert"],"articleSection":["#Not\u00edcies"],"inLanguage":"va","potentialAction":[{"@type":"CommentAction","name":"Comment","target":["https:\/\/alcompasrevista.com\/va\/archivos\/17995#respond"]}]},{"@type":"WebPage","@id":"https:\/\/alcompasrevista.com\/va\/archivos\/17995","url":"https:\/\/alcompasrevista.com\/va\/archivos\/17995","name":"La Banda Simf\u00f2nica de la Societat Joventut Musical d\u2019Albal estrena 'Renaissance', una obra innovadora de dos compositors valencians - Revista Al Comp\u00e0s","isPartOf":{"@id":"https:\/\/alcompasrevista.com\/#website"},"primaryImageOfPage":{"@id":"https:\/\/alcompasrevista.com\/va\/archivos\/17995#primaryimage"},"image":{"@id":"https:\/\/alcompasrevista.com\/va\/archivos\/17995#primaryimage"},"thumbnailUrl":"https:\/\/alcompasrevista.com\/wp-content\/uploads\/2023\/11\/Captura-de-Pantalla-2023-11-20-a-las-16.25.37.png","datePublished":"2023-11-20T15:50:12+00:00","dateModified":"2023-11-23T10:31:07+00:00","description":"En el m\u00f3n de les bandes de m\u00fasica sempre es pot innovar i apostar per nouscamins sonors. Aquest \u00e9s el punt d'inici des del qual han partit Carlos Riera (Sueca1990) i Javier Quilis (Alzira 1974) per a crear \u201cRenaissance\u201d, una obra que enstransportar\u00e0 al Renaixement i que incorpora elements sonors nous.","breadcrumb":{"@id":"https:\/\/alcompasrevista.com\/va\/archivos\/17995#breadcrumb"},"inLanguage":"va","potentialAction":[{"@type":"ReadAction","target":["https:\/\/alcompasrevista.com\/va\/archivos\/17995"]}]},{"@type":"ImageObject","inLanguage":"va","@id":"https:\/\/alcompasrevista.com\/va\/archivos\/17995#primaryimage","url":"https:\/\/alcompasrevista.com\/wp-content\/uploads\/2023\/11\/Captura-de-Pantalla-2023-11-20-a-las-16.25.37.png","contentUrl":"https:\/\/alcompasrevista.com\/wp-content\/uploads\/2023\/11\/Captura-de-Pantalla-2023-11-20-a-las-16.25.37.png","width":1440,"height":655},{"@type":"BreadcrumbList","@id":"https:\/\/alcompasrevista.com\/va\/archivos\/17995#breadcrumb","itemListElement":[{"@type":"ListItem","position":1,"name":"Portada","item":"https:\/\/alcompasrevista.com\/va"},{"@type":"ListItem","position":2,"name":"La Banda Simf\u00f2nica de la Societat Joventut Musical d\u2019Albal estrena &#8216;Renaissance&#8217;, una obra innovadora de dos compositors valencians"}]},{"@type":"WebSite","@id":"https:\/\/alcompasrevista.com\/#website","url":"https:\/\/alcompasrevista.com\/","name":"Revista Al Comp\u00e0s","description":"Un proyecto de la Federaci\u00f3n de Sociedades Musicales de la Comunidad Valenciana","publisher":{"@id":"https:\/\/alcompasrevista.com\/#organization"},"potentialAction":[{"@type":"SearchAction","target":{"@type":"EntryPoint","urlTemplate":"https:\/\/alcompasrevista.com\/?s={search_term_string}"},"query-input":{"@type":"PropertyValueSpecification","valueRequired":true,"valueName":"search_term_string"}}],"inLanguage":"va"},{"@type":"Organization","@id":"https:\/\/alcompasrevista.com\/#organization","name":"Revista Al Comp\u00e0s","url":"https:\/\/alcompasrevista.com\/","logo":{"@type":"ImageObject","inLanguage":"va","@id":"https:\/\/alcompasrevista.com\/#\/schema\/logo\/image\/","url":"https:\/\/alcompasrevista.com\/wp-content\/uploads\/2022\/04\/cropped-loog_blanco.png","contentUrl":"https:\/\/alcompasrevista.com\/wp-content\/uploads\/2022\/04\/cropped-loog_blanco.png","width":1612,"height":724,"caption":"Revista Al Comp\u00e0s"},"image":{"@id":"https:\/\/alcompasrevista.com\/#\/schema\/logo\/image\/"}},{"@type":"Person","@id":"https:\/\/alcompasrevista.com\/#\/schema\/person\/c10652a34fa01d238ecd498d150347fc","name":"Redacci\u00f3n","image":{"@type":"ImageObject","inLanguage":"va","@id":"https:\/\/secure.gravatar.com\/avatar\/e6a6d0cd2ddec22e0ca7d21b7e49d4a0099fbdc1d476e5412893210bce942ce9?s=96&d=mm&r=g","url":"https:\/\/secure.gravatar.com\/avatar\/e6a6d0cd2ddec22e0ca7d21b7e49d4a0099fbdc1d476e5412893210bce942ce9?s=96&d=mm&r=g","contentUrl":"https:\/\/secure.gravatar.com\/avatar\/e6a6d0cd2ddec22e0ca7d21b7e49d4a0099fbdc1d476e5412893210bce942ce9?s=96&d=mm&r=g","caption":"Redacci\u00f3n"},"url":"https:\/\/alcompasrevista.com\/va\/archivos\/author\/vhj_webmaster"}]}},"_links":{"self":[{"href":"https:\/\/alcompasrevista.com\/va\/wp-json\/wp\/v2\/posts\/17995","targetHints":{"allow":["GET"]}}],"collection":[{"href":"https:\/\/alcompasrevista.com\/va\/wp-json\/wp\/v2\/posts"}],"about":[{"href":"https:\/\/alcompasrevista.com\/va\/wp-json\/wp\/v2\/types\/post"}],"author":[{"embeddable":true,"href":"https:\/\/alcompasrevista.com\/va\/wp-json\/wp\/v2\/users\/860002"}],"replies":[{"embeddable":true,"href":"https:\/\/alcompasrevista.com\/va\/wp-json\/wp\/v2\/comments?post=17995"}],"version-history":[{"count":0,"href":"https:\/\/alcompasrevista.com\/va\/wp-json\/wp\/v2\/posts\/17995\/revisions"}],"wp:featuredmedia":[{"embeddable":true,"href":"https:\/\/alcompasrevista.com\/va\/wp-json\/wp\/v2\/media\/17994"}],"wp:attachment":[{"href":"https:\/\/alcompasrevista.com\/va\/wp-json\/wp\/v2\/media?parent=17995"}],"wp:term":[{"taxonomy":"category","embeddable":true,"href":"https:\/\/alcompasrevista.com\/va\/wp-json\/wp\/v2\/categories?post=17995"},{"taxonomy":"post_tag","embeddable":true,"href":"https:\/\/alcompasrevista.com\/va\/wp-json\/wp\/v2\/tags?post=17995"},{"taxonomy":"portada","embeddable":true,"href":"https:\/\/alcompasrevista.com\/va\/wp-json\/wp\/v2\/portada?post=17995"}],"curies":[{"name":"wp","href":"https:\/\/api.w.org\/{rel}","templated":true}]}}