{"id":17686,"date":"2023-11-13T13:48:00","date_gmt":"2023-11-13T12:48:00","guid":{"rendered":"https:\/\/alcompasrevista.com\/?p=17686"},"modified":"2023-11-14T17:21:03","modified_gmt":"2023-11-14T16:21:03","slug":"la-sm-la-primitiva-de-rafelbunyol-estrena-una-obra-de-carlos-fontcuberta-a-la-xi-edicio-del-rafelfestival","status":"publish","type":"post","link":"https:\/\/alcompasrevista.com\/va\/archivos\/17686","title":{"rendered":"L&#8217;orquestra de la SM La Primitiva de Rafelbunyol estrena una obra de Carlos Fontcuberta a la XI Edici\u00f3 del RafelFestival"},"content":{"rendered":"\n<p>El passat diumenge, 5 de novembre, a l\u2019Auditori de Rafelbunyol, l&#8217;Orquestra Simf\u00f2nica de la Societat Musical La Primitiva de Rafelbunyol, amb la batuta del seu director Pablo Marqu\u00e9s Mestre, va oferir l\u2019estrena absoluta de l\u2019obra de Carlos Fontcuberta <em>Tout un monde qui parle bas <\/em>per a violoncel i orquestra amb el solista de l\u2019orquestra de Val\u00e8ncia, Iv\u00e1n Balaguer, al violoncel. Es tracta d\u2019una obra d&#8217;enc\u00e0rrec del RafelFestival finan\u00e7at per l&#8217;IVC. <\/p>\n\n\n\n<p>L&#8217;actuaci\u00f3 estava emmarcada dins de l&#8217;onzena edici\u00f3 del RafelFestival, una cita ineludible per a tots els amants de la m\u00fasica contempor\u00e0nia, que dirigeix el catedr\u00e0tic de Tecnologia Musical del Conservatori Superior de Val\u00e8ncia, Miguel \u00c0ngel Berbis, compositor de l\u2019\u00faltima pe\u00e7a del concert, <em>Artifici<\/em>. El festival compta amb el suport de l\u2019Ajuntament de Rafelbunyol i l&#8217;Institut Valenci\u00e0 de Cultura.<\/p>\n\n\n\n<p>S&#8217;interpret\u00e0 tamb\u00e9 l\u2019obra d\u2019un altre valenci\u00e0, Voro Garcia, <em>Ombra di suono nella memoria<\/em> per a quartet de corda i la <em>Chamber Symphony n. 4 op. 74<\/em> de Darius Milhaud. <\/p>\n\n\n\n<p>El concert va ser tot un repte per als m\u00fasics de l\u2019orquestra. Un programa de dificultats extremes amb un repertori contemporani poc com\u00fa. Iniciatives com esta normalitzen el llenguatge m\u00e9s modern de la m\u00fasica en les orquestres de les societats musicals.<\/p>\n\n\n\n<p>Tant l\u2019obra de Voro Garc\u00eda com l\u2019obra de Carlos Fontcuberta exploren llenguatges minimalistes amb la construcci\u00f3 d\u2019atmosferes sonores utilitzant t\u00e8cniques esteses dels instruments de tota l\u2019orquestra. Aix\u00ed mateix, en l\u2019obra de Miguel \u00c0ngel Berbis, la inclusi\u00f3 i coordinaci\u00f3 de sons electroac\u00fastics i projecci\u00f3 tamb\u00e9 va ser un repte per als int\u00e8rprets.<\/p>\n","protected":false},"excerpt":{"rendered":"<p>El passat diumenge, 5 de novembre, a l\u2019Auditori de Rafelbunyol, l&#8217;Orquestra Simf\u00f2nica de la Societat Musical La Primitiva de Rafelbunyol, amb la batuta del seu director Pablo Marqu\u00e9s Mestre, va [&hellip;]<\/p>\n","protected":false},"author":860002,"featured_media":17709,"comment_status":"open","ping_status":"open","sticky":false,"template":"","format":"standard","meta":{"footnotes":""},"categories":[10,29],"tags":[],"portada":[],"class_list":["post-17686","post","type-post","status-publish","format-standard","has-post-thumbnail","hentry","category-noticias","category-noticies-va"],"yoast_head":"<!-- This site is optimized with the Yoast SEO plugin v27.4 - https:\/\/yoast.com\/product\/yoast-seo-wordpress\/ -->\n<title>L&#039;orquestra de la SM La Primitiva de Rafelbunyol estrena una obra de Carlos Fontcuberta a la XI Edici\u00f3 del RafelFestival - Revista Al Comp\u00e0s<\/title>\n<meta name=\"robots\" content=\"index, follow, max-snippet:-1, max-image-preview:large, max-video-preview:-1\" \/>\n<link rel=\"canonical\" href=\"https:\/\/alcompasrevista.com\/va\/archivos\/17686\" \/>\n<meta property=\"og:locale\" content=\"en_US\" \/>\n<meta property=\"og:type\" content=\"article\" \/>\n<meta property=\"og:title\" content=\"L&#039;orquestra de la SM La Primitiva de Rafelbunyol estrena una obra de Carlos Fontcuberta a la XI Edici\u00f3 del RafelFestival - Revista Al Comp\u00e0s\" \/>\n<meta property=\"og:description\" content=\"El passat diumenge, 5 de novembre, a l\u2019Auditori de Rafelbunyol, l&#8217;Orquestra Simf\u00f2nica de la Societat Musical La Primitiva de Rafelbunyol, amb la batuta del seu director Pablo Marqu\u00e9s Mestre, va [&hellip;]\" \/>\n<meta property=\"og:url\" content=\"https:\/\/alcompasrevista.com\/va\/archivos\/17686\" \/>\n<meta property=\"og:site_name\" content=\"Revista Al Comp\u00e0s\" \/>\n<meta property=\"article:published_time\" content=\"2023-11-13T12:48:00+00:00\" \/>\n<meta property=\"article:modified_time\" content=\"2023-11-14T16:21:03+00:00\" \/>\n<meta property=\"og:image\" content=\"https:\/\/alcompasrevista.com\/wp-content\/uploads\/2023\/11\/orq.jpg\" \/>\n\t<meta property=\"og:image:width\" content=\"1920\" \/>\n\t<meta property=\"og:image:height\" content=\"1080\" \/>\n\t<meta property=\"og:image:type\" content=\"image\/jpeg\" \/>\n<meta name=\"author\" content=\"Redacci\u00f3n\" \/>\n<meta name=\"twitter:card\" content=\"summary_large_image\" \/>\n<meta name=\"twitter:label1\" content=\"Written by\" \/>\n\t<meta name=\"twitter:data1\" content=\"Redacci\u00f3\" \/>\n\t<meta name=\"twitter:label2\" content=\"Est. reading time\" \/>\n\t<meta name=\"twitter:data2\" content=\"2 minutes\" \/>\n<script type=\"application\/ld+json\" class=\"yoast-schema-graph\">{\"@context\":\"https:\\\/\\\/schema.org\",\"@graph\":[{\"@type\":\"Article\",\"@id\":\"https:\\\/\\\/alcompasrevista.com\\\/va\\\/archivos\\\/17686#article\",\"isPartOf\":{\"@id\":\"https:\\\/\\\/alcompasrevista.com\\\/va\\\/archivos\\\/17686\"},\"author\":{\"name\":\"Redacci\u00f3n\",\"@id\":\"https:\\\/\\\/alcompasrevista.com\\\/#\\\/schema\\\/person\\\/c10652a34fa01d238ecd498d150347fc\"},\"headline\":\"L&#8217;orquestra de la SM La Primitiva de Rafelbunyol estrena una obra de Carlos Fontcuberta a la XI Edici\u00f3 del RafelFestival\",\"datePublished\":\"2023-11-13T12:48:00+00:00\",\"dateModified\":\"2023-11-14T16:21:03+00:00\",\"mainEntityOfPage\":{\"@id\":\"https:\\\/\\\/alcompasrevista.com\\\/va\\\/archivos\\\/17686\"},\"wordCount\":307,\"commentCount\":0,\"publisher\":{\"@id\":\"https:\\\/\\\/alcompasrevista.com\\\/#organization\"},\"image\":{\"@id\":\"https:\\\/\\\/alcompasrevista.com\\\/va\\\/archivos\\\/17686#primaryimage\"},\"thumbnailUrl\":\"https:\\\/\\\/alcompasrevista.com\\\/wp-content\\\/uploads\\\/2023\\\/11\\\/orq.jpg\",\"articleSection\":[\"#Noticias\",\"#Not\u00edcies\"],\"inLanguage\":\"va\",\"potentialAction\":[{\"@type\":\"CommentAction\",\"name\":\"Comment\",\"target\":[\"https:\\\/\\\/alcompasrevista.com\\\/va\\\/archivos\\\/17686#respond\"]}]},{\"@type\":\"WebPage\",\"@id\":\"https:\\\/\\\/alcompasrevista.com\\\/va\\\/archivos\\\/17686\",\"url\":\"https:\\\/\\\/alcompasrevista.com\\\/va\\\/archivos\\\/17686\",\"name\":\"L'orquestra de la SM La Primitiva de Rafelbunyol estrena una obra de Carlos Fontcuberta a la XI Edici\u00f3 del RafelFestival - Revista Al Comp\u00e0s\",\"isPartOf\":{\"@id\":\"https:\\\/\\\/alcompasrevista.com\\\/#website\"},\"primaryImageOfPage\":{\"@id\":\"https:\\\/\\\/alcompasrevista.com\\\/va\\\/archivos\\\/17686#primaryimage\"},\"image\":{\"@id\":\"https:\\\/\\\/alcompasrevista.com\\\/va\\\/archivos\\\/17686#primaryimage\"},\"thumbnailUrl\":\"https:\\\/\\\/alcompasrevista.com\\\/wp-content\\\/uploads\\\/2023\\\/11\\\/orq.jpg\",\"datePublished\":\"2023-11-13T12:48:00+00:00\",\"dateModified\":\"2023-11-14T16:21:03+00:00\",\"breadcrumb\":{\"@id\":\"https:\\\/\\\/alcompasrevista.com\\\/va\\\/archivos\\\/17686#breadcrumb\"},\"inLanguage\":\"va\",\"potentialAction\":[{\"@type\":\"ReadAction\",\"target\":[\"https:\\\/\\\/alcompasrevista.com\\\/va\\\/archivos\\\/17686\"]}]},{\"@type\":\"ImageObject\",\"inLanguage\":\"va\",\"@id\":\"https:\\\/\\\/alcompasrevista.com\\\/va\\\/archivos\\\/17686#primaryimage\",\"url\":\"https:\\\/\\\/alcompasrevista.com\\\/wp-content\\\/uploads\\\/2023\\\/11\\\/orq.jpg\",\"contentUrl\":\"https:\\\/\\\/alcompasrevista.com\\\/wp-content\\\/uploads\\\/2023\\\/11\\\/orq.jpg\",\"width\":1920,\"height\":1080},{\"@type\":\"BreadcrumbList\",\"@id\":\"https:\\\/\\\/alcompasrevista.com\\\/va\\\/archivos\\\/17686#breadcrumb\",\"itemListElement\":[{\"@type\":\"ListItem\",\"position\":1,\"name\":\"Portada\",\"item\":\"https:\\\/\\\/alcompasrevista.com\\\/va\"},{\"@type\":\"ListItem\",\"position\":2,\"name\":\"L&#8217;orquestra de la SM La Primitiva de Rafelbunyol estrena una obra de Carlos Fontcuberta a la XI Edici\u00f3 del RafelFestival\"}]},{\"@type\":\"WebSite\",\"@id\":\"https:\\\/\\\/alcompasrevista.com\\\/#website\",\"url\":\"https:\\\/\\\/alcompasrevista.com\\\/\",\"name\":\"Revista Al Comp\u00e0s\",\"description\":\"Un proyecto de la Federaci\u00f3n de Sociedades Musicales de la Comunidad Valenciana\",\"publisher\":{\"@id\":\"https:\\\/\\\/alcompasrevista.com\\\/#organization\"},\"potentialAction\":[{\"@type\":\"SearchAction\",\"target\":{\"@type\":\"EntryPoint\",\"urlTemplate\":\"https:\\\/\\\/alcompasrevista.com\\\/?s={search_term_string}\"},\"query-input\":{\"@type\":\"PropertyValueSpecification\",\"valueRequired\":true,\"valueName\":\"search_term_string\"}}],\"inLanguage\":\"va\"},{\"@type\":\"Organization\",\"@id\":\"https:\\\/\\\/alcompasrevista.com\\\/#organization\",\"name\":\"Revista Al Comp\u00e0s\",\"url\":\"https:\\\/\\\/alcompasrevista.com\\\/\",\"logo\":{\"@type\":\"ImageObject\",\"inLanguage\":\"va\",\"@id\":\"https:\\\/\\\/alcompasrevista.com\\\/#\\\/schema\\\/logo\\\/image\\\/\",\"url\":\"https:\\\/\\\/alcompasrevista.com\\\/wp-content\\\/uploads\\\/2022\\\/04\\\/cropped-loog_blanco.png\",\"contentUrl\":\"https:\\\/\\\/alcompasrevista.com\\\/wp-content\\\/uploads\\\/2022\\\/04\\\/cropped-loog_blanco.png\",\"width\":1612,\"height\":724,\"caption\":\"Revista Al Comp\u00e0s\"},\"image\":{\"@id\":\"https:\\\/\\\/alcompasrevista.com\\\/#\\\/schema\\\/logo\\\/image\\\/\"}},{\"@type\":\"Person\",\"@id\":\"https:\\\/\\\/alcompasrevista.com\\\/#\\\/schema\\\/person\\\/c10652a34fa01d238ecd498d150347fc\",\"name\":\"Redacci\u00f3n\",\"image\":{\"@type\":\"ImageObject\",\"inLanguage\":\"va\",\"@id\":\"https:\\\/\\\/secure.gravatar.com\\\/avatar\\\/e6a6d0cd2ddec22e0ca7d21b7e49d4a0099fbdc1d476e5412893210bce942ce9?s=96&d=mm&r=g\",\"url\":\"https:\\\/\\\/secure.gravatar.com\\\/avatar\\\/e6a6d0cd2ddec22e0ca7d21b7e49d4a0099fbdc1d476e5412893210bce942ce9?s=96&d=mm&r=g\",\"contentUrl\":\"https:\\\/\\\/secure.gravatar.com\\\/avatar\\\/e6a6d0cd2ddec22e0ca7d21b7e49d4a0099fbdc1d476e5412893210bce942ce9?s=96&d=mm&r=g\",\"caption\":\"Redacci\u00f3n\"},\"url\":\"https:\\\/\\\/alcompasrevista.com\\\/va\\\/archivos\\\/author\\\/vhj_webmaster\"}]}<\/script>\n<!-- \/ Yoast SEO plugin. -->","yoast_head_json":{"title":"L'orquestra de la SM La Primitiva de Rafelbunyol estrena una obra de Carlos Fontcuberta a la XI Edici\u00f3 del RafelFestival - Revista Al Comp\u00e0s","robots":{"index":"index","follow":"follow","max-snippet":"max-snippet:-1","max-image-preview":"max-image-preview:large","max-video-preview":"max-video-preview:-1"},"canonical":"https:\/\/alcompasrevista.com\/va\/archivos\/17686","og_locale":"en_US","og_type":"article","og_title":"L'orquestra de la SM La Primitiva de Rafelbunyol estrena una obra de Carlos Fontcuberta a la XI Edici\u00f3 del RafelFestival - Revista Al Comp\u00e0s","og_description":"El passat diumenge, 5 de novembre, a l\u2019Auditori de Rafelbunyol, l&#8217;Orquestra Simf\u00f2nica de la Societat Musical La Primitiva de Rafelbunyol, amb la batuta del seu director Pablo Marqu\u00e9s Mestre, va [&hellip;]","og_url":"https:\/\/alcompasrevista.com\/va\/archivos\/17686","og_site_name":"Revista Al Comp\u00e0s","article_published_time":"2023-11-13T12:48:00+00:00","article_modified_time":"2023-11-14T16:21:03+00:00","og_image":[{"width":1920,"height":1080,"url":"https:\/\/alcompasrevista.com\/wp-content\/uploads\/2023\/11\/orq.jpg","type":"image\/jpeg"}],"author":"Redacci\u00f3n","twitter_card":"summary_large_image","twitter_misc":{"Written by":"Redacci\u00f3","Est. reading time":"2 minutes"},"schema":{"@context":"https:\/\/schema.org","@graph":[{"@type":"Article","@id":"https:\/\/alcompasrevista.com\/va\/archivos\/17686#article","isPartOf":{"@id":"https:\/\/alcompasrevista.com\/va\/archivos\/17686"},"author":{"name":"Redacci\u00f3n","@id":"https:\/\/alcompasrevista.com\/#\/schema\/person\/c10652a34fa01d238ecd498d150347fc"},"headline":"L&#8217;orquestra de la SM La Primitiva de Rafelbunyol estrena una obra de Carlos Fontcuberta a la XI Edici\u00f3 del RafelFestival","datePublished":"2023-11-13T12:48:00+00:00","dateModified":"2023-11-14T16:21:03+00:00","mainEntityOfPage":{"@id":"https:\/\/alcompasrevista.com\/va\/archivos\/17686"},"wordCount":307,"commentCount":0,"publisher":{"@id":"https:\/\/alcompasrevista.com\/#organization"},"image":{"@id":"https:\/\/alcompasrevista.com\/va\/archivos\/17686#primaryimage"},"thumbnailUrl":"https:\/\/alcompasrevista.com\/wp-content\/uploads\/2023\/11\/orq.jpg","articleSection":["#Noticias","#Not\u00edcies"],"inLanguage":"va","potentialAction":[{"@type":"CommentAction","name":"Comment","target":["https:\/\/alcompasrevista.com\/va\/archivos\/17686#respond"]}]},{"@type":"WebPage","@id":"https:\/\/alcompasrevista.com\/va\/archivos\/17686","url":"https:\/\/alcompasrevista.com\/va\/archivos\/17686","name":"L'orquestra de la SM La Primitiva de Rafelbunyol estrena una obra de Carlos Fontcuberta a la XI Edici\u00f3 del RafelFestival - Revista Al Comp\u00e0s","isPartOf":{"@id":"https:\/\/alcompasrevista.com\/#website"},"primaryImageOfPage":{"@id":"https:\/\/alcompasrevista.com\/va\/archivos\/17686#primaryimage"},"image":{"@id":"https:\/\/alcompasrevista.com\/va\/archivos\/17686#primaryimage"},"thumbnailUrl":"https:\/\/alcompasrevista.com\/wp-content\/uploads\/2023\/11\/orq.jpg","datePublished":"2023-11-13T12:48:00+00:00","dateModified":"2023-11-14T16:21:03+00:00","breadcrumb":{"@id":"https:\/\/alcompasrevista.com\/va\/archivos\/17686#breadcrumb"},"inLanguage":"va","potentialAction":[{"@type":"ReadAction","target":["https:\/\/alcompasrevista.com\/va\/archivos\/17686"]}]},{"@type":"ImageObject","inLanguage":"va","@id":"https:\/\/alcompasrevista.com\/va\/archivos\/17686#primaryimage","url":"https:\/\/alcompasrevista.com\/wp-content\/uploads\/2023\/11\/orq.jpg","contentUrl":"https:\/\/alcompasrevista.com\/wp-content\/uploads\/2023\/11\/orq.jpg","width":1920,"height":1080},{"@type":"BreadcrumbList","@id":"https:\/\/alcompasrevista.com\/va\/archivos\/17686#breadcrumb","itemListElement":[{"@type":"ListItem","position":1,"name":"Portada","item":"https:\/\/alcompasrevista.com\/va"},{"@type":"ListItem","position":2,"name":"L&#8217;orquestra de la SM La Primitiva de Rafelbunyol estrena una obra de Carlos Fontcuberta a la XI Edici\u00f3 del RafelFestival"}]},{"@type":"WebSite","@id":"https:\/\/alcompasrevista.com\/#website","url":"https:\/\/alcompasrevista.com\/","name":"Revista Al Comp\u00e0s","description":"Un proyecto de la Federaci\u00f3n de Sociedades Musicales de la Comunidad Valenciana","publisher":{"@id":"https:\/\/alcompasrevista.com\/#organization"},"potentialAction":[{"@type":"SearchAction","target":{"@type":"EntryPoint","urlTemplate":"https:\/\/alcompasrevista.com\/?s={search_term_string}"},"query-input":{"@type":"PropertyValueSpecification","valueRequired":true,"valueName":"search_term_string"}}],"inLanguage":"va"},{"@type":"Organization","@id":"https:\/\/alcompasrevista.com\/#organization","name":"Revista Al Comp\u00e0s","url":"https:\/\/alcompasrevista.com\/","logo":{"@type":"ImageObject","inLanguage":"va","@id":"https:\/\/alcompasrevista.com\/#\/schema\/logo\/image\/","url":"https:\/\/alcompasrevista.com\/wp-content\/uploads\/2022\/04\/cropped-loog_blanco.png","contentUrl":"https:\/\/alcompasrevista.com\/wp-content\/uploads\/2022\/04\/cropped-loog_blanco.png","width":1612,"height":724,"caption":"Revista Al Comp\u00e0s"},"image":{"@id":"https:\/\/alcompasrevista.com\/#\/schema\/logo\/image\/"}},{"@type":"Person","@id":"https:\/\/alcompasrevista.com\/#\/schema\/person\/c10652a34fa01d238ecd498d150347fc","name":"Redacci\u00f3n","image":{"@type":"ImageObject","inLanguage":"va","@id":"https:\/\/secure.gravatar.com\/avatar\/e6a6d0cd2ddec22e0ca7d21b7e49d4a0099fbdc1d476e5412893210bce942ce9?s=96&d=mm&r=g","url":"https:\/\/secure.gravatar.com\/avatar\/e6a6d0cd2ddec22e0ca7d21b7e49d4a0099fbdc1d476e5412893210bce942ce9?s=96&d=mm&r=g","contentUrl":"https:\/\/secure.gravatar.com\/avatar\/e6a6d0cd2ddec22e0ca7d21b7e49d4a0099fbdc1d476e5412893210bce942ce9?s=96&d=mm&r=g","caption":"Redacci\u00f3n"},"url":"https:\/\/alcompasrevista.com\/va\/archivos\/author\/vhj_webmaster"}]}},"_links":{"self":[{"href":"https:\/\/alcompasrevista.com\/va\/wp-json\/wp\/v2\/posts\/17686","targetHints":{"allow":["GET"]}}],"collection":[{"href":"https:\/\/alcompasrevista.com\/va\/wp-json\/wp\/v2\/posts"}],"about":[{"href":"https:\/\/alcompasrevista.com\/va\/wp-json\/wp\/v2\/types\/post"}],"author":[{"embeddable":true,"href":"https:\/\/alcompasrevista.com\/va\/wp-json\/wp\/v2\/users\/860002"}],"replies":[{"embeddable":true,"href":"https:\/\/alcompasrevista.com\/va\/wp-json\/wp\/v2\/comments?post=17686"}],"version-history":[{"count":0,"href":"https:\/\/alcompasrevista.com\/va\/wp-json\/wp\/v2\/posts\/17686\/revisions"}],"wp:featuredmedia":[{"embeddable":true,"href":"https:\/\/alcompasrevista.com\/va\/wp-json\/wp\/v2\/media\/17709"}],"wp:attachment":[{"href":"https:\/\/alcompasrevista.com\/va\/wp-json\/wp\/v2\/media?parent=17686"}],"wp:term":[{"taxonomy":"category","embeddable":true,"href":"https:\/\/alcompasrevista.com\/va\/wp-json\/wp\/v2\/categories?post=17686"},{"taxonomy":"post_tag","embeddable":true,"href":"https:\/\/alcompasrevista.com\/va\/wp-json\/wp\/v2\/tags?post=17686"},{"taxonomy":"portada","embeddable":true,"href":"https:\/\/alcompasrevista.com\/va\/wp-json\/wp\/v2\/portada?post=17686"}],"curies":[{"name":"wp","href":"https:\/\/api.w.org\/{rel}","templated":true}]}}